{"id":12141,"date":"2004-02-27T00:00:00","date_gmt":"2004-02-27T04:00:00","guid":{"rendered":"http:\/\/192.81.217.108\/interamerica\/2004\/02\/la-iad-effectue-un-audit-administratif-dans-lunion-portoricaine\/"},"modified":"2017-06-02T13:22:23","modified_gmt":"2017-06-02T17:22:23","slug":"la-iad-effectue-un-audit-administratif-dans-lunion-portoricaine","status":"publish","type":"post","link":"https:\/\/interamerica.org\/fr\/2004\/02\/la-iad-effectue-un-audit-administratif-dans-lunion-portoricaine\/","title":{"rendered":"La IAD effectue un Audit Administratif dans l&rsquo;Union Portoricaine"},"content":{"rendered":"<p>Par Israel Leito<\/p>\n<p>L&rsquo;Administration de la Division Interam\u00e9ricaine visite ses unions p\u00e9riodiquement pour des audits administratifs et r\u00e9cemment un audit a \u00e9t\u00e9 effectu\u00e9 dans l&rsquo;Union Portoricaine. <\/p>\n<p>Les rapports venant de Porto Rico sont tr\u00e8s encourageants. Pour la premi\u00e8re fois, l&rsquo;Union Portoricaine a eu plus 3,000 bapt\u00eames au cours de l&rsquo;ann\u00e9e derni\u00e8re. L&rsquo;objectif fix\u00e9 pour 2004 sera d\u00e9pass\u00e9. Financi\u00e8rement, l&rsquo;union est en une tr\u00e8s bonne situation, en ce qui concerne la fid\u00e9lit\u00e9 et l&rsquo;engagement des membres d&rsquo;\u00e9glise et des dirigeants dans les contributions faites \u00e0 l&rsquo;\u00e9glise. Elle est en troisi\u00e8me position quant \u00e0 sa contribution en offrandes de d\u00eemes en faveur du champ mondial au niveau de la Division Interam\u00e9ricaine. Il y a de la stabilit\u00e9 ; l&rsquo;attention est enti\u00e8rement tourn\u00e9e vers la mission de l&rsquo;\u00e9glise et il n&rsquo;y a d&rsquo;agitation d&rsquo;aucune sorte ou forme.<\/p>\n<p>Les institutions de l&rsquo;union sont sur une bonne voie de r\u00e9tablissement. L&rsquo;h\u00f4pital de Bella Vista (BVH), le plus grand h\u00f4pital dans notre Division, \u00e9tait sur le point de se fermer, il y a quelques ann\u00e9es, mais l&rsquo;administration de l&rsquo;union en place actuellement a travaill\u00e9 avec une bonne \u00e9quipe d&rsquo;ouvriers \u00e0 l&rsquo;h\u00f4pital pour r\u00e9tablir la situation. Une nouvelle aile pour les urgences a \u00e9t\u00e9 ajout\u00e9e et l&rsquo;h\u00f4pital est le seul fournisseur de MRI et d&rsquo;autres services sp\u00e9cialis\u00e9s dans la r\u00e9gion occidentale de Porto Rico. BVH fait toujours face aux s\u00e9rieux d\u00e9fis de dettes \u00e9crasantes. Cependant, ses finances ont \u00e9t\u00e9 restructur\u00e9es pour \u00e9ponger ces dettes. <\/p>\n<p>L&rsquo;Universit\u00e9 Adventiste (AAU) se r\u00e9organise avec un programme ambitieux de reconstruction. Pour la premi\u00e8re fois depuis ces derni\u00e8res ann\u00e9es, l&rsquo;universit\u00e9 a fini une ann\u00e9e avec tr\u00e8s peu de pertes. Les enseignants sont maintenant pay\u00e9s en harmonie avec les r\u00e8glements de la Division Interam\u00e9ricaine et l&rsquo;on s&rsquo;attend \u00e0 ce que cette ann\u00e9e soit une ann\u00e9e exceptionnelle puisqu&rsquo;ils ont eu davantage d&rsquo;unit\u00e9s de valeur que ce qui \u00e9tait pr\u00e9vu au budget. <\/p>\n<p>L&rsquo;Union Portoricaine a quatre champs locaux : deux f\u00e9d\u00e9rations et deux missions ; une des missions est pr\u00eate \u00e0 \u00eatre \u00e9valu\u00e9e pour devenir une f\u00e9d\u00e9ration. Nous ressentons qu&rsquo;il y a une cons\u00e9cration saine pour \u00ab\u00a0la mission\u00a0\u00bb dans l&rsquo;Union Portoricaine et ses dirigeants la m\u00e8nent \u00e0 fixer toute l&rsquo;attention sur la mission de l&rsquo;\u00e9glise et la seconde venue du Christ.<\/p>\n<p>Une nouveaut\u00e9 dans l&rsquo;Union Portoricaine est que presque toutes les \u00e9glises ont termin\u00e9 l&rsquo;ann\u00e9e pass\u00e9e avec un Sabbat particulier ; ce matin-l\u00e0, tous les membres qui le d\u00e9siraient, sont sortis et ont t\u00e9moign\u00e9 dans les rues. Des milliers d&rsquo;imrpim\u00e9s ont \u00e9t\u00e9 distribu\u00e9s ; et il y a un sentiment de l&rsquo;accomplissement du devoir, et on s&rsquo;attend que l&rsquo;exp\u00e9rience soit r\u00e9p\u00e9t\u00e9e.<\/p>\n<p>L&rsquo;Union Portoricaine fait face \u00e0 un grand d\u00e9fi pour des ouvriers. En tant que citoyens am\u00e9ricains, il est facile pour eux d&rsquo;\u00e9migrer aux \u00c9tats-unis. Plus de 40 pour cent du corps d&rsquo;ouvriers de Porto Rico se composent de ressortissants \u00e9trangers en raison de la migration des ouvriers autochtones . L&rsquo;\u00c9cole de Th\u00e9ologie \u00e0 l&rsquo;AAU pr\u00e9pare davantage d&rsquo;ouvriers avec un plan r\u00e9solu avec l&rsquo;objectif de r\u00e9pondre aux besoins de l&rsquo;union.<\/p>\n","protected":false},"excerpt":{"rendered":"<p>L&rsquo;Administration de la Division Interam\u00e9ricaine visite ses unions p\u00e9riodiquement pour des audits administratifs et r\u00e9cemment un audit a \u00e9t\u00e9 effectu\u00e9 dans l&rsquo;Union Portoricaine.<\/p>\n","protected":false},"author":1,"featured_media":0,"comment_status":"closed","ping_status":"closed","sticky":false,"template":"","format":"standard","meta":{"_acf_changed":false,"footnotes":""},"categories":[9],"tags":[],"class_list":["post-12141","post","type-post","status-publish","format-standard","hentry","category-archive-fr"],"acf":[],"yoast_head":"<!-- This site is optimized with the Yoast SEO plugin v27.3 - https:\/\/yoast.com\/product\/yoast-seo-wordpress\/ -->\n<title>La IAD effectue un Audit Administratif dans l&#039;Union Portoricaine - \u00c9glise Adventiste Du Septieme Jour - Inter Am\u00e9rique Division<\/title>\n<meta name=\"robots\" content=\"index, follow, max-snippet:-1, max-image-preview:large, max-video-preview:-1\" \/>\n<link rel=\"canonical\" href=\"https:\/\/interamerica.org\/fr\/2004\/02\/la-iad-effectue-un-audit-administratif-dans-lunion-portoricaine\/\" \/>\n<meta property=\"og:locale\" content=\"fr_FR\" \/>\n<meta property=\"og:type\" content=\"article\" \/>\n<meta property=\"og:title\" content=\"La IAD effectue un Audit Administratif dans l&#039;Union Portoricaine - \u00c9glise Adventiste Du Septieme Jour - Inter Am\u00e9rique Division\" \/>\n<meta property=\"og:description\" content=\"L&#039;Administration de la Division Interam\u00e9ricaine visite ses unions p\u00e9riodiquement pour des audits administratifs et r\u00e9cemment un audit a \u00e9t\u00e9 effectu\u00e9 dans l&#039;Union Portoricaine.\" \/>\n<meta property=\"og:url\" content=\"https:\/\/interamerica.org\/fr\/2004\/02\/la-iad-effectue-un-audit-administratif-dans-lunion-portoricaine\/\" \/>\n<meta property=\"og:site_name\" content=\"\u00c9glise Adventiste Du Septieme Jour - Inter Am\u00e9rique Division\" \/>\n<meta property=\"article:published_time\" content=\"2004-02-27T04:00:00+00:00\" \/>\n<meta property=\"article:modified_time\" content=\"2017-06-02T17:22:23+00:00\" \/>\n<meta name=\"author\" content=\"Lorenzo Verduzco\" \/>\n<meta name=\"twitter:card\" content=\"summary_large_image\" \/>\n<meta name=\"twitter:label1\" content=\"\u00c9crit par\" \/>\n\t<meta name=\"twitter:data1\" content=\"Lorenzo Verduzco\" \/>\n\t<meta name=\"twitter:label2\" content=\"Dur\u00e9e de lecture estim\u00e9e\" \/>\n\t<meta name=\"twitter:data2\" content=\"3 minutes\" \/>\n<script type=\"application\/ld+json\" class=\"yoast-schema-graph\">{\"@context\":\"https:\\\/\\\/schema.org\",\"@graph\":[{\"@type\":\"Article\",\"@id\":\"https:\\\/\\\/interamerica.org\\\/fr\\\/2004\\\/02\\\/la-iad-effectue-un-audit-administratif-dans-lunion-portoricaine\\\/#article\",\"isPartOf\":{\"@id\":\"https:\\\/\\\/interamerica.org\\\/fr\\\/2004\\\/02\\\/la-iad-effectue-un-audit-administratif-dans-lunion-portoricaine\\\/\"},\"author\":{\"name\":\"Lorenzo Verduzco\",\"@id\":\"https:\\\/\\\/interamerica.org\\\/fr\\\/#\\\/schema\\\/person\\\/68ede8bdc292885bb76c1e3810e73c39\"},\"headline\":\"La IAD effectue un Audit Administratif dans l&rsquo;Union Portoricaine\",\"datePublished\":\"2004-02-27T04:00:00+00:00\",\"dateModified\":\"2017-06-02T17:22:23+00:00\",\"mainEntityOfPage\":{\"@id\":\"https:\\\/\\\/interamerica.org\\\/fr\\\/2004\\\/02\\\/la-iad-effectue-un-audit-administratif-dans-lunion-portoricaine\\\/\"},\"wordCount\":602,\"articleSection\":[\"Archive\"],\"inLanguage\":\"fr-FR\"},{\"@type\":\"WebPage\",\"@id\":\"https:\\\/\\\/interamerica.org\\\/fr\\\/2004\\\/02\\\/la-iad-effectue-un-audit-administratif-dans-lunion-portoricaine\\\/\",\"url\":\"https:\\\/\\\/interamerica.org\\\/fr\\\/2004\\\/02\\\/la-iad-effectue-un-audit-administratif-dans-lunion-portoricaine\\\/\",\"name\":\"La IAD effectue un Audit Administratif dans l'Union Portoricaine - \u00c9glise Adventiste Du Septieme Jour - Inter Am\u00e9rique Division\",\"isPartOf\":{\"@id\":\"https:\\\/\\\/interamerica.org\\\/fr\\\/#website\"},\"datePublished\":\"2004-02-27T04:00:00+00:00\",\"dateModified\":\"2017-06-02T17:22:23+00:00\",\"author\":{\"@id\":\"https:\\\/\\\/interamerica.org\\\/fr\\\/#\\\/schema\\\/person\\\/68ede8bdc292885bb76c1e3810e73c39\"},\"breadcrumb\":{\"@id\":\"https:\\\/\\\/interamerica.org\\\/fr\\\/2004\\\/02\\\/la-iad-effectue-un-audit-administratif-dans-lunion-portoricaine\\\/#breadcrumb\"},\"inLanguage\":\"fr-FR\",\"potentialAction\":[{\"@type\":\"ReadAction\",\"target\":[\"https:\\\/\\\/interamerica.org\\\/fr\\\/2004\\\/02\\\/la-iad-effectue-un-audit-administratif-dans-lunion-portoricaine\\\/\"]}]},{\"@type\":\"BreadcrumbList\",\"@id\":\"https:\\\/\\\/interamerica.org\\\/fr\\\/2004\\\/02\\\/la-iad-effectue-un-audit-administratif-dans-lunion-portoricaine\\\/#breadcrumb\",\"itemListElement\":[{\"@type\":\"ListItem\",\"position\":1,\"name\":\"Home\",\"item\":\"https:\\\/\\\/interamerica.org\\\/fr\\\/\"},{\"@type\":\"ListItem\",\"position\":2,\"name\":\"La IAD effectue un Audit Administratif dans l&rsquo;Union Portoricaine\"}]},{\"@type\":\"WebSite\",\"@id\":\"https:\\\/\\\/interamerica.org\\\/fr\\\/#website\",\"url\":\"https:\\\/\\\/interamerica.org\\\/fr\\\/\",\"name\":\"\u00c9glise Adventiste Du Septieme Jour - Inter Am\u00e9rique Division\",\"description\":\"\",\"potentialAction\":[{\"@type\":\"SearchAction\",\"target\":{\"@type\":\"EntryPoint\",\"urlTemplate\":\"https:\\\/\\\/interamerica.org\\\/fr\\\/?s={search_term_string}\"},\"query-input\":{\"@type\":\"PropertyValueSpecification\",\"valueRequired\":true,\"valueName\":\"search_term_string\"}}],\"inLanguage\":\"fr-FR\"},{\"@type\":\"Person\",\"@id\":\"https:\\\/\\\/interamerica.org\\\/fr\\\/#\\\/schema\\\/person\\\/68ede8bdc292885bb76c1e3810e73c39\",\"name\":\"Lorenzo Verduzco\",\"image\":{\"@type\":\"ImageObject\",\"inLanguage\":\"fr-FR\",\"@id\":\"https:\\\/\\\/secure.gravatar.com\\\/avatar\\\/fb81a55b6218459490a9c1dc841a34909185b81904c5337b4b27f7a6fd60c49e?s=96&d=mm&r=g\",\"url\":\"https:\\\/\\\/secure.gravatar.com\\\/avatar\\\/fb81a55b6218459490a9c1dc841a34909185b81904c5337b4b27f7a6fd60c49e?s=96&d=mm&r=g\",\"contentUrl\":\"https:\\\/\\\/secure.gravatar.com\\\/avatar\\\/fb81a55b6218459490a9c1dc841a34909185b81904c5337b4b27f7a6fd60c49e?s=96&d=mm&r=g\",\"caption\":\"Lorenzo Verduzco\"}}]}<\/script>\n<!-- \/ Yoast SEO plugin. -->","yoast_head_json":{"title":"La IAD effectue un Audit Administratif dans l'Union Portoricaine - \u00c9glise Adventiste Du Septieme Jour - Inter Am\u00e9rique Division","robots":{"index":"index","follow":"follow","max-snippet":"max-snippet:-1","max-image-preview":"max-image-preview:large","max-video-preview":"max-video-preview:-1"},"canonical":"https:\/\/interamerica.org\/fr\/2004\/02\/la-iad-effectue-un-audit-administratif-dans-lunion-portoricaine\/","og_locale":"fr_FR","og_type":"article","og_title":"La IAD effectue un Audit Administratif dans l'Union Portoricaine - \u00c9glise Adventiste Du Septieme Jour - Inter Am\u00e9rique Division","og_description":"L'Administration de la Division Interam\u00e9ricaine visite ses unions p\u00e9riodiquement pour des audits administratifs et r\u00e9cemment un audit a \u00e9t\u00e9 effectu\u00e9 dans l'Union Portoricaine.","og_url":"https:\/\/interamerica.org\/fr\/2004\/02\/la-iad-effectue-un-audit-administratif-dans-lunion-portoricaine\/","og_site_name":"\u00c9glise Adventiste Du Septieme Jour - Inter Am\u00e9rique Division","article_published_time":"2004-02-27T04:00:00+00:00","article_modified_time":"2017-06-02T17:22:23+00:00","author":"Lorenzo Verduzco","twitter_card":"summary_large_image","twitter_misc":{"\u00c9crit par":"Lorenzo Verduzco","Dur\u00e9e de lecture estim\u00e9e":"3 minutes"},"schema":{"@context":"https:\/\/schema.org","@graph":[{"@type":"Article","@id":"https:\/\/interamerica.org\/fr\/2004\/02\/la-iad-effectue-un-audit-administratif-dans-lunion-portoricaine\/#article","isPartOf":{"@id":"https:\/\/interamerica.org\/fr\/2004\/02\/la-iad-effectue-un-audit-administratif-dans-lunion-portoricaine\/"},"author":{"name":"Lorenzo Verduzco","@id":"https:\/\/interamerica.org\/fr\/#\/schema\/person\/68ede8bdc292885bb76c1e3810e73c39"},"headline":"La IAD effectue un Audit Administratif dans l&rsquo;Union Portoricaine","datePublished":"2004-02-27T04:00:00+00:00","dateModified":"2017-06-02T17:22:23+00:00","mainEntityOfPage":{"@id":"https:\/\/interamerica.org\/fr\/2004\/02\/la-iad-effectue-un-audit-administratif-dans-lunion-portoricaine\/"},"wordCount":602,"articleSection":["Archive"],"inLanguage":"fr-FR"},{"@type":"WebPage","@id":"https:\/\/interamerica.org\/fr\/2004\/02\/la-iad-effectue-un-audit-administratif-dans-lunion-portoricaine\/","url":"https:\/\/interamerica.org\/fr\/2004\/02\/la-iad-effectue-un-audit-administratif-dans-lunion-portoricaine\/","name":"La IAD effectue un Audit Administratif dans l'Union Portoricaine - \u00c9glise Adventiste Du Septieme Jour - Inter Am\u00e9rique Division","isPartOf":{"@id":"https:\/\/interamerica.org\/fr\/#website"},"datePublished":"2004-02-27T04:00:00+00:00","dateModified":"2017-06-02T17:22:23+00:00","author":{"@id":"https:\/\/interamerica.org\/fr\/#\/schema\/person\/68ede8bdc292885bb76c1e3810e73c39"},"breadcrumb":{"@id":"https:\/\/interamerica.org\/fr\/2004\/02\/la-iad-effectue-un-audit-administratif-dans-lunion-portoricaine\/#breadcrumb"},"inLanguage":"fr-FR","potentialAction":[{"@type":"ReadAction","target":["https:\/\/interamerica.org\/fr\/2004\/02\/la-iad-effectue-un-audit-administratif-dans-lunion-portoricaine\/"]}]},{"@type":"BreadcrumbList","@id":"https:\/\/interamerica.org\/fr\/2004\/02\/la-iad-effectue-un-audit-administratif-dans-lunion-portoricaine\/#breadcrumb","itemListElement":[{"@type":"ListItem","position":1,"name":"Home","item":"https:\/\/interamerica.org\/fr\/"},{"@type":"ListItem","position":2,"name":"La IAD effectue un Audit Administratif dans l&rsquo;Union Portoricaine"}]},{"@type":"WebSite","@id":"https:\/\/interamerica.org\/fr\/#website","url":"https:\/\/interamerica.org\/fr\/","name":"\u00c9glise Adventiste Du Septieme Jour - Inter Am\u00e9rique Division","description":"","potentialAction":[{"@type":"SearchAction","target":{"@type":"EntryPoint","urlTemplate":"https:\/\/interamerica.org\/fr\/?s={search_term_string}"},"query-input":{"@type":"PropertyValueSpecification","valueRequired":true,"valueName":"search_term_string"}}],"inLanguage":"fr-FR"},{"@type":"Person","@id":"https:\/\/interamerica.org\/fr\/#\/schema\/person\/68ede8bdc292885bb76c1e3810e73c39","name":"Lorenzo Verduzco","image":{"@type":"ImageObject","inLanguage":"fr-FR","@id":"https:\/\/secure.gravatar.com\/avatar\/fb81a55b6218459490a9c1dc841a34909185b81904c5337b4b27f7a6fd60c49e?s=96&d=mm&r=g","url":"https:\/\/secure.gravatar.com\/avatar\/fb81a55b6218459490a9c1dc841a34909185b81904c5337b4b27f7a6fd60c49e?s=96&d=mm&r=g","contentUrl":"https:\/\/secure.gravatar.com\/avatar\/fb81a55b6218459490a9c1dc841a34909185b81904c5337b4b27f7a6fd60c49e?s=96&d=mm&r=g","caption":"Lorenzo Verduzco"}}]}},"_links":{"self":[{"href":"https:\/\/interamerica.org\/fr\/wp-json\/wp\/v2\/posts\/12141","targetHints":{"allow":["GET"]}}],"collection":[{"href":"https:\/\/interamerica.org\/fr\/wp-json\/wp\/v2\/posts"}],"about":[{"href":"https:\/\/interamerica.org\/fr\/wp-json\/wp\/v2\/types\/post"}],"author":[{"embeddable":true,"href":"https:\/\/interamerica.org\/fr\/wp-json\/wp\/v2\/users\/1"}],"replies":[{"embeddable":true,"href":"https:\/\/interamerica.org\/fr\/wp-json\/wp\/v2\/comments?post=12141"}],"version-history":[{"count":0,"href":"https:\/\/interamerica.org\/fr\/wp-json\/wp\/v2\/posts\/12141\/revisions"}],"wp:attachment":[{"href":"https:\/\/interamerica.org\/fr\/wp-json\/wp\/v2\/media?parent=12141"}],"wp:term":[{"taxonomy":"category","embeddable":true,"href":"https:\/\/interamerica.org\/fr\/wp-json\/wp\/v2\/categories?post=12141"},{"taxonomy":"post_tag","embeddable":true,"href":"https:\/\/interamerica.org\/fr\/wp-json\/wp\/v2\/tags?post=12141"}],"curies":[{"name":"wp","href":"https:\/\/api.w.org\/{rel}","templated":true}]}}