{"id":12142,"date":"2004-03-01T00:00:00","date_gmt":"2004-03-01T04:00:00","guid":{"rendered":"http:\/\/192.81.217.108\/interamerica\/2004\/03\/haiti-les-etablissements-adventistes-ne-sont-pas-epargnes-par-la-rebellion-violente\/"},"modified":"2017-06-02T13:22:23","modified_gmt":"2017-06-02T17:22:23","slug":"haiti-les-etablissements-adventistes-ne-sont-pas-epargnes-par-la-rebellion-violente","status":"publish","type":"post","link":"https:\/\/interamerica.org\/fr\/2004\/03\/haiti-les-etablissements-adventistes-ne-sont-pas-epargnes-par-la-rebellion-violente\/","title":{"rendered":"Ha\u00efti : Les \u00c9tablissements Adventistes ne sont pas \u00c9pargn\u00e9s Par la R\u00e9bellion Violente"},"content":{"rendered":"<p>Miami, Floride, \u00c9tats-unis&#8230;.<\/p>\n<p>Comme le chaos a surgi \u00e0 la suite de la d\u00e9mission de Jean-Bertrand Aristide, pr\u00e9sident d&rsquo;Ha\u00efti, le pillage et d&rsquo;autres activit\u00e9s violentes dans Port-au-Prince, la capitale ont affect\u00e9 l&rsquo;H\u00f4pital Adventiste d&rsquo;Ha\u00efti et l&rsquo;Universit\u00e9 Adventiste, tous les deux situ\u00e9s \u00e0 quelques minutes du centre-ville.<\/p>\n<p>Selon le Pasteur Isra\u00ebl Le\u00efto, pr\u00e9sident de l&rsquo;Eglise en Inter Am\u00e9rique, qui a \u00e9t\u00e9 en contact avec les dirigeants d&rsquo;Eglise \u00e0 Port-au-Prince, il y a eu pillage, hier aux alentours de l&rsquo;H\u00f4pital et de l&rsquo;Universit\u00e9 :<\/p>\n<p>\u00ab\u00a0Il n&rsquo;y a rien eu de tr\u00e8s malheureux. Cependant, il est \u00e0 noter que le gardien \u00e0 l&rsquo;entr\u00e9e de l&rsquo;un des \u00e9tablissements a \u00e9t\u00e9 attaqu\u00e9 et son arme prise, des m\u00e9dicaments ont \u00e9t\u00e9 pris de l&rsquo;H\u00f4pital, un camion a \u00e9t\u00e9 vol\u00e9, aussi bien que des produits de l&rsquo;Imprimerie, du Service d&rsquo;Emballage, et du bureau d&rsquo;ADRA\u00a0\u00bb. \u00ab\u00a0Jusqu&rsquo;\u00e0 pr\u00e9sent, tout semble \u00eatre sous contr\u00f4le, m&rsquo;informent les administrateurs de l&rsquo;Union. L&rsquo;universit\u00e9 a \u00e9t\u00e9 ferm\u00e9e pendant une journ\u00e9e et aucun rapport d&rsquo;accidents parmi les membres d&rsquo;\u00e9glise n&rsquo;est parvenu. A cause de l&rsquo;augmentation du nombre de voitures prises de force, chacun se d\u00e9place \u00e0 pied ou utilise le transport public. Les services dans les \u00e9glises continueront comme d&rsquo;habitude, le Sabbat.\u00a0\u00bb<\/p>\n<p>L&rsquo;Agence Adventiste d&rsquo;Aide et de D\u00e9veloppement (ADRA) est sur le point d&rsquo;obtenir des conteneurs de m\u00e9dicaments et de v\u00eatements pour \u00eatre exp\u00e9di\u00e9s en Ha\u00efti, au dire de Wally Amundson, directeur d&rsquo;ADRA de la Division Inter Am\u00e9rique. \u00ab\u00a0Nous attendons l&rsquo;information officielle nous indiquant le moment o\u00f9 le port d&rsquo;Ha\u00efti sera pr\u00eat \u00e0 recevoir et laisser passer des marchandises,\u00a0\u00bb dit-il.<\/p>\n<p>\u00ab\u00a0Des finances ont \u00e9t\u00e9 allou\u00e9es pour r\u00e9pondre aux secours d&rsquo;urgence et seront disponibles d&rsquo;ici demain,\u00a0\u00bb ajoute Wally Amundson. Les fonds seront employ\u00e9s pour l&rsquo;achat de denr\u00e9es alimentaires, des articles de premi\u00e8res n\u00e9cessit\u00e9s et pour le transport de ces provisions sur le terrain. <\/p>\n<p>L&rsquo;Imprimerie, le Service d&rsquo;Emballage et le bureau d&rsquo;ADRA sont situ\u00e9s non loin de l&rsquo;H\u00f4pital Adventiste et l&rsquo;Universit\u00e9, tandis que le bureau de l&rsquo;Union est situ\u00e9 dans un faubourg de Port-au-Prince.<\/p>\n","protected":false},"excerpt":{"rendered":"<p>Comme le chaos a surgi \u00e0 la suite de la d\u00e9mission de Jean-Bertrand Aristide, pr\u00e9sident d&rsquo;Ha\u00efti, le pillage et d&rsquo;autres activit\u00e9s violentes dans Port-au-Prince, la capitale, ont affect\u00e9 l&rsquo;H\u00f4pital Adventiste d&rsquo;Ha\u00efti et l&rsquo;Universit\u00e9 Adventis<\/p>\n","protected":false},"author":1,"featured_media":0,"comment_status":"closed","ping_status":"closed","sticky":false,"template":"","format":"standard","meta":{"_acf_changed":false,"footnotes":""},"categories":[9],"tags":[],"class_list":["post-12142","post","type-post","status-publish","format-standard","hentry","category-archive-fr"],"acf":[],"yoast_head":"<!-- This site is optimized with the Yoast SEO plugin v27.3 - https:\/\/yoast.com\/product\/yoast-seo-wordpress\/ -->\n<title>Ha\u00efti : Les \u00c9tablissements Adventistes ne sont pas \u00c9pargn\u00e9s Par la R\u00e9bellion Violente - \u00c9glise Adventiste Du Septieme Jour - Inter Am\u00e9rique Division<\/title>\n<meta name=\"robots\" content=\"index, follow, max-snippet:-1, max-image-preview:large, max-video-preview:-1\" \/>\n<link rel=\"canonical\" href=\"https:\/\/interamerica.org\/fr\/2004\/03\/haiti-les-etablissements-adventistes-ne-sont-pas-epargnes-par-la-rebellion-violente\/\" \/>\n<meta property=\"og:locale\" content=\"fr_FR\" \/>\n<meta property=\"og:type\" content=\"article\" \/>\n<meta property=\"og:title\" content=\"Ha\u00efti : Les \u00c9tablissements Adventistes ne sont pas \u00c9pargn\u00e9s Par la R\u00e9bellion Violente - \u00c9glise Adventiste Du Septieme Jour - Inter Am\u00e9rique Division\" \/>\n<meta property=\"og:description\" content=\"Comme le chaos a surgi \u00e0 la suite de la d\u00e9mission de Jean-Bertrand Aristide, pr\u00e9sident d&#039;Ha\u00efti, le pillage et d&#039;autres activit\u00e9s violentes dans Port-au-Prince, la capitale, ont affect\u00e9 l&#039;H\u00f4pital Adventiste d&#039;Ha\u00efti et l&#039;Universit\u00e9 Adventis\" \/>\n<meta property=\"og:url\" content=\"https:\/\/interamerica.org\/fr\/2004\/03\/haiti-les-etablissements-adventistes-ne-sont-pas-epargnes-par-la-rebellion-violente\/\" \/>\n<meta property=\"og:site_name\" content=\"\u00c9glise Adventiste Du Septieme Jour - Inter Am\u00e9rique Division\" \/>\n<meta property=\"article:published_time\" content=\"2004-03-01T04:00:00+00:00\" \/>\n<meta property=\"article:modified_time\" content=\"2017-06-02T17:22:23+00:00\" \/>\n<meta name=\"author\" content=\"Lorenzo Verduzco\" \/>\n<meta name=\"twitter:card\" content=\"summary_large_image\" \/>\n<meta name=\"twitter:label1\" content=\"\u00c9crit par\" \/>\n\t<meta name=\"twitter:data1\" content=\"Lorenzo Verduzco\" \/>\n\t<meta name=\"twitter:label2\" content=\"Dur\u00e9e de lecture estim\u00e9e\" \/>\n\t<meta name=\"twitter:data2\" content=\"2 minutes\" \/>\n<script type=\"application\/ld+json\" class=\"yoast-schema-graph\">{\"@context\":\"https:\\\/\\\/schema.org\",\"@graph\":[{\"@type\":\"Article\",\"@id\":\"https:\\\/\\\/interamerica.org\\\/fr\\\/2004\\\/03\\\/haiti-les-etablissements-adventistes-ne-sont-pas-epargnes-par-la-rebellion-violente\\\/#article\",\"isPartOf\":{\"@id\":\"https:\\\/\\\/interamerica.org\\\/fr\\\/2004\\\/03\\\/haiti-les-etablissements-adventistes-ne-sont-pas-epargnes-par-la-rebellion-violente\\\/\"},\"author\":{\"name\":\"Lorenzo Verduzco\",\"@id\":\"https:\\\/\\\/interamerica.org\\\/fr\\\/#\\\/schema\\\/person\\\/68ede8bdc292885bb76c1e3810e73c39\"},\"headline\":\"Ha\u00efti : Les \u00c9tablissements Adventistes ne sont pas \u00c9pargn\u00e9s Par la R\u00e9bellion Violente\",\"datePublished\":\"2004-03-01T04:00:00+00:00\",\"dateModified\":\"2017-06-02T17:22:23+00:00\",\"mainEntityOfPage\":{\"@id\":\"https:\\\/\\\/interamerica.org\\\/fr\\\/2004\\\/03\\\/haiti-les-etablissements-adventistes-ne-sont-pas-epargnes-par-la-rebellion-violente\\\/\"},\"wordCount\":412,\"articleSection\":[\"Archive\"],\"inLanguage\":\"fr-FR\"},{\"@type\":\"WebPage\",\"@id\":\"https:\\\/\\\/interamerica.org\\\/fr\\\/2004\\\/03\\\/haiti-les-etablissements-adventistes-ne-sont-pas-epargnes-par-la-rebellion-violente\\\/\",\"url\":\"https:\\\/\\\/interamerica.org\\\/fr\\\/2004\\\/03\\\/haiti-les-etablissements-adventistes-ne-sont-pas-epargnes-par-la-rebellion-violente\\\/\",\"name\":\"Ha\u00efti : Les \u00c9tablissements Adventistes ne sont pas \u00c9pargn\u00e9s Par la R\u00e9bellion Violente - \u00c9glise Adventiste Du Septieme Jour - Inter Am\u00e9rique Division\",\"isPartOf\":{\"@id\":\"https:\\\/\\\/interamerica.org\\\/fr\\\/#website\"},\"datePublished\":\"2004-03-01T04:00:00+00:00\",\"dateModified\":\"2017-06-02T17:22:23+00:00\",\"author\":{\"@id\":\"https:\\\/\\\/interamerica.org\\\/fr\\\/#\\\/schema\\\/person\\\/68ede8bdc292885bb76c1e3810e73c39\"},\"breadcrumb\":{\"@id\":\"https:\\\/\\\/interamerica.org\\\/fr\\\/2004\\\/03\\\/haiti-les-etablissements-adventistes-ne-sont-pas-epargnes-par-la-rebellion-violente\\\/#breadcrumb\"},\"inLanguage\":\"fr-FR\",\"potentialAction\":[{\"@type\":\"ReadAction\",\"target\":[\"https:\\\/\\\/interamerica.org\\\/fr\\\/2004\\\/03\\\/haiti-les-etablissements-adventistes-ne-sont-pas-epargnes-par-la-rebellion-violente\\\/\"]}]},{\"@type\":\"BreadcrumbList\",\"@id\":\"https:\\\/\\\/interamerica.org\\\/fr\\\/2004\\\/03\\\/haiti-les-etablissements-adventistes-ne-sont-pas-epargnes-par-la-rebellion-violente\\\/#breadcrumb\",\"itemListElement\":[{\"@type\":\"ListItem\",\"position\":1,\"name\":\"Home\",\"item\":\"https:\\\/\\\/interamerica.org\\\/fr\\\/\"},{\"@type\":\"ListItem\",\"position\":2,\"name\":\"Ha\u00efti : Les \u00c9tablissements Adventistes ne sont pas \u00c9pargn\u00e9s Par la R\u00e9bellion Violente\"}]},{\"@type\":\"WebSite\",\"@id\":\"https:\\\/\\\/interamerica.org\\\/fr\\\/#website\",\"url\":\"https:\\\/\\\/interamerica.org\\\/fr\\\/\",\"name\":\"\u00c9glise Adventiste Du Septieme Jour - Inter Am\u00e9rique Division\",\"description\":\"\",\"potentialAction\":[{\"@type\":\"SearchAction\",\"target\":{\"@type\":\"EntryPoint\",\"urlTemplate\":\"https:\\\/\\\/interamerica.org\\\/fr\\\/?s={search_term_string}\"},\"query-input\":{\"@type\":\"PropertyValueSpecification\",\"valueRequired\":true,\"valueName\":\"search_term_string\"}}],\"inLanguage\":\"fr-FR\"},{\"@type\":\"Person\",\"@id\":\"https:\\\/\\\/interamerica.org\\\/fr\\\/#\\\/schema\\\/person\\\/68ede8bdc292885bb76c1e3810e73c39\",\"name\":\"Lorenzo Verduzco\",\"image\":{\"@type\":\"ImageObject\",\"inLanguage\":\"fr-FR\",\"@id\":\"https:\\\/\\\/secure.gravatar.com\\\/avatar\\\/fb81a55b6218459490a9c1dc841a34909185b81904c5337b4b27f7a6fd60c49e?s=96&d=mm&r=g\",\"url\":\"https:\\\/\\\/secure.gravatar.com\\\/avatar\\\/fb81a55b6218459490a9c1dc841a34909185b81904c5337b4b27f7a6fd60c49e?s=96&d=mm&r=g\",\"contentUrl\":\"https:\\\/\\\/secure.gravatar.com\\\/avatar\\\/fb81a55b6218459490a9c1dc841a34909185b81904c5337b4b27f7a6fd60c49e?s=96&d=mm&r=g\",\"caption\":\"Lorenzo Verduzco\"}}]}<\/script>\n<!-- \/ Yoast SEO plugin. -->","yoast_head_json":{"title":"Ha\u00efti : Les \u00c9tablissements Adventistes ne sont pas \u00c9pargn\u00e9s Par la R\u00e9bellion Violente - \u00c9glise Adventiste Du Septieme Jour - Inter Am\u00e9rique Division","robots":{"index":"index","follow":"follow","max-snippet":"max-snippet:-1","max-image-preview":"max-image-preview:large","max-video-preview":"max-video-preview:-1"},"canonical":"https:\/\/interamerica.org\/fr\/2004\/03\/haiti-les-etablissements-adventistes-ne-sont-pas-epargnes-par-la-rebellion-violente\/","og_locale":"fr_FR","og_type":"article","og_title":"Ha\u00efti : Les \u00c9tablissements Adventistes ne sont pas \u00c9pargn\u00e9s Par la R\u00e9bellion Violente - \u00c9glise Adventiste Du Septieme Jour - Inter Am\u00e9rique Division","og_description":"Comme le chaos a surgi \u00e0 la suite de la d\u00e9mission de Jean-Bertrand Aristide, pr\u00e9sident d'Ha\u00efti, le pillage et d'autres activit\u00e9s violentes dans Port-au-Prince, la capitale, ont affect\u00e9 l'H\u00f4pital Adventiste d'Ha\u00efti et l'Universit\u00e9 Adventis","og_url":"https:\/\/interamerica.org\/fr\/2004\/03\/haiti-les-etablissements-adventistes-ne-sont-pas-epargnes-par-la-rebellion-violente\/","og_site_name":"\u00c9glise Adventiste Du Septieme Jour - Inter Am\u00e9rique Division","article_published_time":"2004-03-01T04:00:00+00:00","article_modified_time":"2017-06-02T17:22:23+00:00","author":"Lorenzo Verduzco","twitter_card":"summary_large_image","twitter_misc":{"\u00c9crit par":"Lorenzo Verduzco","Dur\u00e9e de lecture estim\u00e9e":"2 minutes"},"schema":{"@context":"https:\/\/schema.org","@graph":[{"@type":"Article","@id":"https:\/\/interamerica.org\/fr\/2004\/03\/haiti-les-etablissements-adventistes-ne-sont-pas-epargnes-par-la-rebellion-violente\/#article","isPartOf":{"@id":"https:\/\/interamerica.org\/fr\/2004\/03\/haiti-les-etablissements-adventistes-ne-sont-pas-epargnes-par-la-rebellion-violente\/"},"author":{"name":"Lorenzo Verduzco","@id":"https:\/\/interamerica.org\/fr\/#\/schema\/person\/68ede8bdc292885bb76c1e3810e73c39"},"headline":"Ha\u00efti : Les \u00c9tablissements Adventistes ne sont pas \u00c9pargn\u00e9s Par la R\u00e9bellion Violente","datePublished":"2004-03-01T04:00:00+00:00","dateModified":"2017-06-02T17:22:23+00:00","mainEntityOfPage":{"@id":"https:\/\/interamerica.org\/fr\/2004\/03\/haiti-les-etablissements-adventistes-ne-sont-pas-epargnes-par-la-rebellion-violente\/"},"wordCount":412,"articleSection":["Archive"],"inLanguage":"fr-FR"},{"@type":"WebPage","@id":"https:\/\/interamerica.org\/fr\/2004\/03\/haiti-les-etablissements-adventistes-ne-sont-pas-epargnes-par-la-rebellion-violente\/","url":"https:\/\/interamerica.org\/fr\/2004\/03\/haiti-les-etablissements-adventistes-ne-sont-pas-epargnes-par-la-rebellion-violente\/","name":"Ha\u00efti : Les \u00c9tablissements Adventistes ne sont pas \u00c9pargn\u00e9s Par la R\u00e9bellion Violente - \u00c9glise Adventiste Du Septieme Jour - Inter Am\u00e9rique Division","isPartOf":{"@id":"https:\/\/interamerica.org\/fr\/#website"},"datePublished":"2004-03-01T04:00:00+00:00","dateModified":"2017-06-02T17:22:23+00:00","author":{"@id":"https:\/\/interamerica.org\/fr\/#\/schema\/person\/68ede8bdc292885bb76c1e3810e73c39"},"breadcrumb":{"@id":"https:\/\/interamerica.org\/fr\/2004\/03\/haiti-les-etablissements-adventistes-ne-sont-pas-epargnes-par-la-rebellion-violente\/#breadcrumb"},"inLanguage":"fr-FR","potentialAction":[{"@type":"ReadAction","target":["https:\/\/interamerica.org\/fr\/2004\/03\/haiti-les-etablissements-adventistes-ne-sont-pas-epargnes-par-la-rebellion-violente\/"]}]},{"@type":"BreadcrumbList","@id":"https:\/\/interamerica.org\/fr\/2004\/03\/haiti-les-etablissements-adventistes-ne-sont-pas-epargnes-par-la-rebellion-violente\/#breadcrumb","itemListElement":[{"@type":"ListItem","position":1,"name":"Home","item":"https:\/\/interamerica.org\/fr\/"},{"@type":"ListItem","position":2,"name":"Ha\u00efti : Les \u00c9tablissements Adventistes ne sont pas \u00c9pargn\u00e9s Par la R\u00e9bellion Violente"}]},{"@type":"WebSite","@id":"https:\/\/interamerica.org\/fr\/#website","url":"https:\/\/interamerica.org\/fr\/","name":"\u00c9glise Adventiste Du Septieme Jour - Inter Am\u00e9rique Division","description":"","potentialAction":[{"@type":"SearchAction","target":{"@type":"EntryPoint","urlTemplate":"https:\/\/interamerica.org\/fr\/?s={search_term_string}"},"query-input":{"@type":"PropertyValueSpecification","valueRequired":true,"valueName":"search_term_string"}}],"inLanguage":"fr-FR"},{"@type":"Person","@id":"https:\/\/interamerica.org\/fr\/#\/schema\/person\/68ede8bdc292885bb76c1e3810e73c39","name":"Lorenzo Verduzco","image":{"@type":"ImageObject","inLanguage":"fr-FR","@id":"https:\/\/secure.gravatar.com\/avatar\/fb81a55b6218459490a9c1dc841a34909185b81904c5337b4b27f7a6fd60c49e?s=96&d=mm&r=g","url":"https:\/\/secure.gravatar.com\/avatar\/fb81a55b6218459490a9c1dc841a34909185b81904c5337b4b27f7a6fd60c49e?s=96&d=mm&r=g","contentUrl":"https:\/\/secure.gravatar.com\/avatar\/fb81a55b6218459490a9c1dc841a34909185b81904c5337b4b27f7a6fd60c49e?s=96&d=mm&r=g","caption":"Lorenzo Verduzco"}}]}},"_links":{"self":[{"href":"https:\/\/interamerica.org\/fr\/wp-json\/wp\/v2\/posts\/12142","targetHints":{"allow":["GET"]}}],"collection":[{"href":"https:\/\/interamerica.org\/fr\/wp-json\/wp\/v2\/posts"}],"about":[{"href":"https:\/\/interamerica.org\/fr\/wp-json\/wp\/v2\/types\/post"}],"author":[{"embeddable":true,"href":"https:\/\/interamerica.org\/fr\/wp-json\/wp\/v2\/users\/1"}],"replies":[{"embeddable":true,"href":"https:\/\/interamerica.org\/fr\/wp-json\/wp\/v2\/comments?post=12142"}],"version-history":[{"count":0,"href":"https:\/\/interamerica.org\/fr\/wp-json\/wp\/v2\/posts\/12142\/revisions"}],"wp:attachment":[{"href":"https:\/\/interamerica.org\/fr\/wp-json\/wp\/v2\/media?parent=12142"}],"wp:term":[{"taxonomy":"category","embeddable":true,"href":"https:\/\/interamerica.org\/fr\/wp-json\/wp\/v2\/categories?post=12142"},{"taxonomy":"post_tag","embeddable":true,"href":"https:\/\/interamerica.org\/fr\/wp-json\/wp\/v2\/tags?post=12142"}],"curies":[{"name":"wp","href":"https:\/\/api.w.org\/{rel}","templated":true}]}}