{"id":12143,"date":"2004-03-05T00:00:00","date_gmt":"2004-03-05T04:00:00","guid":{"rendered":"http:\/\/192.81.217.108\/interamerica\/2004\/03\/les-administrateurs-des-unions-se-sont-rencontres-pour-un-premier-concile-daumoniers\/"},"modified":"2017-06-02T13:22:21","modified_gmt":"2017-06-02T17:22:21","slug":"les-administrateurs-des-unions-se-sont-rencontres-pour-un-premier-concile-daumoniers","status":"publish","type":"post","link":"https:\/\/interamerica.org\/fr\/2004\/03\/les-administrateurs-des-unions-se-sont-rencontres-pour-un-premier-concile-daumoniers\/","title":{"rendered":"Les administrateurs des Unions se sont Rencontr\u00e9s Pour un Premier Concile d&rsquo;Aum\u00f4niers"},"content":{"rendered":"<p>Miami, Floride, \u00c9tats-unis&#8230;<\/p>\n<p>Les administrateurs des Unions se sont Rencontr\u00e9s Pour un Premier Concile d&rsquo;Aum\u00f4niers<\/p>\n<p>Les administrateurs des Unions se sont r\u00e9cemment rencontr\u00e9s pour le premier Concile d&rsquo;aum\u00f4niers de l&rsquo;Inter Am\u00e9rique. <\/p>\n<p>Le d\u00e9partement d&rsquo;Aum\u00f4nerie a \u00e9t\u00e9 officiellement organis\u00e9 lors du comit\u00e9 annuel de la Division en octobre 2003. Ce<\/p>\n<p>concile a eu lieu dans le but d&rsquo;organiser ce d\u00e9partement, \u00e9tablir des r\u00e8glements, fournir des s\u00e9minaires ad\u00e9quats au profit du minist\u00e8re de l&rsquo;Aum\u00f4nerie et fixer des objectifs \u00e0 travers un plan strat\u00e9gique de trois ans, d&rsquo;apr\u00e8s Bernardo Rodriguez, directeur du minist\u00e8re de l&rsquo;Aum\u00f4nerie de la Division Inter Am\u00e9ricaine.<\/p>\n<p>Qu&rsquo;il y ait des aum\u00f4niers actifs dans les h\u00f4pitaux, les coll\u00e8ges, les universit\u00e9s, les prisons et les forces militaires n&rsquo;est pas quelque chose de nouveau dans le territoire de la IAD ; mais, il n&rsquo;y a jamais eu de d\u00e9partement officiel au niveau de Division ni dans aucune des unions de l&rsquo;Inter Am\u00e9rique, explique Bernardo Rodriguez.<\/p>\n<p>\u00ab\u00a0Cela a donn\u00e9 aux directeurs du minist\u00e8re de l&rsquo;Aum\u00f4nerie une occasion de se r\u00e9unir, d&rsquo;obtenir une formation et de se concentrer sur l&rsquo;octroi d&rsquo;une aide ad\u00e9quate aux quatre secteurs de notre territoire dans lesquels les aum\u00f4niers sont impliqu\u00e9s,\u00a0\u00bb dit-il, \u00ab\u00a0et faire que ce minist\u00e8re puisse accomplir sa mission de compassion et de service, \u00e0 un niveau international .\u00a0\u00bb<\/p>\n<p>Parmi les objectifs vot\u00e9s lors de ce r\u00e9unions, il y avait la description du profil d&rsquo;un aum\u00f4nier, l&rsquo;organisation d&rsquo;une association d&rsquo;aum\u00f4niers dans chacune des unions, la formation en vue de la cons\u00e9cration pastorale, la mise en place d&rsquo;une formation continue et l&rsquo;\u00e9tablissement d&rsquo;un r\u00e9seau d&rsquo;aum\u00f4niers volontaires qui puissent aider dans les prisons et les h\u00f4pitaux.<\/p>\n<p>Des s\u00e9minaires ont \u00e9t\u00e9 tenus pendant les r\u00e9unions, avec des sujets tels que l&rsquo;Aum\u00f4nerie adventiste : un Minist\u00e8re de Gu\u00e9rison ; une Base Th\u00e9ologique pour Aum\u00f4nier Adventiste, les Bases d&rsquo;un Minist\u00e8re de Crise, D\u00e9veloppement d&rsquo;un Programme d&rsquo;Aum\u00f4nerie, Politique et Pratiques pour Soutenir les Aum\u00f4niers, l&rsquo;Aum\u00f4nerie et les Besoins dans les \u00c9tablissements d&rsquo;Enseignement.<\/p>\n<p>Les orateurs durant ce s\u00e9minaire \u00e9taient : le Pasteur Martin W. Feldbush, directeur du Minist\u00e8re de l&rsquo;Aum\u00f4nerie \u00e0 la Conf\u00e9rence G\u00e9n\u00e9rale des Adventistes du Septi\u00e8me jour, dans le Maryland, Etats-Unis ; pasteur Jay Perez, Aum\u00f4nier Principal de Florida Hospital, et docteur Carlos Archbold, directeur d&rsquo;Education pour la Division Inter Am\u00e9ricaine.<\/p>\n<p>Pour plus d&rsquo;information sur le d\u00e9partement du Minist\u00e8re de l&rsquo;Aum\u00f4nerie visiter le site : www.interamerica.org ou appeler le bureau de la IAD (305) 403-4700.<\/p>\n","protected":false},"excerpt":{"rendered":"<p>Les administrateurs d&rsquo;Unions se sont r\u00e9cemment rencontr\u00e9s pour le premier Concile d&rsquo;aum\u00f4niers de l&rsquo;Inter Am\u00e9rique. Les r\u00e9unions et les s\u00e9minaires ont \u00e9t\u00e9 tenus \u00e0 la fin du mois de f\u00e9vrier 2003, \u00e0 Miami, Floride, au bureau de la Division In<\/p>\n","protected":false},"author":1,"featured_media":0,"comment_status":"closed","ping_status":"closed","sticky":false,"template":"","format":"standard","meta":{"_acf_changed":false,"footnotes":""},"categories":[9],"tags":[],"class_list":["post-12143","post","type-post","status-publish","format-standard","hentry","category-archive-fr"],"acf":[],"yoast_head":"<!-- This site is optimized with the Yoast SEO plugin v27.3 - https:\/\/yoast.com\/product\/yoast-seo-wordpress\/ -->\n<title>Les administrateurs des Unions se sont Rencontr\u00e9s Pour un Premier Concile d&#039;Aum\u00f4niers - \u00c9glise Adventiste Du Septieme Jour - Inter Am\u00e9rique Division<\/title>\n<meta name=\"robots\" content=\"index, follow, max-snippet:-1, max-image-preview:large, max-video-preview:-1\" \/>\n<link rel=\"canonical\" href=\"https:\/\/interamerica.org\/fr\/2004\/03\/les-administrateurs-des-unions-se-sont-rencontres-pour-un-premier-concile-daumoniers\/\" \/>\n<meta property=\"og:locale\" content=\"fr_FR\" \/>\n<meta property=\"og:type\" content=\"article\" \/>\n<meta property=\"og:title\" content=\"Les administrateurs des Unions se sont Rencontr\u00e9s Pour un Premier Concile d&#039;Aum\u00f4niers - \u00c9glise Adventiste Du Septieme Jour - Inter Am\u00e9rique Division\" \/>\n<meta property=\"og:description\" content=\"Les administrateurs d&#039;Unions se sont r\u00e9cemment rencontr\u00e9s pour le premier Concile d&#039;aum\u00f4niers de l&#039;Inter Am\u00e9rique. Les r\u00e9unions et les s\u00e9minaires ont \u00e9t\u00e9 tenus \u00e0 la fin du mois de f\u00e9vrier 2003, \u00e0 Miami, Floride, au bureau de la Division In\" \/>\n<meta property=\"og:url\" content=\"https:\/\/interamerica.org\/fr\/2004\/03\/les-administrateurs-des-unions-se-sont-rencontres-pour-un-premier-concile-daumoniers\/\" \/>\n<meta property=\"og:site_name\" content=\"\u00c9glise Adventiste Du Septieme Jour - Inter Am\u00e9rique Division\" \/>\n<meta property=\"article:published_time\" content=\"2004-03-05T04:00:00+00:00\" \/>\n<meta property=\"article:modified_time\" content=\"2017-06-02T17:22:21+00:00\" \/>\n<meta name=\"author\" content=\"Lorenzo Verduzco\" \/>\n<meta name=\"twitter:card\" content=\"summary_large_image\" \/>\n<meta name=\"twitter:label1\" content=\"\u00c9crit par\" \/>\n\t<meta name=\"twitter:data1\" content=\"Lorenzo Verduzco\" \/>\n\t<meta name=\"twitter:label2\" content=\"Dur\u00e9e de lecture estim\u00e9e\" \/>\n\t<meta name=\"twitter:data2\" content=\"2 minutes\" \/>\n<script type=\"application\/ld+json\" class=\"yoast-schema-graph\">{\"@context\":\"https:\\\/\\\/schema.org\",\"@graph\":[{\"@type\":\"Article\",\"@id\":\"https:\\\/\\\/interamerica.org\\\/fr\\\/2004\\\/03\\\/les-administrateurs-des-unions-se-sont-rencontres-pour-un-premier-concile-daumoniers\\\/#article\",\"isPartOf\":{\"@id\":\"https:\\\/\\\/interamerica.org\\\/fr\\\/2004\\\/03\\\/les-administrateurs-des-unions-se-sont-rencontres-pour-un-premier-concile-daumoniers\\\/\"},\"author\":{\"name\":\"Lorenzo Verduzco\",\"@id\":\"https:\\\/\\\/interamerica.org\\\/fr\\\/#\\\/schema\\\/person\\\/68ede8bdc292885bb76c1e3810e73c39\"},\"headline\":\"Les administrateurs des Unions se sont Rencontr\u00e9s Pour un Premier Concile d&rsquo;Aum\u00f4niers\",\"datePublished\":\"2004-03-05T04:00:00+00:00\",\"dateModified\":\"2017-06-02T17:22:21+00:00\",\"mainEntityOfPage\":{\"@id\":\"https:\\\/\\\/interamerica.org\\\/fr\\\/2004\\\/03\\\/les-administrateurs-des-unions-se-sont-rencontres-pour-un-premier-concile-daumoniers\\\/\"},\"wordCount\":495,\"articleSection\":[\"Archive\"],\"inLanguage\":\"fr-FR\"},{\"@type\":\"WebPage\",\"@id\":\"https:\\\/\\\/interamerica.org\\\/fr\\\/2004\\\/03\\\/les-administrateurs-des-unions-se-sont-rencontres-pour-un-premier-concile-daumoniers\\\/\",\"url\":\"https:\\\/\\\/interamerica.org\\\/fr\\\/2004\\\/03\\\/les-administrateurs-des-unions-se-sont-rencontres-pour-un-premier-concile-daumoniers\\\/\",\"name\":\"Les administrateurs des Unions se sont Rencontr\u00e9s Pour un Premier Concile d'Aum\u00f4niers - \u00c9glise Adventiste Du Septieme Jour - Inter Am\u00e9rique Division\",\"isPartOf\":{\"@id\":\"https:\\\/\\\/interamerica.org\\\/fr\\\/#website\"},\"datePublished\":\"2004-03-05T04:00:00+00:00\",\"dateModified\":\"2017-06-02T17:22:21+00:00\",\"author\":{\"@id\":\"https:\\\/\\\/interamerica.org\\\/fr\\\/#\\\/schema\\\/person\\\/68ede8bdc292885bb76c1e3810e73c39\"},\"breadcrumb\":{\"@id\":\"https:\\\/\\\/interamerica.org\\\/fr\\\/2004\\\/03\\\/les-administrateurs-des-unions-se-sont-rencontres-pour-un-premier-concile-daumoniers\\\/#breadcrumb\"},\"inLanguage\":\"fr-FR\",\"potentialAction\":[{\"@type\":\"ReadAction\",\"target\":[\"https:\\\/\\\/interamerica.org\\\/fr\\\/2004\\\/03\\\/les-administrateurs-des-unions-se-sont-rencontres-pour-un-premier-concile-daumoniers\\\/\"]}]},{\"@type\":\"BreadcrumbList\",\"@id\":\"https:\\\/\\\/interamerica.org\\\/fr\\\/2004\\\/03\\\/les-administrateurs-des-unions-se-sont-rencontres-pour-un-premier-concile-daumoniers\\\/#breadcrumb\",\"itemListElement\":[{\"@type\":\"ListItem\",\"position\":1,\"name\":\"Home\",\"item\":\"https:\\\/\\\/interamerica.org\\\/fr\\\/\"},{\"@type\":\"ListItem\",\"position\":2,\"name\":\"Les administrateurs des Unions se sont Rencontr\u00e9s Pour un Premier Concile d&rsquo;Aum\u00f4niers\"}]},{\"@type\":\"WebSite\",\"@id\":\"https:\\\/\\\/interamerica.org\\\/fr\\\/#website\",\"url\":\"https:\\\/\\\/interamerica.org\\\/fr\\\/\",\"name\":\"\u00c9glise Adventiste Du Septieme Jour - Inter Am\u00e9rique Division\",\"description\":\"\",\"potentialAction\":[{\"@type\":\"SearchAction\",\"target\":{\"@type\":\"EntryPoint\",\"urlTemplate\":\"https:\\\/\\\/interamerica.org\\\/fr\\\/?s={search_term_string}\"},\"query-input\":{\"@type\":\"PropertyValueSpecification\",\"valueRequired\":true,\"valueName\":\"search_term_string\"}}],\"inLanguage\":\"fr-FR\"},{\"@type\":\"Person\",\"@id\":\"https:\\\/\\\/interamerica.org\\\/fr\\\/#\\\/schema\\\/person\\\/68ede8bdc292885bb76c1e3810e73c39\",\"name\":\"Lorenzo Verduzco\",\"image\":{\"@type\":\"ImageObject\",\"inLanguage\":\"fr-FR\",\"@id\":\"https:\\\/\\\/secure.gravatar.com\\\/avatar\\\/fb81a55b6218459490a9c1dc841a34909185b81904c5337b4b27f7a6fd60c49e?s=96&d=mm&r=g\",\"url\":\"https:\\\/\\\/secure.gravatar.com\\\/avatar\\\/fb81a55b6218459490a9c1dc841a34909185b81904c5337b4b27f7a6fd60c49e?s=96&d=mm&r=g\",\"contentUrl\":\"https:\\\/\\\/secure.gravatar.com\\\/avatar\\\/fb81a55b6218459490a9c1dc841a34909185b81904c5337b4b27f7a6fd60c49e?s=96&d=mm&r=g\",\"caption\":\"Lorenzo Verduzco\"}}]}<\/script>\n<!-- \/ Yoast SEO plugin. -->","yoast_head_json":{"title":"Les administrateurs des Unions se sont Rencontr\u00e9s Pour un Premier Concile d'Aum\u00f4niers - \u00c9glise Adventiste Du Septieme Jour - Inter Am\u00e9rique Division","robots":{"index":"index","follow":"follow","max-snippet":"max-snippet:-1","max-image-preview":"max-image-preview:large","max-video-preview":"max-video-preview:-1"},"canonical":"https:\/\/interamerica.org\/fr\/2004\/03\/les-administrateurs-des-unions-se-sont-rencontres-pour-un-premier-concile-daumoniers\/","og_locale":"fr_FR","og_type":"article","og_title":"Les administrateurs des Unions se sont Rencontr\u00e9s Pour un Premier Concile d'Aum\u00f4niers - \u00c9glise Adventiste Du Septieme Jour - Inter Am\u00e9rique Division","og_description":"Les administrateurs d'Unions se sont r\u00e9cemment rencontr\u00e9s pour le premier Concile d'aum\u00f4niers de l'Inter Am\u00e9rique. Les r\u00e9unions et les s\u00e9minaires ont \u00e9t\u00e9 tenus \u00e0 la fin du mois de f\u00e9vrier 2003, \u00e0 Miami, Floride, au bureau de la Division In","og_url":"https:\/\/interamerica.org\/fr\/2004\/03\/les-administrateurs-des-unions-se-sont-rencontres-pour-un-premier-concile-daumoniers\/","og_site_name":"\u00c9glise Adventiste Du Septieme Jour - Inter Am\u00e9rique Division","article_published_time":"2004-03-05T04:00:00+00:00","article_modified_time":"2017-06-02T17:22:21+00:00","author":"Lorenzo Verduzco","twitter_card":"summary_large_image","twitter_misc":{"\u00c9crit par":"Lorenzo Verduzco","Dur\u00e9e de lecture estim\u00e9e":"2 minutes"},"schema":{"@context":"https:\/\/schema.org","@graph":[{"@type":"Article","@id":"https:\/\/interamerica.org\/fr\/2004\/03\/les-administrateurs-des-unions-se-sont-rencontres-pour-un-premier-concile-daumoniers\/#article","isPartOf":{"@id":"https:\/\/interamerica.org\/fr\/2004\/03\/les-administrateurs-des-unions-se-sont-rencontres-pour-un-premier-concile-daumoniers\/"},"author":{"name":"Lorenzo Verduzco","@id":"https:\/\/interamerica.org\/fr\/#\/schema\/person\/68ede8bdc292885bb76c1e3810e73c39"},"headline":"Les administrateurs des Unions se sont Rencontr\u00e9s Pour un Premier Concile d&rsquo;Aum\u00f4niers","datePublished":"2004-03-05T04:00:00+00:00","dateModified":"2017-06-02T17:22:21+00:00","mainEntityOfPage":{"@id":"https:\/\/interamerica.org\/fr\/2004\/03\/les-administrateurs-des-unions-se-sont-rencontres-pour-un-premier-concile-daumoniers\/"},"wordCount":495,"articleSection":["Archive"],"inLanguage":"fr-FR"},{"@type":"WebPage","@id":"https:\/\/interamerica.org\/fr\/2004\/03\/les-administrateurs-des-unions-se-sont-rencontres-pour-un-premier-concile-daumoniers\/","url":"https:\/\/interamerica.org\/fr\/2004\/03\/les-administrateurs-des-unions-se-sont-rencontres-pour-un-premier-concile-daumoniers\/","name":"Les administrateurs des Unions se sont Rencontr\u00e9s Pour un Premier Concile d'Aum\u00f4niers - \u00c9glise Adventiste Du Septieme Jour - Inter Am\u00e9rique Division","isPartOf":{"@id":"https:\/\/interamerica.org\/fr\/#website"},"datePublished":"2004-03-05T04:00:00+00:00","dateModified":"2017-06-02T17:22:21+00:00","author":{"@id":"https:\/\/interamerica.org\/fr\/#\/schema\/person\/68ede8bdc292885bb76c1e3810e73c39"},"breadcrumb":{"@id":"https:\/\/interamerica.org\/fr\/2004\/03\/les-administrateurs-des-unions-se-sont-rencontres-pour-un-premier-concile-daumoniers\/#breadcrumb"},"inLanguage":"fr-FR","potentialAction":[{"@type":"ReadAction","target":["https:\/\/interamerica.org\/fr\/2004\/03\/les-administrateurs-des-unions-se-sont-rencontres-pour-un-premier-concile-daumoniers\/"]}]},{"@type":"BreadcrumbList","@id":"https:\/\/interamerica.org\/fr\/2004\/03\/les-administrateurs-des-unions-se-sont-rencontres-pour-un-premier-concile-daumoniers\/#breadcrumb","itemListElement":[{"@type":"ListItem","position":1,"name":"Home","item":"https:\/\/interamerica.org\/fr\/"},{"@type":"ListItem","position":2,"name":"Les administrateurs des Unions se sont Rencontr\u00e9s Pour un Premier Concile d&rsquo;Aum\u00f4niers"}]},{"@type":"WebSite","@id":"https:\/\/interamerica.org\/fr\/#website","url":"https:\/\/interamerica.org\/fr\/","name":"\u00c9glise Adventiste Du Septieme Jour - Inter Am\u00e9rique Division","description":"","potentialAction":[{"@type":"SearchAction","target":{"@type":"EntryPoint","urlTemplate":"https:\/\/interamerica.org\/fr\/?s={search_term_string}"},"query-input":{"@type":"PropertyValueSpecification","valueRequired":true,"valueName":"search_term_string"}}],"inLanguage":"fr-FR"},{"@type":"Person","@id":"https:\/\/interamerica.org\/fr\/#\/schema\/person\/68ede8bdc292885bb76c1e3810e73c39","name":"Lorenzo Verduzco","image":{"@type":"ImageObject","inLanguage":"fr-FR","@id":"https:\/\/secure.gravatar.com\/avatar\/fb81a55b6218459490a9c1dc841a34909185b81904c5337b4b27f7a6fd60c49e?s=96&d=mm&r=g","url":"https:\/\/secure.gravatar.com\/avatar\/fb81a55b6218459490a9c1dc841a34909185b81904c5337b4b27f7a6fd60c49e?s=96&d=mm&r=g","contentUrl":"https:\/\/secure.gravatar.com\/avatar\/fb81a55b6218459490a9c1dc841a34909185b81904c5337b4b27f7a6fd60c49e?s=96&d=mm&r=g","caption":"Lorenzo Verduzco"}}]}},"_links":{"self":[{"href":"https:\/\/interamerica.org\/fr\/wp-json\/wp\/v2\/posts\/12143","targetHints":{"allow":["GET"]}}],"collection":[{"href":"https:\/\/interamerica.org\/fr\/wp-json\/wp\/v2\/posts"}],"about":[{"href":"https:\/\/interamerica.org\/fr\/wp-json\/wp\/v2\/types\/post"}],"author":[{"embeddable":true,"href":"https:\/\/interamerica.org\/fr\/wp-json\/wp\/v2\/users\/1"}],"replies":[{"embeddable":true,"href":"https:\/\/interamerica.org\/fr\/wp-json\/wp\/v2\/comments?post=12143"}],"version-history":[{"count":0,"href":"https:\/\/interamerica.org\/fr\/wp-json\/wp\/v2\/posts\/12143\/revisions"}],"wp:attachment":[{"href":"https:\/\/interamerica.org\/fr\/wp-json\/wp\/v2\/media?parent=12143"}],"wp:term":[{"taxonomy":"category","embeddable":true,"href":"https:\/\/interamerica.org\/fr\/wp-json\/wp\/v2\/categories?post=12143"},{"taxonomy":"post_tag","embeddable":true,"href":"https:\/\/interamerica.org\/fr\/wp-json\/wp\/v2\/tags?post=12143"}],"curies":[{"name":"wp","href":"https:\/\/api.w.org\/{rel}","templated":true}]}}