{"id":12145,"date":"2004-03-15T00:00:00","date_gmt":"2004-03-15T04:00:00","guid":{"rendered":"http:\/\/192.81.217.108\/interamerica\/2004\/03\/lespagne-leglise-pleure-ses-victimes-identifiees\/"},"modified":"2017-06-02T13:22:20","modified_gmt":"2017-06-02T17:22:20","slug":"lespagne-leglise-pleure-ses-victimes-identifiees","status":"publish","type":"post","link":"https:\/\/interamerica.org\/fr\/2004\/03\/lespagne-leglise-pleure-ses-victimes-identifiees\/","title":{"rendered":"L&rsquo;Espagne : L&rsquo;\u00c9glise Pleure Ses Victimes Identifi\u00e9es"},"content":{"rendered":"<p>15 mars 2004 Madrid, Espagne&#8230;.<\/p>\n<p>L&rsquo;\u00c9glise Adventiste du Septi\u00e8me jour en Espagne pleure la perte d&rsquo;au moins deux de leurs membres,\u00a0parmi les quelques 200 tu\u00e9s dans les attentats \u00e0 la bombe dans et autour de Madrid le 11 mars dernier. L&rsquo;un d&rsquo;eux, \u00e2g\u00e9 de 27 ans, Nicoleta Diac, a \u00e9t\u00e9 identifi\u00e9 dans la nuit du 12 mars. L&rsquo;autre, Emilian Popescu, mari\u00e9 et p\u00e8re de deux enfants, n&rsquo;a pas encore \u00e9t\u00e9 identifi\u00e9, selon le Pasteur Adrian Bocaneanu, pr\u00e9sident de l&rsquo;\u00e9glise en Roumanie, qui est actuellement en Espagne. On n&rsquo;a eu aucune nouvelle de Popescu depuis les attaques, alors que ses papiers ont \u00e9t\u00e9 retrouv\u00e9s sur l&rsquo;un des\u00a0lieux des attentats. <\/p>\n<p>\u00a0<\/p>\n<p>\u00ab\u00a0Hier (Sabbat), lors de deux diff\u00e9rentes transmissions en direct depuis Madrid, une \u00e9quipe du seul canal de nouvelles de Roumanie, Realitatea TV a montr\u00e9 des membres des \u00e9glises adventistes de Madrid qui ont \u00e9t\u00e9 bless\u00e9s ou \u00e9taient \u00e0 bord des trains de la mort,\u00a0\u00bb a dit Bocaneanu dans un courrier \u00e9lectronique aux dirigeants de l&rsquo;\u00e9glise. \u00ab\u00a0Ils ont aussi pr\u00e9sent\u00e9 un rapport sur le programme du Sabbat\u00a0dans l&rsquo;\u00e9glise ainsi que la r\u00e9action des membres\u00a0face \u00e0 cette crise.\u00a0\u00bb <\/p>\n<p>Le Pasteur Ulrich Frikart, pr\u00e9sident r\u00e9gional de l&rsquo;\u00c9glise, ajoute : \u00ab\u00a0les adventistes du septi\u00e8me jour dans la Division Euro-africaine ressentent de l&rsquo;indignation, du d\u00e9go\u00fbt pour l&rsquo; attaque \u00e9pouvantable de Madrid et de la sympathie pour les victimes. Nous\u00a0pr\u00e9sentons nos condol\u00e9ances aux familles et\u00a0aux parents des victimes. Nous pleurons avec les habitants de toute l&rsquo;Espagne et avec les membres d&rsquo;\u00e9glise, et prions pour ceux qui ont \u00e9t\u00e9 affect\u00e9s par cet acte absurde de terrorisme. Ces tristes \u00e9v\u00e9nements nous font penser \u00e0 notre Sauveur J\u00e9sus Christ et \u00e0 son retour prochain.\u00a0\u00bb <\/p>\n<p>Les administrateurs de l&rsquo;Eglise ont re\u00e7u des nouvelles apprenant\u00a0que sept membres ont \u00e9t\u00e9 hospitalis\u00e9s pour des blessures caus\u00e9s par les\u00a0bombardements. L&rsquo;attaque, dont la source n&rsquo;a pas encore \u00e9t\u00e9 identifi\u00e9e, est consid\u00e9r\u00e9e comme l&rsquo;une des pires dans l&rsquo;histoire moderne de l&rsquo;Europe. <\/p>\n<p>Il y a une grande communaut\u00e9 roumaine en Espagne et les attaques sont intervenues\u00a0\u00e0 une p\u00e9riode pendant laquelle l&rsquo;\u00c9glise adventiste y tient des r\u00e9unions sp\u00e9ciales en faveur des roumains, avec le Pasteur Bocaneanu. Ce dernier a dit que des pasteurs locaux et des membres ont form\u00e9 des groupes de pri\u00e8re et offrent de l&rsquo;aide aux victimes. <\/p>\n<p>Il y a 10,000 membres adventistes du septi\u00e8me jour adorant dans 80 congr\u00e9gations en Espagne. Environ 4,000 d&rsquo;entre eux se regroupent \u00e0 Madrid, tandis qu&rsquo;il y a plus de 72,000 membres d&rsquo;\u00e9glise en Roumanie.<\/p>\n","protected":false},"excerpt":{"rendered":"<p>Les membres de l&rsquo;\u00c9glise Adventiste du Septi\u00e8me jour en Espagne pleurent la perte d&rsquo;au moins deux des leurs\u00a0<\/p>\n","protected":false},"author":1,"featured_media":0,"comment_status":"closed","ping_status":"closed","sticky":false,"template":"","format":"standard","meta":{"_acf_changed":false,"footnotes":""},"categories":[9],"tags":[],"class_list":["post-12145","post","type-post","status-publish","format-standard","hentry","category-archive-fr"],"acf":[],"yoast_head":"<!-- This site is optimized with the Yoast SEO plugin v27.3 - https:\/\/yoast.com\/product\/yoast-seo-wordpress\/ -->\n<title>L&#039;Espagne : L&#039;\u00c9glise Pleure Ses Victimes Identifi\u00e9es - \u00c9glise Adventiste Du Septieme Jour - Inter Am\u00e9rique Division<\/title>\n<meta name=\"robots\" content=\"index, follow, max-snippet:-1, max-image-preview:large, max-video-preview:-1\" \/>\n<link rel=\"canonical\" href=\"https:\/\/interamerica.org\/fr\/2004\/03\/lespagne-leglise-pleure-ses-victimes-identifiees\/\" \/>\n<meta property=\"og:locale\" content=\"fr_FR\" \/>\n<meta property=\"og:type\" content=\"article\" \/>\n<meta property=\"og:title\" content=\"L&#039;Espagne : L&#039;\u00c9glise Pleure Ses Victimes Identifi\u00e9es - \u00c9glise Adventiste Du Septieme Jour - Inter Am\u00e9rique Division\" \/>\n<meta property=\"og:description\" content=\"Les membres de l&#039;\u00c9glise Adventiste du Septi\u00e8me jour en Espagne pleurent la perte d&#039;au moins deux des leurs\u00a0\" \/>\n<meta property=\"og:url\" content=\"https:\/\/interamerica.org\/fr\/2004\/03\/lespagne-leglise-pleure-ses-victimes-identifiees\/\" \/>\n<meta property=\"og:site_name\" content=\"\u00c9glise Adventiste Du Septieme Jour - Inter Am\u00e9rique Division\" \/>\n<meta property=\"article:published_time\" content=\"2004-03-15T04:00:00+00:00\" \/>\n<meta property=\"article:modified_time\" content=\"2017-06-02T17:22:20+00:00\" \/>\n<meta name=\"author\" content=\"Lorenzo Verduzco\" \/>\n<meta name=\"twitter:card\" content=\"summary_large_image\" \/>\n<meta name=\"twitter:label1\" content=\"\u00c9crit par\" \/>\n\t<meta name=\"twitter:data1\" content=\"Lorenzo Verduzco\" \/>\n\t<meta name=\"twitter:label2\" content=\"Dur\u00e9e de lecture estim\u00e9e\" \/>\n\t<meta name=\"twitter:data2\" content=\"2 minutes\" \/>\n<script type=\"application\/ld+json\" class=\"yoast-schema-graph\">{\"@context\":\"https:\\\/\\\/schema.org\",\"@graph\":[{\"@type\":\"Article\",\"@id\":\"https:\\\/\\\/interamerica.org\\\/fr\\\/2004\\\/03\\\/lespagne-leglise-pleure-ses-victimes-identifiees\\\/#article\",\"isPartOf\":{\"@id\":\"https:\\\/\\\/interamerica.org\\\/fr\\\/2004\\\/03\\\/lespagne-leglise-pleure-ses-victimes-identifiees\\\/\"},\"author\":{\"name\":\"Lorenzo Verduzco\",\"@id\":\"https:\\\/\\\/interamerica.org\\\/fr\\\/#\\\/schema\\\/person\\\/68ede8bdc292885bb76c1e3810e73c39\"},\"headline\":\"L&rsquo;Espagne : L&rsquo;\u00c9glise Pleure Ses Victimes Identifi\u00e9es\",\"datePublished\":\"2004-03-15T04:00:00+00:00\",\"dateModified\":\"2017-06-02T17:22:20+00:00\",\"mainEntityOfPage\":{\"@id\":\"https:\\\/\\\/interamerica.org\\\/fr\\\/2004\\\/03\\\/lespagne-leglise-pleure-ses-victimes-identifiees\\\/\"},\"wordCount\":460,\"articleSection\":[\"Archive\"],\"inLanguage\":\"fr-FR\"},{\"@type\":\"WebPage\",\"@id\":\"https:\\\/\\\/interamerica.org\\\/fr\\\/2004\\\/03\\\/lespagne-leglise-pleure-ses-victimes-identifiees\\\/\",\"url\":\"https:\\\/\\\/interamerica.org\\\/fr\\\/2004\\\/03\\\/lespagne-leglise-pleure-ses-victimes-identifiees\\\/\",\"name\":\"L'Espagne : L'\u00c9glise Pleure Ses Victimes Identifi\u00e9es - \u00c9glise Adventiste Du Septieme Jour - Inter Am\u00e9rique Division\",\"isPartOf\":{\"@id\":\"https:\\\/\\\/interamerica.org\\\/fr\\\/#website\"},\"datePublished\":\"2004-03-15T04:00:00+00:00\",\"dateModified\":\"2017-06-02T17:22:20+00:00\",\"author\":{\"@id\":\"https:\\\/\\\/interamerica.org\\\/fr\\\/#\\\/schema\\\/person\\\/68ede8bdc292885bb76c1e3810e73c39\"},\"breadcrumb\":{\"@id\":\"https:\\\/\\\/interamerica.org\\\/fr\\\/2004\\\/03\\\/lespagne-leglise-pleure-ses-victimes-identifiees\\\/#breadcrumb\"},\"inLanguage\":\"fr-FR\",\"potentialAction\":[{\"@type\":\"ReadAction\",\"target\":[\"https:\\\/\\\/interamerica.org\\\/fr\\\/2004\\\/03\\\/lespagne-leglise-pleure-ses-victimes-identifiees\\\/\"]}]},{\"@type\":\"BreadcrumbList\",\"@id\":\"https:\\\/\\\/interamerica.org\\\/fr\\\/2004\\\/03\\\/lespagne-leglise-pleure-ses-victimes-identifiees\\\/#breadcrumb\",\"itemListElement\":[{\"@type\":\"ListItem\",\"position\":1,\"name\":\"Home\",\"item\":\"https:\\\/\\\/interamerica.org\\\/fr\\\/\"},{\"@type\":\"ListItem\",\"position\":2,\"name\":\"L&rsquo;Espagne : L&rsquo;\u00c9glise Pleure Ses Victimes Identifi\u00e9es\"}]},{\"@type\":\"WebSite\",\"@id\":\"https:\\\/\\\/interamerica.org\\\/fr\\\/#website\",\"url\":\"https:\\\/\\\/interamerica.org\\\/fr\\\/\",\"name\":\"\u00c9glise Adventiste Du Septieme Jour - Inter Am\u00e9rique Division\",\"description\":\"\",\"potentialAction\":[{\"@type\":\"SearchAction\",\"target\":{\"@type\":\"EntryPoint\",\"urlTemplate\":\"https:\\\/\\\/interamerica.org\\\/fr\\\/?s={search_term_string}\"},\"query-input\":{\"@type\":\"PropertyValueSpecification\",\"valueRequired\":true,\"valueName\":\"search_term_string\"}}],\"inLanguage\":\"fr-FR\"},{\"@type\":\"Person\",\"@id\":\"https:\\\/\\\/interamerica.org\\\/fr\\\/#\\\/schema\\\/person\\\/68ede8bdc292885bb76c1e3810e73c39\",\"name\":\"Lorenzo Verduzco\",\"image\":{\"@type\":\"ImageObject\",\"inLanguage\":\"fr-FR\",\"@id\":\"https:\\\/\\\/secure.gravatar.com\\\/avatar\\\/fb81a55b6218459490a9c1dc841a34909185b81904c5337b4b27f7a6fd60c49e?s=96&d=mm&r=g\",\"url\":\"https:\\\/\\\/secure.gravatar.com\\\/avatar\\\/fb81a55b6218459490a9c1dc841a34909185b81904c5337b4b27f7a6fd60c49e?s=96&d=mm&r=g\",\"contentUrl\":\"https:\\\/\\\/secure.gravatar.com\\\/avatar\\\/fb81a55b6218459490a9c1dc841a34909185b81904c5337b4b27f7a6fd60c49e?s=96&d=mm&r=g\",\"caption\":\"Lorenzo Verduzco\"}}]}<\/script>\n<!-- \/ Yoast SEO plugin. -->","yoast_head_json":{"title":"L'Espagne : L'\u00c9glise Pleure Ses Victimes Identifi\u00e9es - \u00c9glise Adventiste Du Septieme Jour - Inter Am\u00e9rique Division","robots":{"index":"index","follow":"follow","max-snippet":"max-snippet:-1","max-image-preview":"max-image-preview:large","max-video-preview":"max-video-preview:-1"},"canonical":"https:\/\/interamerica.org\/fr\/2004\/03\/lespagne-leglise-pleure-ses-victimes-identifiees\/","og_locale":"fr_FR","og_type":"article","og_title":"L'Espagne : L'\u00c9glise Pleure Ses Victimes Identifi\u00e9es - \u00c9glise Adventiste Du Septieme Jour - Inter Am\u00e9rique Division","og_description":"Les membres de l'\u00c9glise Adventiste du Septi\u00e8me jour en Espagne pleurent la perte d'au moins deux des leurs\u00a0","og_url":"https:\/\/interamerica.org\/fr\/2004\/03\/lespagne-leglise-pleure-ses-victimes-identifiees\/","og_site_name":"\u00c9glise Adventiste Du Septieme Jour - Inter Am\u00e9rique Division","article_published_time":"2004-03-15T04:00:00+00:00","article_modified_time":"2017-06-02T17:22:20+00:00","author":"Lorenzo Verduzco","twitter_card":"summary_large_image","twitter_misc":{"\u00c9crit par":"Lorenzo Verduzco","Dur\u00e9e de lecture estim\u00e9e":"2 minutes"},"schema":{"@context":"https:\/\/schema.org","@graph":[{"@type":"Article","@id":"https:\/\/interamerica.org\/fr\/2004\/03\/lespagne-leglise-pleure-ses-victimes-identifiees\/#article","isPartOf":{"@id":"https:\/\/interamerica.org\/fr\/2004\/03\/lespagne-leglise-pleure-ses-victimes-identifiees\/"},"author":{"name":"Lorenzo Verduzco","@id":"https:\/\/interamerica.org\/fr\/#\/schema\/person\/68ede8bdc292885bb76c1e3810e73c39"},"headline":"L&rsquo;Espagne : L&rsquo;\u00c9glise Pleure Ses Victimes Identifi\u00e9es","datePublished":"2004-03-15T04:00:00+00:00","dateModified":"2017-06-02T17:22:20+00:00","mainEntityOfPage":{"@id":"https:\/\/interamerica.org\/fr\/2004\/03\/lespagne-leglise-pleure-ses-victimes-identifiees\/"},"wordCount":460,"articleSection":["Archive"],"inLanguage":"fr-FR"},{"@type":"WebPage","@id":"https:\/\/interamerica.org\/fr\/2004\/03\/lespagne-leglise-pleure-ses-victimes-identifiees\/","url":"https:\/\/interamerica.org\/fr\/2004\/03\/lespagne-leglise-pleure-ses-victimes-identifiees\/","name":"L'Espagne : L'\u00c9glise Pleure Ses Victimes Identifi\u00e9es - \u00c9glise Adventiste Du Septieme Jour - Inter Am\u00e9rique Division","isPartOf":{"@id":"https:\/\/interamerica.org\/fr\/#website"},"datePublished":"2004-03-15T04:00:00+00:00","dateModified":"2017-06-02T17:22:20+00:00","author":{"@id":"https:\/\/interamerica.org\/fr\/#\/schema\/person\/68ede8bdc292885bb76c1e3810e73c39"},"breadcrumb":{"@id":"https:\/\/interamerica.org\/fr\/2004\/03\/lespagne-leglise-pleure-ses-victimes-identifiees\/#breadcrumb"},"inLanguage":"fr-FR","potentialAction":[{"@type":"ReadAction","target":["https:\/\/interamerica.org\/fr\/2004\/03\/lespagne-leglise-pleure-ses-victimes-identifiees\/"]}]},{"@type":"BreadcrumbList","@id":"https:\/\/interamerica.org\/fr\/2004\/03\/lespagne-leglise-pleure-ses-victimes-identifiees\/#breadcrumb","itemListElement":[{"@type":"ListItem","position":1,"name":"Home","item":"https:\/\/interamerica.org\/fr\/"},{"@type":"ListItem","position":2,"name":"L&rsquo;Espagne : L&rsquo;\u00c9glise Pleure Ses Victimes Identifi\u00e9es"}]},{"@type":"WebSite","@id":"https:\/\/interamerica.org\/fr\/#website","url":"https:\/\/interamerica.org\/fr\/","name":"\u00c9glise Adventiste Du Septieme Jour - Inter Am\u00e9rique Division","description":"","potentialAction":[{"@type":"SearchAction","target":{"@type":"EntryPoint","urlTemplate":"https:\/\/interamerica.org\/fr\/?s={search_term_string}"},"query-input":{"@type":"PropertyValueSpecification","valueRequired":true,"valueName":"search_term_string"}}],"inLanguage":"fr-FR"},{"@type":"Person","@id":"https:\/\/interamerica.org\/fr\/#\/schema\/person\/68ede8bdc292885bb76c1e3810e73c39","name":"Lorenzo Verduzco","image":{"@type":"ImageObject","inLanguage":"fr-FR","@id":"https:\/\/secure.gravatar.com\/avatar\/fb81a55b6218459490a9c1dc841a34909185b81904c5337b4b27f7a6fd60c49e?s=96&d=mm&r=g","url":"https:\/\/secure.gravatar.com\/avatar\/fb81a55b6218459490a9c1dc841a34909185b81904c5337b4b27f7a6fd60c49e?s=96&d=mm&r=g","contentUrl":"https:\/\/secure.gravatar.com\/avatar\/fb81a55b6218459490a9c1dc841a34909185b81904c5337b4b27f7a6fd60c49e?s=96&d=mm&r=g","caption":"Lorenzo Verduzco"}}]}},"_links":{"self":[{"href":"https:\/\/interamerica.org\/fr\/wp-json\/wp\/v2\/posts\/12145","targetHints":{"allow":["GET"]}}],"collection":[{"href":"https:\/\/interamerica.org\/fr\/wp-json\/wp\/v2\/posts"}],"about":[{"href":"https:\/\/interamerica.org\/fr\/wp-json\/wp\/v2\/types\/post"}],"author":[{"embeddable":true,"href":"https:\/\/interamerica.org\/fr\/wp-json\/wp\/v2\/users\/1"}],"replies":[{"embeddable":true,"href":"https:\/\/interamerica.org\/fr\/wp-json\/wp\/v2\/comments?post=12145"}],"version-history":[{"count":0,"href":"https:\/\/interamerica.org\/fr\/wp-json\/wp\/v2\/posts\/12145\/revisions"}],"wp:attachment":[{"href":"https:\/\/interamerica.org\/fr\/wp-json\/wp\/v2\/media?parent=12145"}],"wp:term":[{"taxonomy":"category","embeddable":true,"href":"https:\/\/interamerica.org\/fr\/wp-json\/wp\/v2\/categories?post=12145"},{"taxonomy":"post_tag","embeddable":true,"href":"https:\/\/interamerica.org\/fr\/wp-json\/wp\/v2\/tags?post=12145"}],"curies":[{"name":"wp","href":"https:\/\/api.w.org\/{rel}","templated":true}]}}