{"id":12146,"date":"2004-03-16T00:00:00","date_gmt":"2004-03-16T04:00:00","guid":{"rendered":"http:\/\/192.81.217.108\/interamerica\/2004\/03\/amerique-du-nord-leglise-fait-la-lumiere-sur-les-rapports-concernant-le-suspect-des-meurtres-de-fresno\/"},"modified":"2017-06-02T13:22:19","modified_gmt":"2017-06-02T17:22:19","slug":"amerique-du-nord-leglise-fait-la-lumiere-sur-les-rapports-concernant-le-suspect-des-meurtres-de-fresno","status":"publish","type":"post","link":"https:\/\/interamerica.org\/fr\/2004\/03\/amerique-du-nord-leglise-fait-la-lumiere-sur-les-rapports-concernant-le-suspect-des-meurtres-de-fresno\/","title":{"rendered":"Am\u00e9rique du Nord : L&rsquo;\u00c9glise Fait la Lumi\u00e8re sur les Rapports Concernant le Suspect des Meurtres de Fresno"},"content":{"rendered":"<p>Fresno, Californie, Etats-Unis <\/p>\n<p>La personne arr\u00eat\u00e9e en connexion avec les meurtres tragiques de neuf membres d&rsquo;une m\u00eame famille \u00e0 Fresno, en Californie, a \u00e9t\u00e9 inexactement identifi\u00e9e comme \u00e9tant un adventiste du septi\u00e8me jour, selon les dirigeants de la d\u00e9nomination en Am\u00e9rique du Nord. <\/p>\n<p>Marcus Wesson, \u00e2g\u00e9 de 57 ans, a \u00e9t\u00e9 mis en garde \u00e0 vue polici\u00e8re depuis son arrestation vendredi et certains journaux l&rsquo;ont pr\u00e9sent\u00e9 comme \u00e9tant adventiste du septi\u00e8me jour. <\/p>\n<p>\u00ab\u00a0Ceci est incorrect,\u00a0\u00bb a dit Kermit Netteburg, assistant du pr\u00e9sident et responsable de la communication dans la r\u00e9gion Nord-Am\u00e9ricaine de l&rsquo;\u00e9glise. \u00ab\u00a0Nous n&rsquo;avons d&rsquo;enregistrement au nom de M. Wesson comme membre dans aucune de nos \u00e9glises adventistes du septi\u00e8me jour.\u00a0\u00bb <\/p>\n<p>\u00ab\u00a0Nous ressentons de la peine avec tous les r\u00e9sidents de Fresno &#8211; et avec tous ceux des Etats-Unis,\u00a0\u00bb a dit Netteburg. <\/p>\n<p>\u00a0\u00bb En ce moment de trag\u00e9die, nous demandons \u00e0 Dieu de consoler tous ceux qui ont \u00e9t\u00e9 profond\u00e9ment frapp\u00e9s par ces \u00e9v\u00e9nements insens\u00e9s.\u00a0\u00bb<\/p>\n","protected":false},"excerpt":{"rendered":"<p>La personne arr\u00eat\u00e9e en connexion avec les meurtres tragiques de neuf membres d&rsquo;une m\u00eame famille \u00e0 Fresno, en Californie, a \u00e9t\u00e9 inexactement identifi\u00e9e comme \u00e9tant un adventiste du septi\u00e8me jour, selon les dirigeants de la d\u00e9nom<\/p>\n","protected":false},"author":1,"featured_media":0,"comment_status":"closed","ping_status":"closed","sticky":false,"template":"","format":"standard","meta":{"_acf_changed":false,"footnotes":""},"categories":[9],"tags":[],"class_list":["post-12146","post","type-post","status-publish","format-standard","hentry","category-archive-fr"],"acf":[],"yoast_head":"<!-- This site is optimized with the Yoast SEO plugin v27.3 - https:\/\/yoast.com\/product\/yoast-seo-wordpress\/ -->\n<title>Am\u00e9rique du Nord : L&#039;\u00c9glise Fait la Lumi\u00e8re sur les Rapports Concernant le Suspect des Meurtres de Fresno - \u00c9glise Adventiste Du Septieme Jour - Inter Am\u00e9rique Division<\/title>\n<meta name=\"robots\" content=\"index, follow, max-snippet:-1, max-image-preview:large, max-video-preview:-1\" \/>\n<link rel=\"canonical\" href=\"https:\/\/interamerica.org\/fr\/2004\/03\/amerique-du-nord-leglise-fait-la-lumiere-sur-les-rapports-concernant-le-suspect-des-meurtres-de-fresno\/\" \/>\n<meta property=\"og:locale\" content=\"fr_FR\" \/>\n<meta property=\"og:type\" content=\"article\" \/>\n<meta property=\"og:title\" content=\"Am\u00e9rique du Nord : L&#039;\u00c9glise Fait la Lumi\u00e8re sur les Rapports Concernant le Suspect des Meurtres de Fresno - \u00c9glise Adventiste Du Septieme Jour - Inter Am\u00e9rique Division\" \/>\n<meta property=\"og:description\" content=\"La personne arr\u00eat\u00e9e en connexion avec les meurtres tragiques de neuf membres d&#039;une m\u00eame famille \u00e0 Fresno, en Californie, a \u00e9t\u00e9 inexactement identifi\u00e9e comme \u00e9tant un adventiste du septi\u00e8me jour, selon les dirigeants de la d\u00e9nom\" \/>\n<meta property=\"og:url\" content=\"https:\/\/interamerica.org\/fr\/2004\/03\/amerique-du-nord-leglise-fait-la-lumiere-sur-les-rapports-concernant-le-suspect-des-meurtres-de-fresno\/\" \/>\n<meta property=\"og:site_name\" content=\"\u00c9glise Adventiste Du Septieme Jour - Inter Am\u00e9rique Division\" \/>\n<meta property=\"article:published_time\" content=\"2004-03-16T04:00:00+00:00\" \/>\n<meta property=\"article:modified_time\" content=\"2017-06-02T17:22:19+00:00\" \/>\n<meta name=\"author\" content=\"Lorenzo Verduzco\" \/>\n<meta name=\"twitter:card\" content=\"summary_large_image\" \/>\n<meta name=\"twitter:label1\" content=\"\u00c9crit par\" \/>\n\t<meta name=\"twitter:data1\" content=\"Lorenzo Verduzco\" \/>\n\t<meta name=\"twitter:label2\" content=\"Dur\u00e9e de lecture estim\u00e9e\" \/>\n\t<meta name=\"twitter:data2\" content=\"1 minute\" \/>\n<script type=\"application\/ld+json\" class=\"yoast-schema-graph\">{\"@context\":\"https:\\\/\\\/schema.org\",\"@graph\":[{\"@type\":\"Article\",\"@id\":\"https:\\\/\\\/interamerica.org\\\/fr\\\/2004\\\/03\\\/amerique-du-nord-leglise-fait-la-lumiere-sur-les-rapports-concernant-le-suspect-des-meurtres-de-fresno\\\/#article\",\"isPartOf\":{\"@id\":\"https:\\\/\\\/interamerica.org\\\/fr\\\/2004\\\/03\\\/amerique-du-nord-leglise-fait-la-lumiere-sur-les-rapports-concernant-le-suspect-des-meurtres-de-fresno\\\/\"},\"author\":{\"name\":\"Lorenzo Verduzco\",\"@id\":\"https:\\\/\\\/interamerica.org\\\/fr\\\/#\\\/schema\\\/person\\\/68ede8bdc292885bb76c1e3810e73c39\"},\"headline\":\"Am\u00e9rique du Nord : L&rsquo;\u00c9glise Fait la Lumi\u00e8re sur les Rapports Concernant le Suspect des Meurtres de Fresno\",\"datePublished\":\"2004-03-16T04:00:00+00:00\",\"dateModified\":\"2017-06-02T17:22:19+00:00\",\"mainEntityOfPage\":{\"@id\":\"https:\\\/\\\/interamerica.org\\\/fr\\\/2004\\\/03\\\/amerique-du-nord-leglise-fait-la-lumiere-sur-les-rapports-concernant-le-suspect-des-meurtres-de-fresno\\\/\"},\"wordCount\":196,\"articleSection\":[\"Archive\"],\"inLanguage\":\"fr-FR\"},{\"@type\":\"WebPage\",\"@id\":\"https:\\\/\\\/interamerica.org\\\/fr\\\/2004\\\/03\\\/amerique-du-nord-leglise-fait-la-lumiere-sur-les-rapports-concernant-le-suspect-des-meurtres-de-fresno\\\/\",\"url\":\"https:\\\/\\\/interamerica.org\\\/fr\\\/2004\\\/03\\\/amerique-du-nord-leglise-fait-la-lumiere-sur-les-rapports-concernant-le-suspect-des-meurtres-de-fresno\\\/\",\"name\":\"Am\u00e9rique du Nord : L'\u00c9glise Fait la Lumi\u00e8re sur les Rapports Concernant le Suspect des Meurtres de Fresno - \u00c9glise Adventiste Du Septieme Jour - Inter Am\u00e9rique Division\",\"isPartOf\":{\"@id\":\"https:\\\/\\\/interamerica.org\\\/fr\\\/#website\"},\"datePublished\":\"2004-03-16T04:00:00+00:00\",\"dateModified\":\"2017-06-02T17:22:19+00:00\",\"author\":{\"@id\":\"https:\\\/\\\/interamerica.org\\\/fr\\\/#\\\/schema\\\/person\\\/68ede8bdc292885bb76c1e3810e73c39\"},\"breadcrumb\":{\"@id\":\"https:\\\/\\\/interamerica.org\\\/fr\\\/2004\\\/03\\\/amerique-du-nord-leglise-fait-la-lumiere-sur-les-rapports-concernant-le-suspect-des-meurtres-de-fresno\\\/#breadcrumb\"},\"inLanguage\":\"fr-FR\",\"potentialAction\":[{\"@type\":\"ReadAction\",\"target\":[\"https:\\\/\\\/interamerica.org\\\/fr\\\/2004\\\/03\\\/amerique-du-nord-leglise-fait-la-lumiere-sur-les-rapports-concernant-le-suspect-des-meurtres-de-fresno\\\/\"]}]},{\"@type\":\"BreadcrumbList\",\"@id\":\"https:\\\/\\\/interamerica.org\\\/fr\\\/2004\\\/03\\\/amerique-du-nord-leglise-fait-la-lumiere-sur-les-rapports-concernant-le-suspect-des-meurtres-de-fresno\\\/#breadcrumb\",\"itemListElement\":[{\"@type\":\"ListItem\",\"position\":1,\"name\":\"Home\",\"item\":\"https:\\\/\\\/interamerica.org\\\/fr\\\/\"},{\"@type\":\"ListItem\",\"position\":2,\"name\":\"Am\u00e9rique du Nord : L&rsquo;\u00c9glise Fait la Lumi\u00e8re sur les Rapports Concernant le Suspect des Meurtres de Fresno\"}]},{\"@type\":\"WebSite\",\"@id\":\"https:\\\/\\\/interamerica.org\\\/fr\\\/#website\",\"url\":\"https:\\\/\\\/interamerica.org\\\/fr\\\/\",\"name\":\"\u00c9glise Adventiste Du Septieme Jour - Inter Am\u00e9rique Division\",\"description\":\"\",\"potentialAction\":[{\"@type\":\"SearchAction\",\"target\":{\"@type\":\"EntryPoint\",\"urlTemplate\":\"https:\\\/\\\/interamerica.org\\\/fr\\\/?s={search_term_string}\"},\"query-input\":{\"@type\":\"PropertyValueSpecification\",\"valueRequired\":true,\"valueName\":\"search_term_string\"}}],\"inLanguage\":\"fr-FR\"},{\"@type\":\"Person\",\"@id\":\"https:\\\/\\\/interamerica.org\\\/fr\\\/#\\\/schema\\\/person\\\/68ede8bdc292885bb76c1e3810e73c39\",\"name\":\"Lorenzo Verduzco\",\"image\":{\"@type\":\"ImageObject\",\"inLanguage\":\"fr-FR\",\"@id\":\"https:\\\/\\\/secure.gravatar.com\\\/avatar\\\/fb81a55b6218459490a9c1dc841a34909185b81904c5337b4b27f7a6fd60c49e?s=96&d=mm&r=g\",\"url\":\"https:\\\/\\\/secure.gravatar.com\\\/avatar\\\/fb81a55b6218459490a9c1dc841a34909185b81904c5337b4b27f7a6fd60c49e?s=96&d=mm&r=g\",\"contentUrl\":\"https:\\\/\\\/secure.gravatar.com\\\/avatar\\\/fb81a55b6218459490a9c1dc841a34909185b81904c5337b4b27f7a6fd60c49e?s=96&d=mm&r=g\",\"caption\":\"Lorenzo Verduzco\"}}]}<\/script>\n<!-- \/ Yoast SEO plugin. -->","yoast_head_json":{"title":"Am\u00e9rique du Nord : L'\u00c9glise Fait la Lumi\u00e8re sur les Rapports Concernant le Suspect des Meurtres de Fresno - \u00c9glise Adventiste Du Septieme Jour - Inter Am\u00e9rique Division","robots":{"index":"index","follow":"follow","max-snippet":"max-snippet:-1","max-image-preview":"max-image-preview:large","max-video-preview":"max-video-preview:-1"},"canonical":"https:\/\/interamerica.org\/fr\/2004\/03\/amerique-du-nord-leglise-fait-la-lumiere-sur-les-rapports-concernant-le-suspect-des-meurtres-de-fresno\/","og_locale":"fr_FR","og_type":"article","og_title":"Am\u00e9rique du Nord : L'\u00c9glise Fait la Lumi\u00e8re sur les Rapports Concernant le Suspect des Meurtres de Fresno - \u00c9glise Adventiste Du Septieme Jour - Inter Am\u00e9rique Division","og_description":"La personne arr\u00eat\u00e9e en connexion avec les meurtres tragiques de neuf membres d'une m\u00eame famille \u00e0 Fresno, en Californie, a \u00e9t\u00e9 inexactement identifi\u00e9e comme \u00e9tant un adventiste du septi\u00e8me jour, selon les dirigeants de la d\u00e9nom","og_url":"https:\/\/interamerica.org\/fr\/2004\/03\/amerique-du-nord-leglise-fait-la-lumiere-sur-les-rapports-concernant-le-suspect-des-meurtres-de-fresno\/","og_site_name":"\u00c9glise Adventiste Du Septieme Jour - Inter Am\u00e9rique Division","article_published_time":"2004-03-16T04:00:00+00:00","article_modified_time":"2017-06-02T17:22:19+00:00","author":"Lorenzo Verduzco","twitter_card":"summary_large_image","twitter_misc":{"\u00c9crit par":"Lorenzo Verduzco","Dur\u00e9e de lecture estim\u00e9e":"1 minute"},"schema":{"@context":"https:\/\/schema.org","@graph":[{"@type":"Article","@id":"https:\/\/interamerica.org\/fr\/2004\/03\/amerique-du-nord-leglise-fait-la-lumiere-sur-les-rapports-concernant-le-suspect-des-meurtres-de-fresno\/#article","isPartOf":{"@id":"https:\/\/interamerica.org\/fr\/2004\/03\/amerique-du-nord-leglise-fait-la-lumiere-sur-les-rapports-concernant-le-suspect-des-meurtres-de-fresno\/"},"author":{"name":"Lorenzo Verduzco","@id":"https:\/\/interamerica.org\/fr\/#\/schema\/person\/68ede8bdc292885bb76c1e3810e73c39"},"headline":"Am\u00e9rique du Nord : L&rsquo;\u00c9glise Fait la Lumi\u00e8re sur les Rapports Concernant le Suspect des Meurtres de Fresno","datePublished":"2004-03-16T04:00:00+00:00","dateModified":"2017-06-02T17:22:19+00:00","mainEntityOfPage":{"@id":"https:\/\/interamerica.org\/fr\/2004\/03\/amerique-du-nord-leglise-fait-la-lumiere-sur-les-rapports-concernant-le-suspect-des-meurtres-de-fresno\/"},"wordCount":196,"articleSection":["Archive"],"inLanguage":"fr-FR"},{"@type":"WebPage","@id":"https:\/\/interamerica.org\/fr\/2004\/03\/amerique-du-nord-leglise-fait-la-lumiere-sur-les-rapports-concernant-le-suspect-des-meurtres-de-fresno\/","url":"https:\/\/interamerica.org\/fr\/2004\/03\/amerique-du-nord-leglise-fait-la-lumiere-sur-les-rapports-concernant-le-suspect-des-meurtres-de-fresno\/","name":"Am\u00e9rique du Nord : L'\u00c9glise Fait la Lumi\u00e8re sur les Rapports Concernant le Suspect des Meurtres de Fresno - \u00c9glise Adventiste Du Septieme Jour - Inter Am\u00e9rique Division","isPartOf":{"@id":"https:\/\/interamerica.org\/fr\/#website"},"datePublished":"2004-03-16T04:00:00+00:00","dateModified":"2017-06-02T17:22:19+00:00","author":{"@id":"https:\/\/interamerica.org\/fr\/#\/schema\/person\/68ede8bdc292885bb76c1e3810e73c39"},"breadcrumb":{"@id":"https:\/\/interamerica.org\/fr\/2004\/03\/amerique-du-nord-leglise-fait-la-lumiere-sur-les-rapports-concernant-le-suspect-des-meurtres-de-fresno\/#breadcrumb"},"inLanguage":"fr-FR","potentialAction":[{"@type":"ReadAction","target":["https:\/\/interamerica.org\/fr\/2004\/03\/amerique-du-nord-leglise-fait-la-lumiere-sur-les-rapports-concernant-le-suspect-des-meurtres-de-fresno\/"]}]},{"@type":"BreadcrumbList","@id":"https:\/\/interamerica.org\/fr\/2004\/03\/amerique-du-nord-leglise-fait-la-lumiere-sur-les-rapports-concernant-le-suspect-des-meurtres-de-fresno\/#breadcrumb","itemListElement":[{"@type":"ListItem","position":1,"name":"Home","item":"https:\/\/interamerica.org\/fr\/"},{"@type":"ListItem","position":2,"name":"Am\u00e9rique du Nord : L&rsquo;\u00c9glise Fait la Lumi\u00e8re sur les Rapports Concernant le Suspect des Meurtres de Fresno"}]},{"@type":"WebSite","@id":"https:\/\/interamerica.org\/fr\/#website","url":"https:\/\/interamerica.org\/fr\/","name":"\u00c9glise Adventiste Du Septieme Jour - Inter Am\u00e9rique Division","description":"","potentialAction":[{"@type":"SearchAction","target":{"@type":"EntryPoint","urlTemplate":"https:\/\/interamerica.org\/fr\/?s={search_term_string}"},"query-input":{"@type":"PropertyValueSpecification","valueRequired":true,"valueName":"search_term_string"}}],"inLanguage":"fr-FR"},{"@type":"Person","@id":"https:\/\/interamerica.org\/fr\/#\/schema\/person\/68ede8bdc292885bb76c1e3810e73c39","name":"Lorenzo Verduzco","image":{"@type":"ImageObject","inLanguage":"fr-FR","@id":"https:\/\/secure.gravatar.com\/avatar\/fb81a55b6218459490a9c1dc841a34909185b81904c5337b4b27f7a6fd60c49e?s=96&d=mm&r=g","url":"https:\/\/secure.gravatar.com\/avatar\/fb81a55b6218459490a9c1dc841a34909185b81904c5337b4b27f7a6fd60c49e?s=96&d=mm&r=g","contentUrl":"https:\/\/secure.gravatar.com\/avatar\/fb81a55b6218459490a9c1dc841a34909185b81904c5337b4b27f7a6fd60c49e?s=96&d=mm&r=g","caption":"Lorenzo Verduzco"}}]}},"_links":{"self":[{"href":"https:\/\/interamerica.org\/fr\/wp-json\/wp\/v2\/posts\/12146","targetHints":{"allow":["GET"]}}],"collection":[{"href":"https:\/\/interamerica.org\/fr\/wp-json\/wp\/v2\/posts"}],"about":[{"href":"https:\/\/interamerica.org\/fr\/wp-json\/wp\/v2\/types\/post"}],"author":[{"embeddable":true,"href":"https:\/\/interamerica.org\/fr\/wp-json\/wp\/v2\/users\/1"}],"replies":[{"embeddable":true,"href":"https:\/\/interamerica.org\/fr\/wp-json\/wp\/v2\/comments?post=12146"}],"version-history":[{"count":0,"href":"https:\/\/interamerica.org\/fr\/wp-json\/wp\/v2\/posts\/12146\/revisions"}],"wp:attachment":[{"href":"https:\/\/interamerica.org\/fr\/wp-json\/wp\/v2\/media?parent=12146"}],"wp:term":[{"taxonomy":"category","embeddable":true,"href":"https:\/\/interamerica.org\/fr\/wp-json\/wp\/v2\/categories?post=12146"},{"taxonomy":"post_tag","embeddable":true,"href":"https:\/\/interamerica.org\/fr\/wp-json\/wp\/v2\/tags?post=12146"}],"curies":[{"name":"wp","href":"https:\/\/api.w.org\/{rel}","templated":true}]}}