{"id":12150,"date":"2004-03-22T00:00:00","date_gmt":"2004-03-22T04:00:00","guid":{"rendered":"http:\/\/192.81.217.108\/interamerica\/2004\/03\/le-president-de-la-division-interamericaine-visite-lunion-des-antilles-et-guyane-francaises\/"},"modified":"2017-06-02T13:22:18","modified_gmt":"2017-06-02T17:22:18","slug":"le-president-de-la-division-interamericaine-visite-lunion-des-antilles-et-guyane-francaises","status":"publish","type":"post","link":"https:\/\/interamerica.org\/fr\/2004\/03\/le-president-de-la-division-interamericaine-visite-lunion-des-antilles-et-guyane-francaises\/","title":{"rendered":"Le pr\u00e9sident de la Division Interam\u00e9ricaine Visite l&rsquo;Union des Antilles et Guyane Fran\u00e7aises"},"content":{"rendered":"<p>Cayenne, Guyane Fran\u00e7aise<\/p>\n<p>Entre le 15 et le 19 mars, le pr\u00e9sident de la Division, pasteur Isra\u00ebl Le\u00efto et l&rsquo;un des vice-pr\u00e9sidents \u00c9lie Henry ont visit\u00e9 les trois champs de l&rsquo;Union des Antilles et Guyane Fran\u00e7aises &#8211; La Guyane Fran\u00e7aise, la Guadeloupe et la Martinique -, en tour \u00e9clair.<\/p>\n<p>Des r\u00e9unions y ont \u00e9t\u00e9 tenues avec des anciens d&rsquo;\u00e9glises, des pasteurs et des la\u00efcs.<\/p>\n<p>La Guyane Fran\u00e7aise est le plus petit champ dans l&rsquo;Union des Antilles et Guyane Fran\u00e7aises. R\u00e9cemment ils ont d\u00e9pass\u00e9 l&rsquo;effectif de 2,000 membres. <\/p>\n<p>Nombreux sont les besoins dans cette Mission ; la grande pr\u00e9occupation \u00e9tant : comment atteindre les gens difficiles \u00e0 aborder. Un programme d&rsquo;\u00e9vang\u00e9lisation tr\u00e8s opini\u00e2tre est en place, ainsi qu&rsquo;un plan d\u00e9fini pour l&rsquo;expansion d&rsquo;\u00e9glise. <\/p>\n<p>Les \u00e9glises se construisent et cette tr\u00e8s petite mission a un besoin de plus d&rsquo;ouvriers.<\/p>\n<p>La Guyane Fran\u00e7aise a \u00e9t\u00e9 employ\u00e9e dans le pass\u00e9 comme une colonie p\u00e9nale et aujourd&rsquo;hui, elle est une section de l&rsquo;Union o\u00f9, \u00ab\u00a0\u00e0 moins que vous ne devez vraiment y aller, vous n&rsquo;y allez pas\u00a0\u00bb. <\/p>\n<p>Les membres et les ouvriers de cette Mission sont loyaux et fid\u00e8les \u00e0 l&rsquo;Eglise et sont encourag\u00e9s de savoir que la direction de l&rsquo;\u00e9glise s&rsquo;int\u00e9resse \u00e0 eux et se soucie de leur bien-\u00eatre spirituel et g\u00e9n\u00e9ral.<\/p>\n","protected":false},"excerpt":{"rendered":"<p>Entre le 15 et le 19 mars, le pr\u00e9sident de la Division, pasteur Isra\u00ebl Le\u00efto et l&rsquo;un des vice-pr\u00e9sidents \u00c9lie Henry ont visit\u00e9 les trois champs de l&rsquo;Union des Antilles et Guyane Fran\u00e7aises, en un tour \u00e9clair.\u00a0<\/p>\n","protected":false},"author":1,"featured_media":0,"comment_status":"closed","ping_status":"closed","sticky":false,"template":"","format":"standard","meta":{"_acf_changed":false,"footnotes":""},"categories":[9],"tags":[],"class_list":["post-12150","post","type-post","status-publish","format-standard","hentry","category-archive-fr"],"acf":[],"yoast_head":"<!-- This site is optimized with the Yoast SEO plugin v27.3 - https:\/\/yoast.com\/product\/yoast-seo-wordpress\/ -->\n<title>Le pr\u00e9sident de la Division Interam\u00e9ricaine Visite l&#039;Union des Antilles et Guyane Fran\u00e7aises - \u00c9glise Adventiste Du Septieme Jour - Inter Am\u00e9rique Division<\/title>\n<meta name=\"robots\" content=\"index, follow, max-snippet:-1, max-image-preview:large, max-video-preview:-1\" \/>\n<link rel=\"canonical\" href=\"https:\/\/interamerica.org\/fr\/2004\/03\/le-president-de-la-division-interamericaine-visite-lunion-des-antilles-et-guyane-francaises\/\" \/>\n<meta property=\"og:locale\" content=\"fr_FR\" \/>\n<meta property=\"og:type\" content=\"article\" \/>\n<meta property=\"og:title\" content=\"Le pr\u00e9sident de la Division Interam\u00e9ricaine Visite l&#039;Union des Antilles et Guyane Fran\u00e7aises - \u00c9glise Adventiste Du Septieme Jour - Inter Am\u00e9rique Division\" \/>\n<meta property=\"og:description\" content=\"Entre le 15 et le 19 mars, le pr\u00e9sident de la Division, pasteur Isra\u00ebl Le\u00efto et l&#039;un des vice-pr\u00e9sidents \u00c9lie Henry ont visit\u00e9 les trois champs de l&#039;Union des Antilles et Guyane Fran\u00e7aises, en un tour \u00e9clair.\u00a0\" \/>\n<meta property=\"og:url\" content=\"https:\/\/interamerica.org\/fr\/2004\/03\/le-president-de-la-division-interamericaine-visite-lunion-des-antilles-et-guyane-francaises\/\" \/>\n<meta property=\"og:site_name\" content=\"\u00c9glise Adventiste Du Septieme Jour - Inter Am\u00e9rique Division\" \/>\n<meta property=\"article:published_time\" content=\"2004-03-22T04:00:00+00:00\" \/>\n<meta property=\"article:modified_time\" content=\"2017-06-02T17:22:18+00:00\" \/>\n<meta name=\"author\" content=\"Lorenzo Verduzco\" \/>\n<meta name=\"twitter:card\" content=\"summary_large_image\" \/>\n<meta name=\"twitter:label1\" content=\"\u00c9crit par\" \/>\n\t<meta name=\"twitter:data1\" content=\"Lorenzo Verduzco\" \/>\n\t<meta name=\"twitter:label2\" content=\"Dur\u00e9e de lecture estim\u00e9e\" \/>\n\t<meta name=\"twitter:data2\" content=\"1 minute\" \/>\n<script type=\"application\/ld+json\" class=\"yoast-schema-graph\">{\"@context\":\"https:\\\/\\\/schema.org\",\"@graph\":[{\"@type\":\"Article\",\"@id\":\"https:\\\/\\\/interamerica.org\\\/fr\\\/2004\\\/03\\\/le-president-de-la-division-interamericaine-visite-lunion-des-antilles-et-guyane-francaises\\\/#article\",\"isPartOf\":{\"@id\":\"https:\\\/\\\/interamerica.org\\\/fr\\\/2004\\\/03\\\/le-president-de-la-division-interamericaine-visite-lunion-des-antilles-et-guyane-francaises\\\/\"},\"author\":{\"name\":\"Lorenzo Verduzco\",\"@id\":\"https:\\\/\\\/interamerica.org\\\/fr\\\/#\\\/schema\\\/person\\\/68ede8bdc292885bb76c1e3810e73c39\"},\"headline\":\"Le pr\u00e9sident de la Division Interam\u00e9ricaine Visite l&rsquo;Union des Antilles et Guyane Fran\u00e7aises\",\"datePublished\":\"2004-03-22T04:00:00+00:00\",\"dateModified\":\"2017-06-02T17:22:18+00:00\",\"mainEntityOfPage\":{\"@id\":\"https:\\\/\\\/interamerica.org\\\/fr\\\/2004\\\/03\\\/le-president-de-la-division-interamericaine-visite-lunion-des-antilles-et-guyane-francaises\\\/\"},\"wordCount\":259,\"articleSection\":[\"Archive\"],\"inLanguage\":\"fr-FR\"},{\"@type\":\"WebPage\",\"@id\":\"https:\\\/\\\/interamerica.org\\\/fr\\\/2004\\\/03\\\/le-president-de-la-division-interamericaine-visite-lunion-des-antilles-et-guyane-francaises\\\/\",\"url\":\"https:\\\/\\\/interamerica.org\\\/fr\\\/2004\\\/03\\\/le-president-de-la-division-interamericaine-visite-lunion-des-antilles-et-guyane-francaises\\\/\",\"name\":\"Le pr\u00e9sident de la Division Interam\u00e9ricaine Visite l'Union des Antilles et Guyane Fran\u00e7aises - \u00c9glise Adventiste Du Septieme Jour - Inter Am\u00e9rique Division\",\"isPartOf\":{\"@id\":\"https:\\\/\\\/interamerica.org\\\/fr\\\/#website\"},\"datePublished\":\"2004-03-22T04:00:00+00:00\",\"dateModified\":\"2017-06-02T17:22:18+00:00\",\"author\":{\"@id\":\"https:\\\/\\\/interamerica.org\\\/fr\\\/#\\\/schema\\\/person\\\/68ede8bdc292885bb76c1e3810e73c39\"},\"breadcrumb\":{\"@id\":\"https:\\\/\\\/interamerica.org\\\/fr\\\/2004\\\/03\\\/le-president-de-la-division-interamericaine-visite-lunion-des-antilles-et-guyane-francaises\\\/#breadcrumb\"},\"inLanguage\":\"fr-FR\",\"potentialAction\":[{\"@type\":\"ReadAction\",\"target\":[\"https:\\\/\\\/interamerica.org\\\/fr\\\/2004\\\/03\\\/le-president-de-la-division-interamericaine-visite-lunion-des-antilles-et-guyane-francaises\\\/\"]}]},{\"@type\":\"BreadcrumbList\",\"@id\":\"https:\\\/\\\/interamerica.org\\\/fr\\\/2004\\\/03\\\/le-president-de-la-division-interamericaine-visite-lunion-des-antilles-et-guyane-francaises\\\/#breadcrumb\",\"itemListElement\":[{\"@type\":\"ListItem\",\"position\":1,\"name\":\"Home\",\"item\":\"https:\\\/\\\/interamerica.org\\\/fr\\\/\"},{\"@type\":\"ListItem\",\"position\":2,\"name\":\"Le pr\u00e9sident de la Division Interam\u00e9ricaine Visite l&rsquo;Union des Antilles et Guyane Fran\u00e7aises\"}]},{\"@type\":\"WebSite\",\"@id\":\"https:\\\/\\\/interamerica.org\\\/fr\\\/#website\",\"url\":\"https:\\\/\\\/interamerica.org\\\/fr\\\/\",\"name\":\"\u00c9glise Adventiste Du Septieme Jour - Inter Am\u00e9rique Division\",\"description\":\"\",\"potentialAction\":[{\"@type\":\"SearchAction\",\"target\":{\"@type\":\"EntryPoint\",\"urlTemplate\":\"https:\\\/\\\/interamerica.org\\\/fr\\\/?s={search_term_string}\"},\"query-input\":{\"@type\":\"PropertyValueSpecification\",\"valueRequired\":true,\"valueName\":\"search_term_string\"}}],\"inLanguage\":\"fr-FR\"},{\"@type\":\"Person\",\"@id\":\"https:\\\/\\\/interamerica.org\\\/fr\\\/#\\\/schema\\\/person\\\/68ede8bdc292885bb76c1e3810e73c39\",\"name\":\"Lorenzo Verduzco\",\"image\":{\"@type\":\"ImageObject\",\"inLanguage\":\"fr-FR\",\"@id\":\"https:\\\/\\\/secure.gravatar.com\\\/avatar\\\/fb81a55b6218459490a9c1dc841a34909185b81904c5337b4b27f7a6fd60c49e?s=96&d=mm&r=g\",\"url\":\"https:\\\/\\\/secure.gravatar.com\\\/avatar\\\/fb81a55b6218459490a9c1dc841a34909185b81904c5337b4b27f7a6fd60c49e?s=96&d=mm&r=g\",\"contentUrl\":\"https:\\\/\\\/secure.gravatar.com\\\/avatar\\\/fb81a55b6218459490a9c1dc841a34909185b81904c5337b4b27f7a6fd60c49e?s=96&d=mm&r=g\",\"caption\":\"Lorenzo Verduzco\"}}]}<\/script>\n<!-- \/ Yoast SEO plugin. -->","yoast_head_json":{"title":"Le pr\u00e9sident de la Division Interam\u00e9ricaine Visite l'Union des Antilles et Guyane Fran\u00e7aises - \u00c9glise Adventiste Du Septieme Jour - Inter Am\u00e9rique Division","robots":{"index":"index","follow":"follow","max-snippet":"max-snippet:-1","max-image-preview":"max-image-preview:large","max-video-preview":"max-video-preview:-1"},"canonical":"https:\/\/interamerica.org\/fr\/2004\/03\/le-president-de-la-division-interamericaine-visite-lunion-des-antilles-et-guyane-francaises\/","og_locale":"fr_FR","og_type":"article","og_title":"Le pr\u00e9sident de la Division Interam\u00e9ricaine Visite l'Union des Antilles et Guyane Fran\u00e7aises - \u00c9glise Adventiste Du Septieme Jour - Inter Am\u00e9rique Division","og_description":"Entre le 15 et le 19 mars, le pr\u00e9sident de la Division, pasteur Isra\u00ebl Le\u00efto et l'un des vice-pr\u00e9sidents \u00c9lie Henry ont visit\u00e9 les trois champs de l'Union des Antilles et Guyane Fran\u00e7aises, en un tour \u00e9clair.\u00a0","og_url":"https:\/\/interamerica.org\/fr\/2004\/03\/le-president-de-la-division-interamericaine-visite-lunion-des-antilles-et-guyane-francaises\/","og_site_name":"\u00c9glise Adventiste Du Septieme Jour - Inter Am\u00e9rique Division","article_published_time":"2004-03-22T04:00:00+00:00","article_modified_time":"2017-06-02T17:22:18+00:00","author":"Lorenzo Verduzco","twitter_card":"summary_large_image","twitter_misc":{"\u00c9crit par":"Lorenzo Verduzco","Dur\u00e9e de lecture estim\u00e9e":"1 minute"},"schema":{"@context":"https:\/\/schema.org","@graph":[{"@type":"Article","@id":"https:\/\/interamerica.org\/fr\/2004\/03\/le-president-de-la-division-interamericaine-visite-lunion-des-antilles-et-guyane-francaises\/#article","isPartOf":{"@id":"https:\/\/interamerica.org\/fr\/2004\/03\/le-president-de-la-division-interamericaine-visite-lunion-des-antilles-et-guyane-francaises\/"},"author":{"name":"Lorenzo Verduzco","@id":"https:\/\/interamerica.org\/fr\/#\/schema\/person\/68ede8bdc292885bb76c1e3810e73c39"},"headline":"Le pr\u00e9sident de la Division Interam\u00e9ricaine Visite l&rsquo;Union des Antilles et Guyane Fran\u00e7aises","datePublished":"2004-03-22T04:00:00+00:00","dateModified":"2017-06-02T17:22:18+00:00","mainEntityOfPage":{"@id":"https:\/\/interamerica.org\/fr\/2004\/03\/le-president-de-la-division-interamericaine-visite-lunion-des-antilles-et-guyane-francaises\/"},"wordCount":259,"articleSection":["Archive"],"inLanguage":"fr-FR"},{"@type":"WebPage","@id":"https:\/\/interamerica.org\/fr\/2004\/03\/le-president-de-la-division-interamericaine-visite-lunion-des-antilles-et-guyane-francaises\/","url":"https:\/\/interamerica.org\/fr\/2004\/03\/le-president-de-la-division-interamericaine-visite-lunion-des-antilles-et-guyane-francaises\/","name":"Le pr\u00e9sident de la Division Interam\u00e9ricaine Visite l'Union des Antilles et Guyane Fran\u00e7aises - \u00c9glise Adventiste Du Septieme Jour - Inter Am\u00e9rique Division","isPartOf":{"@id":"https:\/\/interamerica.org\/fr\/#website"},"datePublished":"2004-03-22T04:00:00+00:00","dateModified":"2017-06-02T17:22:18+00:00","author":{"@id":"https:\/\/interamerica.org\/fr\/#\/schema\/person\/68ede8bdc292885bb76c1e3810e73c39"},"breadcrumb":{"@id":"https:\/\/interamerica.org\/fr\/2004\/03\/le-president-de-la-division-interamericaine-visite-lunion-des-antilles-et-guyane-francaises\/#breadcrumb"},"inLanguage":"fr-FR","potentialAction":[{"@type":"ReadAction","target":["https:\/\/interamerica.org\/fr\/2004\/03\/le-president-de-la-division-interamericaine-visite-lunion-des-antilles-et-guyane-francaises\/"]}]},{"@type":"BreadcrumbList","@id":"https:\/\/interamerica.org\/fr\/2004\/03\/le-president-de-la-division-interamericaine-visite-lunion-des-antilles-et-guyane-francaises\/#breadcrumb","itemListElement":[{"@type":"ListItem","position":1,"name":"Home","item":"https:\/\/interamerica.org\/fr\/"},{"@type":"ListItem","position":2,"name":"Le pr\u00e9sident de la Division Interam\u00e9ricaine Visite l&rsquo;Union des Antilles et Guyane Fran\u00e7aises"}]},{"@type":"WebSite","@id":"https:\/\/interamerica.org\/fr\/#website","url":"https:\/\/interamerica.org\/fr\/","name":"\u00c9glise Adventiste Du Septieme Jour - Inter Am\u00e9rique Division","description":"","potentialAction":[{"@type":"SearchAction","target":{"@type":"EntryPoint","urlTemplate":"https:\/\/interamerica.org\/fr\/?s={search_term_string}"},"query-input":{"@type":"PropertyValueSpecification","valueRequired":true,"valueName":"search_term_string"}}],"inLanguage":"fr-FR"},{"@type":"Person","@id":"https:\/\/interamerica.org\/fr\/#\/schema\/person\/68ede8bdc292885bb76c1e3810e73c39","name":"Lorenzo Verduzco","image":{"@type":"ImageObject","inLanguage":"fr-FR","@id":"https:\/\/secure.gravatar.com\/avatar\/fb81a55b6218459490a9c1dc841a34909185b81904c5337b4b27f7a6fd60c49e?s=96&d=mm&r=g","url":"https:\/\/secure.gravatar.com\/avatar\/fb81a55b6218459490a9c1dc841a34909185b81904c5337b4b27f7a6fd60c49e?s=96&d=mm&r=g","contentUrl":"https:\/\/secure.gravatar.com\/avatar\/fb81a55b6218459490a9c1dc841a34909185b81904c5337b4b27f7a6fd60c49e?s=96&d=mm&r=g","caption":"Lorenzo Verduzco"}}]}},"_links":{"self":[{"href":"https:\/\/interamerica.org\/fr\/wp-json\/wp\/v2\/posts\/12150","targetHints":{"allow":["GET"]}}],"collection":[{"href":"https:\/\/interamerica.org\/fr\/wp-json\/wp\/v2\/posts"}],"about":[{"href":"https:\/\/interamerica.org\/fr\/wp-json\/wp\/v2\/types\/post"}],"author":[{"embeddable":true,"href":"https:\/\/interamerica.org\/fr\/wp-json\/wp\/v2\/users\/1"}],"replies":[{"embeddable":true,"href":"https:\/\/interamerica.org\/fr\/wp-json\/wp\/v2\/comments?post=12150"}],"version-history":[{"count":0,"href":"https:\/\/interamerica.org\/fr\/wp-json\/wp\/v2\/posts\/12150\/revisions"}],"wp:attachment":[{"href":"https:\/\/interamerica.org\/fr\/wp-json\/wp\/v2\/media?parent=12150"}],"wp:term":[{"taxonomy":"category","embeddable":true,"href":"https:\/\/interamerica.org\/fr\/wp-json\/wp\/v2\/categories?post=12150"},{"taxonomy":"post_tag","embeddable":true,"href":"https:\/\/interamerica.org\/fr\/wp-json\/wp\/v2\/tags?post=12150"}],"curies":[{"name":"wp","href":"https:\/\/api.w.org\/{rel}","templated":true}]}}