{"id":12151,"date":"2004-03-23T00:00:00","date_gmt":"2004-03-23T04:00:00","guid":{"rendered":"http:\/\/192.81.217.108\/interamerica\/2004\/03\/honduras-un-chirurgien-adventiste-rattache-une-main\/"},"modified":"2017-06-02T13:22:15","modified_gmt":"2017-06-02T17:22:15","slug":"honduras-un-chirurgien-adventiste-rattache-une-main","status":"publish","type":"post","link":"https:\/\/interamerica.org\/fr\/2004\/03\/honduras-un-chirurgien-adventiste-rattache-une-main\/","title":{"rendered":"Honduras : Un Chirurgien Adventiste Rattache Une Main"},"content":{"rendered":"<p>Tegucigalpa, Honduras.<\/p>\n<p>Un chirurgien adventiste du septi\u00e8me jour a rattach\u00e9 la main d&rsquo;un homme qui avait \u00e9t\u00e9 assailli lors d&rsquo;une tentative de vol dans la capitale Tegucigalpa le 28 f\u00e9vrier.<\/p>\n<p>Angel Geovanny Huete, 42, un employ\u00e9 du Minist\u00e8re des Finances du gouvernement du Honduras, voyageait avec sa femme en direction de San Lorenzo, \u00e0 deux heures de distance de Tegucigalpa, quand il a \u00e9t\u00e9 assailli par un homme qui a coup\u00e9 la main gauche d&rsquo;Huete avec une machette. Quand l&rsquo;attaque prit fin, la femme d&rsquo;Huete prit la main coup\u00e9e et se pr\u00e9cipita avec son mari en direction de l&rsquo;h\u00f4pital, dans le secteur. Le docteur en orthop\u00e9die de cet h\u00f4pital gla\u00e7a la main et prit des dispositions pour le transport imm\u00e9diat \u00e0 l&rsquo; Instituto Hondureno de Seguridad, \u00a0l&rsquo;H\u00f4pital Social de Tegucigalpa.<\/p>\n<p>Retard\u00e9 par le trafic, Huete et sa femme arriv\u00e8rent finalement \u00e0 l&rsquo;h\u00f4pital cinq heures apr\u00e8s l&rsquo;attaque. Le personnel de l&rsquo;h\u00f4pital a imm\u00e9diatement alert\u00e9 le sp\u00e9cialiste de chirurgie esth\u00e9tique Ha\u00eftien, docteur Emec Cherenfant, qui n&rsquo;\u00e9tait pas de service pendant le week-end. <\/p>\n<p>Pour ex\u00e9cuter la d\u00e9licate proc\u00e9dure de rattachement, docteur Cherenfant avait \u00a0besoin d&rsquo;un microscope \u00a0chirurgical sp\u00e9cial qui avait \u00e9t\u00e9 offert par ADRA &#8211; Honduras. L&rsquo;\u00e9quipement venait d&rsquo;arriver trois jours plus t\u00f4t, mais \u00e9tait toujours dans son emballage et enferm\u00e9 dans les locaux du d\u00e9partement d&rsquo;entretien de l&rsquo;institut. Puisque c&rsquo;\u00e9tait un samedi, il \u00e9tait pratiquement impossible d&rsquo;entrer en contact avec l&rsquo;ing\u00e9nieur, pour qu&rsquo;il ouvre la porte \u00e0 temps. Avec l&rsquo;approbation du directeur de l&rsquo;h\u00f4pital, les charni\u00e8res de la porte furent descell\u00e9es.<\/p>\n<p>\u00ab\u00a0J&rsquo;avais utilis\u00e9 ce mod\u00e8le [de microscope] auparavant ; nous r\u00e9un\u00eemes les pi\u00e8ces ensemble et commen\u00e7\u00e2mes la chirurgie \u00e0 10:00 heures du soir et fin\u00eemes \u00e0 8:00 du matin le jour suivant,\u00a0\u00bb explique Cherenfant. \u00ab\u00a0Tout s&rsquo;est bien pass\u00e9, quant \u00e0 la chirurgie. Le patient peut plier ses doigts et sera capable d&#8217;employer sa main apr\u00e8s quelques mois de th\u00e9rapie.\u00a0\u00bb<\/p>\n<p>La couverture de l&rsquo;op\u00e9ration chirurgicale a \u00e9t\u00e9 assur\u00e9e par les m\u00e9dias locaux et a suscit\u00e9 l&rsquo;int\u00e9r\u00eat des m\u00e9dias internationaux aussi. <\/p>\n<p>C&rsquo;est la troisi\u00e8me greffe de main de docteur Cherenfant pendant ses 10 ans de pratique de chirurgie esth\u00e9tique. Il est m\u00e9decin depuis 16 ans.<\/p>\n<p>Docteur Cherenfant, \u00e2g\u00e9 de 41 ans, a fait ses \u00e9tudes m\u00e9dicales au Honduras et a obtenu sa sp\u00e9cialit\u00e9 en chirurgie esth\u00e9tique \u00e0 Montpellier et Paris, France. Il est heureux d&rsquo;\u00eatre un m\u00e9decin ; et travailler dans son domaine est \u00ab\u00a0l&rsquo;expression la splendide puissance de Dieu.\u00a0\u00bb<\/p>\n<p>Dr. Cherenfant appartient \u00e0 une 4\u00e8me g\u00e9n\u00e9ration d&rsquo;adventistes du septi\u00e8me jour et est un membre de l&rsquo;\u00c9glise principale de Tegucigalpa. Il est un membre des Services la\u00efcs \u00a0et des Industries adventistes (ASI) depuis cinq ans. Il est mari\u00e9 et p\u00e8re de deux enfants.<\/p>\n","protected":false},"excerpt":{"rendered":"<p>Un chirurgien adventiste du septi\u00e8me jour a rattach\u00e9 la main d&rsquo;un homme qui avait \u00e9t\u00e9 assailli lors d&rsquo;une tentative de vol dans la capitale Tegucigalpa le 28 f\u00e9vrier.<\/p>\n","protected":false},"author":1,"featured_media":0,"comment_status":"closed","ping_status":"closed","sticky":false,"template":"","format":"standard","meta":{"_acf_changed":false,"footnotes":""},"categories":[9],"tags":[],"class_list":["post-12151","post","type-post","status-publish","format-standard","hentry","category-archive-fr"],"acf":[],"yoast_head":"<!-- This site is optimized with the Yoast SEO plugin v27.3 - https:\/\/yoast.com\/product\/yoast-seo-wordpress\/ -->\n<title>Honduras : Un Chirurgien Adventiste Rattache Une Main - \u00c9glise Adventiste Du Septieme Jour - Inter Am\u00e9rique Division<\/title>\n<meta name=\"robots\" content=\"index, follow, max-snippet:-1, max-image-preview:large, max-video-preview:-1\" \/>\n<link rel=\"canonical\" href=\"https:\/\/interamerica.org\/fr\/2004\/03\/honduras-un-chirurgien-adventiste-rattache-une-main\/\" \/>\n<meta property=\"og:locale\" content=\"fr_FR\" \/>\n<meta property=\"og:type\" content=\"article\" \/>\n<meta property=\"og:title\" content=\"Honduras : Un Chirurgien Adventiste Rattache Une Main - \u00c9glise Adventiste Du Septieme Jour - Inter Am\u00e9rique Division\" \/>\n<meta property=\"og:description\" content=\"Un chirurgien adventiste du septi\u00e8me jour a rattach\u00e9 la main d&#039;un homme qui avait \u00e9t\u00e9 assailli lors d&#039;une tentative de vol dans la capitale Tegucigalpa le 28 f\u00e9vrier.\" \/>\n<meta property=\"og:url\" content=\"https:\/\/interamerica.org\/fr\/2004\/03\/honduras-un-chirurgien-adventiste-rattache-une-main\/\" \/>\n<meta property=\"og:site_name\" content=\"\u00c9glise Adventiste Du Septieme Jour - Inter Am\u00e9rique Division\" \/>\n<meta property=\"article:published_time\" content=\"2004-03-23T04:00:00+00:00\" \/>\n<meta property=\"article:modified_time\" content=\"2017-06-02T17:22:15+00:00\" \/>\n<meta name=\"author\" content=\"Lorenzo Verduzco\" \/>\n<meta name=\"twitter:card\" content=\"summary_large_image\" \/>\n<meta name=\"twitter:label1\" content=\"\u00c9crit par\" \/>\n\t<meta name=\"twitter:data1\" content=\"Lorenzo Verduzco\" \/>\n\t<meta name=\"twitter:label2\" content=\"Dur\u00e9e de lecture estim\u00e9e\" \/>\n\t<meta name=\"twitter:data2\" content=\"2 minutes\" \/>\n<script type=\"application\/ld+json\" class=\"yoast-schema-graph\">{\"@context\":\"https:\\\/\\\/schema.org\",\"@graph\":[{\"@type\":\"Article\",\"@id\":\"https:\\\/\\\/interamerica.org\\\/fr\\\/2004\\\/03\\\/honduras-un-chirurgien-adventiste-rattache-une-main\\\/#article\",\"isPartOf\":{\"@id\":\"https:\\\/\\\/interamerica.org\\\/fr\\\/2004\\\/03\\\/honduras-un-chirurgien-adventiste-rattache-une-main\\\/\"},\"author\":{\"name\":\"Lorenzo Verduzco\",\"@id\":\"https:\\\/\\\/interamerica.org\\\/fr\\\/#\\\/schema\\\/person\\\/68ede8bdc292885bb76c1e3810e73c39\"},\"headline\":\"Honduras : Un Chirurgien Adventiste Rattache Une Main\",\"datePublished\":\"2004-03-23T04:00:00+00:00\",\"dateModified\":\"2017-06-02T17:22:15+00:00\",\"mainEntityOfPage\":{\"@id\":\"https:\\\/\\\/interamerica.org\\\/fr\\\/2004\\\/03\\\/honduras-un-chirurgien-adventiste-rattache-une-main\\\/\"},\"wordCount\":515,\"articleSection\":[\"Archive\"],\"inLanguage\":\"fr-FR\"},{\"@type\":\"WebPage\",\"@id\":\"https:\\\/\\\/interamerica.org\\\/fr\\\/2004\\\/03\\\/honduras-un-chirurgien-adventiste-rattache-une-main\\\/\",\"url\":\"https:\\\/\\\/interamerica.org\\\/fr\\\/2004\\\/03\\\/honduras-un-chirurgien-adventiste-rattache-une-main\\\/\",\"name\":\"Honduras : Un Chirurgien Adventiste Rattache Une Main - \u00c9glise Adventiste Du Septieme Jour - Inter Am\u00e9rique Division\",\"isPartOf\":{\"@id\":\"https:\\\/\\\/interamerica.org\\\/fr\\\/#website\"},\"datePublished\":\"2004-03-23T04:00:00+00:00\",\"dateModified\":\"2017-06-02T17:22:15+00:00\",\"author\":{\"@id\":\"https:\\\/\\\/interamerica.org\\\/fr\\\/#\\\/schema\\\/person\\\/68ede8bdc292885bb76c1e3810e73c39\"},\"breadcrumb\":{\"@id\":\"https:\\\/\\\/interamerica.org\\\/fr\\\/2004\\\/03\\\/honduras-un-chirurgien-adventiste-rattache-une-main\\\/#breadcrumb\"},\"inLanguage\":\"fr-FR\",\"potentialAction\":[{\"@type\":\"ReadAction\",\"target\":[\"https:\\\/\\\/interamerica.org\\\/fr\\\/2004\\\/03\\\/honduras-un-chirurgien-adventiste-rattache-une-main\\\/\"]}]},{\"@type\":\"BreadcrumbList\",\"@id\":\"https:\\\/\\\/interamerica.org\\\/fr\\\/2004\\\/03\\\/honduras-un-chirurgien-adventiste-rattache-une-main\\\/#breadcrumb\",\"itemListElement\":[{\"@type\":\"ListItem\",\"position\":1,\"name\":\"Home\",\"item\":\"https:\\\/\\\/interamerica.org\\\/fr\\\/\"},{\"@type\":\"ListItem\",\"position\":2,\"name\":\"Honduras : Un Chirurgien Adventiste Rattache Une Main\"}]},{\"@type\":\"WebSite\",\"@id\":\"https:\\\/\\\/interamerica.org\\\/fr\\\/#website\",\"url\":\"https:\\\/\\\/interamerica.org\\\/fr\\\/\",\"name\":\"\u00c9glise Adventiste Du Septieme Jour - Inter Am\u00e9rique Division\",\"description\":\"\",\"potentialAction\":[{\"@type\":\"SearchAction\",\"target\":{\"@type\":\"EntryPoint\",\"urlTemplate\":\"https:\\\/\\\/interamerica.org\\\/fr\\\/?s={search_term_string}\"},\"query-input\":{\"@type\":\"PropertyValueSpecification\",\"valueRequired\":true,\"valueName\":\"search_term_string\"}}],\"inLanguage\":\"fr-FR\"},{\"@type\":\"Person\",\"@id\":\"https:\\\/\\\/interamerica.org\\\/fr\\\/#\\\/schema\\\/person\\\/68ede8bdc292885bb76c1e3810e73c39\",\"name\":\"Lorenzo Verduzco\",\"image\":{\"@type\":\"ImageObject\",\"inLanguage\":\"fr-FR\",\"@id\":\"https:\\\/\\\/secure.gravatar.com\\\/avatar\\\/fb81a55b6218459490a9c1dc841a34909185b81904c5337b4b27f7a6fd60c49e?s=96&d=mm&r=g\",\"url\":\"https:\\\/\\\/secure.gravatar.com\\\/avatar\\\/fb81a55b6218459490a9c1dc841a34909185b81904c5337b4b27f7a6fd60c49e?s=96&d=mm&r=g\",\"contentUrl\":\"https:\\\/\\\/secure.gravatar.com\\\/avatar\\\/fb81a55b6218459490a9c1dc841a34909185b81904c5337b4b27f7a6fd60c49e?s=96&d=mm&r=g\",\"caption\":\"Lorenzo Verduzco\"}}]}<\/script>\n<!-- \/ Yoast SEO plugin. -->","yoast_head_json":{"title":"Honduras : Un Chirurgien Adventiste Rattache Une Main - \u00c9glise Adventiste Du Septieme Jour - Inter Am\u00e9rique Division","robots":{"index":"index","follow":"follow","max-snippet":"max-snippet:-1","max-image-preview":"max-image-preview:large","max-video-preview":"max-video-preview:-1"},"canonical":"https:\/\/interamerica.org\/fr\/2004\/03\/honduras-un-chirurgien-adventiste-rattache-une-main\/","og_locale":"fr_FR","og_type":"article","og_title":"Honduras : Un Chirurgien Adventiste Rattache Une Main - \u00c9glise Adventiste Du Septieme Jour - Inter Am\u00e9rique Division","og_description":"Un chirurgien adventiste du septi\u00e8me jour a rattach\u00e9 la main d'un homme qui avait \u00e9t\u00e9 assailli lors d'une tentative de vol dans la capitale Tegucigalpa le 28 f\u00e9vrier.","og_url":"https:\/\/interamerica.org\/fr\/2004\/03\/honduras-un-chirurgien-adventiste-rattache-une-main\/","og_site_name":"\u00c9glise Adventiste Du Septieme Jour - Inter Am\u00e9rique Division","article_published_time":"2004-03-23T04:00:00+00:00","article_modified_time":"2017-06-02T17:22:15+00:00","author":"Lorenzo Verduzco","twitter_card":"summary_large_image","twitter_misc":{"\u00c9crit par":"Lorenzo Verduzco","Dur\u00e9e de lecture estim\u00e9e":"2 minutes"},"schema":{"@context":"https:\/\/schema.org","@graph":[{"@type":"Article","@id":"https:\/\/interamerica.org\/fr\/2004\/03\/honduras-un-chirurgien-adventiste-rattache-une-main\/#article","isPartOf":{"@id":"https:\/\/interamerica.org\/fr\/2004\/03\/honduras-un-chirurgien-adventiste-rattache-une-main\/"},"author":{"name":"Lorenzo Verduzco","@id":"https:\/\/interamerica.org\/fr\/#\/schema\/person\/68ede8bdc292885bb76c1e3810e73c39"},"headline":"Honduras : Un Chirurgien Adventiste Rattache Une Main","datePublished":"2004-03-23T04:00:00+00:00","dateModified":"2017-06-02T17:22:15+00:00","mainEntityOfPage":{"@id":"https:\/\/interamerica.org\/fr\/2004\/03\/honduras-un-chirurgien-adventiste-rattache-une-main\/"},"wordCount":515,"articleSection":["Archive"],"inLanguage":"fr-FR"},{"@type":"WebPage","@id":"https:\/\/interamerica.org\/fr\/2004\/03\/honduras-un-chirurgien-adventiste-rattache-une-main\/","url":"https:\/\/interamerica.org\/fr\/2004\/03\/honduras-un-chirurgien-adventiste-rattache-une-main\/","name":"Honduras : Un Chirurgien Adventiste Rattache Une Main - \u00c9glise Adventiste Du Septieme Jour - Inter Am\u00e9rique Division","isPartOf":{"@id":"https:\/\/interamerica.org\/fr\/#website"},"datePublished":"2004-03-23T04:00:00+00:00","dateModified":"2017-06-02T17:22:15+00:00","author":{"@id":"https:\/\/interamerica.org\/fr\/#\/schema\/person\/68ede8bdc292885bb76c1e3810e73c39"},"breadcrumb":{"@id":"https:\/\/interamerica.org\/fr\/2004\/03\/honduras-un-chirurgien-adventiste-rattache-une-main\/#breadcrumb"},"inLanguage":"fr-FR","potentialAction":[{"@type":"ReadAction","target":["https:\/\/interamerica.org\/fr\/2004\/03\/honduras-un-chirurgien-adventiste-rattache-une-main\/"]}]},{"@type":"BreadcrumbList","@id":"https:\/\/interamerica.org\/fr\/2004\/03\/honduras-un-chirurgien-adventiste-rattache-une-main\/#breadcrumb","itemListElement":[{"@type":"ListItem","position":1,"name":"Home","item":"https:\/\/interamerica.org\/fr\/"},{"@type":"ListItem","position":2,"name":"Honduras : Un Chirurgien Adventiste Rattache Une Main"}]},{"@type":"WebSite","@id":"https:\/\/interamerica.org\/fr\/#website","url":"https:\/\/interamerica.org\/fr\/","name":"\u00c9glise Adventiste Du Septieme Jour - Inter Am\u00e9rique Division","description":"","potentialAction":[{"@type":"SearchAction","target":{"@type":"EntryPoint","urlTemplate":"https:\/\/interamerica.org\/fr\/?s={search_term_string}"},"query-input":{"@type":"PropertyValueSpecification","valueRequired":true,"valueName":"search_term_string"}}],"inLanguage":"fr-FR"},{"@type":"Person","@id":"https:\/\/interamerica.org\/fr\/#\/schema\/person\/68ede8bdc292885bb76c1e3810e73c39","name":"Lorenzo Verduzco","image":{"@type":"ImageObject","inLanguage":"fr-FR","@id":"https:\/\/secure.gravatar.com\/avatar\/fb81a55b6218459490a9c1dc841a34909185b81904c5337b4b27f7a6fd60c49e?s=96&d=mm&r=g","url":"https:\/\/secure.gravatar.com\/avatar\/fb81a55b6218459490a9c1dc841a34909185b81904c5337b4b27f7a6fd60c49e?s=96&d=mm&r=g","contentUrl":"https:\/\/secure.gravatar.com\/avatar\/fb81a55b6218459490a9c1dc841a34909185b81904c5337b4b27f7a6fd60c49e?s=96&d=mm&r=g","caption":"Lorenzo Verduzco"}}]}},"_links":{"self":[{"href":"https:\/\/interamerica.org\/fr\/wp-json\/wp\/v2\/posts\/12151","targetHints":{"allow":["GET"]}}],"collection":[{"href":"https:\/\/interamerica.org\/fr\/wp-json\/wp\/v2\/posts"}],"about":[{"href":"https:\/\/interamerica.org\/fr\/wp-json\/wp\/v2\/types\/post"}],"author":[{"embeddable":true,"href":"https:\/\/interamerica.org\/fr\/wp-json\/wp\/v2\/users\/1"}],"replies":[{"embeddable":true,"href":"https:\/\/interamerica.org\/fr\/wp-json\/wp\/v2\/comments?post=12151"}],"version-history":[{"count":0,"href":"https:\/\/interamerica.org\/fr\/wp-json\/wp\/v2\/posts\/12151\/revisions"}],"wp:attachment":[{"href":"https:\/\/interamerica.org\/fr\/wp-json\/wp\/v2\/media?parent=12151"}],"wp:term":[{"taxonomy":"category","embeddable":true,"href":"https:\/\/interamerica.org\/fr\/wp-json\/wp\/v2\/categories?post=12151"},{"taxonomy":"post_tag","embeddable":true,"href":"https:\/\/interamerica.org\/fr\/wp-json\/wp\/v2\/tags?post=12151"}],"curies":[{"name":"wp","href":"https:\/\/api.w.org\/{rel}","templated":true}]}}