{"id":12152,"date":"2004-03-23T00:00:00","date_gmt":"2004-03-23T04:00:00","guid":{"rendered":"http:\/\/192.81.217.108\/interamerica\/2004\/03\/serbie-engagement-dun-ministere-du-gouvernement\/"},"modified":"2017-06-02T13:22:16","modified_gmt":"2017-06-02T17:22:16","slug":"serbie-engagement-dun-ministere-du-gouvernement","status":"publish","type":"post","link":"https:\/\/interamerica.org\/fr\/2004\/03\/serbie-engagement-dun-ministere-du-gouvernement\/","title":{"rendered":"Serbie : Engagement d&rsquo;un Minist\u00e8re du Gouvernement"},"content":{"rendered":"<p>Belgrade, Serbie et Mont\u00e9n\u00e9gro. <\/p>\n<p>Des chr\u00e9tiens adventistes du septi\u00e8me jour en Serbie et au Mont\u00e9n\u00e9gro ont maintenant un nouvel alli\u00e9 alors que les m\u00e9dias accusent faussement l&rsquo;\u00c9glise Protestante d&rsquo;\u00eatre une \u00ab\u00a0secte\u00a0\u00bb ou un \u00ab\u00a0culte\u00a0\u00bb. Le Minist\u00e8re National pour les Droits de l&rsquo;Homme et de la Minorit\u00e9 a dit : \u00ab\u00a0Nous serons votre d\u00e9fenseur face \u00e0 de telles attaques.\u00a0\u00bb<\/p>\n<p>R\u00e9pondant \u00e0 une lettre des dirigeants adventistes exprimant leur inqui\u00e9tude par rapport \u00e0 des articles de presse r\u00e9cents et inexacts qui discr\u00e9ditaient l&rsquo;\u00e9glise, le ministre Rasim Ljajic r\u00e9pondit que son bureau \u00ab\u00a0a pr\u00e9vu une r\u00e9union avec les r\u00e9dacteurs de diff\u00e9rents m\u00e9dias de presse pour attirer leur attention sur les inexactitudes\u00a0\u00bb pr\u00e9sent\u00e9es dans leurs articles. <\/p>\n<p>Mr Ljajic a soulign\u00e9 que son minist\u00e8re \u00ab\u00a0continuera \u00e0 se battre pour les droits de toutes les communaut\u00e9s religieuses sans prendre en compte leur importance en nombre de membres ou la dur\u00e9e d&rsquo;existence sur le territoire.\u00a0\u00bb<\/p>\n<p>Les r\u00e9unions n&rsquo;ont pas encore eu lieu, a dit le Pasteur Radivoj Vladisavljevic, pr\u00e9sident de l&rsquo;\u00c9glise adventiste dans le secteur, mais d\u00e9j\u00e0 les journaux ont arr\u00eat\u00e9 d&rsquo;imprimer des articles n\u00e9gatifs, qui avaient inexactement sugg\u00e9r\u00e9 que notre \u00e9glise \u00e9tait un danger pour la soci\u00e9t\u00e9 et \u00e9tait cit\u00e9e comme faisant partie des groupes Satanistes.<\/p>\n<p>\u00ab\u00a0\u00c0 notre avis, des articles semblables qui avaient \u00e9t\u00e9 publi\u00e9s l&rsquo;ann\u00e9e derni\u00e8re avaient inspir\u00e9 des atteintes \u00e0 la libert\u00e9 sur le Pasteur Jovan Tikvicki ainsi que sur plusieurs de nos membres d&rsquo;\u00e9glise, et des attaques contre des b\u00e2timents appartenant \u00e0 notre \u00e9glise,\u00a0\u00bb a dit le Pasteur Vladisavljevic. \u00ab\u00a0Nous attendons \u00e0 ce que l&rsquo;attitude du Minist\u00e8re fasse une contribution positive \u00e0 la protection de la libert\u00e9 religieuse.\u00a0\u00bb<\/p>\n<p>Il a ajout\u00e9, \u00ab\u00a0l&rsquo;\u00c9glise adventiste du septi\u00e8me jour appr\u00e9cie l&rsquo;effort que fait le gouvernement pour nous permettre de professer notre foi. Nous croyons que cette attitude sera essentielle \u00e0 l&rsquo;am\u00e9lioration de la r\u00e9putation de notre pays dans le monde. Ces attitudes et actions positives, dont nous attendons l&rsquo;effet, cr\u00e9eront une image favorable qui am\u00e9liorera la tol\u00e9rance et la d\u00e9mocratie dans ce pays.\u00a0\u00bb<\/p>\n<p>Une telle expression d&rsquo;appui pour la libert\u00e9 religieuse est importante en Serbie et au Mont\u00e9n\u00e9gro, nation qui s&rsquo;est d\u00e9tach\u00e9e de l&rsquo;ancienne Yougoslavie. <\/p>\n<p>Le 15 avril 2003, le Pasteur adventiste Tikvicki a \u00e9t\u00e9 s\u00e9rieusement battu par trois assaillants devant son \u00e9glise dans la ville de Zrenjanin, \u00e0 40 milles (65 km) au nord-est de la capitale Serbe, Belgrade.<\/p>\n<p>Avant cette attaque, 10 \u00e9glises adventistes avaient \u00e9t\u00e9 vis\u00e9es par ce qui a \u00e9t\u00e9 consid\u00e9r\u00e9 comme \u00ab\u00a0une campagne orchestr\u00e9e contre une minorit\u00e9 religieuse\u00a0\u00bb dans un pays principalement Orthodoxe, ont d\u00e9clar\u00e9 les dirigeants d&rsquo;\u00c9glises. (Voir ANN, \u00e0 la date du 29 avril 2003 pour les d\u00e9tails.)<\/p>\n<p>Environ 8,300 Chr\u00e9tiens adventistes du septi\u00e8me jour adorent dans 209 lieux de culte dans la r\u00e9gion.<\/p>\n","protected":false},"excerpt":{"rendered":"<p>Des chr\u00e9tiens adventistes du septi\u00e8me jour en Serbie et au Mont\u00e9n\u00e9gro ont maintenant un nouvel alli\u00e9 alors que les m\u00e9dias accusaient faussement l&rsquo;\u00c9glise Protestante d&rsquo;\u00eatre une \u00ab\u00a0secte\u00a0\u00bb ou un \u00ab\u00a0culte\u00a0\u00bb.<\/p>\n","protected":false},"author":1,"featured_media":0,"comment_status":"closed","ping_status":"closed","sticky":false,"template":"","format":"standard","meta":{"_acf_changed":false,"footnotes":""},"categories":[9],"tags":[],"class_list":["post-12152","post","type-post","status-publish","format-standard","hentry","category-archive-fr"],"acf":[],"yoast_head":"<!-- This site is optimized with the Yoast SEO plugin v27.3 - https:\/\/yoast.com\/product\/yoast-seo-wordpress\/ -->\n<title>Serbie : Engagement d&#039;un Minist\u00e8re du Gouvernement - \u00c9glise Adventiste Du Septieme Jour - Inter Am\u00e9rique Division<\/title>\n<meta name=\"robots\" content=\"index, follow, max-snippet:-1, max-image-preview:large, max-video-preview:-1\" \/>\n<link rel=\"canonical\" href=\"https:\/\/interamerica.org\/fr\/2004\/03\/serbie-engagement-dun-ministere-du-gouvernement\/\" \/>\n<meta property=\"og:locale\" content=\"fr_FR\" \/>\n<meta property=\"og:type\" content=\"article\" \/>\n<meta property=\"og:title\" content=\"Serbie : Engagement d&#039;un Minist\u00e8re du Gouvernement - \u00c9glise Adventiste Du Septieme Jour - Inter Am\u00e9rique Division\" \/>\n<meta property=\"og:description\" content=\"Des chr\u00e9tiens adventistes du septi\u00e8me jour en Serbie et au Mont\u00e9n\u00e9gro ont maintenant un nouvel alli\u00e9 alors que les m\u00e9dias accusaient faussement l&#039;\u00c9glise Protestante d&#039;\u00eatre une &quot;secte&quot; ou un &quot;culte&quot;.\" \/>\n<meta property=\"og:url\" content=\"https:\/\/interamerica.org\/fr\/2004\/03\/serbie-engagement-dun-ministere-du-gouvernement\/\" \/>\n<meta property=\"og:site_name\" content=\"\u00c9glise Adventiste Du Septieme Jour - Inter Am\u00e9rique Division\" \/>\n<meta property=\"article:published_time\" content=\"2004-03-23T04:00:00+00:00\" \/>\n<meta property=\"article:modified_time\" content=\"2017-06-02T17:22:16+00:00\" \/>\n<meta name=\"author\" content=\"Lorenzo Verduzco\" \/>\n<meta name=\"twitter:card\" content=\"summary_large_image\" \/>\n<meta name=\"twitter:label1\" content=\"\u00c9crit par\" \/>\n\t<meta name=\"twitter:data1\" content=\"Lorenzo Verduzco\" \/>\n\t<meta name=\"twitter:label2\" content=\"Dur\u00e9e de lecture estim\u00e9e\" \/>\n\t<meta name=\"twitter:data2\" content=\"2 minutes\" \/>\n<script type=\"application\/ld+json\" class=\"yoast-schema-graph\">{\"@context\":\"https:\\\/\\\/schema.org\",\"@graph\":[{\"@type\":\"Article\",\"@id\":\"https:\\\/\\\/interamerica.org\\\/fr\\\/2004\\\/03\\\/serbie-engagement-dun-ministere-du-gouvernement\\\/#article\",\"isPartOf\":{\"@id\":\"https:\\\/\\\/interamerica.org\\\/fr\\\/2004\\\/03\\\/serbie-engagement-dun-ministere-du-gouvernement\\\/\"},\"author\":{\"name\":\"Lorenzo Verduzco\",\"@id\":\"https:\\\/\\\/interamerica.org\\\/fr\\\/#\\\/schema\\\/person\\\/68ede8bdc292885bb76c1e3810e73c39\"},\"headline\":\"Serbie : Engagement d&rsquo;un Minist\u00e8re du Gouvernement\",\"datePublished\":\"2004-03-23T04:00:00+00:00\",\"dateModified\":\"2017-06-02T17:22:16+00:00\",\"mainEntityOfPage\":{\"@id\":\"https:\\\/\\\/interamerica.org\\\/fr\\\/2004\\\/03\\\/serbie-engagement-dun-ministere-du-gouvernement\\\/\"},\"wordCount\":509,\"articleSection\":[\"Archive\"],\"inLanguage\":\"fr-FR\"},{\"@type\":\"WebPage\",\"@id\":\"https:\\\/\\\/interamerica.org\\\/fr\\\/2004\\\/03\\\/serbie-engagement-dun-ministere-du-gouvernement\\\/\",\"url\":\"https:\\\/\\\/interamerica.org\\\/fr\\\/2004\\\/03\\\/serbie-engagement-dun-ministere-du-gouvernement\\\/\",\"name\":\"Serbie : Engagement d'un Minist\u00e8re du Gouvernement - \u00c9glise Adventiste Du Septieme Jour - Inter Am\u00e9rique Division\",\"isPartOf\":{\"@id\":\"https:\\\/\\\/interamerica.org\\\/fr\\\/#website\"},\"datePublished\":\"2004-03-23T04:00:00+00:00\",\"dateModified\":\"2017-06-02T17:22:16+00:00\",\"author\":{\"@id\":\"https:\\\/\\\/interamerica.org\\\/fr\\\/#\\\/schema\\\/person\\\/68ede8bdc292885bb76c1e3810e73c39\"},\"breadcrumb\":{\"@id\":\"https:\\\/\\\/interamerica.org\\\/fr\\\/2004\\\/03\\\/serbie-engagement-dun-ministere-du-gouvernement\\\/#breadcrumb\"},\"inLanguage\":\"fr-FR\",\"potentialAction\":[{\"@type\":\"ReadAction\",\"target\":[\"https:\\\/\\\/interamerica.org\\\/fr\\\/2004\\\/03\\\/serbie-engagement-dun-ministere-du-gouvernement\\\/\"]}]},{\"@type\":\"BreadcrumbList\",\"@id\":\"https:\\\/\\\/interamerica.org\\\/fr\\\/2004\\\/03\\\/serbie-engagement-dun-ministere-du-gouvernement\\\/#breadcrumb\",\"itemListElement\":[{\"@type\":\"ListItem\",\"position\":1,\"name\":\"Home\",\"item\":\"https:\\\/\\\/interamerica.org\\\/fr\\\/\"},{\"@type\":\"ListItem\",\"position\":2,\"name\":\"Serbie : Engagement d&rsquo;un Minist\u00e8re du Gouvernement\"}]},{\"@type\":\"WebSite\",\"@id\":\"https:\\\/\\\/interamerica.org\\\/fr\\\/#website\",\"url\":\"https:\\\/\\\/interamerica.org\\\/fr\\\/\",\"name\":\"\u00c9glise Adventiste Du Septieme Jour - Inter Am\u00e9rique Division\",\"description\":\"\",\"potentialAction\":[{\"@type\":\"SearchAction\",\"target\":{\"@type\":\"EntryPoint\",\"urlTemplate\":\"https:\\\/\\\/interamerica.org\\\/fr\\\/?s={search_term_string}\"},\"query-input\":{\"@type\":\"PropertyValueSpecification\",\"valueRequired\":true,\"valueName\":\"search_term_string\"}}],\"inLanguage\":\"fr-FR\"},{\"@type\":\"Person\",\"@id\":\"https:\\\/\\\/interamerica.org\\\/fr\\\/#\\\/schema\\\/person\\\/68ede8bdc292885bb76c1e3810e73c39\",\"name\":\"Lorenzo Verduzco\",\"image\":{\"@type\":\"ImageObject\",\"inLanguage\":\"fr-FR\",\"@id\":\"https:\\\/\\\/secure.gravatar.com\\\/avatar\\\/fb81a55b6218459490a9c1dc841a34909185b81904c5337b4b27f7a6fd60c49e?s=96&d=mm&r=g\",\"url\":\"https:\\\/\\\/secure.gravatar.com\\\/avatar\\\/fb81a55b6218459490a9c1dc841a34909185b81904c5337b4b27f7a6fd60c49e?s=96&d=mm&r=g\",\"contentUrl\":\"https:\\\/\\\/secure.gravatar.com\\\/avatar\\\/fb81a55b6218459490a9c1dc841a34909185b81904c5337b4b27f7a6fd60c49e?s=96&d=mm&r=g\",\"caption\":\"Lorenzo Verduzco\"}}]}<\/script>\n<!-- \/ Yoast SEO plugin. -->","yoast_head_json":{"title":"Serbie : Engagement d'un Minist\u00e8re du Gouvernement - \u00c9glise Adventiste Du Septieme Jour - Inter Am\u00e9rique Division","robots":{"index":"index","follow":"follow","max-snippet":"max-snippet:-1","max-image-preview":"max-image-preview:large","max-video-preview":"max-video-preview:-1"},"canonical":"https:\/\/interamerica.org\/fr\/2004\/03\/serbie-engagement-dun-ministere-du-gouvernement\/","og_locale":"fr_FR","og_type":"article","og_title":"Serbie : Engagement d'un Minist\u00e8re du Gouvernement - \u00c9glise Adventiste Du Septieme Jour - Inter Am\u00e9rique Division","og_description":"Des chr\u00e9tiens adventistes du septi\u00e8me jour en Serbie et au Mont\u00e9n\u00e9gro ont maintenant un nouvel alli\u00e9 alors que les m\u00e9dias accusaient faussement l'\u00c9glise Protestante d'\u00eatre une \"secte\" ou un \"culte\".","og_url":"https:\/\/interamerica.org\/fr\/2004\/03\/serbie-engagement-dun-ministere-du-gouvernement\/","og_site_name":"\u00c9glise Adventiste Du Septieme Jour - Inter Am\u00e9rique Division","article_published_time":"2004-03-23T04:00:00+00:00","article_modified_time":"2017-06-02T17:22:16+00:00","author":"Lorenzo Verduzco","twitter_card":"summary_large_image","twitter_misc":{"\u00c9crit par":"Lorenzo Verduzco","Dur\u00e9e de lecture estim\u00e9e":"2 minutes"},"schema":{"@context":"https:\/\/schema.org","@graph":[{"@type":"Article","@id":"https:\/\/interamerica.org\/fr\/2004\/03\/serbie-engagement-dun-ministere-du-gouvernement\/#article","isPartOf":{"@id":"https:\/\/interamerica.org\/fr\/2004\/03\/serbie-engagement-dun-ministere-du-gouvernement\/"},"author":{"name":"Lorenzo Verduzco","@id":"https:\/\/interamerica.org\/fr\/#\/schema\/person\/68ede8bdc292885bb76c1e3810e73c39"},"headline":"Serbie : Engagement d&rsquo;un Minist\u00e8re du Gouvernement","datePublished":"2004-03-23T04:00:00+00:00","dateModified":"2017-06-02T17:22:16+00:00","mainEntityOfPage":{"@id":"https:\/\/interamerica.org\/fr\/2004\/03\/serbie-engagement-dun-ministere-du-gouvernement\/"},"wordCount":509,"articleSection":["Archive"],"inLanguage":"fr-FR"},{"@type":"WebPage","@id":"https:\/\/interamerica.org\/fr\/2004\/03\/serbie-engagement-dun-ministere-du-gouvernement\/","url":"https:\/\/interamerica.org\/fr\/2004\/03\/serbie-engagement-dun-ministere-du-gouvernement\/","name":"Serbie : Engagement d'un Minist\u00e8re du Gouvernement - \u00c9glise Adventiste Du Septieme Jour - Inter Am\u00e9rique Division","isPartOf":{"@id":"https:\/\/interamerica.org\/fr\/#website"},"datePublished":"2004-03-23T04:00:00+00:00","dateModified":"2017-06-02T17:22:16+00:00","author":{"@id":"https:\/\/interamerica.org\/fr\/#\/schema\/person\/68ede8bdc292885bb76c1e3810e73c39"},"breadcrumb":{"@id":"https:\/\/interamerica.org\/fr\/2004\/03\/serbie-engagement-dun-ministere-du-gouvernement\/#breadcrumb"},"inLanguage":"fr-FR","potentialAction":[{"@type":"ReadAction","target":["https:\/\/interamerica.org\/fr\/2004\/03\/serbie-engagement-dun-ministere-du-gouvernement\/"]}]},{"@type":"BreadcrumbList","@id":"https:\/\/interamerica.org\/fr\/2004\/03\/serbie-engagement-dun-ministere-du-gouvernement\/#breadcrumb","itemListElement":[{"@type":"ListItem","position":1,"name":"Home","item":"https:\/\/interamerica.org\/fr\/"},{"@type":"ListItem","position":2,"name":"Serbie : Engagement d&rsquo;un Minist\u00e8re du Gouvernement"}]},{"@type":"WebSite","@id":"https:\/\/interamerica.org\/fr\/#website","url":"https:\/\/interamerica.org\/fr\/","name":"\u00c9glise Adventiste Du Septieme Jour - Inter Am\u00e9rique Division","description":"","potentialAction":[{"@type":"SearchAction","target":{"@type":"EntryPoint","urlTemplate":"https:\/\/interamerica.org\/fr\/?s={search_term_string}"},"query-input":{"@type":"PropertyValueSpecification","valueRequired":true,"valueName":"search_term_string"}}],"inLanguage":"fr-FR"},{"@type":"Person","@id":"https:\/\/interamerica.org\/fr\/#\/schema\/person\/68ede8bdc292885bb76c1e3810e73c39","name":"Lorenzo Verduzco","image":{"@type":"ImageObject","inLanguage":"fr-FR","@id":"https:\/\/secure.gravatar.com\/avatar\/fb81a55b6218459490a9c1dc841a34909185b81904c5337b4b27f7a6fd60c49e?s=96&d=mm&r=g","url":"https:\/\/secure.gravatar.com\/avatar\/fb81a55b6218459490a9c1dc841a34909185b81904c5337b4b27f7a6fd60c49e?s=96&d=mm&r=g","contentUrl":"https:\/\/secure.gravatar.com\/avatar\/fb81a55b6218459490a9c1dc841a34909185b81904c5337b4b27f7a6fd60c49e?s=96&d=mm&r=g","caption":"Lorenzo Verduzco"}}]}},"_links":{"self":[{"href":"https:\/\/interamerica.org\/fr\/wp-json\/wp\/v2\/posts\/12152","targetHints":{"allow":["GET"]}}],"collection":[{"href":"https:\/\/interamerica.org\/fr\/wp-json\/wp\/v2\/posts"}],"about":[{"href":"https:\/\/interamerica.org\/fr\/wp-json\/wp\/v2\/types\/post"}],"author":[{"embeddable":true,"href":"https:\/\/interamerica.org\/fr\/wp-json\/wp\/v2\/users\/1"}],"replies":[{"embeddable":true,"href":"https:\/\/interamerica.org\/fr\/wp-json\/wp\/v2\/comments?post=12152"}],"version-history":[{"count":0,"href":"https:\/\/interamerica.org\/fr\/wp-json\/wp\/v2\/posts\/12152\/revisions"}],"wp:attachment":[{"href":"https:\/\/interamerica.org\/fr\/wp-json\/wp\/v2\/media?parent=12152"}],"wp:term":[{"taxonomy":"category","embeddable":true,"href":"https:\/\/interamerica.org\/fr\/wp-json\/wp\/v2\/categories?post=12152"},{"taxonomy":"post_tag","embeddable":true,"href":"https:\/\/interamerica.org\/fr\/wp-json\/wp\/v2\/tags?post=12152"}],"curies":[{"name":"wp","href":"https:\/\/api.w.org\/{rel}","templated":true}]}}