{"id":12157,"date":"2004-03-26T00:00:00","date_gmt":"2004-03-26T04:00:00","guid":{"rendered":"http:\/\/192.81.217.108\/interamerica\/2004\/03\/mexique-luniversite-ouvre-une-extension-au-honduras\/"},"modified":"2017-06-02T13:22:14","modified_gmt":"2017-06-02T17:22:14","slug":"mexique-luniversite-ouvre-une-extension-au-honduras","status":"publish","type":"post","link":"https:\/\/interamerica.org\/fr\/2004\/03\/mexique-luniversite-ouvre-une-extension-au-honduras\/","title":{"rendered":"Mexique : L&rsquo;Universit\u00e9 Ouvre Une Extension au Honduras\u00a0\u00a0"},"content":{"rendered":"<p>Montemorelos, Mexique.<\/p>\n<p>R\u00e9pondant \u00e0 une demande sp\u00e9ciale venant des trois Unions de l&rsquo;Am\u00e9rique centrale, ou R\u00e9gions, L&rsquo;Universit\u00e9 de Montemorelos a r\u00e9cemment ouvert une extension au Honduras, offrant une Ma\u00eetrise en Administration Commerciale avec une concentration en Direction.<\/p>\n<p>A ce jour, pr\u00e8s de 120 \u00e9tudiants compos\u00e9s de pasteurs, d&rsquo;administrateurs, de professeurs et de directeurs d&rsquo;\u00e9coles venant depuis le Guatemala jusqu&rsquo;au Panama ont pris les deux premiers cours.<\/p>\n<p>Les cours pour cette extension sont dispens\u00e9s deux fois par an, au cours des mois de f\u00e9vrier et de juillet pendant les trois ans \u00e0 venir ; ensuite, ce sera la pr\u00e9sentation de la th\u00e8se.<\/p>\n<p>Pour plus d&rsquo;information sur cette pr\u00e9sentation et sur d&rsquo;autres programmes \u00e0 venir, visiter le site : <a  href=\"http:\/\/www.umontemorelos.edu.mx\">www.umontemorelos.edu.mx<\/a><\/p>\n","protected":false},"excerpt":{"rendered":"<p>L&rsquo;Universit\u00e9 de Montemorelos a r\u00e9cemment ouvert une extension au Honduras, offrant une Ma\u00eetrise en Administration Commerciale avec une concentration en Direction.<\/p>\n","protected":false},"author":1,"featured_media":0,"comment_status":"closed","ping_status":"closed","sticky":false,"template":"","format":"standard","meta":{"_acf_changed":false,"footnotes":""},"categories":[9],"tags":[],"class_list":["post-12157","post","type-post","status-publish","format-standard","hentry","category-archive-fr"],"acf":[],"yoast_head":"<!-- This site is optimized with the Yoast SEO plugin v27.3 - https:\/\/yoast.com\/product\/yoast-seo-wordpress\/ -->\n<title>Mexique : L&#039;Universit\u00e9 Ouvre Une Extension au Honduras\u00a0\u00a0 - \u00c9glise Adventiste Du Septieme Jour - Inter Am\u00e9rique Division<\/title>\n<meta name=\"robots\" content=\"index, follow, max-snippet:-1, max-image-preview:large, max-video-preview:-1\" \/>\n<link rel=\"canonical\" href=\"https:\/\/interamerica.org\/fr\/2004\/03\/mexique-luniversite-ouvre-une-extension-au-honduras\/\" \/>\n<meta property=\"og:locale\" content=\"fr_FR\" \/>\n<meta property=\"og:type\" content=\"article\" \/>\n<meta property=\"og:title\" content=\"Mexique : L&#039;Universit\u00e9 Ouvre Une Extension au Honduras\u00a0\u00a0 - \u00c9glise Adventiste Du Septieme Jour - Inter Am\u00e9rique Division\" \/>\n<meta property=\"og:description\" content=\"L&#039;Universit\u00e9 de Montemorelos a r\u00e9cemment ouvert une extension au Honduras, offrant une Ma\u00eetrise en Administration Commerciale avec une concentration en Direction.\" \/>\n<meta property=\"og:url\" content=\"https:\/\/interamerica.org\/fr\/2004\/03\/mexique-luniversite-ouvre-une-extension-au-honduras\/\" \/>\n<meta property=\"og:site_name\" content=\"\u00c9glise Adventiste Du Septieme Jour - Inter Am\u00e9rique Division\" \/>\n<meta property=\"article:published_time\" content=\"2004-03-26T04:00:00+00:00\" \/>\n<meta property=\"article:modified_time\" content=\"2017-06-02T17:22:14+00:00\" \/>\n<meta name=\"author\" content=\"Lorenzo Verduzco\" \/>\n<meta name=\"twitter:card\" content=\"summary_large_image\" \/>\n<meta name=\"twitter:label1\" content=\"\u00c9crit par\" \/>\n\t<meta name=\"twitter:data1\" content=\"Lorenzo Verduzco\" \/>\n\t<meta name=\"twitter:label2\" content=\"Dur\u00e9e de lecture estim\u00e9e\" \/>\n\t<meta name=\"twitter:data2\" content=\"1 minute\" \/>\n<script type=\"application\/ld+json\" class=\"yoast-schema-graph\">{\"@context\":\"https:\\\/\\\/schema.org\",\"@graph\":[{\"@type\":\"Article\",\"@id\":\"https:\\\/\\\/interamerica.org\\\/fr\\\/2004\\\/03\\\/mexique-luniversite-ouvre-une-extension-au-honduras\\\/#article\",\"isPartOf\":{\"@id\":\"https:\\\/\\\/interamerica.org\\\/fr\\\/2004\\\/03\\\/mexique-luniversite-ouvre-une-extension-au-honduras\\\/\"},\"author\":{\"name\":\"Lorenzo Verduzco\",\"@id\":\"https:\\\/\\\/interamerica.org\\\/fr\\\/#\\\/schema\\\/person\\\/68ede8bdc292885bb76c1e3810e73c39\"},\"headline\":\"Mexique : L&rsquo;Universit\u00e9 Ouvre Une Extension au Honduras\u00a0\u00a0\",\"datePublished\":\"2004-03-26T04:00:00+00:00\",\"dateModified\":\"2017-06-02T17:22:14+00:00\",\"mainEntityOfPage\":{\"@id\":\"https:\\\/\\\/interamerica.org\\\/fr\\\/2004\\\/03\\\/mexique-luniversite-ouvre-une-extension-au-honduras\\\/\"},\"wordCount\":143,\"articleSection\":[\"Archive\"],\"inLanguage\":\"fr-FR\"},{\"@type\":\"WebPage\",\"@id\":\"https:\\\/\\\/interamerica.org\\\/fr\\\/2004\\\/03\\\/mexique-luniversite-ouvre-une-extension-au-honduras\\\/\",\"url\":\"https:\\\/\\\/interamerica.org\\\/fr\\\/2004\\\/03\\\/mexique-luniversite-ouvre-une-extension-au-honduras\\\/\",\"name\":\"Mexique : L'Universit\u00e9 Ouvre Une Extension au Honduras\u00a0\u00a0 - \u00c9glise Adventiste Du Septieme Jour - Inter Am\u00e9rique Division\",\"isPartOf\":{\"@id\":\"https:\\\/\\\/interamerica.org\\\/fr\\\/#website\"},\"datePublished\":\"2004-03-26T04:00:00+00:00\",\"dateModified\":\"2017-06-02T17:22:14+00:00\",\"author\":{\"@id\":\"https:\\\/\\\/interamerica.org\\\/fr\\\/#\\\/schema\\\/person\\\/68ede8bdc292885bb76c1e3810e73c39\"},\"breadcrumb\":{\"@id\":\"https:\\\/\\\/interamerica.org\\\/fr\\\/2004\\\/03\\\/mexique-luniversite-ouvre-une-extension-au-honduras\\\/#breadcrumb\"},\"inLanguage\":\"fr-FR\",\"potentialAction\":[{\"@type\":\"ReadAction\",\"target\":[\"https:\\\/\\\/interamerica.org\\\/fr\\\/2004\\\/03\\\/mexique-luniversite-ouvre-une-extension-au-honduras\\\/\"]}]},{\"@type\":\"BreadcrumbList\",\"@id\":\"https:\\\/\\\/interamerica.org\\\/fr\\\/2004\\\/03\\\/mexique-luniversite-ouvre-une-extension-au-honduras\\\/#breadcrumb\",\"itemListElement\":[{\"@type\":\"ListItem\",\"position\":1,\"name\":\"Home\",\"item\":\"https:\\\/\\\/interamerica.org\\\/fr\\\/\"},{\"@type\":\"ListItem\",\"position\":2,\"name\":\"Mexique : L&rsquo;Universit\u00e9 Ouvre Une Extension au Honduras\u00a0\u00a0\"}]},{\"@type\":\"WebSite\",\"@id\":\"https:\\\/\\\/interamerica.org\\\/fr\\\/#website\",\"url\":\"https:\\\/\\\/interamerica.org\\\/fr\\\/\",\"name\":\"\u00c9glise Adventiste Du Septieme Jour - Inter Am\u00e9rique Division\",\"description\":\"\",\"potentialAction\":[{\"@type\":\"SearchAction\",\"target\":{\"@type\":\"EntryPoint\",\"urlTemplate\":\"https:\\\/\\\/interamerica.org\\\/fr\\\/?s={search_term_string}\"},\"query-input\":{\"@type\":\"PropertyValueSpecification\",\"valueRequired\":true,\"valueName\":\"search_term_string\"}}],\"inLanguage\":\"fr-FR\"},{\"@type\":\"Person\",\"@id\":\"https:\\\/\\\/interamerica.org\\\/fr\\\/#\\\/schema\\\/person\\\/68ede8bdc292885bb76c1e3810e73c39\",\"name\":\"Lorenzo Verduzco\",\"image\":{\"@type\":\"ImageObject\",\"inLanguage\":\"fr-FR\",\"@id\":\"https:\\\/\\\/secure.gravatar.com\\\/avatar\\\/fb81a55b6218459490a9c1dc841a34909185b81904c5337b4b27f7a6fd60c49e?s=96&d=mm&r=g\",\"url\":\"https:\\\/\\\/secure.gravatar.com\\\/avatar\\\/fb81a55b6218459490a9c1dc841a34909185b81904c5337b4b27f7a6fd60c49e?s=96&d=mm&r=g\",\"contentUrl\":\"https:\\\/\\\/secure.gravatar.com\\\/avatar\\\/fb81a55b6218459490a9c1dc841a34909185b81904c5337b4b27f7a6fd60c49e?s=96&d=mm&r=g\",\"caption\":\"Lorenzo Verduzco\"}}]}<\/script>\n<!-- \/ Yoast SEO plugin. -->","yoast_head_json":{"title":"Mexique : L'Universit\u00e9 Ouvre Une Extension au Honduras\u00a0\u00a0 - \u00c9glise Adventiste Du Septieme Jour - Inter Am\u00e9rique Division","robots":{"index":"index","follow":"follow","max-snippet":"max-snippet:-1","max-image-preview":"max-image-preview:large","max-video-preview":"max-video-preview:-1"},"canonical":"https:\/\/interamerica.org\/fr\/2004\/03\/mexique-luniversite-ouvre-une-extension-au-honduras\/","og_locale":"fr_FR","og_type":"article","og_title":"Mexique : L'Universit\u00e9 Ouvre Une Extension au Honduras\u00a0\u00a0 - \u00c9glise Adventiste Du Septieme Jour - Inter Am\u00e9rique Division","og_description":"L'Universit\u00e9 de Montemorelos a r\u00e9cemment ouvert une extension au Honduras, offrant une Ma\u00eetrise en Administration Commerciale avec une concentration en Direction.","og_url":"https:\/\/interamerica.org\/fr\/2004\/03\/mexique-luniversite-ouvre-une-extension-au-honduras\/","og_site_name":"\u00c9glise Adventiste Du Septieme Jour - Inter Am\u00e9rique Division","article_published_time":"2004-03-26T04:00:00+00:00","article_modified_time":"2017-06-02T17:22:14+00:00","author":"Lorenzo Verduzco","twitter_card":"summary_large_image","twitter_misc":{"\u00c9crit par":"Lorenzo Verduzco","Dur\u00e9e de lecture estim\u00e9e":"1 minute"},"schema":{"@context":"https:\/\/schema.org","@graph":[{"@type":"Article","@id":"https:\/\/interamerica.org\/fr\/2004\/03\/mexique-luniversite-ouvre-une-extension-au-honduras\/#article","isPartOf":{"@id":"https:\/\/interamerica.org\/fr\/2004\/03\/mexique-luniversite-ouvre-une-extension-au-honduras\/"},"author":{"name":"Lorenzo Verduzco","@id":"https:\/\/interamerica.org\/fr\/#\/schema\/person\/68ede8bdc292885bb76c1e3810e73c39"},"headline":"Mexique : L&rsquo;Universit\u00e9 Ouvre Une Extension au Honduras\u00a0\u00a0","datePublished":"2004-03-26T04:00:00+00:00","dateModified":"2017-06-02T17:22:14+00:00","mainEntityOfPage":{"@id":"https:\/\/interamerica.org\/fr\/2004\/03\/mexique-luniversite-ouvre-une-extension-au-honduras\/"},"wordCount":143,"articleSection":["Archive"],"inLanguage":"fr-FR"},{"@type":"WebPage","@id":"https:\/\/interamerica.org\/fr\/2004\/03\/mexique-luniversite-ouvre-une-extension-au-honduras\/","url":"https:\/\/interamerica.org\/fr\/2004\/03\/mexique-luniversite-ouvre-une-extension-au-honduras\/","name":"Mexique : L'Universit\u00e9 Ouvre Une Extension au Honduras\u00a0\u00a0 - \u00c9glise Adventiste Du Septieme Jour - Inter Am\u00e9rique Division","isPartOf":{"@id":"https:\/\/interamerica.org\/fr\/#website"},"datePublished":"2004-03-26T04:00:00+00:00","dateModified":"2017-06-02T17:22:14+00:00","author":{"@id":"https:\/\/interamerica.org\/fr\/#\/schema\/person\/68ede8bdc292885bb76c1e3810e73c39"},"breadcrumb":{"@id":"https:\/\/interamerica.org\/fr\/2004\/03\/mexique-luniversite-ouvre-une-extension-au-honduras\/#breadcrumb"},"inLanguage":"fr-FR","potentialAction":[{"@type":"ReadAction","target":["https:\/\/interamerica.org\/fr\/2004\/03\/mexique-luniversite-ouvre-une-extension-au-honduras\/"]}]},{"@type":"BreadcrumbList","@id":"https:\/\/interamerica.org\/fr\/2004\/03\/mexique-luniversite-ouvre-une-extension-au-honduras\/#breadcrumb","itemListElement":[{"@type":"ListItem","position":1,"name":"Home","item":"https:\/\/interamerica.org\/fr\/"},{"@type":"ListItem","position":2,"name":"Mexique : L&rsquo;Universit\u00e9 Ouvre Une Extension au Honduras\u00a0\u00a0"}]},{"@type":"WebSite","@id":"https:\/\/interamerica.org\/fr\/#website","url":"https:\/\/interamerica.org\/fr\/","name":"\u00c9glise Adventiste Du Septieme Jour - Inter Am\u00e9rique Division","description":"","potentialAction":[{"@type":"SearchAction","target":{"@type":"EntryPoint","urlTemplate":"https:\/\/interamerica.org\/fr\/?s={search_term_string}"},"query-input":{"@type":"PropertyValueSpecification","valueRequired":true,"valueName":"search_term_string"}}],"inLanguage":"fr-FR"},{"@type":"Person","@id":"https:\/\/interamerica.org\/fr\/#\/schema\/person\/68ede8bdc292885bb76c1e3810e73c39","name":"Lorenzo Verduzco","image":{"@type":"ImageObject","inLanguage":"fr-FR","@id":"https:\/\/secure.gravatar.com\/avatar\/fb81a55b6218459490a9c1dc841a34909185b81904c5337b4b27f7a6fd60c49e?s=96&d=mm&r=g","url":"https:\/\/secure.gravatar.com\/avatar\/fb81a55b6218459490a9c1dc841a34909185b81904c5337b4b27f7a6fd60c49e?s=96&d=mm&r=g","contentUrl":"https:\/\/secure.gravatar.com\/avatar\/fb81a55b6218459490a9c1dc841a34909185b81904c5337b4b27f7a6fd60c49e?s=96&d=mm&r=g","caption":"Lorenzo Verduzco"}}]}},"_links":{"self":[{"href":"https:\/\/interamerica.org\/fr\/wp-json\/wp\/v2\/posts\/12157","targetHints":{"allow":["GET"]}}],"collection":[{"href":"https:\/\/interamerica.org\/fr\/wp-json\/wp\/v2\/posts"}],"about":[{"href":"https:\/\/interamerica.org\/fr\/wp-json\/wp\/v2\/types\/post"}],"author":[{"embeddable":true,"href":"https:\/\/interamerica.org\/fr\/wp-json\/wp\/v2\/users\/1"}],"replies":[{"embeddable":true,"href":"https:\/\/interamerica.org\/fr\/wp-json\/wp\/v2\/comments?post=12157"}],"version-history":[{"count":0,"href":"https:\/\/interamerica.org\/fr\/wp-json\/wp\/v2\/posts\/12157\/revisions"}],"wp:attachment":[{"href":"https:\/\/interamerica.org\/fr\/wp-json\/wp\/v2\/media?parent=12157"}],"wp:term":[{"taxonomy":"category","embeddable":true,"href":"https:\/\/interamerica.org\/fr\/wp-json\/wp\/v2\/categories?post=12157"},{"taxonomy":"post_tag","embeddable":true,"href":"https:\/\/interamerica.org\/fr\/wp-json\/wp\/v2\/tags?post=12157"}],"curies":[{"name":"wp","href":"https:\/\/api.w.org\/{rel}","templated":true}]}}