{"id":12169,"date":"2004-04-15T00:00:00","date_gmt":"2004-04-15T04:00:00","guid":{"rendered":"http:\/\/192.81.217.108\/interamerica\/2004\/04\/les-dirigeants-de-leglise-mondiale-revoient-le-programme-de-la-mission\/"},"modified":"2017-06-02T13:22:05","modified_gmt":"2017-06-02T17:22:05","slug":"les-dirigeants-de-leglise-mondiale-revoient-le-programme-de-la-mission","status":"publish","type":"post","link":"https:\/\/interamerica.org\/fr\/2004\/04\/les-dirigeants-de-leglise-mondiale-revoient-le-programme-de-la-mission\/","title":{"rendered":"Les dirigeants de l&rsquo;Eglise Mondiale revoient le Programme de la Mission\u00a0"},"content":{"rendered":"<p>Silver Spring, Maryland, Etats-Unis<\/p>\n<p>Le sens de la mission et des offrandes de mission, en particulier, est \u00ab\u00a0tomb\u00e9 dans le foss\u00e9 sous diff\u00e9rents aspects,\u00a0\u00bb ont admis les responsables de l&rsquo;\u00c9glise Adventiste, repr\u00e9sentant chacune des 13 r\u00e9gions de l&rsquo;\u00e9glise mondiale, pendant la R\u00e9union du Printemps au quartier g\u00e9n\u00e9ral de la Conf\u00e9rence G\u00e9n\u00e9rale, les 14 et 15 avril. <\/p>\n<p>\u00ab\u00a0D&rsquo;une part, c&rsquo;est de notre propre faute, d&rsquo;autre part, ce n&rsquo;est la faute de personne,\u00a0\u00bb a d\u00e9clar\u00e9 Ben Maxson, directeur de la Gestion Chr\u00e9tienne de l&rsquo;\u00e9glise \u00e0 l&rsquo;\u00e9chelon mondial. \u00ab\u00a0Tout le travail de ce comit\u00e9 consistait \u00e0 ne pas \u00e9tudier seulement comment augmenter l&rsquo;offrande pour les missions, mais comment faire rena\u00eetre l&rsquo;enthousiasme pour les missions.\u00a0\u00bb <\/p>\n<p>Un rapport pr\u00e9sent\u00e9 en automne 2003 aux membres du Conseil Annuel a montr\u00e9 une baisse r\u00e9guli\u00e8re dans les offrandes de mission au cours des derni\u00e8res ann\u00e9es. <\/p>\n<p>Observant cette \u00ab\u00a0inqui\u00e9tante tendance,\u00a0\u00bb le comit\u00e9 administratif de l&rsquo;\u00e9glise mondiale a vot\u00e9 de r\u00e9\u00e9tudier le programme des offrandes de mission et d&rsquo;analyser les causes du d\u00e9clin. <\/p>\n<p>Maxson a expliqu\u00e9 qu&rsquo;il y a un peu plus de cent ans, le plan des offrandes pour les missions avait commenc\u00e9 par \u00ab\u00a0une vision incroyable. Il avait \u00e9t\u00e9 appel\u00e9 le &lsquo; Pitcairn; &lsquo; la construction d&rsquo;un bateau qui allait porter l&rsquo;\u00e9vangile aux \u00eeles du Sud du Pacifique. Cette mission avait allum\u00e9 dans notre Eglise, un grand \u00e9lan en faveur des missions.\u00a0\u00bb <\/p>\n<p>Il y a \u00ab\u00a0une attente \u00e9norme de l&rsquo;offrande pour les missions, en vue d&rsquo;atteindre les territoires vierges,\u00a0\u00bb d\u00e9clara Bob Lemon, tr\u00e9sorier de la Conf\u00e9rence G\u00e9n\u00e9rale, devant tous les participants. \u00ab\u00a0Nous devons trouver les moyens pour dire \u00e0 nos membres que le travail n&rsquo;est pas fini. Il y a encore de vastes territoires non conquis. Nous avons fait un pauvre effort de communication pour informer sur l&rsquo;utilisation des offrandes et je pr\u00e9sentes mes excuses. Nous \u00e9tudions la cr\u00e9ation de moyens qui nous aideront \u00e0 \u00e9claircir et bien d\u00e9finir ce programme.\u00a0\u00bb <\/p>\n<p>Les raisons du d\u00e9clin incluent : le peu d&rsquo;informations aboutissant aux membres d&rsquo;\u00e9glise, leur montrant comment les fonds ont \u00e9t\u00e9 employ\u00e9s, la promotion inefficace des offrandes, la diminution du nombre de pr\u00e9sents pendant les programmes de l&rsquo;\u00c9cole du Sabbat, les appels concurrents, tant \u00e0 l&rsquo;int\u00e9rieur qu&rsquo;\u00e0 l&rsquo;ext\u00e9rieur des organisations eccl\u00e9siales, le centre d&rsquo;int\u00e9r\u00eat \u00e9tant pass\u00e9 des besoins mondiaux aux besoins locaux ainsi que la perception que les offrandes ne soutiennent plus d&rsquo;abord les missions. <\/p>\n<p>\u00ab\u00a0Il y a un foss\u00e9 \u00e9norme entre la mission r\u00e9elle de l&rsquo;\u00e9glise et le membre qui vient, s&rsquo;assied sur le banc de l&rsquo;\u00e9glise et retourne chez lui,\u00a0\u00bb a dit Patricia J. Gustin, directrice de Institute of World Mission \u00e0 Andrews University, Berrien Spring, dans le Michigan. <\/p>\n<p>\u00ab\u00a0Ils n&rsquo;ont vraiment pas une id\u00e9e juste de ce que l&rsquo;\u00e9glise fait. Une autre chose est que l&rsquo;information qu&rsquo;ils obtiennent n&rsquo;est pas concentr\u00e9e sur l&rsquo;\u0153uvre inachev\u00e9e.\u00a0\u00bb <\/p>\n<p>Elle a expliqu\u00e9 que les efforts se concentrent sur les projets de mission qui vont bien, dans certains secteurs du monde et cela donne l&rsquo;impression que tout ce que fait l&rsquo;\u00e9glise, r\u00e9ussit en g\u00e9n\u00e9ral. \u00ab\u00a0En cons\u00e9quence, les membres pensent qu&rsquo;ils feraient mieux de garder leur argent dans leur \u00e9glise locale puisqu&rsquo;il va bien dans d&rsquo;autres parties de monde.\u00a0\u00bb <\/p>\n<p>Lemon a expliqu\u00e9 que la mission englobe davantage que ce qui est visible, le travail. \u00ab\u00a0Il nous appartient d&rsquo;informer que chaque centime de dollar recueilli pour les missions va pour les missions et, en fait, c&rsquo;est ce qui se fait.\u00a0\u00bb <\/p>\n<p>Les participants ont vot\u00e9 d&rsquo;\u00e9tablir un bureau de promotion des offrandes pour les missions au quartier g\u00e9n\u00e9ral de la conf\u00e9rence g\u00e9n\u00e9rale, en soulignant que Lemon ajoute : \u00ab\u00a0nous n&rsquo;ajoutons pas de budgets suppl\u00e9mentaires pour payer des salaires.\u00a0\u00bb <\/p>\n<p>\u00ab\u00a0Il est absolument essentiel de terminer l&rsquo;\u0153uvre et j&rsquo;esp\u00e8re que les proc\u00e9dures que nous mettrons en place ne seront pas de simples votes, mais apporteront un changement radical dans la mani\u00e8re de communiquer.\u00a0\u00bb <\/p>\n<p>Le pasteur Maxson a ajout\u00e9 : \u00ab\u00a0Cela ne consiste pas \u00e0 ajouter quelque chose \u00e0 la structure existante, un nouveau bureau, par exemple. Il s&rsquo;agit de faire prendre conscience.\u00a0\u00bb <\/p>\n<p>Le rapport contient des suggestions pour une meilleure communication sur l&#8217;emploi des offrandes. Il comprend : l&rsquo;exp\u00e9dition de courriers individuels pour demander des offrandes ; la mise en place d&rsquo;un Sabbat sp\u00e9cial r\u00e9serv\u00e9 aux missions, chaque ann\u00e9e ; l&rsquo;\u00e9tablissement d&rsquo;un site Internet ; l&rsquo;appui des anciens d&rsquo;\u00e9glise dans la promotion constante des offrandes de mission, la participation des pasteurs dans la planification et l&rsquo;ex\u00e9cution de nouvelles initiatives, l&rsquo;organisation de groupes de jeunes pour aider le pasteur dans cette promotion et la mise en place d&rsquo;\u00e9missions sur \u00ab\u00a0Hope Channel\u00a0\u00bb. <\/p>\n<p>Des moyens de communication, tels les annonces de l&rsquo;\u00e9glise et d&rsquo;autres m\u00e9dias laics continueront \u00e0 \u00eatre employ\u00e9s aussi. <\/p>\n<p>\u00ab\u00a0Qu&rsquo;il soit reconnu que l&rsquo;appui de la mission de l&rsquo;\u00e9glise est l&rsquo;affaire de tous les membres d&rsquo;\u00e9glise,\u00a0\u00bb d\u00e9clare-t-on dans le rapport.<\/p>\n","protected":false},"excerpt":{"rendered":"<p>Le sens de la mission et des offrandes de mission, en particulier, est \u00ab\u00a0tomb\u00e9 dans le foss\u00e9 sous diff\u00e9rents aspects,\u00a0\u00bb \u00a0<\/p>\n","protected":false},"author":1,"featured_media":0,"comment_status":"closed","ping_status":"closed","sticky":false,"template":"","format":"standard","meta":{"_acf_changed":false,"footnotes":""},"categories":[9],"tags":[],"class_list":["post-12169","post","type-post","status-publish","format-standard","hentry","category-archive-fr"],"acf":[],"yoast_head":"<!-- This site is optimized with the Yoast SEO plugin v27.3 - https:\/\/yoast.com\/product\/yoast-seo-wordpress\/ -->\n<title>Les dirigeants de l&#039;Eglise Mondiale revoient le Programme de la Mission\u00a0 - \u00c9glise Adventiste Du Septieme Jour - Inter Am\u00e9rique Division<\/title>\n<meta name=\"robots\" content=\"index, follow, max-snippet:-1, max-image-preview:large, max-video-preview:-1\" \/>\n<link rel=\"canonical\" href=\"https:\/\/interamerica.org\/fr\/2004\/04\/les-dirigeants-de-leglise-mondiale-revoient-le-programme-de-la-mission\/\" \/>\n<meta property=\"og:locale\" content=\"fr_FR\" \/>\n<meta property=\"og:type\" content=\"article\" \/>\n<meta property=\"og:title\" content=\"Les dirigeants de l&#039;Eglise Mondiale revoient le Programme de la Mission\u00a0 - \u00c9glise Adventiste Du Septieme Jour - Inter Am\u00e9rique Division\" \/>\n<meta property=\"og:description\" content=\"Le sens de la mission et des offrandes de mission, en particulier, est &quot;tomb\u00e9 dans le foss\u00e9 sous diff\u00e9rents aspects,&quot; \u00a0\" \/>\n<meta property=\"og:url\" content=\"https:\/\/interamerica.org\/fr\/2004\/04\/les-dirigeants-de-leglise-mondiale-revoient-le-programme-de-la-mission\/\" \/>\n<meta property=\"og:site_name\" content=\"\u00c9glise Adventiste Du Septieme Jour - Inter Am\u00e9rique Division\" \/>\n<meta property=\"article:published_time\" content=\"2004-04-15T04:00:00+00:00\" \/>\n<meta property=\"article:modified_time\" content=\"2017-06-02T17:22:05+00:00\" \/>\n<meta name=\"author\" content=\"Lorenzo Verduzco\" \/>\n<meta name=\"twitter:card\" content=\"summary_large_image\" \/>\n<meta name=\"twitter:label1\" content=\"\u00c9crit par\" \/>\n\t<meta name=\"twitter:data1\" content=\"Lorenzo Verduzco\" \/>\n\t<meta name=\"twitter:label2\" content=\"Dur\u00e9e de lecture estim\u00e9e\" \/>\n\t<meta name=\"twitter:data2\" content=\"4 minutes\" \/>\n<script type=\"application\/ld+json\" class=\"yoast-schema-graph\">{\"@context\":\"https:\\\/\\\/schema.org\",\"@graph\":[{\"@type\":\"Article\",\"@id\":\"https:\\\/\\\/interamerica.org\\\/fr\\\/2004\\\/04\\\/les-dirigeants-de-leglise-mondiale-revoient-le-programme-de-la-mission\\\/#article\",\"isPartOf\":{\"@id\":\"https:\\\/\\\/interamerica.org\\\/fr\\\/2004\\\/04\\\/les-dirigeants-de-leglise-mondiale-revoient-le-programme-de-la-mission\\\/\"},\"author\":{\"name\":\"Lorenzo Verduzco\",\"@id\":\"https:\\\/\\\/interamerica.org\\\/fr\\\/#\\\/schema\\\/person\\\/68ede8bdc292885bb76c1e3810e73c39\"},\"headline\":\"Les dirigeants de l&rsquo;Eglise Mondiale revoient le Programme de la Mission\u00a0\",\"datePublished\":\"2004-04-15T04:00:00+00:00\",\"dateModified\":\"2017-06-02T17:22:05+00:00\",\"mainEntityOfPage\":{\"@id\":\"https:\\\/\\\/interamerica.org\\\/fr\\\/2004\\\/04\\\/les-dirigeants-de-leglise-mondiale-revoient-le-programme-de-la-mission\\\/\"},\"wordCount\":898,\"articleSection\":[\"Archive\"],\"inLanguage\":\"fr-FR\"},{\"@type\":\"WebPage\",\"@id\":\"https:\\\/\\\/interamerica.org\\\/fr\\\/2004\\\/04\\\/les-dirigeants-de-leglise-mondiale-revoient-le-programme-de-la-mission\\\/\",\"url\":\"https:\\\/\\\/interamerica.org\\\/fr\\\/2004\\\/04\\\/les-dirigeants-de-leglise-mondiale-revoient-le-programme-de-la-mission\\\/\",\"name\":\"Les dirigeants de l'Eglise Mondiale revoient le Programme de la Mission\u00a0 - \u00c9glise Adventiste Du Septieme Jour - Inter Am\u00e9rique Division\",\"isPartOf\":{\"@id\":\"https:\\\/\\\/interamerica.org\\\/fr\\\/#website\"},\"datePublished\":\"2004-04-15T04:00:00+00:00\",\"dateModified\":\"2017-06-02T17:22:05+00:00\",\"author\":{\"@id\":\"https:\\\/\\\/interamerica.org\\\/fr\\\/#\\\/schema\\\/person\\\/68ede8bdc292885bb76c1e3810e73c39\"},\"breadcrumb\":{\"@id\":\"https:\\\/\\\/interamerica.org\\\/fr\\\/2004\\\/04\\\/les-dirigeants-de-leglise-mondiale-revoient-le-programme-de-la-mission\\\/#breadcrumb\"},\"inLanguage\":\"fr-FR\",\"potentialAction\":[{\"@type\":\"ReadAction\",\"target\":[\"https:\\\/\\\/interamerica.org\\\/fr\\\/2004\\\/04\\\/les-dirigeants-de-leglise-mondiale-revoient-le-programme-de-la-mission\\\/\"]}]},{\"@type\":\"BreadcrumbList\",\"@id\":\"https:\\\/\\\/interamerica.org\\\/fr\\\/2004\\\/04\\\/les-dirigeants-de-leglise-mondiale-revoient-le-programme-de-la-mission\\\/#breadcrumb\",\"itemListElement\":[{\"@type\":\"ListItem\",\"position\":1,\"name\":\"Home\",\"item\":\"https:\\\/\\\/interamerica.org\\\/fr\\\/\"},{\"@type\":\"ListItem\",\"position\":2,\"name\":\"Les dirigeants de l&rsquo;Eglise Mondiale revoient le Programme de la Mission\u00a0\"}]},{\"@type\":\"WebSite\",\"@id\":\"https:\\\/\\\/interamerica.org\\\/fr\\\/#website\",\"url\":\"https:\\\/\\\/interamerica.org\\\/fr\\\/\",\"name\":\"\u00c9glise Adventiste Du Septieme Jour - Inter Am\u00e9rique Division\",\"description\":\"\",\"potentialAction\":[{\"@type\":\"SearchAction\",\"target\":{\"@type\":\"EntryPoint\",\"urlTemplate\":\"https:\\\/\\\/interamerica.org\\\/fr\\\/?s={search_term_string}\"},\"query-input\":{\"@type\":\"PropertyValueSpecification\",\"valueRequired\":true,\"valueName\":\"search_term_string\"}}],\"inLanguage\":\"fr-FR\"},{\"@type\":\"Person\",\"@id\":\"https:\\\/\\\/interamerica.org\\\/fr\\\/#\\\/schema\\\/person\\\/68ede8bdc292885bb76c1e3810e73c39\",\"name\":\"Lorenzo Verduzco\",\"image\":{\"@type\":\"ImageObject\",\"inLanguage\":\"fr-FR\",\"@id\":\"https:\\\/\\\/secure.gravatar.com\\\/avatar\\\/fb81a55b6218459490a9c1dc841a34909185b81904c5337b4b27f7a6fd60c49e?s=96&d=mm&r=g\",\"url\":\"https:\\\/\\\/secure.gravatar.com\\\/avatar\\\/fb81a55b6218459490a9c1dc841a34909185b81904c5337b4b27f7a6fd60c49e?s=96&d=mm&r=g\",\"contentUrl\":\"https:\\\/\\\/secure.gravatar.com\\\/avatar\\\/fb81a55b6218459490a9c1dc841a34909185b81904c5337b4b27f7a6fd60c49e?s=96&d=mm&r=g\",\"caption\":\"Lorenzo Verduzco\"}}]}<\/script>\n<!-- \/ Yoast SEO plugin. -->","yoast_head_json":{"title":"Les dirigeants de l'Eglise Mondiale revoient le Programme de la Mission\u00a0 - \u00c9glise Adventiste Du Septieme Jour - Inter Am\u00e9rique Division","robots":{"index":"index","follow":"follow","max-snippet":"max-snippet:-1","max-image-preview":"max-image-preview:large","max-video-preview":"max-video-preview:-1"},"canonical":"https:\/\/interamerica.org\/fr\/2004\/04\/les-dirigeants-de-leglise-mondiale-revoient-le-programme-de-la-mission\/","og_locale":"fr_FR","og_type":"article","og_title":"Les dirigeants de l'Eglise Mondiale revoient le Programme de la Mission\u00a0 - \u00c9glise Adventiste Du Septieme Jour - Inter Am\u00e9rique Division","og_description":"Le sens de la mission et des offrandes de mission, en particulier, est \"tomb\u00e9 dans le foss\u00e9 sous diff\u00e9rents aspects,\" \u00a0","og_url":"https:\/\/interamerica.org\/fr\/2004\/04\/les-dirigeants-de-leglise-mondiale-revoient-le-programme-de-la-mission\/","og_site_name":"\u00c9glise Adventiste Du Septieme Jour - Inter Am\u00e9rique Division","article_published_time":"2004-04-15T04:00:00+00:00","article_modified_time":"2017-06-02T17:22:05+00:00","author":"Lorenzo Verduzco","twitter_card":"summary_large_image","twitter_misc":{"\u00c9crit par":"Lorenzo Verduzco","Dur\u00e9e de lecture estim\u00e9e":"4 minutes"},"schema":{"@context":"https:\/\/schema.org","@graph":[{"@type":"Article","@id":"https:\/\/interamerica.org\/fr\/2004\/04\/les-dirigeants-de-leglise-mondiale-revoient-le-programme-de-la-mission\/#article","isPartOf":{"@id":"https:\/\/interamerica.org\/fr\/2004\/04\/les-dirigeants-de-leglise-mondiale-revoient-le-programme-de-la-mission\/"},"author":{"name":"Lorenzo Verduzco","@id":"https:\/\/interamerica.org\/fr\/#\/schema\/person\/68ede8bdc292885bb76c1e3810e73c39"},"headline":"Les dirigeants de l&rsquo;Eglise Mondiale revoient le Programme de la Mission\u00a0","datePublished":"2004-04-15T04:00:00+00:00","dateModified":"2017-06-02T17:22:05+00:00","mainEntityOfPage":{"@id":"https:\/\/interamerica.org\/fr\/2004\/04\/les-dirigeants-de-leglise-mondiale-revoient-le-programme-de-la-mission\/"},"wordCount":898,"articleSection":["Archive"],"inLanguage":"fr-FR"},{"@type":"WebPage","@id":"https:\/\/interamerica.org\/fr\/2004\/04\/les-dirigeants-de-leglise-mondiale-revoient-le-programme-de-la-mission\/","url":"https:\/\/interamerica.org\/fr\/2004\/04\/les-dirigeants-de-leglise-mondiale-revoient-le-programme-de-la-mission\/","name":"Les dirigeants de l'Eglise Mondiale revoient le Programme de la Mission\u00a0 - \u00c9glise Adventiste Du Septieme Jour - Inter Am\u00e9rique Division","isPartOf":{"@id":"https:\/\/interamerica.org\/fr\/#website"},"datePublished":"2004-04-15T04:00:00+00:00","dateModified":"2017-06-02T17:22:05+00:00","author":{"@id":"https:\/\/interamerica.org\/fr\/#\/schema\/person\/68ede8bdc292885bb76c1e3810e73c39"},"breadcrumb":{"@id":"https:\/\/interamerica.org\/fr\/2004\/04\/les-dirigeants-de-leglise-mondiale-revoient-le-programme-de-la-mission\/#breadcrumb"},"inLanguage":"fr-FR","potentialAction":[{"@type":"ReadAction","target":["https:\/\/interamerica.org\/fr\/2004\/04\/les-dirigeants-de-leglise-mondiale-revoient-le-programme-de-la-mission\/"]}]},{"@type":"BreadcrumbList","@id":"https:\/\/interamerica.org\/fr\/2004\/04\/les-dirigeants-de-leglise-mondiale-revoient-le-programme-de-la-mission\/#breadcrumb","itemListElement":[{"@type":"ListItem","position":1,"name":"Home","item":"https:\/\/interamerica.org\/fr\/"},{"@type":"ListItem","position":2,"name":"Les dirigeants de l&rsquo;Eglise Mondiale revoient le Programme de la Mission\u00a0"}]},{"@type":"WebSite","@id":"https:\/\/interamerica.org\/fr\/#website","url":"https:\/\/interamerica.org\/fr\/","name":"\u00c9glise Adventiste Du Septieme Jour - Inter Am\u00e9rique Division","description":"","potentialAction":[{"@type":"SearchAction","target":{"@type":"EntryPoint","urlTemplate":"https:\/\/interamerica.org\/fr\/?s={search_term_string}"},"query-input":{"@type":"PropertyValueSpecification","valueRequired":true,"valueName":"search_term_string"}}],"inLanguage":"fr-FR"},{"@type":"Person","@id":"https:\/\/interamerica.org\/fr\/#\/schema\/person\/68ede8bdc292885bb76c1e3810e73c39","name":"Lorenzo Verduzco","image":{"@type":"ImageObject","inLanguage":"fr-FR","@id":"https:\/\/secure.gravatar.com\/avatar\/fb81a55b6218459490a9c1dc841a34909185b81904c5337b4b27f7a6fd60c49e?s=96&d=mm&r=g","url":"https:\/\/secure.gravatar.com\/avatar\/fb81a55b6218459490a9c1dc841a34909185b81904c5337b4b27f7a6fd60c49e?s=96&d=mm&r=g","contentUrl":"https:\/\/secure.gravatar.com\/avatar\/fb81a55b6218459490a9c1dc841a34909185b81904c5337b4b27f7a6fd60c49e?s=96&d=mm&r=g","caption":"Lorenzo Verduzco"}}]}},"_links":{"self":[{"href":"https:\/\/interamerica.org\/fr\/wp-json\/wp\/v2\/posts\/12169","targetHints":{"allow":["GET"]}}],"collection":[{"href":"https:\/\/interamerica.org\/fr\/wp-json\/wp\/v2\/posts"}],"about":[{"href":"https:\/\/interamerica.org\/fr\/wp-json\/wp\/v2\/types\/post"}],"author":[{"embeddable":true,"href":"https:\/\/interamerica.org\/fr\/wp-json\/wp\/v2\/users\/1"}],"replies":[{"embeddable":true,"href":"https:\/\/interamerica.org\/fr\/wp-json\/wp\/v2\/comments?post=12169"}],"version-history":[{"count":0,"href":"https:\/\/interamerica.org\/fr\/wp-json\/wp\/v2\/posts\/12169\/revisions"}],"wp:attachment":[{"href":"https:\/\/interamerica.org\/fr\/wp-json\/wp\/v2\/media?parent=12169"}],"wp:term":[{"taxonomy":"category","embeddable":true,"href":"https:\/\/interamerica.org\/fr\/wp-json\/wp\/v2\/categories?post=12169"},{"taxonomy":"post_tag","embeddable":true,"href":"https:\/\/interamerica.org\/fr\/wp-json\/wp\/v2\/tags?post=12169"}],"curies":[{"name":"wp","href":"https:\/\/api.w.org\/{rel}","templated":true}]}}