{"id":12178,"date":"2004-04-30T00:00:00","date_gmt":"2004-04-30T04:00:00","guid":{"rendered":"http:\/\/192.81.217.108\/interamerica\/2004\/04\/fin-de-la-semaine-annuelle-de-priere-au-siege-de-la-dia\/"},"modified":"2017-06-02T13:21:58","modified_gmt":"2017-06-02T17:21:58","slug":"fin-de-la-semaine-annuelle-de-priere-au-siege-de-la-dia","status":"publish","type":"post","link":"https:\/\/interamerica.org\/fr\/2004\/04\/fin-de-la-semaine-annuelle-de-priere-au-siege-de-la-dia\/","title":{"rendered":"Fin de la semaine annuelle de\u00a0pri\u00e8re au si\u00e8ge\u00a0de la DIA"},"content":{"rendered":"<p>Miami, Floride, Etats-Unis&#8230; [Libna Stevens\/IAD]<\/p>\n<p>L&rsquo;orateur invit\u00e9 pour cette ann\u00e9e \u00e9tait le docteur Agniel Samson, un professeur \u00e0 l&rsquo;universit\u00e9 d&rsquo;Oakwood (Oakwood College) en Alabama, Etats-Unis.\u00a0 Dr. Samson a parl\u00e9 chaque matin au\u00a0 service d&rsquo;adoration dans l&rsquo;auditorium de la DIA sur la fa\u00e7on dont nous, comme chr\u00e9tiens, devons faire confiance et chercher\u00a0 Dieu dans chaque situation \u00e0\u00a0 laquelle nous faisons face, m\u00eame lorsque J\u00e9sus semble absent de nos vies.<\/p>\n<p>Au sujet du th\u00e8me, \u00ab\u00a0Vous verrez la gloire de Dieu,\u00a0\u00bb Dr. Samson\u00a0a parl\u00e9 des miracles que J\u00e9sus a faits et les le\u00e7ons que nous pouvons en tirer; \u00ab\u00a0chaque fois que J\u00e9sus\u00a0 faisait\u00a0 face \u00e0 un probl\u00e8me, il le r\u00e9solvait toujours; en cons\u00e9quence, il peut faire la m\u00eame chose pour vous,\u00a0\u00bb dit-il.\u00a0<\/p>\n<p>Les employ\u00e9s de la DIA ont pu participer \u00e0 des ex\u00e9cutions musicales pendant la semaine.\u00a0<\/p>\n<p>Dr. Elie Henry, directeur des ressources humaines a dit que, la semaine annuelle de la pri\u00e8re en avril, est un temps pour tous les employ\u00e9s de la DIA qui voyagent et ceux qui ne voyagent pas aussi bien, pour venir ensemble pendant un temps de camaraderie et de rafra\u00eechissement spirituel.<\/p>\n","protected":false},"excerpt":{"rendered":"<p>La Division Interam\u00e9ricaine a conclu sa semaine annuelle de pri\u00e8re pour les membres de son personnel avec un service sp\u00e9cial de Sabbat et un d\u00e9jeuner sp\u00e9cial\u00a0le 24\u00a0avril dernier.<\/p>\n","protected":false},"author":1,"featured_media":0,"comment_status":"closed","ping_status":"closed","sticky":false,"template":"","format":"standard","meta":{"_acf_changed":false,"footnotes":""},"categories":[9],"tags":[],"class_list":["post-12178","post","type-post","status-publish","format-standard","hentry","category-archive-fr"],"acf":[],"yoast_head":"<!-- This site is optimized with the Yoast SEO plugin v27.3 - https:\/\/yoast.com\/product\/yoast-seo-wordpress\/ -->\n<title>Fin de la semaine annuelle de\u00a0pri\u00e8re au si\u00e8ge\u00a0de la DIA - \u00c9glise Adventiste Du Septieme Jour - Inter Am\u00e9rique Division<\/title>\n<meta name=\"robots\" content=\"index, follow, max-snippet:-1, max-image-preview:large, max-video-preview:-1\" \/>\n<link rel=\"canonical\" href=\"https:\/\/interamerica.org\/fr\/2004\/04\/fin-de-la-semaine-annuelle-de-priere-au-siege-de-la-dia\/\" \/>\n<meta property=\"og:locale\" content=\"fr_FR\" \/>\n<meta property=\"og:type\" content=\"article\" \/>\n<meta property=\"og:title\" content=\"Fin de la semaine annuelle de\u00a0pri\u00e8re au si\u00e8ge\u00a0de la DIA - \u00c9glise Adventiste Du Septieme Jour - Inter Am\u00e9rique Division\" \/>\n<meta property=\"og:description\" content=\"La Division Interam\u00e9ricaine a conclu sa semaine annuelle de pri\u00e8re pour les membres de son personnel avec un service sp\u00e9cial de Sabbat et un d\u00e9jeuner sp\u00e9cial\u00a0le 24\u00a0avril dernier.\" \/>\n<meta property=\"og:url\" content=\"https:\/\/interamerica.org\/fr\/2004\/04\/fin-de-la-semaine-annuelle-de-priere-au-siege-de-la-dia\/\" \/>\n<meta property=\"og:site_name\" content=\"\u00c9glise Adventiste Du Septieme Jour - Inter Am\u00e9rique Division\" \/>\n<meta property=\"article:published_time\" content=\"2004-04-30T04:00:00+00:00\" \/>\n<meta property=\"article:modified_time\" content=\"2017-06-02T17:21:58+00:00\" \/>\n<meta name=\"author\" content=\"Lorenzo Verduzco\" \/>\n<meta name=\"twitter:card\" content=\"summary_large_image\" \/>\n<meta name=\"twitter:label1\" content=\"\u00c9crit par\" \/>\n\t<meta name=\"twitter:data1\" content=\"Lorenzo Verduzco\" \/>\n\t<meta name=\"twitter:label2\" content=\"Dur\u00e9e de lecture estim\u00e9e\" \/>\n\t<meta name=\"twitter:data2\" content=\"1 minute\" \/>\n<script type=\"application\/ld+json\" class=\"yoast-schema-graph\">{\"@context\":\"https:\\\/\\\/schema.org\",\"@graph\":[{\"@type\":\"Article\",\"@id\":\"https:\\\/\\\/interamerica.org\\\/fr\\\/2004\\\/04\\\/fin-de-la-semaine-annuelle-de-priere-au-siege-de-la-dia\\\/#article\",\"isPartOf\":{\"@id\":\"https:\\\/\\\/interamerica.org\\\/fr\\\/2004\\\/04\\\/fin-de-la-semaine-annuelle-de-priere-au-siege-de-la-dia\\\/\"},\"author\":{\"name\":\"Lorenzo Verduzco\",\"@id\":\"https:\\\/\\\/interamerica.org\\\/fr\\\/#\\\/schema\\\/person\\\/68ede8bdc292885bb76c1e3810e73c39\"},\"headline\":\"Fin de la semaine annuelle de\u00a0pri\u00e8re au si\u00e8ge\u00a0de la DIA\",\"datePublished\":\"2004-04-30T04:00:00+00:00\",\"dateModified\":\"2017-06-02T17:21:58+00:00\",\"mainEntityOfPage\":{\"@id\":\"https:\\\/\\\/interamerica.org\\\/fr\\\/2004\\\/04\\\/fin-de-la-semaine-annuelle-de-priere-au-siege-de-la-dia\\\/\"},\"wordCount\":219,\"articleSection\":[\"Archive\"],\"inLanguage\":\"fr-FR\"},{\"@type\":\"WebPage\",\"@id\":\"https:\\\/\\\/interamerica.org\\\/fr\\\/2004\\\/04\\\/fin-de-la-semaine-annuelle-de-priere-au-siege-de-la-dia\\\/\",\"url\":\"https:\\\/\\\/interamerica.org\\\/fr\\\/2004\\\/04\\\/fin-de-la-semaine-annuelle-de-priere-au-siege-de-la-dia\\\/\",\"name\":\"Fin de la semaine annuelle de\u00a0pri\u00e8re au si\u00e8ge\u00a0de la DIA - \u00c9glise Adventiste Du Septieme Jour - Inter Am\u00e9rique Division\",\"isPartOf\":{\"@id\":\"https:\\\/\\\/interamerica.org\\\/fr\\\/#website\"},\"datePublished\":\"2004-04-30T04:00:00+00:00\",\"dateModified\":\"2017-06-02T17:21:58+00:00\",\"author\":{\"@id\":\"https:\\\/\\\/interamerica.org\\\/fr\\\/#\\\/schema\\\/person\\\/68ede8bdc292885bb76c1e3810e73c39\"},\"breadcrumb\":{\"@id\":\"https:\\\/\\\/interamerica.org\\\/fr\\\/2004\\\/04\\\/fin-de-la-semaine-annuelle-de-priere-au-siege-de-la-dia\\\/#breadcrumb\"},\"inLanguage\":\"fr-FR\",\"potentialAction\":[{\"@type\":\"ReadAction\",\"target\":[\"https:\\\/\\\/interamerica.org\\\/fr\\\/2004\\\/04\\\/fin-de-la-semaine-annuelle-de-priere-au-siege-de-la-dia\\\/\"]}]},{\"@type\":\"BreadcrumbList\",\"@id\":\"https:\\\/\\\/interamerica.org\\\/fr\\\/2004\\\/04\\\/fin-de-la-semaine-annuelle-de-priere-au-siege-de-la-dia\\\/#breadcrumb\",\"itemListElement\":[{\"@type\":\"ListItem\",\"position\":1,\"name\":\"Home\",\"item\":\"https:\\\/\\\/interamerica.org\\\/fr\\\/\"},{\"@type\":\"ListItem\",\"position\":2,\"name\":\"Fin de la semaine annuelle de\u00a0pri\u00e8re au si\u00e8ge\u00a0de la DIA\"}]},{\"@type\":\"WebSite\",\"@id\":\"https:\\\/\\\/interamerica.org\\\/fr\\\/#website\",\"url\":\"https:\\\/\\\/interamerica.org\\\/fr\\\/\",\"name\":\"\u00c9glise Adventiste Du Septieme Jour - Inter Am\u00e9rique Division\",\"description\":\"\",\"potentialAction\":[{\"@type\":\"SearchAction\",\"target\":{\"@type\":\"EntryPoint\",\"urlTemplate\":\"https:\\\/\\\/interamerica.org\\\/fr\\\/?s={search_term_string}\"},\"query-input\":{\"@type\":\"PropertyValueSpecification\",\"valueRequired\":true,\"valueName\":\"search_term_string\"}}],\"inLanguage\":\"fr-FR\"},{\"@type\":\"Person\",\"@id\":\"https:\\\/\\\/interamerica.org\\\/fr\\\/#\\\/schema\\\/person\\\/68ede8bdc292885bb76c1e3810e73c39\",\"name\":\"Lorenzo Verduzco\",\"image\":{\"@type\":\"ImageObject\",\"inLanguage\":\"fr-FR\",\"@id\":\"https:\\\/\\\/secure.gravatar.com\\\/avatar\\\/fb81a55b6218459490a9c1dc841a34909185b81904c5337b4b27f7a6fd60c49e?s=96&d=mm&r=g\",\"url\":\"https:\\\/\\\/secure.gravatar.com\\\/avatar\\\/fb81a55b6218459490a9c1dc841a34909185b81904c5337b4b27f7a6fd60c49e?s=96&d=mm&r=g\",\"contentUrl\":\"https:\\\/\\\/secure.gravatar.com\\\/avatar\\\/fb81a55b6218459490a9c1dc841a34909185b81904c5337b4b27f7a6fd60c49e?s=96&d=mm&r=g\",\"caption\":\"Lorenzo Verduzco\"}}]}<\/script>\n<!-- \/ Yoast SEO plugin. -->","yoast_head_json":{"title":"Fin de la semaine annuelle de\u00a0pri\u00e8re au si\u00e8ge\u00a0de la DIA - \u00c9glise Adventiste Du Septieme Jour - Inter Am\u00e9rique Division","robots":{"index":"index","follow":"follow","max-snippet":"max-snippet:-1","max-image-preview":"max-image-preview:large","max-video-preview":"max-video-preview:-1"},"canonical":"https:\/\/interamerica.org\/fr\/2004\/04\/fin-de-la-semaine-annuelle-de-priere-au-siege-de-la-dia\/","og_locale":"fr_FR","og_type":"article","og_title":"Fin de la semaine annuelle de\u00a0pri\u00e8re au si\u00e8ge\u00a0de la DIA - \u00c9glise Adventiste Du Septieme Jour - Inter Am\u00e9rique Division","og_description":"La Division Interam\u00e9ricaine a conclu sa semaine annuelle de pri\u00e8re pour les membres de son personnel avec un service sp\u00e9cial de Sabbat et un d\u00e9jeuner sp\u00e9cial\u00a0le 24\u00a0avril dernier.","og_url":"https:\/\/interamerica.org\/fr\/2004\/04\/fin-de-la-semaine-annuelle-de-priere-au-siege-de-la-dia\/","og_site_name":"\u00c9glise Adventiste Du Septieme Jour - Inter Am\u00e9rique Division","article_published_time":"2004-04-30T04:00:00+00:00","article_modified_time":"2017-06-02T17:21:58+00:00","author":"Lorenzo Verduzco","twitter_card":"summary_large_image","twitter_misc":{"\u00c9crit par":"Lorenzo Verduzco","Dur\u00e9e de lecture estim\u00e9e":"1 minute"},"schema":{"@context":"https:\/\/schema.org","@graph":[{"@type":"Article","@id":"https:\/\/interamerica.org\/fr\/2004\/04\/fin-de-la-semaine-annuelle-de-priere-au-siege-de-la-dia\/#article","isPartOf":{"@id":"https:\/\/interamerica.org\/fr\/2004\/04\/fin-de-la-semaine-annuelle-de-priere-au-siege-de-la-dia\/"},"author":{"name":"Lorenzo Verduzco","@id":"https:\/\/interamerica.org\/fr\/#\/schema\/person\/68ede8bdc292885bb76c1e3810e73c39"},"headline":"Fin de la semaine annuelle de\u00a0pri\u00e8re au si\u00e8ge\u00a0de la DIA","datePublished":"2004-04-30T04:00:00+00:00","dateModified":"2017-06-02T17:21:58+00:00","mainEntityOfPage":{"@id":"https:\/\/interamerica.org\/fr\/2004\/04\/fin-de-la-semaine-annuelle-de-priere-au-siege-de-la-dia\/"},"wordCount":219,"articleSection":["Archive"],"inLanguage":"fr-FR"},{"@type":"WebPage","@id":"https:\/\/interamerica.org\/fr\/2004\/04\/fin-de-la-semaine-annuelle-de-priere-au-siege-de-la-dia\/","url":"https:\/\/interamerica.org\/fr\/2004\/04\/fin-de-la-semaine-annuelle-de-priere-au-siege-de-la-dia\/","name":"Fin de la semaine annuelle de\u00a0pri\u00e8re au si\u00e8ge\u00a0de la DIA - \u00c9glise Adventiste Du Septieme Jour - Inter Am\u00e9rique Division","isPartOf":{"@id":"https:\/\/interamerica.org\/fr\/#website"},"datePublished":"2004-04-30T04:00:00+00:00","dateModified":"2017-06-02T17:21:58+00:00","author":{"@id":"https:\/\/interamerica.org\/fr\/#\/schema\/person\/68ede8bdc292885bb76c1e3810e73c39"},"breadcrumb":{"@id":"https:\/\/interamerica.org\/fr\/2004\/04\/fin-de-la-semaine-annuelle-de-priere-au-siege-de-la-dia\/#breadcrumb"},"inLanguage":"fr-FR","potentialAction":[{"@type":"ReadAction","target":["https:\/\/interamerica.org\/fr\/2004\/04\/fin-de-la-semaine-annuelle-de-priere-au-siege-de-la-dia\/"]}]},{"@type":"BreadcrumbList","@id":"https:\/\/interamerica.org\/fr\/2004\/04\/fin-de-la-semaine-annuelle-de-priere-au-siege-de-la-dia\/#breadcrumb","itemListElement":[{"@type":"ListItem","position":1,"name":"Home","item":"https:\/\/interamerica.org\/fr\/"},{"@type":"ListItem","position":2,"name":"Fin de la semaine annuelle de\u00a0pri\u00e8re au si\u00e8ge\u00a0de la DIA"}]},{"@type":"WebSite","@id":"https:\/\/interamerica.org\/fr\/#website","url":"https:\/\/interamerica.org\/fr\/","name":"\u00c9glise Adventiste Du Septieme Jour - Inter Am\u00e9rique Division","description":"","potentialAction":[{"@type":"SearchAction","target":{"@type":"EntryPoint","urlTemplate":"https:\/\/interamerica.org\/fr\/?s={search_term_string}"},"query-input":{"@type":"PropertyValueSpecification","valueRequired":true,"valueName":"search_term_string"}}],"inLanguage":"fr-FR"},{"@type":"Person","@id":"https:\/\/interamerica.org\/fr\/#\/schema\/person\/68ede8bdc292885bb76c1e3810e73c39","name":"Lorenzo Verduzco","image":{"@type":"ImageObject","inLanguage":"fr-FR","@id":"https:\/\/secure.gravatar.com\/avatar\/fb81a55b6218459490a9c1dc841a34909185b81904c5337b4b27f7a6fd60c49e?s=96&d=mm&r=g","url":"https:\/\/secure.gravatar.com\/avatar\/fb81a55b6218459490a9c1dc841a34909185b81904c5337b4b27f7a6fd60c49e?s=96&d=mm&r=g","contentUrl":"https:\/\/secure.gravatar.com\/avatar\/fb81a55b6218459490a9c1dc841a34909185b81904c5337b4b27f7a6fd60c49e?s=96&d=mm&r=g","caption":"Lorenzo Verduzco"}}]}},"_links":{"self":[{"href":"https:\/\/interamerica.org\/fr\/wp-json\/wp\/v2\/posts\/12178","targetHints":{"allow":["GET"]}}],"collection":[{"href":"https:\/\/interamerica.org\/fr\/wp-json\/wp\/v2\/posts"}],"about":[{"href":"https:\/\/interamerica.org\/fr\/wp-json\/wp\/v2\/types\/post"}],"author":[{"embeddable":true,"href":"https:\/\/interamerica.org\/fr\/wp-json\/wp\/v2\/users\/1"}],"replies":[{"embeddable":true,"href":"https:\/\/interamerica.org\/fr\/wp-json\/wp\/v2\/comments?post=12178"}],"version-history":[{"count":0,"href":"https:\/\/interamerica.org\/fr\/wp-json\/wp\/v2\/posts\/12178\/revisions"}],"wp:attachment":[{"href":"https:\/\/interamerica.org\/fr\/wp-json\/wp\/v2\/media?parent=12178"}],"wp:term":[{"taxonomy":"category","embeddable":true,"href":"https:\/\/interamerica.org\/fr\/wp-json\/wp\/v2\/categories?post=12178"},{"taxonomy":"post_tag","embeddable":true,"href":"https:\/\/interamerica.org\/fr\/wp-json\/wp\/v2\/tags?post=12178"}],"curies":[{"name":"wp","href":"https:\/\/api.w.org\/{rel}","templated":true}]}}