{"id":121993,"date":"2024-11-12T11:51:07","date_gmt":"2024-11-12T16:51:07","guid":{"rendered":"https:\/\/interamerica.org\/?p=121993"},"modified":"2024-11-19T19:49:22","modified_gmt":"2024-11-20T00:49:22","slug":"toute-la-famille-en-mission-donne-le-ton-aux-rencontres-de-fin-dannee-de-la-dia","status":"publish","type":"post","link":"https:\/\/interamerica.org\/fr\/2024\/11\/toute-la-famille-en-mission-donne-le-ton-aux-rencontres-de-fin-dannee-de-la-dia\/","title":{"rendered":"\u00ab Toute la Famille en Mission \u00bb donne le ton aux rencontres de fin d\u2019ann\u00e9e de la DIA"},"content":{"rendered":"<p><div id=\"attachment_121922\" style=\"width: 877px\" class=\"wp-caption aligncenter\"><img fetchpriority=\"high\" decoding=\"async\" aria-describedby=\"caption-attachment-121922\" class=\" wp-image-121921\" src=\"https:\/\/interamerica.org\/wp-content\/uploads\/2024\/11\/allfamm-um2024-nov9.jpg\" alt=\"\" width=\"867\" height=\"521\" srcset=\"https:\/\/interamerica.org\/wp-content\/uploads\/2024\/11\/allfamm-um2024-nov9.jpg 1000w, https:\/\/interamerica.org\/wp-content\/uploads\/2024\/11\/allfamm-um2024-nov9-300x180.jpg 300w, https:\/\/interamerica.org\/wp-content\/uploads\/2024\/11\/allfamm-um2024-nov9-768x462.jpg 768w\" sizes=\"(max-width: 867px) 100vw, 867px\" \/><p id=\"caption-attachment-121922\" class=\"wp-caption-text\">Un groupe d\u2019\u00e9tudiants de l\u2019Universit\u00e9 de Montemorelos chante lors de l\u2019ouverture des Rencontres de Fin d\u2019Ann\u00e9e du Comit\u00e9 Ex\u00e9cutif de la Division Inter Am\u00e9ricaine qui ont mis l\u2019accent sur les efforts li\u00e9s \u00e0 l\u2019initiative \u00ab Toute la Famille en Mission \u00bb le sabbat 9 novembre 2024, depuis Montemorelos, dans le Nuevo Leon, au Mexique. [Photo : Libna Stevens\/DIA]<\/p><\/div><em>Les principaux dirigeants de l\u2019\u00c9glise montrent l\u2019impact cr\u00e9\u00e9 sur le territoire alors que l\u2019initiative phare s\u2019\u00e9tend sur l\u2019ensemble du territoire. <\/em><\/p>\n<p>11 Novembre 2024 | Montemorelos, Nuevo Leon, Mexique | Libna Stevens, Actualit\u00e9s de la Division Inter Am\u00e9ricaine<\/p>\n<p>Les Rencontres de Fin d\u2019Ann\u00e9e du Comit\u00e9 Ex\u00e9cutif de la Division Inter Am\u00e9ricaine (DIA) ont d\u00e9but\u00e9 ce week-end avec un programme sp\u00e9cial de sabbat en ligne depuis Montemorelos, au Mexique, pendant lequel ont \u00e9t\u00e9 c\u00e9l\u00e9br\u00e9es les initiatives et activit\u00e9s missionnaires qui ont mobilis\u00e9 des milliers d\u2019adventistes du septi\u00e8me jour dans la proclamation de l\u2019\u00e9vangile sur tout le territoire.<\/p>\n<p>Le programme retransmis en direct a r\u00e9uni plus de 150 administrateurs de l\u2019\u00e9glise, des responsables de d\u00e9partement, des pasteurs, des la\u00efcs et des membres du comit\u00e9 ex\u00e9cutif, ainsi que des centaines de membres des \u00e9glises locales, qui se sont retrouv\u00e9s \u00e0 la fois \u00e0 l\u2019\u00e9glise adventiste sur le campus de l\u2019Universit\u00e9 de Montemorelos et en ligne le 9 novembre 2024.<\/p>\n<p><div id=\"attachment_121932\" style=\"width: 878px\" class=\"wp-caption aligncenter\"><img decoding=\"async\" aria-describedby=\"caption-attachment-121932\" class=\" wp-image-121931\" src=\"https:\/\/interamerica.org\/wp-content\/uploads\/2024\/11\/ismael-castillo-um-misael-castaneda.jpg\" alt=\"\" width=\"868\" height=\"585\" srcset=\"https:\/\/interamerica.org\/wp-content\/uploads\/2024\/11\/ismael-castillo-um-misael-castaneda.jpg 1000w, https:\/\/interamerica.org\/wp-content\/uploads\/2024\/11\/ismael-castillo-um-misael-castaneda-300x202.jpg 300w, https:\/\/interamerica.org\/wp-content\/uploads\/2024\/11\/ismael-castillo-um-misael-castaneda-768x518.jpg 768w\" sizes=\"(max-width: 868px) 100vw, 868px\" \/><p id=\"caption-attachment-121932\" class=\"wp-caption-text\">Le pr\u00e9sident de l\u2019Universit\u00e9 de Montemorelos, Ismael Castillo (\u00e0 droite), accueille les dirigeants et les membres du comit\u00e9 ex\u00e9cutif lors du programme sp\u00e9cial du sabbat retransmis en direct sous les yeux du pasteur Misael Casta\u00f1eda (\u00e0 gauche), pasteur de l\u2019\u00e9glise adventiste sur le campus. [Photo : Libna Stevens\/DIA]<\/p><\/div>\u00ab Nous sommes ici pour c\u00e9l\u00e9brer, souligner et expliquer le plan strat\u00e9gique \u00ab Toute la Famille en Mission, \u00bb qui a \u00e9t\u00e9 mis en place sur tout le territoire de la DIA cette ann\u00e9e, \u00bb a d\u00e9clar\u00e9 le pasteur Balvin Braham, vice-pr\u00e9sident de la DIA, charg\u00e9 de superviser l\u2019\u00e9vang\u00e9lisation, alors que le programme d\u00e9butait.<\/p>\n<p>L\u2019initiative \u00ab Toute la Famille en Mission \u00bb vise \u00e0 impliquer les membres d\u2019\u00e9glise dans des efforts d\u2019\u00e9vang\u00e9lisation personnelle et publique en pr\u00e9paration du retour prochain de J\u00e9sus.<\/p>\n<p>Le programme de trois heures avait pour objectif de servir de cri de ralliement afin de cr\u00e9er une dynamique, alors que l\u2019initiative de cinq ans doit s\u2019achever l\u2019ann\u00e9e prochaine, a d\u00e9clar\u00e9 Balvin Braham.<\/p>\n<p><div id=\"attachment_121898\" style=\"width: 880px\" class=\"wp-caption aligncenter\"><img decoding=\"async\" aria-describedby=\"caption-attachment-121898\" class=\" wp-image-121897\" src=\"https:\/\/interamerica.org\/wp-content\/uploads\/2024\/11\/alfam-audience-umchurch.jpg\" alt=\"\" width=\"870\" height=\"580\" srcset=\"https:\/\/interamerica.org\/wp-content\/uploads\/2024\/11\/alfam-audience-umchurch.jpg 1000w, https:\/\/interamerica.org\/wp-content\/uploads\/2024\/11\/alfam-audience-umchurch-300x200.jpg 300w, https:\/\/interamerica.org\/wp-content\/uploads\/2024\/11\/alfam-audience-umchurch-768x512.jpg 768w\" sizes=\"(max-width: 870px) 100vw, 870px\" \/><p id=\"caption-attachment-121898\" class=\"wp-caption-text\">Plus de 1000 membres d\u2019\u00e9glise ont rempli l\u2019\u00e9glise adventiste du campus de Montemorelos pour participer au programme sp\u00e9cial \u00ab Toute la Famille en Mission \u00bb, le samedi 9 novembre 2024. [Photo : Libna Stevens\/DIA]<\/p><\/div><strong>R\u00e9alisations de l\u2019initiative missionnaire <\/strong><\/p>\n<p>Les uns apr\u00e8s les autres, les coordinateurs de l\u2019\u00e9vang\u00e9lisation et les administrateurs d\u2019union ont parl\u00e9 de la mani\u00e8re dont les membres d\u2019\u00e9glise servent la communaut\u00e9, grandissent en tant que disciples fid\u00e8les, proclament l\u2019\u00e9vangile et r\u00e9coltent les fruits de leurs efforts dans l\u2019\u00e9vang\u00e9lisation.<\/p>\n<p>\u00ab Nous avons motiv\u00e9 nos membres \u00e0 prendre part au je\u00fbne et \u00e0 la pri\u00e8re, et nous les avons encourag\u00e9s \u00e0 se plonger dans l\u2019\u00e9tude de la Bible et \u00e0 servir la communaut\u00e9 en distribuant des articles de premi\u00e8re n\u00e9cessit\u00e9 et en proposant un soutien en mati\u00e8re de sant\u00e9 mentale, \u00bb a d\u00e9clar\u00e9 pasteur Felipe Dom\u00ednguez, coordinateur de l\u2019\u00e9vang\u00e9lisation pour l\u2019Union Mexicaine du Sud-Est.<\/p>\n<p>Dans l\u2019Union Mexicaine Inter Oc\u00e9anique, des milliers de membres d\u2019\u00e9glise ont donn\u00e9 des \u00e9tudes bibliques dans leurs petits groupes chaque semaine, a d\u00e9clar\u00e9 Martin Olvera, coordinateur de l\u2019\u00e9vang\u00e9lisation de l\u2019union. Jusqu\u2019\u00e0 pr\u00e9sent cette ann\u00e9e, pr\u00e8s de 50000 \u00e9tudes bibliques ont \u00e9t\u00e9 donn\u00e9es, contribuant \u00e0 amener plus de 14000 bapt\u00eames, 100 nouvelles \u00e9coles du sabbat et 80 nouvelles \u00e9glises organis\u00e9es, ont d\u00e9clar\u00e9 les administrateurs de l\u2019union.<\/p>\n<p><div id=\"attachment_121916\" style=\"width: 859px\" class=\"wp-caption aligncenter\"><img loading=\"lazy\" decoding=\"async\" aria-describedby=\"caption-attachment-121916\" class=\" wp-image-121915\" src=\"https:\/\/interamerica.org\/wp-content\/uploads\/2024\/11\/allfam-um-panel-bb.jpg\" alt=\"\" width=\"849\" height=\"566\" srcset=\"https:\/\/interamerica.org\/wp-content\/uploads\/2024\/11\/allfam-um-panel-bb.jpg 1000w, https:\/\/interamerica.org\/wp-content\/uploads\/2024\/11\/allfam-um-panel-bb-300x200.jpg 300w, https:\/\/interamerica.org\/wp-content\/uploads\/2024\/11\/allfam-um-panel-bb-768x511.jpg 768w\" sizes=\"(max-width: 849px) 100vw, 849px\" \/><p id=\"caption-attachment-121916\" class=\"wp-caption-text\">De gauche \u00e0 droite, pasteur Balvin Braham, vice-pr\u00e9sident de la Division Inter Am\u00e9ricaine, dirige un petit forum sur les initiatives \u00ab Toute la Famille en Mission \u00bb qui se d\u00e9roulent dans les \u00e9glises locales de trois unions diff\u00e9rentes au Mexique. Une partie du forum pendant le programme retransmis en direct s\u2019est d\u00e9roul\u00e9e avec les coordinateurs de l\u2019\u00e9vang\u00e9lisation des unions, pasteur Sedric G\u00f3mez de l\u2019Union Mexicaine du Nord, Felipe Dom\u00ednguez de l\u2019Union Mexicaine du Sud-Est et Mart\u00edn Olvera de l\u2019Union Mexicaine Inter Oc\u00e9anique. [Photo : Libna Stevens\/DIA]<\/p><\/div><strong>Intensifier les efforts dans la communaut\u00e9<\/strong><\/p>\n<p>Pasteur Te\u00f3filo Silvestre, pr\u00e9sident de l\u2019Union Dominicaine, a indiqu\u00e9 que huit restaurants v\u00e9g\u00e9tariens proposent des cours de vie saine et de cuisine dans le cadre d\u2019initiatives missionnaires intenses visant \u00e0 avoir un impact sur la communaut\u00e9. De plus, des brigades m\u00e9dicales dirig\u00e9es par trois \u00e9tablissements de sant\u00e9 sur l\u2019\u00eele ont servi plus de 5000 personnes jusqu\u2019ici. Trois centres d\u2019influence ont \u00e9galement aid\u00e9 des centaines de familles en r\u00e9pondant \u00e0 leurs besoins en mati\u00e8re de sant\u00e9 mentale.<\/p>\n<p>\u00ab Nous pr\u00e9voyons de continuer \u00e0 intensifier nos efforts dans la communaut\u00e9 en 2025, notamment en \u00e9tablissant 15 puits d\u2019eau dans plusieurs communaut\u00e9s n\u00e9cessiteuses, \u00bb a dit pasteur Silvestre.<\/p>\n<p>Le pr\u00e9sident de l\u2019Union de la Jama\u00efque, pasteur Everett Brown, a d\u00e9clar\u00e9 que des milliers de repas ont \u00e9t\u00e9 distribu\u00e9s par l\u2019interm\u00e9diaire des banques alimentaires g\u00e9r\u00e9es par l\u2019\u00c9glise dans le pays. \u00ab Nous voulons continuer \u00e0 \u00e9tendre notre distribution de nourriture pour atteindre encore plus de personnes dans le besoin, \u00bb a-t-il d\u00e9clar\u00e9.<\/p>\n<div id=\"attachment_121904\" style=\"width: 913px\" class=\"wp-caption aligncenter\"><img loading=\"lazy\" decoding=\"async\" aria-describedby=\"caption-attachment-121904\" class=\" wp-image-121903\" src=\"https:\/\/interamerica.org\/wp-content\/uploads\/2024\/11\/allfam-um-caporal-panel.jpg\" alt=\"\" width=\"903\" height=\"602\" srcset=\"https:\/\/interamerica.org\/wp-content\/uploads\/2024\/11\/allfam-um-caporal-panel.jpg 1000w, https:\/\/interamerica.org\/wp-content\/uploads\/2024\/11\/allfam-um-caporal-panel-300x200.jpg 300w, https:\/\/interamerica.org\/wp-content\/uploads\/2024\/11\/allfam-um-caporal-panel-768x512.jpg 768w\" sizes=\"(max-width: 903px) 100vw, 903px\" \/><p id=\"caption-attachment-121904\" class=\"wp-caption-text\">Pasteur Pierre Caporal (troisi\u00e8me \u00e0 partir de la gauche), pr\u00e9sident de l\u2019Union Ha\u00eftienne, pr\u00e9sente les minist\u00e8res d\u2019aum\u00f4nerie et les services psychologiques offerts par l\u2019union pour aider les personnes \u00e0 g\u00e9rer le stress dans un contexte de violence croissante et de d\u00e9placement de plusieurs. De gauche \u00e0 droite, les pasteurs Peter Kerr, pr\u00e9sident de l\u2019Union de la Cara\u00efbe Atlantique, Eddy-Michel Carpin, pr\u00e9sident de l\u2019Union des Antilles et de la Guyane Fran\u00e7aises et Everett Brown, pr\u00e9sident de l\u2019Union de la Jama\u00efque. Photo : Libna Stevens\/DIA]<\/p><\/div>\n<p>En Ha\u00efti, des services d\u2019aum\u00f4nerie et de psychologie ont \u00e9t\u00e9 propos\u00e9s pour aider les gens \u00e0 g\u00e9rer le stress dans un contexte de violence croissante et de d\u00e9placement de nombreuses personnes. Les dirigeants de l\u2019\u00c9glise envisagent \u00e9galement de d\u00e9velopper leurs efforts l\u2019ann\u00e9e prochaine, en proposant une aide suppl\u00e9mentaire par l\u2019interm\u00e9diaire de l\u2019Agence Adventiste de D\u00e9veloppement et de Secours (ADRA) en Ha\u00efti, ainsi qu\u2019en offrant des soins m\u00e9dicaux par le biais de l\u2019h\u00f4pital adventiste, a d\u00e9clar\u00e9 pasteur Caporal.<\/p>\n<p><strong>D\u00e9velopper l\u2019\u00e9vang\u00e9lisation <\/strong><\/p>\n<p>L\u2019Union Nord-Mexicaine pr\u00e9voit d\u00e9j\u00e0 d\u2019imprimer un petit journal sp\u00e9cial contenant des articles sur la Seconde Venue de J\u00e9sus avec pour objectif de motiver les familles adventistes \u00e0 aller vers au moins quatre familles de leurs communaut\u00e9s pour exercer un minist\u00e8re aupr\u00e8s d\u2019elles. Ils continueront \u00e9galement \u00e0 exposer un mod\u00e8le du sanctuaire et \u00e0 avoir l\u2019exposition de la Caravane de Daniel 2 sur la proph\u00e9tie de la fin des temps, sur les principales places et dans les villes, en plus des initiatives de sant\u00e9 mentale propos\u00e9es aux communaut\u00e9s tout au long de l\u2019ann\u00e9e 2025.<\/p>\n<p>Les administrateurs de l\u2019\u00c9glise ont \u00e9galement parl\u00e9 des initiatives strat\u00e9giques en cours visant \u00e0 pr\u00e9senter l\u2019\u00e9vangile \u00e0 davantage de personnes dans les mois \u00e0 venir.<\/p>\n<p><div id=\"attachment_121913\" style=\"width: 888px\" class=\"wp-caption aligncenter\"><img loading=\"lazy\" decoding=\"async\" aria-describedby=\"caption-attachment-121913\" class=\" wp-image-121912\" src=\"https:\/\/interamerica.org\/wp-content\/uploads\/2024\/11\/allfam-songleader-um.jpg\" alt=\"\" width=\"878\" height=\"585\" srcset=\"https:\/\/interamerica.org\/wp-content\/uploads\/2024\/11\/allfam-songleader-um.jpg 1000w, https:\/\/interamerica.org\/wp-content\/uploads\/2024\/11\/allfam-songleader-um-300x200.jpg 300w, https:\/\/interamerica.org\/wp-content\/uploads\/2024\/11\/allfam-songleader-um-768x511.jpg 768w\" sizes=\"(max-width: 878px) 100vw, 878px\" \/><p id=\"caption-attachment-121913\" class=\"wp-caption-text\">Olivia Michel, de l\u2019Universit\u00e9 de Montemorelos, dirige le service de culte tandis que l\u2019orchestre et la chorale de l\u2019universit\u00e9 chantent ensemble le 9 novembre 2024. [Photo : Libna Stevens\/DIA]<\/p><\/div>L\u2019Union Nord-Mexicaine pr\u00e9voit d\u00e9j\u00e0 d\u2019imprimer un petit journal sp\u00e9cial avec des articles sur la seconde venue de J\u00e9sus, visant \u00e0 motiver les familles adventistes \u00e0 atteindre et \u00e0 servir au moins quatre familles de leurs communaut\u00e9s. Ils poursuivront \u00e9galement leurs d\u00e9monstrations et leurs conf\u00e9rences sur la Caravane de Daniel 2, ainsi que des initiatives de sant\u00e9 mentale qui b\u00e9n\u00e9ficieront \u00e0 la communaut\u00e9 tout au long de 2025.<\/p>\n<p>Au Honduras, les dirigeants pr\u00e9voient plus de 3000 bapt\u00eames alors que leur caravane d\u2019\u00e9vang\u00e9lisation parcourt le pays. D\u2019autres unions, comme celle du Venezuela, continueront de former des centaines de la\u00efcs pour qu\u2019ils s\u2019engagent dans des campagnes d\u2019\u00e9vang\u00e9lisation tout au long de l\u2019ann\u00e9e 2025.<\/p>\n<p>Au Panama, plus de 3600 familles sont pr\u00eates \u00e0 porter l\u2019\u00e9vangile \u00e0 une famille. De plus, les pasteurs de tout le pays joindront leurs efforts \u00e0 ceux de ces familles pour \u00e9tablir 15 nouvelles \u00e9glises entre janvier et juin 2025.<\/p>\n<p><div id=\"attachment_121907\" style=\"width: 895px\" class=\"wp-caption aligncenter\"><img loading=\"lazy\" decoding=\"async\" aria-describedby=\"caption-attachment-121907\" class=\" wp-image-121906\" src=\"https:\/\/interamerica.org\/wp-content\/uploads\/2024\/11\/allfam-panel-mexico-socu-puru-um-1024x689.jpg\" alt=\"\" width=\"885\" height=\"595\" srcset=\"https:\/\/interamerica.org\/wp-content\/uploads\/2024\/11\/allfam-panel-mexico-socu-puru-um-1024x689.jpg 1024w, https:\/\/interamerica.org\/wp-content\/uploads\/2024\/11\/allfam-panel-mexico-socu-puru-um-300x202.jpg 300w, https:\/\/interamerica.org\/wp-content\/uploads\/2024\/11\/allfam-panel-mexico-socu-puru-um-768x516.jpg 768w, https:\/\/interamerica.org\/wp-content\/uploads\/2024\/11\/allfam-panel-mexico-socu-puru-um-1536x1033.jpg 1536w, https:\/\/interamerica.org\/wp-content\/uploads\/2024\/11\/allfam-panel-mexico-socu-puru-um.jpg 2048w\" sizes=\"(max-width: 885px) 100vw, 885px\" \/><p id=\"caption-attachment-121907\" class=\"wp-caption-text\">Les administrateurs d\u2019union du Mexique, de la Colombie et de Porto Rico pr\u00e9sentent leurs activit\u00e9s de mission strat\u00e9gique dans le cadre de l\u2019initiative \u00ab Toute la Famille en Mission \u00bb pour 2025. [Photo : Libna Stevens\/DIA]<\/p><\/div>Le programme retransmis en direct a mis en lumi\u00e8re les activit\u00e9s et les actions d\u2019impact en place dans les 24 unions, ou r\u00e9gions eccl\u00e9siales, du territoire, et a \u00e9t\u00e9 enrichi par de la musique de louange, des lectures bibliques et des messages spirituels.<\/p>\n<p><strong>Engagement et impact continus<\/strong><\/p>\n<p>\u00ab Il doit \u00eatre tr\u00e8s clair pour vous que l\u2019\u00e9vang\u00e9lisation et la mission repr\u00e9sentent pour nous une priorit\u00e9 strat\u00e9gique majeure, \u00bb a d\u00e9clar\u00e9 pasteur Leonard Johnson, secr\u00e9taire ex\u00e9cutif de la DIA, alors qu\u2019il se tenait sur la plateforme \u00e0 c\u00f4t\u00e9 de ses coll\u00e8gues administrateurs de la DIA. Il a invit\u00e9 chaque membre \u00e0 rester d\u00e9termin\u00e9 \u00e0 proclamer la bonne nouvelle de l\u2019\u00e9vangile.<\/p>\n<p>Ivelisse Herrera, tr\u00e9sori\u00e8re de la DIA, a f\u00e9licit\u00e9 les membres de l\u2019\u00c9glise pour leur travail fid\u00e8le en tant que pasteurs, enseignants, dirigeants et membres unis dans la mission pour faire une diff\u00e9rence l\u00e0 o\u00f9 ils se trouvent.<\/p>\n<p><div id=\"attachment_121928\" style=\"width: 912px\" class=\"wp-caption aligncenter\"><img loading=\"lazy\" decoding=\"async\" aria-describedby=\"caption-attachment-121928\" class=\" wp-image-121927\" src=\"https:\/\/interamerica.org\/wp-content\/uploads\/2024\/11\/allfamily-um-iadadmins.jpg\" alt=\"\" width=\"902\" height=\"601\" srcset=\"https:\/\/interamerica.org\/wp-content\/uploads\/2024\/11\/allfamily-um-iadadmins.jpg 1000w, https:\/\/interamerica.org\/wp-content\/uploads\/2024\/11\/allfamily-um-iadadmins-300x200.jpg 300w, https:\/\/interamerica.org\/wp-content\/uploads\/2024\/11\/allfamily-um-iadadmins-768x511.jpg 768w\" sizes=\"(max-width: 902px) 100vw, 902px\" \/><p id=\"caption-attachment-121928\" class=\"wp-caption-text\">Les administrateurs de la DIA, pasteur Elie Henry (au centre), pr\u00e9sident, parle aux membres pr\u00e9sents et \u00e0 ceux qui regardent en ligne, du d\u00e9vouement des membres de tout le territoire qui s\u2019engagent dans la mission de service, d\u2019\u00e9ducation et d\u2019\u00e9vang\u00e9lisation dans leurs communaut\u00e9s cette ann\u00e9e. Pasteur Leonard Johnson (\u00e0 gauche), secr\u00e9taire ex\u00e9cutif, et Ivelisse Herrera (\u00e0 droite), tr\u00e9sori\u00e8re, attendent leur tour pour mettre l\u2019emphase sur l\u2019initiative \u00ab Toute la Famille en Mission \u00bb pour 2025. [Photo : Libna Stevens\/DIA]<\/p><\/div>\u00ab En tant qu&rsquo;administrateurs de la DIA, nous encourageons, nous invitons, et nous nous engageons \u00e0 soutenir toutes les initiatives qui servent la communaut\u00e9, \u00bb a-t-elle d\u00e9clar\u00e9.<\/p>\n<p>\u00ab Il s&rsquo;agit de mettre l\u2019\u00e9vangile en action comme une d\u00e9monstration tangible de l\u2019amour de Dieu. Le service construit des ponts entre l\u2019\u00e9glise et la communaut\u00e9, il ouvre des portes comme une \u00e9tape qui permettra de leur pr\u00e9senter J\u00e9sus et, en retour, nous en b\u00e9n\u00e9ficions nous-m\u00eames, en grandissant dans l\u2019unit\u00e9, la foi et l\u2019amour. \u00bb<\/p>\n<p>Pasteur Elie Henry, pr\u00e9sident de la DIA, a remerci\u00e9 les dirigeants et les membres d\u2019\u00e9glise pour leurs efforts infatigables dans la proclamation de l\u2019amour et du salut de Dieu dans leurs communaut\u00e9s. \u00ab L\u2019objectif de Toute la Famille en Mission est de r\u00e9pondre \u00e0 l\u2019appel \u00e0 s\u2019impliquer dans la mission, \u00bb a-t-il d\u00e9clar\u00e9.<\/p>\n<p><div id=\"attachment_121925\" style=\"width: 888px\" class=\"wp-caption aligncenter\"><img loading=\"lazy\" decoding=\"async\" aria-describedby=\"caption-attachment-121925\" class=\" wp-image-121924\" src=\"https:\/\/interamerica.org\/wp-content\/uploads\/2024\/11\/billy-biaggi-um-allfamin-mission.jpg\" alt=\"\" width=\"878\" height=\"610\" srcset=\"https:\/\/interamerica.org\/wp-content\/uploads\/2024\/11\/billy-biaggi-um-allfamin-mission.jpg 1000w, https:\/\/interamerica.org\/wp-content\/uploads\/2024\/11\/billy-biaggi-um-allfamin-mission-300x209.jpg 300w, https:\/\/interamerica.org\/wp-content\/uploads\/2024\/11\/billy-biaggi-um-allfamin-mission-768x534.jpg 768w\" sizes=\"(max-width: 878px) 100vw, 878px\" \/><p id=\"caption-attachment-121925\" class=\"wp-caption-text\">Le vice-pr\u00e9sident de la Conf\u00e9rence G\u00e9n\u00e9rale, pasteur Billy Biaggi, pr\u00e9sente le sermon qui encourage les familles adventistes \u00e0 rester engag\u00e9es dans la mission. [Photo : Libna Stevens\/DIA]<\/p><\/div><strong>Atteindre davantage de personnes en 2025 <\/strong><\/p>\n<p>\u00ab En Inter-Am\u00e9rique, nous aurons Toute les Familles en Mission qui pr\u00eacheront et organiseront des campagnes d\u2019\u00e9vang\u00e9lisation, \u00bb a dit pasteur Henry en guise d\u2019encouragement. \u00ab Nous voulons continuer \u00e0 travailler en 2025, et atteindre plus de 200000 nouvelles \u00e2mes avant la fin de l\u2019ann\u00e9e. \u00bb<\/p>\n<p>Pasteur Henry a \u00e9galement annonc\u00e9 que des petits groupes seraient engag\u00e9s dans des campagnes d\u2019\u00e9vang\u00e9lisation, que de nouveaux croyants seront baptis\u00e9s en janvier, et que les anciens d\u2019\u00e9glise baptiseraient au moins trois nouveaux croyants le 22 f\u00e9vrier. De plus, les campagnes d\u2019\u00e9vang\u00e9lisation sur l\u2019ensemble du territoire s\u2019ach\u00e8veront avec un programme sp\u00e9cial dans le Chiapas, au Mexique, o\u00f9 des milliers de personnes seront ajout\u00e9es \u00e0 l\u2019\u00e9glise le 26 avril 2025.<\/p>\n<p>Dans son sermon, pasteur Billy Biaggi, vice-pr\u00e9sident g\u00e9n\u00e9ral de la Conf\u00e9rence G\u00e9n\u00e9rale, a appel\u00e9 chaque membre et chaque famille \u00e0 \u00e9tudier la Bible avec ferveur, \u00e0 apprendre \u00e0 conna\u00eetre<br \/>\nle Seigneur et \u00e0 s\u2019impliquer activement dans la mission consistant \u00e0 aller vers les autres.<\/p>\n<p><div id=\"attachment_121935\" style=\"width: 886px\" class=\"wp-caption aligncenter\"><img loading=\"lazy\" decoding=\"async\" aria-describedby=\"caption-attachment-121935\" class=\" wp-image-121934\" src=\"https:\/\/interamerica.org\/wp-content\/uploads\/2024\/11\/allfam-audience-um.jpg\" alt=\"\" width=\"876\" height=\"584\" srcset=\"https:\/\/interamerica.org\/wp-content\/uploads\/2024\/11\/allfam-audience-um.jpg 1000w, https:\/\/interamerica.org\/wp-content\/uploads\/2024\/11\/allfam-audience-um-300x200.jpg 300w, https:\/\/interamerica.org\/wp-content\/uploads\/2024\/11\/allfam-audience-um-768x512.jpg 768w\" sizes=\"(max-width: 876px) 100vw, 876px\" \/><p id=\"caption-attachment-121935\" class=\"wp-caption-text\">Les dirigeants et les membres d\u2019\u00e9glise participent au service de culte \u00e0 l\u2019\u00e9glise de l\u2019Universit\u00e9 de Montemorelos le sabbat 9 novembre 2024 [Photo : Libna Stevens\/DIA]<\/p><\/div>\u00ab Nous devons aimer le Seigneur pour servir et devenir davantage comme J\u00e9sus, \u00bb a d\u00e9clar\u00e9 pasteur Biaggi. \u00ab Il s\u2019agit d\u2019\u00eatre vigilants, de nous appuyer sur les promesses de Dieu et de garder les yeux fix\u00e9s sur J\u00e9sus, \u00bb a-t-il poursuivi. \u00ab En tant que famille, nous devons veiller les uns sur les autres et prendre soin les uns des autres, travailler avec diligence et accomplir le dessein de Dieu pour nos vies avant son retour, \u00bb a-t-il d\u00e9clar\u00e9.<\/p>\n<p>Pour voir le programme en ligne du sabbat 9 novembre 2024, cliquez <a href=\"https:\/\/www.youtube.com\/watch?v=kb-hmVmZ7fk\">ICI<\/a>.<\/p>\n<p>Pour acc\u00e9der \u00e0 la galerie de photos du programme, cliquez <a href=\"https:\/\/flickr.com\/photos\/interamerica\/albums\/72177720321823575\/\">ICI<\/a>.<\/p>\n<p>Traduction: Patrick Luciathe<\/p>\n","protected":false},"excerpt":{"rendered":"<p>Les principaux dirigeants de l\u2019\u00c9glise montrent l\u2019impact cr\u00e9\u00e9 sur le territoire alors que l\u2019initiative phare s\u2019\u00e9tend sur l\u2019ensemble du territoire. 11 Novembre 2024 | Montemorelos, Nuevo Leon, Mexique | Libna&#8230;<\/p>\n","protected":false},"author":3,"featured_media":121919,"comment_status":"closed","ping_status":"closed","sticky":false,"template":"","format":"standard","meta":{"_acf_changed":false,"footnotes":""},"categories":[20,19],"tags":[],"class_list":["post-121993","post","type-post","status-publish","format-standard","has-post-thumbnail","hentry","category-nouvelles-du-siege-de-la-division","category-rss-francais"],"acf":[],"yoast_head":"<!-- This site is optimized with the Yoast SEO plugin v27.3 - https:\/\/yoast.com\/product\/yoast-seo-wordpress\/ -->\n<title>\u00ab Toute la Famille en Mission \u00bb donne le ton aux rencontres de fin d\u2019ann\u00e9e de la DIA - \u00c9glise Adventiste Du Septieme Jour - Inter Am\u00e9rique Division<\/title>\n<meta name=\"robots\" content=\"index, follow, max-snippet:-1, max-image-preview:large, max-video-preview:-1\" \/>\n<link rel=\"canonical\" href=\"https:\/\/interamerica.org\/fr\/2024\/11\/toute-la-famille-en-mission-donne-le-ton-aux-rencontres-de-fin-dannee-de-la-dia\/\" \/>\n<meta property=\"og:locale\" content=\"fr_FR\" \/>\n<meta property=\"og:type\" content=\"article\" \/>\n<meta property=\"og:title\" content=\"\u00ab Toute la Famille en Mission \u00bb donne le ton aux rencontres de fin d\u2019ann\u00e9e de la DIA - \u00c9glise Adventiste Du Septieme Jour - Inter Am\u00e9rique Division\" \/>\n<meta property=\"og:description\" content=\"Les principaux dirigeants de l\u2019\u00c9glise montrent l\u2019impact cr\u00e9\u00e9 sur le territoire alors que l\u2019initiative phare s\u2019\u00e9tend sur l\u2019ensemble du territoire. 11 Novembre 2024 | Montemorelos, Nuevo Leon, Mexique | Libna...\" \/>\n<meta property=\"og:url\" content=\"https:\/\/interamerica.org\/fr\/2024\/11\/toute-la-famille-en-mission-donne-le-ton-aux-rencontres-de-fin-dannee-de-la-dia\/\" \/>\n<meta property=\"og:site_name\" content=\"\u00c9glise Adventiste Du Septieme Jour - Inter Am\u00e9rique Division\" \/>\n<meta property=\"article:published_time\" content=\"2024-11-12T16:51:07+00:00\" \/>\n<meta property=\"article:modified_time\" content=\"2024-11-20T00:49:22+00:00\" \/>\n<meta property=\"og:image\" content=\"https:\/\/interamerica.org\/wp-content\/uploads\/2024\/11\/allfamm-um2024-nov9-1280.jpg\" \/>\n\t<meta property=\"og:image:width\" content=\"1280\" \/>\n\t<meta property=\"og:image:height\" content=\"800\" \/>\n\t<meta property=\"og:image:type\" content=\"image\/jpeg\" \/>\n<meta name=\"author\" content=\"libna\" \/>\n<meta name=\"twitter:card\" content=\"summary_large_image\" \/>\n<meta name=\"twitter:label1\" content=\"\u00c9crit par\" \/>\n\t<meta name=\"twitter:data1\" content=\"libna\" \/>\n\t<meta name=\"twitter:label2\" content=\"Dur\u00e9e de lecture estim\u00e9e\" \/>\n\t<meta name=\"twitter:data2\" content=\"11 minutes\" \/>\n<script type=\"application\/ld+json\" class=\"yoast-schema-graph\">{\"@context\":\"https:\\\/\\\/schema.org\",\"@graph\":[{\"@type\":\"Article\",\"@id\":\"https:\\\/\\\/interamerica.org\\\/fr\\\/2024\\\/11\\\/toute-la-famille-en-mission-donne-le-ton-aux-rencontres-de-fin-dannee-de-la-dia\\\/#article\",\"isPartOf\":{\"@id\":\"https:\\\/\\\/interamerica.org\\\/fr\\\/2024\\\/11\\\/toute-la-famille-en-mission-donne-le-ton-aux-rencontres-de-fin-dannee-de-la-dia\\\/\"},\"author\":{\"name\":\"libna\",\"@id\":\"https:\\\/\\\/interamerica.org\\\/fr\\\/#\\\/schema\\\/person\\\/29998f2bc2d8bd0d38662909289b54f1\"},\"headline\":\"\u00ab Toute la Famille en Mission \u00bb donne le ton aux rencontres de fin d\u2019ann\u00e9e de la DIA\",\"datePublished\":\"2024-11-12T16:51:07+00:00\",\"dateModified\":\"2024-11-20T00:49:22+00:00\",\"mainEntityOfPage\":{\"@id\":\"https:\\\/\\\/interamerica.org\\\/fr\\\/2024\\\/11\\\/toute-la-famille-en-mission-donne-le-ton-aux-rencontres-de-fin-dannee-de-la-dia\\\/\"},\"wordCount\":2326,\"image\":{\"@id\":\"https:\\\/\\\/interamerica.org\\\/fr\\\/2024\\\/11\\\/toute-la-famille-en-mission-donne-le-ton-aux-rencontres-de-fin-dannee-de-la-dia\\\/#primaryimage\"},\"thumbnailUrl\":\"https:\\\/\\\/interamerica.org\\\/wp-content\\\/uploads\\\/2024\\\/11\\\/allfamm-um2024-nov9-1280.jpg\",\"articleSection\":[\"Nouvelles du si\u00e8ge de la division\",\"RSS Fran\u00e7ais\"],\"inLanguage\":\"fr-FR\"},{\"@type\":\"WebPage\",\"@id\":\"https:\\\/\\\/interamerica.org\\\/fr\\\/2024\\\/11\\\/toute-la-famille-en-mission-donne-le-ton-aux-rencontres-de-fin-dannee-de-la-dia\\\/\",\"url\":\"https:\\\/\\\/interamerica.org\\\/fr\\\/2024\\\/11\\\/toute-la-famille-en-mission-donne-le-ton-aux-rencontres-de-fin-dannee-de-la-dia\\\/\",\"name\":\"\u00ab Toute la Famille en Mission \u00bb donne le ton aux rencontres de fin d\u2019ann\u00e9e de la DIA - \u00c9glise Adventiste Du Septieme Jour - Inter Am\u00e9rique Division\",\"isPartOf\":{\"@id\":\"https:\\\/\\\/interamerica.org\\\/fr\\\/#website\"},\"primaryImageOfPage\":{\"@id\":\"https:\\\/\\\/interamerica.org\\\/fr\\\/2024\\\/11\\\/toute-la-famille-en-mission-donne-le-ton-aux-rencontres-de-fin-dannee-de-la-dia\\\/#primaryimage\"},\"image\":{\"@id\":\"https:\\\/\\\/interamerica.org\\\/fr\\\/2024\\\/11\\\/toute-la-famille-en-mission-donne-le-ton-aux-rencontres-de-fin-dannee-de-la-dia\\\/#primaryimage\"},\"thumbnailUrl\":\"https:\\\/\\\/interamerica.org\\\/wp-content\\\/uploads\\\/2024\\\/11\\\/allfamm-um2024-nov9-1280.jpg\",\"datePublished\":\"2024-11-12T16:51:07+00:00\",\"dateModified\":\"2024-11-20T00:49:22+00:00\",\"author\":{\"@id\":\"https:\\\/\\\/interamerica.org\\\/fr\\\/#\\\/schema\\\/person\\\/29998f2bc2d8bd0d38662909289b54f1\"},\"breadcrumb\":{\"@id\":\"https:\\\/\\\/interamerica.org\\\/fr\\\/2024\\\/11\\\/toute-la-famille-en-mission-donne-le-ton-aux-rencontres-de-fin-dannee-de-la-dia\\\/#breadcrumb\"},\"inLanguage\":\"fr-FR\",\"potentialAction\":[{\"@type\":\"ReadAction\",\"target\":[\"https:\\\/\\\/interamerica.org\\\/fr\\\/2024\\\/11\\\/toute-la-famille-en-mission-donne-le-ton-aux-rencontres-de-fin-dannee-de-la-dia\\\/\"]}]},{\"@type\":\"ImageObject\",\"inLanguage\":\"fr-FR\",\"@id\":\"https:\\\/\\\/interamerica.org\\\/fr\\\/2024\\\/11\\\/toute-la-famille-en-mission-donne-le-ton-aux-rencontres-de-fin-dannee-de-la-dia\\\/#primaryimage\",\"url\":\"https:\\\/\\\/interamerica.org\\\/wp-content\\\/uploads\\\/2024\\\/11\\\/allfamm-um2024-nov9-1280.jpg\",\"contentUrl\":\"https:\\\/\\\/interamerica.org\\\/wp-content\\\/uploads\\\/2024\\\/11\\\/allfamm-um2024-nov9-1280.jpg\",\"width\":1280,\"height\":800,\"caption\":\"[Photo: Libna Stevens\\\/IAD]\"},{\"@type\":\"BreadcrumbList\",\"@id\":\"https:\\\/\\\/interamerica.org\\\/fr\\\/2024\\\/11\\\/toute-la-famille-en-mission-donne-le-ton-aux-rencontres-de-fin-dannee-de-la-dia\\\/#breadcrumb\",\"itemListElement\":[{\"@type\":\"ListItem\",\"position\":1,\"name\":\"Home\",\"item\":\"https:\\\/\\\/interamerica.org\\\/fr\\\/\"},{\"@type\":\"ListItem\",\"position\":2,\"name\":\"\u00ab Toute la Famille en Mission \u00bb donne le ton aux rencontres de fin d\u2019ann\u00e9e de la DIA\"}]},{\"@type\":\"WebSite\",\"@id\":\"https:\\\/\\\/interamerica.org\\\/fr\\\/#website\",\"url\":\"https:\\\/\\\/interamerica.org\\\/fr\\\/\",\"name\":\"\u00c9glise Adventiste Du Septieme Jour - Inter Am\u00e9rique Division\",\"description\":\"\",\"potentialAction\":[{\"@type\":\"SearchAction\",\"target\":{\"@type\":\"EntryPoint\",\"urlTemplate\":\"https:\\\/\\\/interamerica.org\\\/fr\\\/?s={search_term_string}\"},\"query-input\":{\"@type\":\"PropertyValueSpecification\",\"valueRequired\":true,\"valueName\":\"search_term_string\"}}],\"inLanguage\":\"fr-FR\"},{\"@type\":\"Person\",\"@id\":\"https:\\\/\\\/interamerica.org\\\/fr\\\/#\\\/schema\\\/person\\\/29998f2bc2d8bd0d38662909289b54f1\",\"name\":\"libna\",\"image\":{\"@type\":\"ImageObject\",\"inLanguage\":\"fr-FR\",\"@id\":\"https:\\\/\\\/secure.gravatar.com\\\/avatar\\\/7c5bd30ae4b47a9ba3c856590957fd1d96dc588bf3ac05719d247e126840331f?s=96&d=mm&r=g\",\"url\":\"https:\\\/\\\/secure.gravatar.com\\\/avatar\\\/7c5bd30ae4b47a9ba3c856590957fd1d96dc588bf3ac05719d247e126840331f?s=96&d=mm&r=g\",\"contentUrl\":\"https:\\\/\\\/secure.gravatar.com\\\/avatar\\\/7c5bd30ae4b47a9ba3c856590957fd1d96dc588bf3ac05719d247e126840331f?s=96&d=mm&r=g\",\"caption\":\"libna\"}}]}<\/script>\n<!-- \/ Yoast SEO plugin. -->","yoast_head_json":{"title":"\u00ab Toute la Famille en Mission \u00bb donne le ton aux rencontres de fin d\u2019ann\u00e9e de la DIA - \u00c9glise Adventiste Du Septieme Jour - Inter Am\u00e9rique Division","robots":{"index":"index","follow":"follow","max-snippet":"max-snippet:-1","max-image-preview":"max-image-preview:large","max-video-preview":"max-video-preview:-1"},"canonical":"https:\/\/interamerica.org\/fr\/2024\/11\/toute-la-famille-en-mission-donne-le-ton-aux-rencontres-de-fin-dannee-de-la-dia\/","og_locale":"fr_FR","og_type":"article","og_title":"\u00ab Toute la Famille en Mission \u00bb donne le ton aux rencontres de fin d\u2019ann\u00e9e de la DIA - \u00c9glise Adventiste Du Septieme Jour - Inter Am\u00e9rique Division","og_description":"Les principaux dirigeants de l\u2019\u00c9glise montrent l\u2019impact cr\u00e9\u00e9 sur le territoire alors que l\u2019initiative phare s\u2019\u00e9tend sur l\u2019ensemble du territoire. 11 Novembre 2024 | Montemorelos, Nuevo Leon, Mexique | Libna...","og_url":"https:\/\/interamerica.org\/fr\/2024\/11\/toute-la-famille-en-mission-donne-le-ton-aux-rencontres-de-fin-dannee-de-la-dia\/","og_site_name":"\u00c9glise Adventiste Du Septieme Jour - Inter Am\u00e9rique Division","article_published_time":"2024-11-12T16:51:07+00:00","article_modified_time":"2024-11-20T00:49:22+00:00","og_image":[{"width":1280,"height":800,"url":"https:\/\/interamerica.org\/wp-content\/uploads\/2024\/11\/allfamm-um2024-nov9-1280.jpg","type":"image\/jpeg"}],"author":"libna","twitter_card":"summary_large_image","twitter_misc":{"\u00c9crit par":"libna","Dur\u00e9e de lecture estim\u00e9e":"11 minutes"},"schema":{"@context":"https:\/\/schema.org","@graph":[{"@type":"Article","@id":"https:\/\/interamerica.org\/fr\/2024\/11\/toute-la-famille-en-mission-donne-le-ton-aux-rencontres-de-fin-dannee-de-la-dia\/#article","isPartOf":{"@id":"https:\/\/interamerica.org\/fr\/2024\/11\/toute-la-famille-en-mission-donne-le-ton-aux-rencontres-de-fin-dannee-de-la-dia\/"},"author":{"name":"libna","@id":"https:\/\/interamerica.org\/fr\/#\/schema\/person\/29998f2bc2d8bd0d38662909289b54f1"},"headline":"\u00ab Toute la Famille en Mission \u00bb donne le ton aux rencontres de fin d\u2019ann\u00e9e de la DIA","datePublished":"2024-11-12T16:51:07+00:00","dateModified":"2024-11-20T00:49:22+00:00","mainEntityOfPage":{"@id":"https:\/\/interamerica.org\/fr\/2024\/11\/toute-la-famille-en-mission-donne-le-ton-aux-rencontres-de-fin-dannee-de-la-dia\/"},"wordCount":2326,"image":{"@id":"https:\/\/interamerica.org\/fr\/2024\/11\/toute-la-famille-en-mission-donne-le-ton-aux-rencontres-de-fin-dannee-de-la-dia\/#primaryimage"},"thumbnailUrl":"https:\/\/interamerica.org\/wp-content\/uploads\/2024\/11\/allfamm-um2024-nov9-1280.jpg","articleSection":["Nouvelles du si\u00e8ge de la division","RSS Fran\u00e7ais"],"inLanguage":"fr-FR"},{"@type":"WebPage","@id":"https:\/\/interamerica.org\/fr\/2024\/11\/toute-la-famille-en-mission-donne-le-ton-aux-rencontres-de-fin-dannee-de-la-dia\/","url":"https:\/\/interamerica.org\/fr\/2024\/11\/toute-la-famille-en-mission-donne-le-ton-aux-rencontres-de-fin-dannee-de-la-dia\/","name":"\u00ab Toute la Famille en Mission \u00bb donne le ton aux rencontres de fin d\u2019ann\u00e9e de la DIA - \u00c9glise Adventiste Du Septieme Jour - Inter Am\u00e9rique Division","isPartOf":{"@id":"https:\/\/interamerica.org\/fr\/#website"},"primaryImageOfPage":{"@id":"https:\/\/interamerica.org\/fr\/2024\/11\/toute-la-famille-en-mission-donne-le-ton-aux-rencontres-de-fin-dannee-de-la-dia\/#primaryimage"},"image":{"@id":"https:\/\/interamerica.org\/fr\/2024\/11\/toute-la-famille-en-mission-donne-le-ton-aux-rencontres-de-fin-dannee-de-la-dia\/#primaryimage"},"thumbnailUrl":"https:\/\/interamerica.org\/wp-content\/uploads\/2024\/11\/allfamm-um2024-nov9-1280.jpg","datePublished":"2024-11-12T16:51:07+00:00","dateModified":"2024-11-20T00:49:22+00:00","author":{"@id":"https:\/\/interamerica.org\/fr\/#\/schema\/person\/29998f2bc2d8bd0d38662909289b54f1"},"breadcrumb":{"@id":"https:\/\/interamerica.org\/fr\/2024\/11\/toute-la-famille-en-mission-donne-le-ton-aux-rencontres-de-fin-dannee-de-la-dia\/#breadcrumb"},"inLanguage":"fr-FR","potentialAction":[{"@type":"ReadAction","target":["https:\/\/interamerica.org\/fr\/2024\/11\/toute-la-famille-en-mission-donne-le-ton-aux-rencontres-de-fin-dannee-de-la-dia\/"]}]},{"@type":"ImageObject","inLanguage":"fr-FR","@id":"https:\/\/interamerica.org\/fr\/2024\/11\/toute-la-famille-en-mission-donne-le-ton-aux-rencontres-de-fin-dannee-de-la-dia\/#primaryimage","url":"https:\/\/interamerica.org\/wp-content\/uploads\/2024\/11\/allfamm-um2024-nov9-1280.jpg","contentUrl":"https:\/\/interamerica.org\/wp-content\/uploads\/2024\/11\/allfamm-um2024-nov9-1280.jpg","width":1280,"height":800,"caption":"[Photo: Libna Stevens\/IAD]"},{"@type":"BreadcrumbList","@id":"https:\/\/interamerica.org\/fr\/2024\/11\/toute-la-famille-en-mission-donne-le-ton-aux-rencontres-de-fin-dannee-de-la-dia\/#breadcrumb","itemListElement":[{"@type":"ListItem","position":1,"name":"Home","item":"https:\/\/interamerica.org\/fr\/"},{"@type":"ListItem","position":2,"name":"\u00ab Toute la Famille en Mission \u00bb donne le ton aux rencontres de fin d\u2019ann\u00e9e de la DIA"}]},{"@type":"WebSite","@id":"https:\/\/interamerica.org\/fr\/#website","url":"https:\/\/interamerica.org\/fr\/","name":"\u00c9glise Adventiste Du Septieme Jour - Inter Am\u00e9rique Division","description":"","potentialAction":[{"@type":"SearchAction","target":{"@type":"EntryPoint","urlTemplate":"https:\/\/interamerica.org\/fr\/?s={search_term_string}"},"query-input":{"@type":"PropertyValueSpecification","valueRequired":true,"valueName":"search_term_string"}}],"inLanguage":"fr-FR"},{"@type":"Person","@id":"https:\/\/interamerica.org\/fr\/#\/schema\/person\/29998f2bc2d8bd0d38662909289b54f1","name":"libna","image":{"@type":"ImageObject","inLanguage":"fr-FR","@id":"https:\/\/secure.gravatar.com\/avatar\/7c5bd30ae4b47a9ba3c856590957fd1d96dc588bf3ac05719d247e126840331f?s=96&d=mm&r=g","url":"https:\/\/secure.gravatar.com\/avatar\/7c5bd30ae4b47a9ba3c856590957fd1d96dc588bf3ac05719d247e126840331f?s=96&d=mm&r=g","contentUrl":"https:\/\/secure.gravatar.com\/avatar\/7c5bd30ae4b47a9ba3c856590957fd1d96dc588bf3ac05719d247e126840331f?s=96&d=mm&r=g","caption":"libna"}}]}},"_links":{"self":[{"href":"https:\/\/interamerica.org\/fr\/wp-json\/wp\/v2\/posts\/121993","targetHints":{"allow":["GET"]}}],"collection":[{"href":"https:\/\/interamerica.org\/fr\/wp-json\/wp\/v2\/posts"}],"about":[{"href":"https:\/\/interamerica.org\/fr\/wp-json\/wp\/v2\/types\/post"}],"author":[{"embeddable":true,"href":"https:\/\/interamerica.org\/fr\/wp-json\/wp\/v2\/users\/3"}],"replies":[{"embeddable":true,"href":"https:\/\/interamerica.org\/fr\/wp-json\/wp\/v2\/comments?post=121993"}],"version-history":[{"count":0,"href":"https:\/\/interamerica.org\/fr\/wp-json\/wp\/v2\/posts\/121993\/revisions"}],"wp:featuredmedia":[{"embeddable":true,"href":"https:\/\/interamerica.org\/fr\/wp-json\/wp\/v2\/media\/121919"}],"wp:attachment":[{"href":"https:\/\/interamerica.org\/fr\/wp-json\/wp\/v2\/media?parent=121993"}],"wp:term":[{"taxonomy":"category","embeddable":true,"href":"https:\/\/interamerica.org\/fr\/wp-json\/wp\/v2\/categories?post=121993"},{"taxonomy":"post_tag","embeddable":true,"href":"https:\/\/interamerica.org\/fr\/wp-json\/wp\/v2\/tags?post=121993"}],"curies":[{"name":"wp","href":"https:\/\/api.w.org\/{rel}","templated":true}]}}