{"id":12202,"date":"2004-08-09T00:00:00","date_gmt":"2004-08-09T04:00:00","guid":{"rendered":"http:\/\/192.81.217.108\/interamerica\/2004\/08\/congo-la-restauration-des-eglises-continue\/"},"modified":"2017-06-02T13:21:43","modified_gmt":"2017-06-02T17:21:43","slug":"congo-la-restauration-des-eglises-continue","status":"publish","type":"post","link":"https:\/\/interamerica.org\/fr\/2004\/08\/congo-la-restauration-des-eglises-continue\/","title":{"rendered":"Congo : La Restauration des \u00c9glises Continue\u00a0"},"content":{"rendered":"<p><p>9 Aout 2004, Kinshasa, R\u00e9p. D\u00e9m. du Congo<\/p>\n<p>Quatre \u00e9glises adventistes du septi\u00e8me jour dans la R\u00e9publique d\u00e9mocratique du Congo sont en cours de restauration, environ 18 mois apr\u00e8s qu&rsquo;une offrande sp\u00e9ciale mondiale ait \u00e9t\u00e9 recueillie pour la reconstruction. <\/p>\n<p>Deux des \u00e9glises sont situ\u00e9es dans Kinshasa, la capitale : l&rsquo;\u00e9glise de Bandalungwa, dans le centre ville, et l&rsquo;\u00e9glise de l&rsquo;Universit\u00e9 de Kinshasa. Le choix de ces deux b\u00e2timents dans Kinshasa est strat\u00e9gique. <\/p>\n<p>L&rsquo;\u00e9glise de Bandalungwa n&rsquo;est pas seulement l&rsquo;\u00e9glise principale de Kinshasa, c&rsquo;est aussi \u00ab\u00a0l&rsquo;\u00e9glise m\u00e8re\u00a0\u00bb de toutes les congr\u00e9gations adventistes dans la r\u00e9gion, a dit le Pasteur David Lunganga, secr\u00e9taire ex\u00e9cutif de l&rsquo;\u00e9glise de la zone Ouest du Congo. L&rsquo;\u00e9glise de Bandalungwa a environ 1,500 membres et a particip\u00e9 \u00e0 l&rsquo;\u00e9tablissement de 34 autres \u00e9glises adventistes dans le secteur. <\/p>\n<p>\u00ab\u00a0La reconstruction de cette \u00e9glise donnera une nouvelle image de l&rsquo;\u00c9glise adventiste du septi\u00e8me jour, dans toute la r\u00e9gion de Kinshasa,\u00a0\u00bb a-t-il ajout\u00e9. <\/p>\n<p>Le pasteur Fumakwa Fum, secr\u00e9taire ex\u00e9cutif de l&rsquo;\u00e9glise \u00e0 l&rsquo;Ouest le Congo, d\u00e9clare de son c\u00f4t\u00e9 : \u00ab\u00a0l&rsquo;histoire de l&rsquo;\u00c9glise adventiste dans la r\u00e9gion de Kinshasa en g\u00e9n\u00e9ral et de Bandalungwa en particulier commence autour de 1955 o\u00f9 certains rapatri\u00e9s de l&rsquo;\u00e9glise de Kirundu dans la r\u00e9gion de Kisangani revinrent et fond\u00e8rent la Mission de Nkwanza. De l\u00e0, l&rsquo;\u0153uvre se d\u00e9pla\u00e7a lentement en direction de Kinshasa.\u00a0\u00bb <\/p>\n<p>L&rsquo;\u00e9glise de l&rsquo;Universit\u00e9 est aussi plac\u00e9e dans un endroit strat\u00e9gique. Situ\u00e9e sur une pente pr\u00e8s de l&rsquo;Universit\u00e9 de Kinshasa, elle est l&rsquo;\u00e9glise des \u00e9tudiants adventistes du campus. <\/p>\n<p>\u00ab\u00a0Sa reconstruction donnera une nouvelle vision au personnel universitaire et aux \u00e9tudiants,\u00a0\u00bb a dit le pasteur Tshika Kandakanda, tr\u00e9sorier adjoint dans l&rsquo;Ouest du Congo. <\/p>\n<p>Les deux autres \u00e9glises qui seront reconstruites sont situ\u00e9es dans la r\u00e9gion Nord Est du Congo. L&rsquo;une est l&rsquo;\u00c9glise adventiste de Kisangani, d\u00e9vast\u00e9e par la guerre civile du Congo. L&rsquo;autre est celle de l&rsquo;Universit\u00e9 adventiste de Lukanga qui a re\u00e7u de l&rsquo;aide pour achever son \u00e9glise, dont la construction a commenc\u00e9 depuis quelques ann\u00e9es, selon les administrateurs de la R\u00e9gion. <\/p>\n<p>La d\u00e9dicace de la nouvelle \u00e9glise de Bandakungwa est fix\u00e9e pour le mois de novembre; les autres dates de d\u00e9dicace n&rsquo;ont pas encore \u00e9t\u00e9 annonc\u00e9es.<\/p>\n","protected":false},"excerpt":{"rendered":"<p>Quatre \u00e9glises adventistes du septi\u00e8me jour dans la R\u00e9publique d\u00e9mocratique du Congo sont en cours de restauration<\/p>\n","protected":false},"author":1,"featured_media":0,"comment_status":"closed","ping_status":"closed","sticky":false,"template":"","format":"standard","meta":{"_acf_changed":false,"footnotes":""},"categories":[9],"tags":[],"class_list":["post-12202","post","type-post","status-publish","format-standard","hentry","category-archive-fr"],"acf":[],"yoast_head":"<!-- This site is optimized with the Yoast SEO plugin v27.3 - https:\/\/yoast.com\/product\/yoast-seo-wordpress\/ -->\n<title>Congo : La Restauration des \u00c9glises Continue\u00a0 - \u00c9glise Adventiste Du Septieme Jour - Inter Am\u00e9rique Division<\/title>\n<meta name=\"robots\" content=\"index, follow, max-snippet:-1, max-image-preview:large, max-video-preview:-1\" \/>\n<link rel=\"canonical\" href=\"https:\/\/interamerica.org\/fr\/2004\/08\/congo-la-restauration-des-eglises-continue\/\" \/>\n<meta property=\"og:locale\" content=\"fr_FR\" \/>\n<meta property=\"og:type\" content=\"article\" \/>\n<meta property=\"og:title\" content=\"Congo : La Restauration des \u00c9glises Continue\u00a0 - \u00c9glise Adventiste Du Septieme Jour - Inter Am\u00e9rique Division\" \/>\n<meta property=\"og:description\" content=\"Quatre \u00e9glises adventistes du septi\u00e8me jour dans la R\u00e9publique d\u00e9mocratique du Congo sont en cours de restauration\" \/>\n<meta property=\"og:url\" content=\"https:\/\/interamerica.org\/fr\/2004\/08\/congo-la-restauration-des-eglises-continue\/\" \/>\n<meta property=\"og:site_name\" content=\"\u00c9glise Adventiste Du Septieme Jour - Inter Am\u00e9rique Division\" \/>\n<meta property=\"article:published_time\" content=\"2004-08-09T04:00:00+00:00\" \/>\n<meta property=\"article:modified_time\" content=\"2017-06-02T17:21:43+00:00\" \/>\n<meta name=\"author\" content=\"Lorenzo Verduzco\" \/>\n<meta name=\"twitter:card\" content=\"summary_large_image\" \/>\n<meta name=\"twitter:label1\" content=\"\u00c9crit par\" \/>\n\t<meta name=\"twitter:data1\" content=\"Lorenzo Verduzco\" \/>\n\t<meta name=\"twitter:label2\" content=\"Dur\u00e9e de lecture estim\u00e9e\" \/>\n\t<meta name=\"twitter:data2\" content=\"2 minutes\" \/>\n<script type=\"application\/ld+json\" class=\"yoast-schema-graph\">{\"@context\":\"https:\\\/\\\/schema.org\",\"@graph\":[{\"@type\":\"Article\",\"@id\":\"https:\\\/\\\/interamerica.org\\\/fr\\\/2004\\\/08\\\/congo-la-restauration-des-eglises-continue\\\/#article\",\"isPartOf\":{\"@id\":\"https:\\\/\\\/interamerica.org\\\/fr\\\/2004\\\/08\\\/congo-la-restauration-des-eglises-continue\\\/\"},\"author\":{\"name\":\"Lorenzo Verduzco\",\"@id\":\"https:\\\/\\\/interamerica.org\\\/fr\\\/#\\\/schema\\\/person\\\/68ede8bdc292885bb76c1e3810e73c39\"},\"headline\":\"Congo : La Restauration des \u00c9glises Continue\u00a0\",\"datePublished\":\"2004-08-09T04:00:00+00:00\",\"dateModified\":\"2017-06-02T17:21:43+00:00\",\"mainEntityOfPage\":{\"@id\":\"https:\\\/\\\/interamerica.org\\\/fr\\\/2004\\\/08\\\/congo-la-restauration-des-eglises-continue\\\/\"},\"wordCount\":426,\"articleSection\":[\"Archive\"],\"inLanguage\":\"fr-FR\"},{\"@type\":\"WebPage\",\"@id\":\"https:\\\/\\\/interamerica.org\\\/fr\\\/2004\\\/08\\\/congo-la-restauration-des-eglises-continue\\\/\",\"url\":\"https:\\\/\\\/interamerica.org\\\/fr\\\/2004\\\/08\\\/congo-la-restauration-des-eglises-continue\\\/\",\"name\":\"Congo : La Restauration des \u00c9glises Continue\u00a0 - \u00c9glise Adventiste Du Septieme Jour - Inter Am\u00e9rique Division\",\"isPartOf\":{\"@id\":\"https:\\\/\\\/interamerica.org\\\/fr\\\/#website\"},\"datePublished\":\"2004-08-09T04:00:00+00:00\",\"dateModified\":\"2017-06-02T17:21:43+00:00\",\"author\":{\"@id\":\"https:\\\/\\\/interamerica.org\\\/fr\\\/#\\\/schema\\\/person\\\/68ede8bdc292885bb76c1e3810e73c39\"},\"breadcrumb\":{\"@id\":\"https:\\\/\\\/interamerica.org\\\/fr\\\/2004\\\/08\\\/congo-la-restauration-des-eglises-continue\\\/#breadcrumb\"},\"inLanguage\":\"fr-FR\",\"potentialAction\":[{\"@type\":\"ReadAction\",\"target\":[\"https:\\\/\\\/interamerica.org\\\/fr\\\/2004\\\/08\\\/congo-la-restauration-des-eglises-continue\\\/\"]}]},{\"@type\":\"BreadcrumbList\",\"@id\":\"https:\\\/\\\/interamerica.org\\\/fr\\\/2004\\\/08\\\/congo-la-restauration-des-eglises-continue\\\/#breadcrumb\",\"itemListElement\":[{\"@type\":\"ListItem\",\"position\":1,\"name\":\"Home\",\"item\":\"https:\\\/\\\/interamerica.org\\\/fr\\\/\"},{\"@type\":\"ListItem\",\"position\":2,\"name\":\"Congo : La Restauration des \u00c9glises Continue\u00a0\"}]},{\"@type\":\"WebSite\",\"@id\":\"https:\\\/\\\/interamerica.org\\\/fr\\\/#website\",\"url\":\"https:\\\/\\\/interamerica.org\\\/fr\\\/\",\"name\":\"\u00c9glise Adventiste Du Septieme Jour - Inter Am\u00e9rique Division\",\"description\":\"\",\"potentialAction\":[{\"@type\":\"SearchAction\",\"target\":{\"@type\":\"EntryPoint\",\"urlTemplate\":\"https:\\\/\\\/interamerica.org\\\/fr\\\/?s={search_term_string}\"},\"query-input\":{\"@type\":\"PropertyValueSpecification\",\"valueRequired\":true,\"valueName\":\"search_term_string\"}}],\"inLanguage\":\"fr-FR\"},{\"@type\":\"Person\",\"@id\":\"https:\\\/\\\/interamerica.org\\\/fr\\\/#\\\/schema\\\/person\\\/68ede8bdc292885bb76c1e3810e73c39\",\"name\":\"Lorenzo Verduzco\",\"image\":{\"@type\":\"ImageObject\",\"inLanguage\":\"fr-FR\",\"@id\":\"https:\\\/\\\/secure.gravatar.com\\\/avatar\\\/fb81a55b6218459490a9c1dc841a34909185b81904c5337b4b27f7a6fd60c49e?s=96&d=mm&r=g\",\"url\":\"https:\\\/\\\/secure.gravatar.com\\\/avatar\\\/fb81a55b6218459490a9c1dc841a34909185b81904c5337b4b27f7a6fd60c49e?s=96&d=mm&r=g\",\"contentUrl\":\"https:\\\/\\\/secure.gravatar.com\\\/avatar\\\/fb81a55b6218459490a9c1dc841a34909185b81904c5337b4b27f7a6fd60c49e?s=96&d=mm&r=g\",\"caption\":\"Lorenzo Verduzco\"}}]}<\/script>\n<!-- \/ Yoast SEO plugin. -->","yoast_head_json":{"title":"Congo : La Restauration des \u00c9glises Continue\u00a0 - \u00c9glise Adventiste Du Septieme Jour - Inter Am\u00e9rique Division","robots":{"index":"index","follow":"follow","max-snippet":"max-snippet:-1","max-image-preview":"max-image-preview:large","max-video-preview":"max-video-preview:-1"},"canonical":"https:\/\/interamerica.org\/fr\/2004\/08\/congo-la-restauration-des-eglises-continue\/","og_locale":"fr_FR","og_type":"article","og_title":"Congo : La Restauration des \u00c9glises Continue\u00a0 - \u00c9glise Adventiste Du Septieme Jour - Inter Am\u00e9rique Division","og_description":"Quatre \u00e9glises adventistes du septi\u00e8me jour dans la R\u00e9publique d\u00e9mocratique du Congo sont en cours de restauration","og_url":"https:\/\/interamerica.org\/fr\/2004\/08\/congo-la-restauration-des-eglises-continue\/","og_site_name":"\u00c9glise Adventiste Du Septieme Jour - Inter Am\u00e9rique Division","article_published_time":"2004-08-09T04:00:00+00:00","article_modified_time":"2017-06-02T17:21:43+00:00","author":"Lorenzo Verduzco","twitter_card":"summary_large_image","twitter_misc":{"\u00c9crit par":"Lorenzo Verduzco","Dur\u00e9e de lecture estim\u00e9e":"2 minutes"},"schema":{"@context":"https:\/\/schema.org","@graph":[{"@type":"Article","@id":"https:\/\/interamerica.org\/fr\/2004\/08\/congo-la-restauration-des-eglises-continue\/#article","isPartOf":{"@id":"https:\/\/interamerica.org\/fr\/2004\/08\/congo-la-restauration-des-eglises-continue\/"},"author":{"name":"Lorenzo Verduzco","@id":"https:\/\/interamerica.org\/fr\/#\/schema\/person\/68ede8bdc292885bb76c1e3810e73c39"},"headline":"Congo : La Restauration des \u00c9glises Continue\u00a0","datePublished":"2004-08-09T04:00:00+00:00","dateModified":"2017-06-02T17:21:43+00:00","mainEntityOfPage":{"@id":"https:\/\/interamerica.org\/fr\/2004\/08\/congo-la-restauration-des-eglises-continue\/"},"wordCount":426,"articleSection":["Archive"],"inLanguage":"fr-FR"},{"@type":"WebPage","@id":"https:\/\/interamerica.org\/fr\/2004\/08\/congo-la-restauration-des-eglises-continue\/","url":"https:\/\/interamerica.org\/fr\/2004\/08\/congo-la-restauration-des-eglises-continue\/","name":"Congo : La Restauration des \u00c9glises Continue\u00a0 - \u00c9glise Adventiste Du Septieme Jour - Inter Am\u00e9rique Division","isPartOf":{"@id":"https:\/\/interamerica.org\/fr\/#website"},"datePublished":"2004-08-09T04:00:00+00:00","dateModified":"2017-06-02T17:21:43+00:00","author":{"@id":"https:\/\/interamerica.org\/fr\/#\/schema\/person\/68ede8bdc292885bb76c1e3810e73c39"},"breadcrumb":{"@id":"https:\/\/interamerica.org\/fr\/2004\/08\/congo-la-restauration-des-eglises-continue\/#breadcrumb"},"inLanguage":"fr-FR","potentialAction":[{"@type":"ReadAction","target":["https:\/\/interamerica.org\/fr\/2004\/08\/congo-la-restauration-des-eglises-continue\/"]}]},{"@type":"BreadcrumbList","@id":"https:\/\/interamerica.org\/fr\/2004\/08\/congo-la-restauration-des-eglises-continue\/#breadcrumb","itemListElement":[{"@type":"ListItem","position":1,"name":"Home","item":"https:\/\/interamerica.org\/fr\/"},{"@type":"ListItem","position":2,"name":"Congo : La Restauration des \u00c9glises Continue\u00a0"}]},{"@type":"WebSite","@id":"https:\/\/interamerica.org\/fr\/#website","url":"https:\/\/interamerica.org\/fr\/","name":"\u00c9glise Adventiste Du Septieme Jour - Inter Am\u00e9rique Division","description":"","potentialAction":[{"@type":"SearchAction","target":{"@type":"EntryPoint","urlTemplate":"https:\/\/interamerica.org\/fr\/?s={search_term_string}"},"query-input":{"@type":"PropertyValueSpecification","valueRequired":true,"valueName":"search_term_string"}}],"inLanguage":"fr-FR"},{"@type":"Person","@id":"https:\/\/interamerica.org\/fr\/#\/schema\/person\/68ede8bdc292885bb76c1e3810e73c39","name":"Lorenzo Verduzco","image":{"@type":"ImageObject","inLanguage":"fr-FR","@id":"https:\/\/secure.gravatar.com\/avatar\/fb81a55b6218459490a9c1dc841a34909185b81904c5337b4b27f7a6fd60c49e?s=96&d=mm&r=g","url":"https:\/\/secure.gravatar.com\/avatar\/fb81a55b6218459490a9c1dc841a34909185b81904c5337b4b27f7a6fd60c49e?s=96&d=mm&r=g","contentUrl":"https:\/\/secure.gravatar.com\/avatar\/fb81a55b6218459490a9c1dc841a34909185b81904c5337b4b27f7a6fd60c49e?s=96&d=mm&r=g","caption":"Lorenzo Verduzco"}}]}},"_links":{"self":[{"href":"https:\/\/interamerica.org\/fr\/wp-json\/wp\/v2\/posts\/12202","targetHints":{"allow":["GET"]}}],"collection":[{"href":"https:\/\/interamerica.org\/fr\/wp-json\/wp\/v2\/posts"}],"about":[{"href":"https:\/\/interamerica.org\/fr\/wp-json\/wp\/v2\/types\/post"}],"author":[{"embeddable":true,"href":"https:\/\/interamerica.org\/fr\/wp-json\/wp\/v2\/users\/1"}],"replies":[{"embeddable":true,"href":"https:\/\/interamerica.org\/fr\/wp-json\/wp\/v2\/comments?post=12202"}],"version-history":[{"count":0,"href":"https:\/\/interamerica.org\/fr\/wp-json\/wp\/v2\/posts\/12202\/revisions"}],"wp:attachment":[{"href":"https:\/\/interamerica.org\/fr\/wp-json\/wp\/v2\/media?parent=12202"}],"wp:term":[{"taxonomy":"category","embeddable":true,"href":"https:\/\/interamerica.org\/fr\/wp-json\/wp\/v2\/categories?post=12202"},{"taxonomy":"post_tag","embeddable":true,"href":"https:\/\/interamerica.org\/fr\/wp-json\/wp\/v2\/tags?post=12202"}],"curies":[{"name":"wp","href":"https:\/\/api.w.org\/{rel}","templated":true}]}}