{"id":12279,"date":"2005-01-04T00:00:00","date_gmt":"2005-01-04T04:00:00","guid":{"rendered":"http:\/\/192.81.217.108\/interamerica\/2005\/01\/projet-de-noel-de-la-division-au-benefice-dune-ecole-au-venezuela\/"},"modified":"2017-06-02T13:20:53","modified_gmt":"2017-06-02T17:20:53","slug":"projet-de-noel-de-la-division-au-benefice-dune-ecole-au-venezuela","status":"publish","type":"post","link":"https:\/\/interamerica.org\/fr\/2005\/01\/projet-de-noel-de-la-division-au-benefice-dune-ecole-au-venezuela\/","title":{"rendered":"Projet de No\u00ebl de la Division au B\u00e9n\u00e9fice d&rsquo;une Ecole au Venezuela"},"content":{"rendered":"<p>Miami, Floride, Etats-Unis.<\/p>\n<p>Chaque ann\u00e9e le personnel du bureau de la Division Interam\u00e9ricaine participe \u00e0 un projet de No\u00ebl en faveur d&rsquo;une institution eccl\u00e9siale dans le besoin, dans l&rsquo;une des 15 unions ou r\u00e9gions de la Division.<\/p>\n<p>L&rsquo;argent donn\u00e9 l&rsquo;ann\u00e9e derni\u00e8re aidera \u00e0 construire des toilettes et installer des fontaines publiques \u00e0 l&rsquo;\u00e9cole secondaire adventiste de Gran Sabana. L&rsquo;\u00e9cole est plac\u00e9e dans le secteur indig\u00e8ne de Gran Sabana, dans la ville de Bolivar \u00e0 la fronti\u00e8re du Venezuela avec le Br\u00e9sil.<\/p>\n<p>Le pasteur Ivan Omana, Secr\u00e9taire de l&rsquo;Association Minist\u00e9rielle \u00e0 l&rsquo;IAD, coordonnateur du projet de cette ann\u00e9e, dit que cette aide permettra aux \u00e9tudiants et au corps enseignant d&rsquo;avoir de nouvelles facilit\u00e9s tout pr\u00e8s des salles de classe. Il ajoute que le projet, soumis par l&rsquo;Union du Venezuela\/Antilles, co\u00fbtera approximativement 10,000 us$. <\/p>\n<p>Vers la fin de d\u00e9cembre 2004, le total des dons re\u00e7us pour le projet avoisinait 4,500 us$. Cette somme est suffisante pour autoriser \u00e0 commencer la construction imm\u00e9diate du local.<\/p>\n<p>Entour\u00e9 par les miracles naturels de la v\u00e9g\u00e9tation, de la faune et des sources d&rsquo;eau, le Colegio Gran Sabana (Ecole secondaire de Gran Sabana) fonctionne depuis 1979, offre une formation du niveau secondaire \u00e0 200 \u00e9tudiants internes et externes et se fait fort d&rsquo;un corps enseignant de 24 membres.<\/p>\n<p>Pour plus d&rsquo;informations sur l&rsquo;exp\u00e9dition des dons destin\u00e9s \u00e0 ce projet ou d&rsquo;autres projets, entrez s&rsquo;il vous pla\u00eet en contact avec le d\u00e9partement de la Tr\u00e9sorerie et des Finances de l&rsquo;IAD, au 305.403.4700.<\/p>\n","protected":false},"excerpt":{"rendered":"<p>Chaque ann\u00e9e le personnel du bureau de la Division Interam\u00e9ricaine participe \u00e0 un projet de No\u00ebl en faveur d&rsquo;une institution eccl\u00e9siale dans le besoin, dans l&rsquo;une des 15 unions ou r\u00e9gions de la Division.<\/p>\n","protected":false},"author":1,"featured_media":0,"comment_status":"closed","ping_status":"closed","sticky":false,"template":"","format":"standard","meta":{"_acf_changed":false,"footnotes":""},"categories":[9],"tags":[],"class_list":["post-12279","post","type-post","status-publish","format-standard","hentry","category-archive-fr"],"acf":[],"yoast_head":"<!-- This site is optimized with the Yoast SEO plugin v27.3 - https:\/\/yoast.com\/product\/yoast-seo-wordpress\/ -->\n<title>Projet de No\u00ebl de la Division au B\u00e9n\u00e9fice d&#039;une Ecole au Venezuela - \u00c9glise Adventiste Du Septieme Jour - Inter Am\u00e9rique Division<\/title>\n<meta name=\"robots\" content=\"index, follow, max-snippet:-1, max-image-preview:large, max-video-preview:-1\" \/>\n<link rel=\"canonical\" href=\"https:\/\/interamerica.org\/fr\/2005\/01\/projet-de-noel-de-la-division-au-benefice-dune-ecole-au-venezuela\/\" \/>\n<meta property=\"og:locale\" content=\"fr_FR\" \/>\n<meta property=\"og:type\" content=\"article\" \/>\n<meta property=\"og:title\" content=\"Projet de No\u00ebl de la Division au B\u00e9n\u00e9fice d&#039;une Ecole au Venezuela - \u00c9glise Adventiste Du Septieme Jour - Inter Am\u00e9rique Division\" \/>\n<meta property=\"og:description\" content=\"Chaque ann\u00e9e le personnel du bureau de la Division Interam\u00e9ricaine participe \u00e0 un projet de No\u00ebl en faveur d&#039;une institution eccl\u00e9siale dans le besoin, dans l&#039;une des 15 unions ou r\u00e9gions de la Division.\" \/>\n<meta property=\"og:url\" content=\"https:\/\/interamerica.org\/fr\/2005\/01\/projet-de-noel-de-la-division-au-benefice-dune-ecole-au-venezuela\/\" \/>\n<meta property=\"og:site_name\" content=\"\u00c9glise Adventiste Du Septieme Jour - Inter Am\u00e9rique Division\" \/>\n<meta property=\"article:published_time\" content=\"2005-01-04T04:00:00+00:00\" \/>\n<meta property=\"article:modified_time\" content=\"2017-06-02T17:20:53+00:00\" \/>\n<meta name=\"author\" content=\"Lorenzo Verduzco\" \/>\n<meta name=\"twitter:card\" content=\"summary_large_image\" \/>\n<meta name=\"twitter:label1\" content=\"\u00c9crit par\" \/>\n\t<meta name=\"twitter:data1\" content=\"Lorenzo Verduzco\" \/>\n\t<meta name=\"twitter:label2\" content=\"Dur\u00e9e de lecture estim\u00e9e\" \/>\n\t<meta name=\"twitter:data2\" content=\"1 minute\" \/>\n<script type=\"application\/ld+json\" class=\"yoast-schema-graph\">{\"@context\":\"https:\\\/\\\/schema.org\",\"@graph\":[{\"@type\":\"Article\",\"@id\":\"https:\\\/\\\/interamerica.org\\\/fr\\\/2005\\\/01\\\/projet-de-noel-de-la-division-au-benefice-dune-ecole-au-venezuela\\\/#article\",\"isPartOf\":{\"@id\":\"https:\\\/\\\/interamerica.org\\\/fr\\\/2005\\\/01\\\/projet-de-noel-de-la-division-au-benefice-dune-ecole-au-venezuela\\\/\"},\"author\":{\"name\":\"Lorenzo Verduzco\",\"@id\":\"https:\\\/\\\/interamerica.org\\\/fr\\\/#\\\/schema\\\/person\\\/68ede8bdc292885bb76c1e3810e73c39\"},\"headline\":\"Projet de No\u00ebl de la Division au B\u00e9n\u00e9fice d&rsquo;une Ecole au Venezuela\",\"datePublished\":\"2005-01-04T04:00:00+00:00\",\"dateModified\":\"2017-06-02T17:20:53+00:00\",\"mainEntityOfPage\":{\"@id\":\"https:\\\/\\\/interamerica.org\\\/fr\\\/2005\\\/01\\\/projet-de-noel-de-la-division-au-benefice-dune-ecole-au-venezuela\\\/\"},\"wordCount\":289,\"articleSection\":[\"Archive\"],\"inLanguage\":\"fr-FR\"},{\"@type\":\"WebPage\",\"@id\":\"https:\\\/\\\/interamerica.org\\\/fr\\\/2005\\\/01\\\/projet-de-noel-de-la-division-au-benefice-dune-ecole-au-venezuela\\\/\",\"url\":\"https:\\\/\\\/interamerica.org\\\/fr\\\/2005\\\/01\\\/projet-de-noel-de-la-division-au-benefice-dune-ecole-au-venezuela\\\/\",\"name\":\"Projet de No\u00ebl de la Division au B\u00e9n\u00e9fice d'une Ecole au Venezuela - \u00c9glise Adventiste Du Septieme Jour - Inter Am\u00e9rique Division\",\"isPartOf\":{\"@id\":\"https:\\\/\\\/interamerica.org\\\/fr\\\/#website\"},\"datePublished\":\"2005-01-04T04:00:00+00:00\",\"dateModified\":\"2017-06-02T17:20:53+00:00\",\"author\":{\"@id\":\"https:\\\/\\\/interamerica.org\\\/fr\\\/#\\\/schema\\\/person\\\/68ede8bdc292885bb76c1e3810e73c39\"},\"breadcrumb\":{\"@id\":\"https:\\\/\\\/interamerica.org\\\/fr\\\/2005\\\/01\\\/projet-de-noel-de-la-division-au-benefice-dune-ecole-au-venezuela\\\/#breadcrumb\"},\"inLanguage\":\"fr-FR\",\"potentialAction\":[{\"@type\":\"ReadAction\",\"target\":[\"https:\\\/\\\/interamerica.org\\\/fr\\\/2005\\\/01\\\/projet-de-noel-de-la-division-au-benefice-dune-ecole-au-venezuela\\\/\"]}]},{\"@type\":\"BreadcrumbList\",\"@id\":\"https:\\\/\\\/interamerica.org\\\/fr\\\/2005\\\/01\\\/projet-de-noel-de-la-division-au-benefice-dune-ecole-au-venezuela\\\/#breadcrumb\",\"itemListElement\":[{\"@type\":\"ListItem\",\"position\":1,\"name\":\"Home\",\"item\":\"https:\\\/\\\/interamerica.org\\\/fr\\\/\"},{\"@type\":\"ListItem\",\"position\":2,\"name\":\"Projet de No\u00ebl de la Division au B\u00e9n\u00e9fice d&rsquo;une Ecole au Venezuela\"}]},{\"@type\":\"WebSite\",\"@id\":\"https:\\\/\\\/interamerica.org\\\/fr\\\/#website\",\"url\":\"https:\\\/\\\/interamerica.org\\\/fr\\\/\",\"name\":\"\u00c9glise Adventiste Du Septieme Jour - Inter Am\u00e9rique Division\",\"description\":\"\",\"potentialAction\":[{\"@type\":\"SearchAction\",\"target\":{\"@type\":\"EntryPoint\",\"urlTemplate\":\"https:\\\/\\\/interamerica.org\\\/fr\\\/?s={search_term_string}\"},\"query-input\":{\"@type\":\"PropertyValueSpecification\",\"valueRequired\":true,\"valueName\":\"search_term_string\"}}],\"inLanguage\":\"fr-FR\"},{\"@type\":\"Person\",\"@id\":\"https:\\\/\\\/interamerica.org\\\/fr\\\/#\\\/schema\\\/person\\\/68ede8bdc292885bb76c1e3810e73c39\",\"name\":\"Lorenzo Verduzco\",\"image\":{\"@type\":\"ImageObject\",\"inLanguage\":\"fr-FR\",\"@id\":\"https:\\\/\\\/secure.gravatar.com\\\/avatar\\\/fb81a55b6218459490a9c1dc841a34909185b81904c5337b4b27f7a6fd60c49e?s=96&d=mm&r=g\",\"url\":\"https:\\\/\\\/secure.gravatar.com\\\/avatar\\\/fb81a55b6218459490a9c1dc841a34909185b81904c5337b4b27f7a6fd60c49e?s=96&d=mm&r=g\",\"contentUrl\":\"https:\\\/\\\/secure.gravatar.com\\\/avatar\\\/fb81a55b6218459490a9c1dc841a34909185b81904c5337b4b27f7a6fd60c49e?s=96&d=mm&r=g\",\"caption\":\"Lorenzo Verduzco\"}}]}<\/script>\n<!-- \/ Yoast SEO plugin. -->","yoast_head_json":{"title":"Projet de No\u00ebl de la Division au B\u00e9n\u00e9fice d'une Ecole au Venezuela - \u00c9glise Adventiste Du Septieme Jour - Inter Am\u00e9rique Division","robots":{"index":"index","follow":"follow","max-snippet":"max-snippet:-1","max-image-preview":"max-image-preview:large","max-video-preview":"max-video-preview:-1"},"canonical":"https:\/\/interamerica.org\/fr\/2005\/01\/projet-de-noel-de-la-division-au-benefice-dune-ecole-au-venezuela\/","og_locale":"fr_FR","og_type":"article","og_title":"Projet de No\u00ebl de la Division au B\u00e9n\u00e9fice d'une Ecole au Venezuela - \u00c9glise Adventiste Du Septieme Jour - Inter Am\u00e9rique Division","og_description":"Chaque ann\u00e9e le personnel du bureau de la Division Interam\u00e9ricaine participe \u00e0 un projet de No\u00ebl en faveur d'une institution eccl\u00e9siale dans le besoin, dans l'une des 15 unions ou r\u00e9gions de la Division.","og_url":"https:\/\/interamerica.org\/fr\/2005\/01\/projet-de-noel-de-la-division-au-benefice-dune-ecole-au-venezuela\/","og_site_name":"\u00c9glise Adventiste Du Septieme Jour - Inter Am\u00e9rique Division","article_published_time":"2005-01-04T04:00:00+00:00","article_modified_time":"2017-06-02T17:20:53+00:00","author":"Lorenzo Verduzco","twitter_card":"summary_large_image","twitter_misc":{"\u00c9crit par":"Lorenzo Verduzco","Dur\u00e9e de lecture estim\u00e9e":"1 minute"},"schema":{"@context":"https:\/\/schema.org","@graph":[{"@type":"Article","@id":"https:\/\/interamerica.org\/fr\/2005\/01\/projet-de-noel-de-la-division-au-benefice-dune-ecole-au-venezuela\/#article","isPartOf":{"@id":"https:\/\/interamerica.org\/fr\/2005\/01\/projet-de-noel-de-la-division-au-benefice-dune-ecole-au-venezuela\/"},"author":{"name":"Lorenzo Verduzco","@id":"https:\/\/interamerica.org\/fr\/#\/schema\/person\/68ede8bdc292885bb76c1e3810e73c39"},"headline":"Projet de No\u00ebl de la Division au B\u00e9n\u00e9fice d&rsquo;une Ecole au Venezuela","datePublished":"2005-01-04T04:00:00+00:00","dateModified":"2017-06-02T17:20:53+00:00","mainEntityOfPage":{"@id":"https:\/\/interamerica.org\/fr\/2005\/01\/projet-de-noel-de-la-division-au-benefice-dune-ecole-au-venezuela\/"},"wordCount":289,"articleSection":["Archive"],"inLanguage":"fr-FR"},{"@type":"WebPage","@id":"https:\/\/interamerica.org\/fr\/2005\/01\/projet-de-noel-de-la-division-au-benefice-dune-ecole-au-venezuela\/","url":"https:\/\/interamerica.org\/fr\/2005\/01\/projet-de-noel-de-la-division-au-benefice-dune-ecole-au-venezuela\/","name":"Projet de No\u00ebl de la Division au B\u00e9n\u00e9fice d'une Ecole au Venezuela - \u00c9glise Adventiste Du Septieme Jour - Inter Am\u00e9rique Division","isPartOf":{"@id":"https:\/\/interamerica.org\/fr\/#website"},"datePublished":"2005-01-04T04:00:00+00:00","dateModified":"2017-06-02T17:20:53+00:00","author":{"@id":"https:\/\/interamerica.org\/fr\/#\/schema\/person\/68ede8bdc292885bb76c1e3810e73c39"},"breadcrumb":{"@id":"https:\/\/interamerica.org\/fr\/2005\/01\/projet-de-noel-de-la-division-au-benefice-dune-ecole-au-venezuela\/#breadcrumb"},"inLanguage":"fr-FR","potentialAction":[{"@type":"ReadAction","target":["https:\/\/interamerica.org\/fr\/2005\/01\/projet-de-noel-de-la-division-au-benefice-dune-ecole-au-venezuela\/"]}]},{"@type":"BreadcrumbList","@id":"https:\/\/interamerica.org\/fr\/2005\/01\/projet-de-noel-de-la-division-au-benefice-dune-ecole-au-venezuela\/#breadcrumb","itemListElement":[{"@type":"ListItem","position":1,"name":"Home","item":"https:\/\/interamerica.org\/fr\/"},{"@type":"ListItem","position":2,"name":"Projet de No\u00ebl de la Division au B\u00e9n\u00e9fice d&rsquo;une Ecole au Venezuela"}]},{"@type":"WebSite","@id":"https:\/\/interamerica.org\/fr\/#website","url":"https:\/\/interamerica.org\/fr\/","name":"\u00c9glise Adventiste Du Septieme Jour - Inter Am\u00e9rique Division","description":"","potentialAction":[{"@type":"SearchAction","target":{"@type":"EntryPoint","urlTemplate":"https:\/\/interamerica.org\/fr\/?s={search_term_string}"},"query-input":{"@type":"PropertyValueSpecification","valueRequired":true,"valueName":"search_term_string"}}],"inLanguage":"fr-FR"},{"@type":"Person","@id":"https:\/\/interamerica.org\/fr\/#\/schema\/person\/68ede8bdc292885bb76c1e3810e73c39","name":"Lorenzo Verduzco","image":{"@type":"ImageObject","inLanguage":"fr-FR","@id":"https:\/\/secure.gravatar.com\/avatar\/fb81a55b6218459490a9c1dc841a34909185b81904c5337b4b27f7a6fd60c49e?s=96&d=mm&r=g","url":"https:\/\/secure.gravatar.com\/avatar\/fb81a55b6218459490a9c1dc841a34909185b81904c5337b4b27f7a6fd60c49e?s=96&d=mm&r=g","contentUrl":"https:\/\/secure.gravatar.com\/avatar\/fb81a55b6218459490a9c1dc841a34909185b81904c5337b4b27f7a6fd60c49e?s=96&d=mm&r=g","caption":"Lorenzo Verduzco"}}]}},"_links":{"self":[{"href":"https:\/\/interamerica.org\/fr\/wp-json\/wp\/v2\/posts\/12279","targetHints":{"allow":["GET"]}}],"collection":[{"href":"https:\/\/interamerica.org\/fr\/wp-json\/wp\/v2\/posts"}],"about":[{"href":"https:\/\/interamerica.org\/fr\/wp-json\/wp\/v2\/types\/post"}],"author":[{"embeddable":true,"href":"https:\/\/interamerica.org\/fr\/wp-json\/wp\/v2\/users\/1"}],"replies":[{"embeddable":true,"href":"https:\/\/interamerica.org\/fr\/wp-json\/wp\/v2\/comments?post=12279"}],"version-history":[{"count":0,"href":"https:\/\/interamerica.org\/fr\/wp-json\/wp\/v2\/posts\/12279\/revisions"}],"wp:attachment":[{"href":"https:\/\/interamerica.org\/fr\/wp-json\/wp\/v2\/media?parent=12279"}],"wp:term":[{"taxonomy":"category","embeddable":true,"href":"https:\/\/interamerica.org\/fr\/wp-json\/wp\/v2\/categories?post=12279"},{"taxonomy":"post_tag","embeddable":true,"href":"https:\/\/interamerica.org\/fr\/wp-json\/wp\/v2\/tags?post=12279"}],"curies":[{"name":"wp","href":"https:\/\/api.w.org\/{rel}","templated":true}]}}