{"id":12280,"date":"2005-01-05T00:00:00","date_gmt":"2005-01-05T04:00:00","guid":{"rendered":"http:\/\/192.81.217.108\/interamerica\/2005\/01\/le-bureau-de-la-division-interamericaine-commence-lannee\/"},"modified":"2017-06-02T13:20:52","modified_gmt":"2017-06-02T17:20:52","slug":"le-bureau-de-la-division-interamericaine-commence-lannee","status":"publish","type":"post","link":"https:\/\/interamerica.org\/fr\/2005\/01\/le-bureau-de-la-division-interamericaine-commence-lannee\/","title":{"rendered":"Le Bureau de la Division Interam\u00e9ricaine Commence l&rsquo;Ann\u00e9e"},"content":{"rendered":"<p>Miami, Floride, Etats-Unis.<\/p>\n<p>Les dirigeants de l&rsquo;\u00e9glise et le personnel du bureau de la Division Interam\u00e9ricaine ont commenc\u00e9 le Nouvel An avec un programme sp\u00e9cial d&rsquo;adoration le 4 janvier.<\/p>\n<p>Le conf\u00e9rencier fut Isma\u00ebl Castillo, pr\u00e9sident de l&rsquo;Universit\u00e9 Montemorelos au Mexique. Andrea Acuna, une \u00e9tudiante de Limon, Costa Rica, pr\u00e9senta la musique, pendant ce service d&rsquo;adoration.<\/p>\n<p>Le message de Castillo \u00e9tait structur\u00e9 autour du Psaume 23 et la paix, l&rsquo;orientation et l&rsquo;assurance que J\u00e9sus, le Vrai Berger peut nous donner alors que nous continuons \u00e0 oeuvrer pour l&rsquo;\u00e9glise dans ce monde frapp\u00e9 par des d\u00e9sastres.<\/p>\n<p>\u00ab\u00a0Dieu n&rsquo;a pas promis de nous lib\u00e9rer des calamit\u00e9s, des d\u00e9sastres et des chemins parsem\u00e9s de dangers, mais de nous donner la paix face \u00e0 la crainte,\u00a0\u00bb a-t-il dit. \u00ab\u00a0C&rsquo;est mon voeu que nous restions en J\u00e9sus de telle sorte qu&rsquo;Il puisse nous conduire dans de vrais p\u00e2turages cette ann\u00e9e.\u00a0\u00bb<\/p>\n<p>Le programme continua avec une session de pri\u00e8re du personnel, demandant \u00e0 Dieu conseil et sagesse dans l&rsquo;\u0153uvre \u00e0 accomplir en Inter-Am\u00e9rique et dans l&rsquo;\u00c9glise mondiale, pendant 2005. Le service se termina avec un service de cons\u00e9cration de huit dirigeants au bureau, d\u00e9tenant de grandes responsabilit\u00e9s de direction dans l&rsquo;\u00e9glise. (Voir le r\u00e9cit d\u00e9taill\u00e9 sur notre site Internet).<\/p>\n","protected":false},"excerpt":{"rendered":"<p>Les dirigeants de l&rsquo;\u00e9glise et le personnel du bureau de la Division Interam\u00e9ricaine ont commenc\u00e9 le Nouvel An avec un programme sp\u00e9cial d&rsquo;adoration le 4 janvier.<\/p>\n","protected":false},"author":1,"featured_media":0,"comment_status":"closed","ping_status":"closed","sticky":false,"template":"","format":"standard","meta":{"_acf_changed":false,"footnotes":""},"categories":[9],"tags":[],"class_list":["post-12280","post","type-post","status-publish","format-standard","hentry","category-archive-fr"],"acf":[],"yoast_head":"<!-- This site is optimized with the Yoast SEO plugin v27.3 - https:\/\/yoast.com\/product\/yoast-seo-wordpress\/ -->\n<title>Le Bureau de la Division Interam\u00e9ricaine Commence l&#039;Ann\u00e9e - \u00c9glise Adventiste Du Septieme Jour - Inter Am\u00e9rique Division<\/title>\n<meta name=\"robots\" content=\"index, follow, max-snippet:-1, max-image-preview:large, max-video-preview:-1\" \/>\n<link rel=\"canonical\" href=\"https:\/\/interamerica.org\/fr\/2005\/01\/le-bureau-de-la-division-interamericaine-commence-lannee\/\" \/>\n<meta property=\"og:locale\" content=\"fr_FR\" \/>\n<meta property=\"og:type\" content=\"article\" \/>\n<meta property=\"og:title\" content=\"Le Bureau de la Division Interam\u00e9ricaine Commence l&#039;Ann\u00e9e - \u00c9glise Adventiste Du Septieme Jour - Inter Am\u00e9rique Division\" \/>\n<meta property=\"og:description\" content=\"Les dirigeants de l&#039;\u00e9glise et le personnel du bureau de la Division Interam\u00e9ricaine ont commenc\u00e9 le Nouvel An avec un programme sp\u00e9cial d&#039;adoration le 4 janvier.\" \/>\n<meta property=\"og:url\" content=\"https:\/\/interamerica.org\/fr\/2005\/01\/le-bureau-de-la-division-interamericaine-commence-lannee\/\" \/>\n<meta property=\"og:site_name\" content=\"\u00c9glise Adventiste Du Septieme Jour - Inter Am\u00e9rique Division\" \/>\n<meta property=\"article:published_time\" content=\"2005-01-05T04:00:00+00:00\" \/>\n<meta property=\"article:modified_time\" content=\"2017-06-02T17:20:52+00:00\" \/>\n<meta name=\"author\" content=\"Lorenzo Verduzco\" \/>\n<meta name=\"twitter:card\" content=\"summary_large_image\" \/>\n<meta name=\"twitter:label1\" content=\"\u00c9crit par\" \/>\n\t<meta name=\"twitter:data1\" content=\"Lorenzo Verduzco\" \/>\n\t<meta name=\"twitter:label2\" content=\"Dur\u00e9e de lecture estim\u00e9e\" \/>\n\t<meta name=\"twitter:data2\" content=\"1 minute\" \/>\n<script type=\"application\/ld+json\" class=\"yoast-schema-graph\">{\"@context\":\"https:\\\/\\\/schema.org\",\"@graph\":[{\"@type\":\"Article\",\"@id\":\"https:\\\/\\\/interamerica.org\\\/fr\\\/2005\\\/01\\\/le-bureau-de-la-division-interamericaine-commence-lannee\\\/#article\",\"isPartOf\":{\"@id\":\"https:\\\/\\\/interamerica.org\\\/fr\\\/2005\\\/01\\\/le-bureau-de-la-division-interamericaine-commence-lannee\\\/\"},\"author\":{\"name\":\"Lorenzo Verduzco\",\"@id\":\"https:\\\/\\\/interamerica.org\\\/fr\\\/#\\\/schema\\\/person\\\/68ede8bdc292885bb76c1e3810e73c39\"},\"headline\":\"Le Bureau de la Division Interam\u00e9ricaine Commence l&rsquo;Ann\u00e9e\",\"datePublished\":\"2005-01-05T04:00:00+00:00\",\"dateModified\":\"2017-06-02T17:20:52+00:00\",\"mainEntityOfPage\":{\"@id\":\"https:\\\/\\\/interamerica.org\\\/fr\\\/2005\\\/01\\\/le-bureau-de-la-division-interamericaine-commence-lannee\\\/\"},\"wordCount\":241,\"articleSection\":[\"Archive\"],\"inLanguage\":\"fr-FR\"},{\"@type\":\"WebPage\",\"@id\":\"https:\\\/\\\/interamerica.org\\\/fr\\\/2005\\\/01\\\/le-bureau-de-la-division-interamericaine-commence-lannee\\\/\",\"url\":\"https:\\\/\\\/interamerica.org\\\/fr\\\/2005\\\/01\\\/le-bureau-de-la-division-interamericaine-commence-lannee\\\/\",\"name\":\"Le Bureau de la Division Interam\u00e9ricaine Commence l'Ann\u00e9e - \u00c9glise Adventiste Du Septieme Jour - Inter Am\u00e9rique Division\",\"isPartOf\":{\"@id\":\"https:\\\/\\\/interamerica.org\\\/fr\\\/#website\"},\"datePublished\":\"2005-01-05T04:00:00+00:00\",\"dateModified\":\"2017-06-02T17:20:52+00:00\",\"author\":{\"@id\":\"https:\\\/\\\/interamerica.org\\\/fr\\\/#\\\/schema\\\/person\\\/68ede8bdc292885bb76c1e3810e73c39\"},\"breadcrumb\":{\"@id\":\"https:\\\/\\\/interamerica.org\\\/fr\\\/2005\\\/01\\\/le-bureau-de-la-division-interamericaine-commence-lannee\\\/#breadcrumb\"},\"inLanguage\":\"fr-FR\",\"potentialAction\":[{\"@type\":\"ReadAction\",\"target\":[\"https:\\\/\\\/interamerica.org\\\/fr\\\/2005\\\/01\\\/le-bureau-de-la-division-interamericaine-commence-lannee\\\/\"]}]},{\"@type\":\"BreadcrumbList\",\"@id\":\"https:\\\/\\\/interamerica.org\\\/fr\\\/2005\\\/01\\\/le-bureau-de-la-division-interamericaine-commence-lannee\\\/#breadcrumb\",\"itemListElement\":[{\"@type\":\"ListItem\",\"position\":1,\"name\":\"Home\",\"item\":\"https:\\\/\\\/interamerica.org\\\/fr\\\/\"},{\"@type\":\"ListItem\",\"position\":2,\"name\":\"Le Bureau de la Division Interam\u00e9ricaine Commence l&rsquo;Ann\u00e9e\"}]},{\"@type\":\"WebSite\",\"@id\":\"https:\\\/\\\/interamerica.org\\\/fr\\\/#website\",\"url\":\"https:\\\/\\\/interamerica.org\\\/fr\\\/\",\"name\":\"\u00c9glise Adventiste Du Septieme Jour - Inter Am\u00e9rique Division\",\"description\":\"\",\"potentialAction\":[{\"@type\":\"SearchAction\",\"target\":{\"@type\":\"EntryPoint\",\"urlTemplate\":\"https:\\\/\\\/interamerica.org\\\/fr\\\/?s={search_term_string}\"},\"query-input\":{\"@type\":\"PropertyValueSpecification\",\"valueRequired\":true,\"valueName\":\"search_term_string\"}}],\"inLanguage\":\"fr-FR\"},{\"@type\":\"Person\",\"@id\":\"https:\\\/\\\/interamerica.org\\\/fr\\\/#\\\/schema\\\/person\\\/68ede8bdc292885bb76c1e3810e73c39\",\"name\":\"Lorenzo Verduzco\",\"image\":{\"@type\":\"ImageObject\",\"inLanguage\":\"fr-FR\",\"@id\":\"https:\\\/\\\/secure.gravatar.com\\\/avatar\\\/fb81a55b6218459490a9c1dc841a34909185b81904c5337b4b27f7a6fd60c49e?s=96&d=mm&r=g\",\"url\":\"https:\\\/\\\/secure.gravatar.com\\\/avatar\\\/fb81a55b6218459490a9c1dc841a34909185b81904c5337b4b27f7a6fd60c49e?s=96&d=mm&r=g\",\"contentUrl\":\"https:\\\/\\\/secure.gravatar.com\\\/avatar\\\/fb81a55b6218459490a9c1dc841a34909185b81904c5337b4b27f7a6fd60c49e?s=96&d=mm&r=g\",\"caption\":\"Lorenzo Verduzco\"}}]}<\/script>\n<!-- \/ Yoast SEO plugin. -->","yoast_head_json":{"title":"Le Bureau de la Division Interam\u00e9ricaine Commence l'Ann\u00e9e - \u00c9glise Adventiste Du Septieme Jour - Inter Am\u00e9rique Division","robots":{"index":"index","follow":"follow","max-snippet":"max-snippet:-1","max-image-preview":"max-image-preview:large","max-video-preview":"max-video-preview:-1"},"canonical":"https:\/\/interamerica.org\/fr\/2005\/01\/le-bureau-de-la-division-interamericaine-commence-lannee\/","og_locale":"fr_FR","og_type":"article","og_title":"Le Bureau de la Division Interam\u00e9ricaine Commence l'Ann\u00e9e - \u00c9glise Adventiste Du Septieme Jour - Inter Am\u00e9rique Division","og_description":"Les dirigeants de l'\u00e9glise et le personnel du bureau de la Division Interam\u00e9ricaine ont commenc\u00e9 le Nouvel An avec un programme sp\u00e9cial d'adoration le 4 janvier.","og_url":"https:\/\/interamerica.org\/fr\/2005\/01\/le-bureau-de-la-division-interamericaine-commence-lannee\/","og_site_name":"\u00c9glise Adventiste Du Septieme Jour - Inter Am\u00e9rique Division","article_published_time":"2005-01-05T04:00:00+00:00","article_modified_time":"2017-06-02T17:20:52+00:00","author":"Lorenzo Verduzco","twitter_card":"summary_large_image","twitter_misc":{"\u00c9crit par":"Lorenzo Verduzco","Dur\u00e9e de lecture estim\u00e9e":"1 minute"},"schema":{"@context":"https:\/\/schema.org","@graph":[{"@type":"Article","@id":"https:\/\/interamerica.org\/fr\/2005\/01\/le-bureau-de-la-division-interamericaine-commence-lannee\/#article","isPartOf":{"@id":"https:\/\/interamerica.org\/fr\/2005\/01\/le-bureau-de-la-division-interamericaine-commence-lannee\/"},"author":{"name":"Lorenzo Verduzco","@id":"https:\/\/interamerica.org\/fr\/#\/schema\/person\/68ede8bdc292885bb76c1e3810e73c39"},"headline":"Le Bureau de la Division Interam\u00e9ricaine Commence l&rsquo;Ann\u00e9e","datePublished":"2005-01-05T04:00:00+00:00","dateModified":"2017-06-02T17:20:52+00:00","mainEntityOfPage":{"@id":"https:\/\/interamerica.org\/fr\/2005\/01\/le-bureau-de-la-division-interamericaine-commence-lannee\/"},"wordCount":241,"articleSection":["Archive"],"inLanguage":"fr-FR"},{"@type":"WebPage","@id":"https:\/\/interamerica.org\/fr\/2005\/01\/le-bureau-de-la-division-interamericaine-commence-lannee\/","url":"https:\/\/interamerica.org\/fr\/2005\/01\/le-bureau-de-la-division-interamericaine-commence-lannee\/","name":"Le Bureau de la Division Interam\u00e9ricaine Commence l'Ann\u00e9e - \u00c9glise Adventiste Du Septieme Jour - Inter Am\u00e9rique Division","isPartOf":{"@id":"https:\/\/interamerica.org\/fr\/#website"},"datePublished":"2005-01-05T04:00:00+00:00","dateModified":"2017-06-02T17:20:52+00:00","author":{"@id":"https:\/\/interamerica.org\/fr\/#\/schema\/person\/68ede8bdc292885bb76c1e3810e73c39"},"breadcrumb":{"@id":"https:\/\/interamerica.org\/fr\/2005\/01\/le-bureau-de-la-division-interamericaine-commence-lannee\/#breadcrumb"},"inLanguage":"fr-FR","potentialAction":[{"@type":"ReadAction","target":["https:\/\/interamerica.org\/fr\/2005\/01\/le-bureau-de-la-division-interamericaine-commence-lannee\/"]}]},{"@type":"BreadcrumbList","@id":"https:\/\/interamerica.org\/fr\/2005\/01\/le-bureau-de-la-division-interamericaine-commence-lannee\/#breadcrumb","itemListElement":[{"@type":"ListItem","position":1,"name":"Home","item":"https:\/\/interamerica.org\/fr\/"},{"@type":"ListItem","position":2,"name":"Le Bureau de la Division Interam\u00e9ricaine Commence l&rsquo;Ann\u00e9e"}]},{"@type":"WebSite","@id":"https:\/\/interamerica.org\/fr\/#website","url":"https:\/\/interamerica.org\/fr\/","name":"\u00c9glise Adventiste Du Septieme Jour - Inter Am\u00e9rique Division","description":"","potentialAction":[{"@type":"SearchAction","target":{"@type":"EntryPoint","urlTemplate":"https:\/\/interamerica.org\/fr\/?s={search_term_string}"},"query-input":{"@type":"PropertyValueSpecification","valueRequired":true,"valueName":"search_term_string"}}],"inLanguage":"fr-FR"},{"@type":"Person","@id":"https:\/\/interamerica.org\/fr\/#\/schema\/person\/68ede8bdc292885bb76c1e3810e73c39","name":"Lorenzo Verduzco","image":{"@type":"ImageObject","inLanguage":"fr-FR","@id":"https:\/\/secure.gravatar.com\/avatar\/fb81a55b6218459490a9c1dc841a34909185b81904c5337b4b27f7a6fd60c49e?s=96&d=mm&r=g","url":"https:\/\/secure.gravatar.com\/avatar\/fb81a55b6218459490a9c1dc841a34909185b81904c5337b4b27f7a6fd60c49e?s=96&d=mm&r=g","contentUrl":"https:\/\/secure.gravatar.com\/avatar\/fb81a55b6218459490a9c1dc841a34909185b81904c5337b4b27f7a6fd60c49e?s=96&d=mm&r=g","caption":"Lorenzo Verduzco"}}]}},"_links":{"self":[{"href":"https:\/\/interamerica.org\/fr\/wp-json\/wp\/v2\/posts\/12280","targetHints":{"allow":["GET"]}}],"collection":[{"href":"https:\/\/interamerica.org\/fr\/wp-json\/wp\/v2\/posts"}],"about":[{"href":"https:\/\/interamerica.org\/fr\/wp-json\/wp\/v2\/types\/post"}],"author":[{"embeddable":true,"href":"https:\/\/interamerica.org\/fr\/wp-json\/wp\/v2\/users\/1"}],"replies":[{"embeddable":true,"href":"https:\/\/interamerica.org\/fr\/wp-json\/wp\/v2\/comments?post=12280"}],"version-history":[{"count":0,"href":"https:\/\/interamerica.org\/fr\/wp-json\/wp\/v2\/posts\/12280\/revisions"}],"wp:attachment":[{"href":"https:\/\/interamerica.org\/fr\/wp-json\/wp\/v2\/media?parent=12280"}],"wp:term":[{"taxonomy":"category","embeddable":true,"href":"https:\/\/interamerica.org\/fr\/wp-json\/wp\/v2\/categories?post=12280"},{"taxonomy":"post_tag","embeddable":true,"href":"https:\/\/interamerica.org\/fr\/wp-json\/wp\/v2\/tags?post=12280"}],"curies":[{"name":"wp","href":"https:\/\/api.w.org\/{rel}","templated":true}]}}