{"id":12281,"date":"2005-01-05T00:00:00","date_gmt":"2005-01-05T04:00:00","guid":{"rendered":"http:\/\/192.81.217.108\/interamerica\/2005\/01\/linter-amerique-honore-des-dirigeants-speciaux\/"},"modified":"2017-06-02T13:20:53","modified_gmt":"2017-06-02T17:20:53","slug":"linter-amerique-honore-des-dirigeants-speciaux","status":"publish","type":"post","link":"https:\/\/interamerica.org\/fr\/2005\/01\/linter-amerique-honore-des-dirigeants-speciaux\/","title":{"rendered":"L&rsquo;Inter-Am\u00e9rique Honore des Dirigeants Sp\u00e9ciaux"},"content":{"rendered":"<p>Miami, Floride, Etats-Unis.<\/p>\n<p>La Division Interam\u00e9ricaine a tenu un service de cons\u00e9cration (d&rsquo;accr\u00e9ditation) le 4 janvier pour des dirigeants d&rsquo;\u00e9glise non consacr\u00e9s pasteurs qui portent actuellement des responsabilit\u00e9s importantes dans leur fonction pour l&rsquo;\u00e9glise. Le service a eu lieu au quartier g\u00e9n\u00e9ral de la Division \u00e0 Miami, Floride.<\/p>\n<p>Cette activit\u00e9 vient en r\u00e9ponse \u00e0 une d\u00e9cision de la Conf\u00e9rence G\u00e9n\u00e9rale, d&rsquo;accorder une lettre de cr\u00e9ance sp\u00e9ciale \u00e0 une certaine cat\u00e9gorie d&rsquo;ouvriers qui exercent certaines fonctions et pourraient recevoir certains privil\u00e8ges qui ont jusqu&rsquo;ici \u00e9t\u00e9 r\u00e9serv\u00e9s seulement aux pasteurs consacr\u00e9s, selon pasteur Isra\u00ebl Le\u00efto, pr\u00e9sident pour l&rsquo;\u00e9glise en Inter-Am\u00e9rique.<\/p>\n<p>\u00ab\u00a0Ce n&rsquo;est pas une cons\u00e9cration au saint minist\u00e8re, l&rsquo;\u00e9glise ayant d\u00e9cid\u00e9 que seuls ceux qui sont dans la ligne minist\u00e9rielle ont droit \u00e0 la cons\u00e9cration,\u00a0\u00bb dit Le\u00efto. \u00ab\u00a0Cependant, il y a certains dirigeants d&rsquo;\u00e9glise, qui, bien qu&rsquo;ils n&rsquo;aient pas fait des \u00e9tudes pour \u00eatre ordonn\u00e9s dans le minist\u00e8re, portent des responsabilit\u00e9s de direction importantes dans l&rsquo;\u00e9glise.\u00a0\u00bb<\/p>\n<p>De tels dirigeants pourront recevoir un statut en fonction de leurs r\u00f4les et des lettres de cr\u00e9ance de missionnaires mandat\u00e9s accr\u00e9dit\u00e9s. \u00ab\u00a0C&rsquo;est la lettre de cr\u00e9ance la plus proche de celle de la cons\u00e9cration que quelqu&rsquo;un puisse obtenir,\u00a0\u00bb a ajout\u00e9 pasteur Le\u00efto. <\/p>\n<p>Bien que ces dirigeants accr\u00e9dit\u00e9s et mandat\u00e9s re\u00e7oivent des privil\u00e8ges semblables \u00e0 ceux des pasteurs consacr\u00e9s, il y a des restrictions quant \u00e0 qui de telles lettres de cr\u00e9ance peuvent \u00eatre accord\u00e9es. Un dirigeant accr\u00e9dit\u00e9 et mandat\u00e9 ne peut pas accomplir certains r\u00f4les d&rsquo;un pasteur consacr\u00e9, tels que : baptiser, faire des mariages, administrer des services de communion, organiser des \u00e9glises, etc. Cependant, si un dirigeant mandat\u00e9 et accr\u00e9dit\u00e9 est aussi ancien d&rsquo;\u00e9glise consacr\u00e9, il\/elle pourra remplir des\u00a0fonctions propre d&rsquo;un\u00a0ancien d&rsquo;\u00e9glise consacr\u00e9 dans son \u00e9glise locale.<\/p>\n<p>Les candidats \u00e0 qui l&rsquo;on a d\u00e9cern\u00e9 une telle lettre de cr\u00e9ance de dirigeant mandat\u00e9 accr\u00e9dit\u00e9 sont : docteur Carlos Archbold, directeur d&rsquo;\u00c9ducation; Guillermo Gonzalez, tr\u00e9sorier adjoint; Waveney Martinborough, directrice des Minist\u00e8res de la Femme, Evelyn Omana, directrice des minist\u00e8res des enfants et de SIEMA; Beulah A. Peterson, sous tr\u00e9sori\u00e8re; Faye Reid, secr\u00e9taire adjointe; Sonja Thomas, tr\u00e9sori\u00e8re adjointe; et Joel Zukovski, directeur g\u00e9n\u00e9ral de la Soci\u00e9t\u00e9 d&rsquo;Aliments Sains.<\/p>\n<p>Apr\u00e8s la pr\u00e9sentation des candidats, une pri\u00e8re sp\u00e9ciale de d\u00e9dicace a \u00e9t\u00e9 faite, suivie d&rsquo;une remise de certificats et de lettres de cr\u00e9ance par pasteur Juan O. Perla, secr\u00e9taire ex\u00e9cutif de l&rsquo;IAD et Pasteur l&rsquo;Isra\u00ebl Le\u00efto, pr\u00e9sident.<\/p>\n","protected":false},"excerpt":{"rendered":"<p>La Division Interam\u00e9ricaine a tenu un service de cons\u00e9cration (d&rsquo;accr\u00e9ditation) le 4 janvier pour des dirigeants d&rsquo;\u00e9glise non consacr\u00e9s pasteurs qui portent actuellement des responsabilit\u00e9s importantes dans leur fonction\u00a0dans l&rsquo;\u00e9glise.<\/p>\n","protected":false},"author":1,"featured_media":0,"comment_status":"closed","ping_status":"closed","sticky":false,"template":"","format":"standard","meta":{"_acf_changed":false,"footnotes":""},"categories":[9],"tags":[],"class_list":["post-12281","post","type-post","status-publish","format-standard","hentry","category-archive-fr"],"acf":[],"yoast_head":"<!-- This site is optimized with the Yoast SEO plugin v27.3 - https:\/\/yoast.com\/product\/yoast-seo-wordpress\/ -->\n<title>L&#039;Inter-Am\u00e9rique Honore des Dirigeants Sp\u00e9ciaux - \u00c9glise Adventiste Du Septieme Jour - Inter Am\u00e9rique Division<\/title>\n<meta name=\"robots\" content=\"index, follow, max-snippet:-1, max-image-preview:large, max-video-preview:-1\" \/>\n<link rel=\"canonical\" href=\"https:\/\/interamerica.org\/fr\/2005\/01\/linter-amerique-honore-des-dirigeants-speciaux\/\" \/>\n<meta property=\"og:locale\" content=\"fr_FR\" \/>\n<meta property=\"og:type\" content=\"article\" \/>\n<meta property=\"og:title\" content=\"L&#039;Inter-Am\u00e9rique Honore des Dirigeants Sp\u00e9ciaux - \u00c9glise Adventiste Du Septieme Jour - Inter Am\u00e9rique Division\" \/>\n<meta property=\"og:description\" content=\"La Division Interam\u00e9ricaine a tenu un service de cons\u00e9cration (d&#039;accr\u00e9ditation) le 4 janvier pour des dirigeants d&#039;\u00e9glise non consacr\u00e9s pasteurs qui portent actuellement des responsabilit\u00e9s importantes dans leur fonction\u00a0dans l&#039;\u00e9glise.\" \/>\n<meta property=\"og:url\" content=\"https:\/\/interamerica.org\/fr\/2005\/01\/linter-amerique-honore-des-dirigeants-speciaux\/\" \/>\n<meta property=\"og:site_name\" content=\"\u00c9glise Adventiste Du Septieme Jour - Inter Am\u00e9rique Division\" \/>\n<meta property=\"article:published_time\" content=\"2005-01-05T04:00:00+00:00\" \/>\n<meta property=\"article:modified_time\" content=\"2017-06-02T17:20:53+00:00\" \/>\n<meta name=\"author\" content=\"Lorenzo Verduzco\" \/>\n<meta name=\"twitter:card\" content=\"summary_large_image\" \/>\n<meta name=\"twitter:label1\" content=\"\u00c9crit par\" \/>\n\t<meta name=\"twitter:data1\" content=\"Lorenzo Verduzco\" \/>\n\t<meta name=\"twitter:label2\" content=\"Dur\u00e9e de lecture estim\u00e9e\" \/>\n\t<meta name=\"twitter:data2\" content=\"2 minutes\" \/>\n<script type=\"application\/ld+json\" class=\"yoast-schema-graph\">{\"@context\":\"https:\\\/\\\/schema.org\",\"@graph\":[{\"@type\":\"Article\",\"@id\":\"https:\\\/\\\/interamerica.org\\\/fr\\\/2005\\\/01\\\/linter-amerique-honore-des-dirigeants-speciaux\\\/#article\",\"isPartOf\":{\"@id\":\"https:\\\/\\\/interamerica.org\\\/fr\\\/2005\\\/01\\\/linter-amerique-honore-des-dirigeants-speciaux\\\/\"},\"author\":{\"name\":\"Lorenzo Verduzco\",\"@id\":\"https:\\\/\\\/interamerica.org\\\/fr\\\/#\\\/schema\\\/person\\\/68ede8bdc292885bb76c1e3810e73c39\"},\"headline\":\"L&rsquo;Inter-Am\u00e9rique Honore des Dirigeants Sp\u00e9ciaux\",\"datePublished\":\"2005-01-05T04:00:00+00:00\",\"dateModified\":\"2017-06-02T17:20:53+00:00\",\"mainEntityOfPage\":{\"@id\":\"https:\\\/\\\/interamerica.org\\\/fr\\\/2005\\\/01\\\/linter-amerique-honore-des-dirigeants-speciaux\\\/\"},\"wordCount\":489,\"articleSection\":[\"Archive\"],\"inLanguage\":\"fr-FR\"},{\"@type\":\"WebPage\",\"@id\":\"https:\\\/\\\/interamerica.org\\\/fr\\\/2005\\\/01\\\/linter-amerique-honore-des-dirigeants-speciaux\\\/\",\"url\":\"https:\\\/\\\/interamerica.org\\\/fr\\\/2005\\\/01\\\/linter-amerique-honore-des-dirigeants-speciaux\\\/\",\"name\":\"L'Inter-Am\u00e9rique Honore des Dirigeants Sp\u00e9ciaux - \u00c9glise Adventiste Du Septieme Jour - Inter Am\u00e9rique Division\",\"isPartOf\":{\"@id\":\"https:\\\/\\\/interamerica.org\\\/fr\\\/#website\"},\"datePublished\":\"2005-01-05T04:00:00+00:00\",\"dateModified\":\"2017-06-02T17:20:53+00:00\",\"author\":{\"@id\":\"https:\\\/\\\/interamerica.org\\\/fr\\\/#\\\/schema\\\/person\\\/68ede8bdc292885bb76c1e3810e73c39\"},\"breadcrumb\":{\"@id\":\"https:\\\/\\\/interamerica.org\\\/fr\\\/2005\\\/01\\\/linter-amerique-honore-des-dirigeants-speciaux\\\/#breadcrumb\"},\"inLanguage\":\"fr-FR\",\"potentialAction\":[{\"@type\":\"ReadAction\",\"target\":[\"https:\\\/\\\/interamerica.org\\\/fr\\\/2005\\\/01\\\/linter-amerique-honore-des-dirigeants-speciaux\\\/\"]}]},{\"@type\":\"BreadcrumbList\",\"@id\":\"https:\\\/\\\/interamerica.org\\\/fr\\\/2005\\\/01\\\/linter-amerique-honore-des-dirigeants-speciaux\\\/#breadcrumb\",\"itemListElement\":[{\"@type\":\"ListItem\",\"position\":1,\"name\":\"Home\",\"item\":\"https:\\\/\\\/interamerica.org\\\/fr\\\/\"},{\"@type\":\"ListItem\",\"position\":2,\"name\":\"L&rsquo;Inter-Am\u00e9rique Honore des Dirigeants Sp\u00e9ciaux\"}]},{\"@type\":\"WebSite\",\"@id\":\"https:\\\/\\\/interamerica.org\\\/fr\\\/#website\",\"url\":\"https:\\\/\\\/interamerica.org\\\/fr\\\/\",\"name\":\"\u00c9glise Adventiste Du Septieme Jour - Inter Am\u00e9rique Division\",\"description\":\"\",\"potentialAction\":[{\"@type\":\"SearchAction\",\"target\":{\"@type\":\"EntryPoint\",\"urlTemplate\":\"https:\\\/\\\/interamerica.org\\\/fr\\\/?s={search_term_string}\"},\"query-input\":{\"@type\":\"PropertyValueSpecification\",\"valueRequired\":true,\"valueName\":\"search_term_string\"}}],\"inLanguage\":\"fr-FR\"},{\"@type\":\"Person\",\"@id\":\"https:\\\/\\\/interamerica.org\\\/fr\\\/#\\\/schema\\\/person\\\/68ede8bdc292885bb76c1e3810e73c39\",\"name\":\"Lorenzo Verduzco\",\"image\":{\"@type\":\"ImageObject\",\"inLanguage\":\"fr-FR\",\"@id\":\"https:\\\/\\\/secure.gravatar.com\\\/avatar\\\/fb81a55b6218459490a9c1dc841a34909185b81904c5337b4b27f7a6fd60c49e?s=96&d=mm&r=g\",\"url\":\"https:\\\/\\\/secure.gravatar.com\\\/avatar\\\/fb81a55b6218459490a9c1dc841a34909185b81904c5337b4b27f7a6fd60c49e?s=96&d=mm&r=g\",\"contentUrl\":\"https:\\\/\\\/secure.gravatar.com\\\/avatar\\\/fb81a55b6218459490a9c1dc841a34909185b81904c5337b4b27f7a6fd60c49e?s=96&d=mm&r=g\",\"caption\":\"Lorenzo Verduzco\"}}]}<\/script>\n<!-- \/ Yoast SEO plugin. -->","yoast_head_json":{"title":"L'Inter-Am\u00e9rique Honore des Dirigeants Sp\u00e9ciaux - \u00c9glise Adventiste Du Septieme Jour - Inter Am\u00e9rique Division","robots":{"index":"index","follow":"follow","max-snippet":"max-snippet:-1","max-image-preview":"max-image-preview:large","max-video-preview":"max-video-preview:-1"},"canonical":"https:\/\/interamerica.org\/fr\/2005\/01\/linter-amerique-honore-des-dirigeants-speciaux\/","og_locale":"fr_FR","og_type":"article","og_title":"L'Inter-Am\u00e9rique Honore des Dirigeants Sp\u00e9ciaux - \u00c9glise Adventiste Du Septieme Jour - Inter Am\u00e9rique Division","og_description":"La Division Interam\u00e9ricaine a tenu un service de cons\u00e9cration (d'accr\u00e9ditation) le 4 janvier pour des dirigeants d'\u00e9glise non consacr\u00e9s pasteurs qui portent actuellement des responsabilit\u00e9s importantes dans leur fonction\u00a0dans l'\u00e9glise.","og_url":"https:\/\/interamerica.org\/fr\/2005\/01\/linter-amerique-honore-des-dirigeants-speciaux\/","og_site_name":"\u00c9glise Adventiste Du Septieme Jour - Inter Am\u00e9rique Division","article_published_time":"2005-01-05T04:00:00+00:00","article_modified_time":"2017-06-02T17:20:53+00:00","author":"Lorenzo Verduzco","twitter_card":"summary_large_image","twitter_misc":{"\u00c9crit par":"Lorenzo Verduzco","Dur\u00e9e de lecture estim\u00e9e":"2 minutes"},"schema":{"@context":"https:\/\/schema.org","@graph":[{"@type":"Article","@id":"https:\/\/interamerica.org\/fr\/2005\/01\/linter-amerique-honore-des-dirigeants-speciaux\/#article","isPartOf":{"@id":"https:\/\/interamerica.org\/fr\/2005\/01\/linter-amerique-honore-des-dirigeants-speciaux\/"},"author":{"name":"Lorenzo Verduzco","@id":"https:\/\/interamerica.org\/fr\/#\/schema\/person\/68ede8bdc292885bb76c1e3810e73c39"},"headline":"L&rsquo;Inter-Am\u00e9rique Honore des Dirigeants Sp\u00e9ciaux","datePublished":"2005-01-05T04:00:00+00:00","dateModified":"2017-06-02T17:20:53+00:00","mainEntityOfPage":{"@id":"https:\/\/interamerica.org\/fr\/2005\/01\/linter-amerique-honore-des-dirigeants-speciaux\/"},"wordCount":489,"articleSection":["Archive"],"inLanguage":"fr-FR"},{"@type":"WebPage","@id":"https:\/\/interamerica.org\/fr\/2005\/01\/linter-amerique-honore-des-dirigeants-speciaux\/","url":"https:\/\/interamerica.org\/fr\/2005\/01\/linter-amerique-honore-des-dirigeants-speciaux\/","name":"L'Inter-Am\u00e9rique Honore des Dirigeants Sp\u00e9ciaux - \u00c9glise Adventiste Du Septieme Jour - Inter Am\u00e9rique Division","isPartOf":{"@id":"https:\/\/interamerica.org\/fr\/#website"},"datePublished":"2005-01-05T04:00:00+00:00","dateModified":"2017-06-02T17:20:53+00:00","author":{"@id":"https:\/\/interamerica.org\/fr\/#\/schema\/person\/68ede8bdc292885bb76c1e3810e73c39"},"breadcrumb":{"@id":"https:\/\/interamerica.org\/fr\/2005\/01\/linter-amerique-honore-des-dirigeants-speciaux\/#breadcrumb"},"inLanguage":"fr-FR","potentialAction":[{"@type":"ReadAction","target":["https:\/\/interamerica.org\/fr\/2005\/01\/linter-amerique-honore-des-dirigeants-speciaux\/"]}]},{"@type":"BreadcrumbList","@id":"https:\/\/interamerica.org\/fr\/2005\/01\/linter-amerique-honore-des-dirigeants-speciaux\/#breadcrumb","itemListElement":[{"@type":"ListItem","position":1,"name":"Home","item":"https:\/\/interamerica.org\/fr\/"},{"@type":"ListItem","position":2,"name":"L&rsquo;Inter-Am\u00e9rique Honore des Dirigeants Sp\u00e9ciaux"}]},{"@type":"WebSite","@id":"https:\/\/interamerica.org\/fr\/#website","url":"https:\/\/interamerica.org\/fr\/","name":"\u00c9glise Adventiste Du Septieme Jour - Inter Am\u00e9rique Division","description":"","potentialAction":[{"@type":"SearchAction","target":{"@type":"EntryPoint","urlTemplate":"https:\/\/interamerica.org\/fr\/?s={search_term_string}"},"query-input":{"@type":"PropertyValueSpecification","valueRequired":true,"valueName":"search_term_string"}}],"inLanguage":"fr-FR"},{"@type":"Person","@id":"https:\/\/interamerica.org\/fr\/#\/schema\/person\/68ede8bdc292885bb76c1e3810e73c39","name":"Lorenzo Verduzco","image":{"@type":"ImageObject","inLanguage":"fr-FR","@id":"https:\/\/secure.gravatar.com\/avatar\/fb81a55b6218459490a9c1dc841a34909185b81904c5337b4b27f7a6fd60c49e?s=96&d=mm&r=g","url":"https:\/\/secure.gravatar.com\/avatar\/fb81a55b6218459490a9c1dc841a34909185b81904c5337b4b27f7a6fd60c49e?s=96&d=mm&r=g","contentUrl":"https:\/\/secure.gravatar.com\/avatar\/fb81a55b6218459490a9c1dc841a34909185b81904c5337b4b27f7a6fd60c49e?s=96&d=mm&r=g","caption":"Lorenzo Verduzco"}}]}},"_links":{"self":[{"href":"https:\/\/interamerica.org\/fr\/wp-json\/wp\/v2\/posts\/12281","targetHints":{"allow":["GET"]}}],"collection":[{"href":"https:\/\/interamerica.org\/fr\/wp-json\/wp\/v2\/posts"}],"about":[{"href":"https:\/\/interamerica.org\/fr\/wp-json\/wp\/v2\/types\/post"}],"author":[{"embeddable":true,"href":"https:\/\/interamerica.org\/fr\/wp-json\/wp\/v2\/users\/1"}],"replies":[{"embeddable":true,"href":"https:\/\/interamerica.org\/fr\/wp-json\/wp\/v2\/comments?post=12281"}],"version-history":[{"count":0,"href":"https:\/\/interamerica.org\/fr\/wp-json\/wp\/v2\/posts\/12281\/revisions"}],"wp:attachment":[{"href":"https:\/\/interamerica.org\/fr\/wp-json\/wp\/v2\/media?parent=12281"}],"wp:term":[{"taxonomy":"category","embeddable":true,"href":"https:\/\/interamerica.org\/fr\/wp-json\/wp\/v2\/categories?post=12281"},{"taxonomy":"post_tag","embeddable":true,"href":"https:\/\/interamerica.org\/fr\/wp-json\/wp\/v2\/tags?post=12281"}],"curies":[{"name":"wp","href":"https:\/\/api.w.org\/{rel}","templated":true}]}}