{"id":12282,"date":"2005-01-06T00:00:00","date_gmt":"2005-01-06T04:00:00","guid":{"rendered":"http:\/\/192.81.217.108\/interamerica\/2005\/01\/eglise-mondiale-le-president-dit-que-chaque-victime-du-tsunami-est-precieuse\/"},"modified":"2017-06-02T13:20:51","modified_gmt":"2017-06-02T17:20:51","slug":"eglise-mondiale-le-president-dit-que-chaque-victime-du-tsunami-est-precieuse","status":"publish","type":"post","link":"https:\/\/interamerica.org\/fr\/2005\/01\/eglise-mondiale-le-president-dit-que-chaque-victime-du-tsunami-est-precieuse\/","title":{"rendered":"\u00c9glise Mondiale : Le Pr\u00e9sident Dit que \u00ab\u00a0Chaque Victime du Tsunami est Pr\u00e9cieuse\u00a0\u00bb"},"content":{"rendered":"<p>Silver Spring, Maryland, Etats-Unis <\/p>\n<p>\u00ab\u00a0Au milieu de tant de douleur et de souffrance, Dieu n&rsquo;oublie pas ces gens. Chaque \u00e2me Lui est pr\u00e9cieuse,\u00a0\u00bb a dit le Pasteur Jan Paulsen, pr\u00e9sident de l&rsquo;\u00c9glise Mondiale des Adventistes du Septi\u00e8me Jour, dans une d\u00e9claration, o\u00f9 il faisait des commentaires, le 26 d\u00e9cembre 2004, sur le tsunami qui a frapp\u00e9 l&rsquo;Asie du Sud et qu&rsquo;il a appel\u00e9 \u00ab\u00a0un d\u00e9sastre humanitaire sans pr\u00e9c\u00e9dent.\u00a0\u00bb <\/p>\n<p>\u00ab\u00a0C&rsquo;est une trag\u00e9die \u00e0 une \u00e9chelle qu&rsquo;il est difficile de comprendre,\u00a0\u00bb a dit le Pasteur Paulsen. \u00ab\u00a0Nous voyons son impact ininterrompu dans le chagrin de ceux qui pleurent leurs bien-aim\u00e9s; dans l&rsquo;impuissance des enfants qui ont perdu des parents; et dans le d\u00e9sespoir des survivants abandonn\u00e9s sans alimentation ad\u00e9quate ou eau.\u00a0\u00bb <\/p>\n<p>En notant l&#8217;emplacement de la trag\u00e9die, il a ajout\u00e9, \u00ab\u00a0c&rsquo;est une ironie affligeante que ce d\u00e9sastre soit arriv\u00e9 dans une r\u00e9gion du monde qui n&rsquo;est pas bien \u00e9quip\u00e9e pour faire face \u00e0 un cas d&rsquo;urgence de cette ampleur. Les hommes, les femmes et les enfants qui ont \u00e9t\u00e9 attrap\u00e9s dans cette trag\u00e9die sont, pour la plupart, pauvres et d\u00e9j\u00e0 bien habitu\u00e9s \u00e0 la privation.\u00a0\u00bb <\/p>\n<p>Pasteur Paulsen, qui a \u00e9t\u00e9, dans le pass\u00e9, pr\u00e9sident du conseil de D\u00e9veloppement Adventiste et de l&rsquo;Organisme d&rsquo;aide humanitaire et qui, pendant plus de 40 ans de minist\u00e8re, est bien accoutum\u00e9, au programme de secours au profit des sinistr\u00e9s et des pauvres dans des pays en voie de d\u00e9veloppement, a exhort\u00e9 les membres d&rsquo;\u00e9glise \u00e0 mettre tout en place pour r\u00e9agir, comme il faut, face \u00e0 ce d\u00e9sastre. <\/p>\n<p>\u00ab\u00a0Ce n&rsquo;est pas le moment de se demander &lsquo; pourquoi ? &lsquo; ou de chercher des explications &#8211; Nous n&rsquo;aurons peut \u00eatre jamais la r\u00e9ponse \u00e0 certaines questions avant que notre Seigneur ne revienne. Maintenant, c&rsquo;est l&rsquo;occasion pour agir; pour aller vers nos semblables, avec compassion; pour \u00eatre les symboles d&rsquo;espoir tangibles de Christ dans une situation o\u00f9 la crainte et le d\u00e9sespoir ont le dessus. Voil\u00e0 ce qu&rsquo;il nous est demand\u00e9 de faire,\u00a0\u00bb a-t-il dit. <\/p>\n<p>\u00ab\u00a0Je crois que chacun d&rsquo;entre vous fera ce qu&rsquo;il peut pour soutenir le travail humanitaire en cours, tant par ses pri\u00e8res qu&rsquo;avec ses ressources, que ce soit par l&rsquo;interm\u00e9diaire d&rsquo;ADRA ou d&rsquo;autres organisations engag\u00e9es dans cet effort,\u00a0\u00bb a conclu le Pasteur Paulsen. <\/p>\n<p>L&rsquo;\u00c9glise Adventiste du Septi\u00e8me Jour, formellement organis\u00e9e en 1863 aux Etats-Unis, a 13.6 millions de membres baptis\u00e9s et 25 millions de personnes se r\u00e9unissant chaque semaine pour adorer, dans 203 pays et r\u00e9gions \u00e0 travers le monde. ADRA, fonctionne normalement et mondialement depuis 1984, suivant une tradition, ant\u00e9rieur \u00e0 cette date, de travaux d&rsquo;int\u00e9r\u00eat g\u00e9n\u00e9ral adventiste.<strong> <\/strong><\/p>\n<p><strong> <\/strong><\/p>\n","protected":false},"excerpt":{"rendered":"<p>\u00ab\u00a0Au milieu de tant de douleur et de souffrance, Dieu n&rsquo;oublie pas ces gens. Chaque \u00e2me Lui est pr\u00e9cieuse,\u00a0\u00bb a dit le Pasteur Jan Paulsen,<\/p>\n","protected":false},"author":1,"featured_media":0,"comment_status":"closed","ping_status":"closed","sticky":false,"template":"","format":"standard","meta":{"_acf_changed":false,"footnotes":""},"categories":[9],"tags":[],"class_list":["post-12282","post","type-post","status-publish","format-standard","hentry","category-archive-fr"],"acf":[],"yoast_head":"<!-- This site is optimized with the Yoast SEO plugin v27.3 - https:\/\/yoast.com\/product\/yoast-seo-wordpress\/ -->\n<title>\u00c9glise Mondiale : Le Pr\u00e9sident Dit que &quot;Chaque Victime du Tsunami est Pr\u00e9cieuse&quot; - \u00c9glise Adventiste Du Septieme Jour - Inter Am\u00e9rique Division<\/title>\n<meta name=\"robots\" content=\"index, follow, max-snippet:-1, max-image-preview:large, max-video-preview:-1\" \/>\n<link rel=\"canonical\" href=\"https:\/\/interamerica.org\/fr\/2005\/01\/eglise-mondiale-le-president-dit-que-chaque-victime-du-tsunami-est-precieuse\/\" \/>\n<meta property=\"og:locale\" content=\"fr_FR\" \/>\n<meta property=\"og:type\" content=\"article\" \/>\n<meta property=\"og:title\" content=\"\u00c9glise Mondiale : Le Pr\u00e9sident Dit que &quot;Chaque Victime du Tsunami est Pr\u00e9cieuse&quot; - \u00c9glise Adventiste Du Septieme Jour - Inter Am\u00e9rique Division\" \/>\n<meta property=\"og:description\" content=\"&quot;Au milieu de tant de douleur et de souffrance, Dieu n&#039;oublie pas ces gens. Chaque \u00e2me Lui est pr\u00e9cieuse,&quot; a dit le Pasteur Jan Paulsen,\" \/>\n<meta property=\"og:url\" content=\"https:\/\/interamerica.org\/fr\/2005\/01\/eglise-mondiale-le-president-dit-que-chaque-victime-du-tsunami-est-precieuse\/\" \/>\n<meta property=\"og:site_name\" content=\"\u00c9glise Adventiste Du Septieme Jour - Inter Am\u00e9rique Division\" \/>\n<meta property=\"article:published_time\" content=\"2005-01-06T04:00:00+00:00\" \/>\n<meta property=\"article:modified_time\" content=\"2017-06-02T17:20:51+00:00\" \/>\n<meta name=\"author\" content=\"Lorenzo Verduzco\" \/>\n<meta name=\"twitter:card\" content=\"summary_large_image\" \/>\n<meta name=\"twitter:label1\" content=\"\u00c9crit par\" \/>\n\t<meta name=\"twitter:data1\" content=\"Lorenzo Verduzco\" \/>\n\t<meta name=\"twitter:label2\" content=\"Dur\u00e9e de lecture estim\u00e9e\" \/>\n\t<meta name=\"twitter:data2\" content=\"2 minutes\" \/>\n<script type=\"application\/ld+json\" class=\"yoast-schema-graph\">{\"@context\":\"https:\\\/\\\/schema.org\",\"@graph\":[{\"@type\":\"Article\",\"@id\":\"https:\\\/\\\/interamerica.org\\\/fr\\\/2005\\\/01\\\/eglise-mondiale-le-president-dit-que-chaque-victime-du-tsunami-est-precieuse\\\/#article\",\"isPartOf\":{\"@id\":\"https:\\\/\\\/interamerica.org\\\/fr\\\/2005\\\/01\\\/eglise-mondiale-le-president-dit-que-chaque-victime-du-tsunami-est-precieuse\\\/\"},\"author\":{\"name\":\"Lorenzo Verduzco\",\"@id\":\"https:\\\/\\\/interamerica.org\\\/fr\\\/#\\\/schema\\\/person\\\/68ede8bdc292885bb76c1e3810e73c39\"},\"headline\":\"\u00c9glise Mondiale : Le Pr\u00e9sident Dit que \u00ab\u00a0Chaque Victime du Tsunami est Pr\u00e9cieuse\u00a0\u00bb\",\"datePublished\":\"2005-01-06T04:00:00+00:00\",\"dateModified\":\"2017-06-02T17:20:51+00:00\",\"mainEntityOfPage\":{\"@id\":\"https:\\\/\\\/interamerica.org\\\/fr\\\/2005\\\/01\\\/eglise-mondiale-le-president-dit-que-chaque-victime-du-tsunami-est-precieuse\\\/\"},\"wordCount\":491,\"articleSection\":[\"Archive\"],\"inLanguage\":\"fr-FR\"},{\"@type\":\"WebPage\",\"@id\":\"https:\\\/\\\/interamerica.org\\\/fr\\\/2005\\\/01\\\/eglise-mondiale-le-president-dit-que-chaque-victime-du-tsunami-est-precieuse\\\/\",\"url\":\"https:\\\/\\\/interamerica.org\\\/fr\\\/2005\\\/01\\\/eglise-mondiale-le-president-dit-que-chaque-victime-du-tsunami-est-precieuse\\\/\",\"name\":\"\u00c9glise Mondiale : Le Pr\u00e9sident Dit que \\\"Chaque Victime du Tsunami est Pr\u00e9cieuse\\\" - \u00c9glise Adventiste Du Septieme Jour - Inter Am\u00e9rique Division\",\"isPartOf\":{\"@id\":\"https:\\\/\\\/interamerica.org\\\/fr\\\/#website\"},\"datePublished\":\"2005-01-06T04:00:00+00:00\",\"dateModified\":\"2017-06-02T17:20:51+00:00\",\"author\":{\"@id\":\"https:\\\/\\\/interamerica.org\\\/fr\\\/#\\\/schema\\\/person\\\/68ede8bdc292885bb76c1e3810e73c39\"},\"breadcrumb\":{\"@id\":\"https:\\\/\\\/interamerica.org\\\/fr\\\/2005\\\/01\\\/eglise-mondiale-le-president-dit-que-chaque-victime-du-tsunami-est-precieuse\\\/#breadcrumb\"},\"inLanguage\":\"fr-FR\",\"potentialAction\":[{\"@type\":\"ReadAction\",\"target\":[\"https:\\\/\\\/interamerica.org\\\/fr\\\/2005\\\/01\\\/eglise-mondiale-le-president-dit-que-chaque-victime-du-tsunami-est-precieuse\\\/\"]}]},{\"@type\":\"BreadcrumbList\",\"@id\":\"https:\\\/\\\/interamerica.org\\\/fr\\\/2005\\\/01\\\/eglise-mondiale-le-president-dit-que-chaque-victime-du-tsunami-est-precieuse\\\/#breadcrumb\",\"itemListElement\":[{\"@type\":\"ListItem\",\"position\":1,\"name\":\"Home\",\"item\":\"https:\\\/\\\/interamerica.org\\\/fr\\\/\"},{\"@type\":\"ListItem\",\"position\":2,\"name\":\"\u00c9glise Mondiale : Le Pr\u00e9sident Dit que \u00ab\u00a0Chaque Victime du Tsunami est Pr\u00e9cieuse\u00a0\u00bb\"}]},{\"@type\":\"WebSite\",\"@id\":\"https:\\\/\\\/interamerica.org\\\/fr\\\/#website\",\"url\":\"https:\\\/\\\/interamerica.org\\\/fr\\\/\",\"name\":\"\u00c9glise Adventiste Du Septieme Jour - Inter Am\u00e9rique Division\",\"description\":\"\",\"potentialAction\":[{\"@type\":\"SearchAction\",\"target\":{\"@type\":\"EntryPoint\",\"urlTemplate\":\"https:\\\/\\\/interamerica.org\\\/fr\\\/?s={search_term_string}\"},\"query-input\":{\"@type\":\"PropertyValueSpecification\",\"valueRequired\":true,\"valueName\":\"search_term_string\"}}],\"inLanguage\":\"fr-FR\"},{\"@type\":\"Person\",\"@id\":\"https:\\\/\\\/interamerica.org\\\/fr\\\/#\\\/schema\\\/person\\\/68ede8bdc292885bb76c1e3810e73c39\",\"name\":\"Lorenzo Verduzco\",\"image\":{\"@type\":\"ImageObject\",\"inLanguage\":\"fr-FR\",\"@id\":\"https:\\\/\\\/secure.gravatar.com\\\/avatar\\\/fb81a55b6218459490a9c1dc841a34909185b81904c5337b4b27f7a6fd60c49e?s=96&d=mm&r=g\",\"url\":\"https:\\\/\\\/secure.gravatar.com\\\/avatar\\\/fb81a55b6218459490a9c1dc841a34909185b81904c5337b4b27f7a6fd60c49e?s=96&d=mm&r=g\",\"contentUrl\":\"https:\\\/\\\/secure.gravatar.com\\\/avatar\\\/fb81a55b6218459490a9c1dc841a34909185b81904c5337b4b27f7a6fd60c49e?s=96&d=mm&r=g\",\"caption\":\"Lorenzo Verduzco\"}}]}<\/script>\n<!-- \/ Yoast SEO plugin. -->","yoast_head_json":{"title":"\u00c9glise Mondiale : Le Pr\u00e9sident Dit que \"Chaque Victime du Tsunami est Pr\u00e9cieuse\" - \u00c9glise Adventiste Du Septieme Jour - Inter Am\u00e9rique Division","robots":{"index":"index","follow":"follow","max-snippet":"max-snippet:-1","max-image-preview":"max-image-preview:large","max-video-preview":"max-video-preview:-1"},"canonical":"https:\/\/interamerica.org\/fr\/2005\/01\/eglise-mondiale-le-president-dit-que-chaque-victime-du-tsunami-est-precieuse\/","og_locale":"fr_FR","og_type":"article","og_title":"\u00c9glise Mondiale : Le Pr\u00e9sident Dit que \"Chaque Victime du Tsunami est Pr\u00e9cieuse\" - \u00c9glise Adventiste Du Septieme Jour - Inter Am\u00e9rique Division","og_description":"\"Au milieu de tant de douleur et de souffrance, Dieu n'oublie pas ces gens. Chaque \u00e2me Lui est pr\u00e9cieuse,\" a dit le Pasteur Jan Paulsen,","og_url":"https:\/\/interamerica.org\/fr\/2005\/01\/eglise-mondiale-le-president-dit-que-chaque-victime-du-tsunami-est-precieuse\/","og_site_name":"\u00c9glise Adventiste Du Septieme Jour - Inter Am\u00e9rique Division","article_published_time":"2005-01-06T04:00:00+00:00","article_modified_time":"2017-06-02T17:20:51+00:00","author":"Lorenzo Verduzco","twitter_card":"summary_large_image","twitter_misc":{"\u00c9crit par":"Lorenzo Verduzco","Dur\u00e9e de lecture estim\u00e9e":"2 minutes"},"schema":{"@context":"https:\/\/schema.org","@graph":[{"@type":"Article","@id":"https:\/\/interamerica.org\/fr\/2005\/01\/eglise-mondiale-le-president-dit-que-chaque-victime-du-tsunami-est-precieuse\/#article","isPartOf":{"@id":"https:\/\/interamerica.org\/fr\/2005\/01\/eglise-mondiale-le-president-dit-que-chaque-victime-du-tsunami-est-precieuse\/"},"author":{"name":"Lorenzo Verduzco","@id":"https:\/\/interamerica.org\/fr\/#\/schema\/person\/68ede8bdc292885bb76c1e3810e73c39"},"headline":"\u00c9glise Mondiale : Le Pr\u00e9sident Dit que \u00ab\u00a0Chaque Victime du Tsunami est Pr\u00e9cieuse\u00a0\u00bb","datePublished":"2005-01-06T04:00:00+00:00","dateModified":"2017-06-02T17:20:51+00:00","mainEntityOfPage":{"@id":"https:\/\/interamerica.org\/fr\/2005\/01\/eglise-mondiale-le-president-dit-que-chaque-victime-du-tsunami-est-precieuse\/"},"wordCount":491,"articleSection":["Archive"],"inLanguage":"fr-FR"},{"@type":"WebPage","@id":"https:\/\/interamerica.org\/fr\/2005\/01\/eglise-mondiale-le-president-dit-que-chaque-victime-du-tsunami-est-precieuse\/","url":"https:\/\/interamerica.org\/fr\/2005\/01\/eglise-mondiale-le-president-dit-que-chaque-victime-du-tsunami-est-precieuse\/","name":"\u00c9glise Mondiale : Le Pr\u00e9sident Dit que \"Chaque Victime du Tsunami est Pr\u00e9cieuse\" - \u00c9glise Adventiste Du Septieme Jour - Inter Am\u00e9rique Division","isPartOf":{"@id":"https:\/\/interamerica.org\/fr\/#website"},"datePublished":"2005-01-06T04:00:00+00:00","dateModified":"2017-06-02T17:20:51+00:00","author":{"@id":"https:\/\/interamerica.org\/fr\/#\/schema\/person\/68ede8bdc292885bb76c1e3810e73c39"},"breadcrumb":{"@id":"https:\/\/interamerica.org\/fr\/2005\/01\/eglise-mondiale-le-president-dit-que-chaque-victime-du-tsunami-est-precieuse\/#breadcrumb"},"inLanguage":"fr-FR","potentialAction":[{"@type":"ReadAction","target":["https:\/\/interamerica.org\/fr\/2005\/01\/eglise-mondiale-le-president-dit-que-chaque-victime-du-tsunami-est-precieuse\/"]}]},{"@type":"BreadcrumbList","@id":"https:\/\/interamerica.org\/fr\/2005\/01\/eglise-mondiale-le-president-dit-que-chaque-victime-du-tsunami-est-precieuse\/#breadcrumb","itemListElement":[{"@type":"ListItem","position":1,"name":"Home","item":"https:\/\/interamerica.org\/fr\/"},{"@type":"ListItem","position":2,"name":"\u00c9glise Mondiale : Le Pr\u00e9sident Dit que \u00ab\u00a0Chaque Victime du Tsunami est Pr\u00e9cieuse\u00a0\u00bb"}]},{"@type":"WebSite","@id":"https:\/\/interamerica.org\/fr\/#website","url":"https:\/\/interamerica.org\/fr\/","name":"\u00c9glise Adventiste Du Septieme Jour - Inter Am\u00e9rique Division","description":"","potentialAction":[{"@type":"SearchAction","target":{"@type":"EntryPoint","urlTemplate":"https:\/\/interamerica.org\/fr\/?s={search_term_string}"},"query-input":{"@type":"PropertyValueSpecification","valueRequired":true,"valueName":"search_term_string"}}],"inLanguage":"fr-FR"},{"@type":"Person","@id":"https:\/\/interamerica.org\/fr\/#\/schema\/person\/68ede8bdc292885bb76c1e3810e73c39","name":"Lorenzo Verduzco","image":{"@type":"ImageObject","inLanguage":"fr-FR","@id":"https:\/\/secure.gravatar.com\/avatar\/fb81a55b6218459490a9c1dc841a34909185b81904c5337b4b27f7a6fd60c49e?s=96&d=mm&r=g","url":"https:\/\/secure.gravatar.com\/avatar\/fb81a55b6218459490a9c1dc841a34909185b81904c5337b4b27f7a6fd60c49e?s=96&d=mm&r=g","contentUrl":"https:\/\/secure.gravatar.com\/avatar\/fb81a55b6218459490a9c1dc841a34909185b81904c5337b4b27f7a6fd60c49e?s=96&d=mm&r=g","caption":"Lorenzo Verduzco"}}]}},"_links":{"self":[{"href":"https:\/\/interamerica.org\/fr\/wp-json\/wp\/v2\/posts\/12282","targetHints":{"allow":["GET"]}}],"collection":[{"href":"https:\/\/interamerica.org\/fr\/wp-json\/wp\/v2\/posts"}],"about":[{"href":"https:\/\/interamerica.org\/fr\/wp-json\/wp\/v2\/types\/post"}],"author":[{"embeddable":true,"href":"https:\/\/interamerica.org\/fr\/wp-json\/wp\/v2\/users\/1"}],"replies":[{"embeddable":true,"href":"https:\/\/interamerica.org\/fr\/wp-json\/wp\/v2\/comments?post=12282"}],"version-history":[{"count":0,"href":"https:\/\/interamerica.org\/fr\/wp-json\/wp\/v2\/posts\/12282\/revisions"}],"wp:attachment":[{"href":"https:\/\/interamerica.org\/fr\/wp-json\/wp\/v2\/media?parent=12282"}],"wp:term":[{"taxonomy":"category","embeddable":true,"href":"https:\/\/interamerica.org\/fr\/wp-json\/wp\/v2\/categories?post=12282"},{"taxonomy":"post_tag","embeddable":true,"href":"https:\/\/interamerica.org\/fr\/wp-json\/wp\/v2\/tags?post=12282"}],"curies":[{"name":"wp","href":"https:\/\/api.w.org\/{rel}","templated":true}]}}