{"id":12283,"date":"2005-01-06T00:00:00","date_gmt":"2005-01-06T04:00:00","guid":{"rendered":"http:\/\/192.81.217.108\/interamerica\/2005\/01\/inde-des-adventistes-parmi-ceux-qui-sont-morts-ou-souffert-de-pertes-a-cause-du-tsunami-laide-continue\/"},"modified":"2017-06-02T13:20:51","modified_gmt":"2017-06-02T17:20:51","slug":"inde-des-adventistes-parmi-ceux-qui-sont-morts-ou-souffert-de-pertes-a-cause-du-tsunami-laide-continue","status":"publish","type":"post","link":"https:\/\/interamerica.org\/fr\/2005\/01\/inde-des-adventistes-parmi-ceux-qui-sont-morts-ou-souffert-de-pertes-a-cause-du-tsunami-laide-continue\/","title":{"rendered":"Inde : Des Adventistes Parmi Ceux qui Sont morts, ou Souffert de Pertes\u00a0\u00e0 Cause\u00a0du Tsunami; l&rsquo;Aide Continue"},"content":{"rendered":"<p>Chennai, Tamil Nadu, Inde <\/p>\n<p>On sait que neuf adventistes du septi\u00e8me jour &#8211; trois enfants et six adultes &#8211; sont d\u00e9c\u00e9d\u00e9s parmi les membres de 20 congr\u00e9gations situ\u00e9es autour du Golfe du Bengale, dans la r\u00e9gion sud asiatique frapp\u00e9e par le tsunami mortel du 26 d\u00e9cembre 2004, rapportent les dirigeants de l&rsquo;\u00e9glise. Des familles dans chacune des 20 congr\u00e9gations ont subi des pertes s\u00e9v\u00e8res tant au niveau de leurs biens personnels que dans leurs commerces. <\/p>\n<p>De l&rsquo;aide arrive dans la r\u00e9gion de la part des membres d&rsquo;\u00e9glises adventistes aussi bien que d&rsquo;ADRA. Tandis que l&rsquo;aide d&rsquo;ADRA s&rsquo;adresse \u00e0 tous les n\u00e9cessiteux en g\u00e9n\u00e9ral, les membres de la famille adventiste mondiale visent \u00e0 aider leurs fr\u00e8res en la foi dans les r\u00e9gions de l&rsquo;Inde. <\/p>\n<p>Dans la r\u00e9gion de Tamil Nadu, ADRA continue \u00e0 fournir des aliments \u00e0 7,250 personnes int\u00e9rieurement d\u00e9plac\u00e9es, ou IDPS. Deux unit\u00e9s de purification d&rsquo;eau fournissent de l&rsquo;eau potable dans cette r\u00e9gion. <\/p>\n<p>En m\u00eame temps, les pertes parmi la famille adventiste de croyants sont profond\u00e9ment ressenties. On n&rsquo;a pas de nouvelles en provenance des secteurs affect\u00e9s par le d\u00e9sastre; toutefois, le bureau central r\u00e9gional de l&rsquo;\u00e9glise en Inde a fourni des d\u00e9tails du grand impact local de la trag\u00e9die. <\/p>\n<p>Dans la r\u00e9gion de Tamil du Sud, \u00e0 Periyathazhai, 300 familles re\u00e7oivent trois repas par jour dans l&rsquo;un des b\u00e2timents de l&rsquo;\u00e9glise adventiste. Ils sont tous des p\u00eacheurs et parmi eux, 30 familles adventistes qui ont perdu leurs barques de p\u00eache et leurs filets. <\/p>\n<p>\u00c0 Idinthakarai, un village de p\u00eacheurs sur la c\u00f4te du Tuticorin, 10 familles adventistes ont perdu leurs bateaux et filets et ont trouv\u00e9 refuge dans une \u00e9glise adventiste pr\u00e8s de Vallioor. L\u00e0, o\u00f9 l&rsquo;on s&rsquo;attend \u00e0 ce que les familles subiront des pertes \u00e9conomiques pour au moins trois mois, l&rsquo;\u00e9glise fournit \u00e0 50 personnes trois repas par jour. <\/p>\n<p>Il y a sept \u00e9glises adventistes dans l&rsquo;\u00cele de Rameswaram, avec 40 familles de p\u00eacheurs; on a demand\u00e9 \u00e0 tous de quitter leurs villages d&rsquo;origine. Il avait \u00e9t\u00e9 planifi\u00e9 de d\u00e9dicacer une nouvelle \u00e9glise, dans la r\u00e9gion, le 1er janvier, mais cela n&rsquo;a pas \u00e9t\u00e9 possible vu qu&rsquo;on ne permet \u00e0 personne de revenir dans l&rsquo;\u00eele. <\/p>\n<p>Dans le village de Karaikal, plusieurs familles adventistes ont subi des pertes individuelles ; et des mat\u00e9riaux de construction pour une nouvelle \u00e9cole &#8211; estim\u00e9s \u00e0 5,000 us$ &#8211; ont \u00e9t\u00e9 aussi perdus dans le tsunami. Le scooter du pasteur local a \u00e9t\u00e9 endommag\u00e9, ainsi que sa bicyclette ; les deux engins essentiels, lui permettaient d&rsquo;atteindre la communaut\u00e9. Le b\u00e2timent de l&rsquo;\u00e9glise locale a \u00e9t\u00e9 lui aussi endommag\u00e9. Dans un autre village, 20 familles qui avaient \u00e9t\u00e9 pr\u00e9par\u00e9es pour le bapt\u00eame se trouvent parmi les 600 familles qui ont tout perdu, ainsi que leurs maisons. <\/p>\n<p>La r\u00e9gion Nord du Tamil a \u00e9t\u00e9 aussi affect\u00e9e. \u00c0 Cuddalore il y a 15 familles adventistes dont les maisons ont \u00e9t\u00e9 endommag\u00e9es. \u00c0 Pondicherry 10 familles de membres ont eu leurs maisons endommag\u00e9es. L&rsquo;\u00c9glise adventiste alimente 200 personnes \u00e0 Pondicherry quotidiennement. <\/p>\n<p>Les \u00celes Andaman-Nicobar ont \u00e9t\u00e9 aussi touch\u00e9es ; l\u00e0, l&rsquo;\u0153uvre adventiste est concentr\u00e9e \u00e0 Port Blair. L&rsquo;\u00e9glise a \u00e9t\u00e9 endommag\u00e9e et devra \u00eatre remplac\u00e9e, rapportent les administrateurs. Dans l&rsquo;\u00cele de Nicobar, un ancien d&rsquo;\u00e9glise avait une usine de meubles qui a \u00e9t\u00e9 balay\u00e9. <\/p>\n<p>Les dirigeants adventistes se sont rencontr\u00e9s avec le Premier ministre de l&rsquo;\u00c9tat du Kerala, M. Oomman Chandy et ont remis des fonds pour des activit\u00e9s de secours dans le secteur. L&rsquo;\u00e9glise distribue du riz aux personnes sinistr\u00e9es, dans la r\u00e9gion. <\/p>\n<p>\u00ab\u00a0L&rsquo;\u00c9glise Adventiste en Asie du Sud fait ce qu&rsquo;elle peut pour porter de l&rsquo;aide \u00e0 nos membres,\u00a0\u00bb a dit le Pasteur D. Ronald Watts, pr\u00e9sident de l&rsquo;\u00e9glise au Sud de l&rsquo;Asie. \u00ab\u00a0Pr\u00e9sentement, on ne donne que de la nourriture, mais une aide imm\u00e9diate s&rsquo;av\u00e8re n\u00e9cessaire. Davantage d&rsquo;aide sera apport\u00e9e au fur et \u00e0 mesure que les fonds seront disponibles,\u00a0\u00bb a-t-il dit. <\/p>\n<p>Plus de 750,000 Adventistes du septi\u00e8me jour adorent chaque semaine dans presque 2,000 congr\u00e9gations dans la r\u00e9gion de l&rsquo;Asie du Sud.<\/p>\n","protected":false},"excerpt":{"rendered":"<p>On sait que neuf adventistes du septi\u00e8me jour &#8211; trois enfants et six adultes &#8211; sont d\u00e9c\u00e9d\u00e9s parmi les membres de 20 congr\u00e9gations situ\u00e9es autour du Golfe du Bengal<\/p>\n","protected":false},"author":1,"featured_media":0,"comment_status":"closed","ping_status":"closed","sticky":false,"template":"","format":"standard","meta":{"_acf_changed":false,"footnotes":""},"categories":[9],"tags":[],"class_list":["post-12283","post","type-post","status-publish","format-standard","hentry","category-archive-fr"],"acf":[],"yoast_head":"<!-- This site is optimized with the Yoast SEO plugin v27.3 - https:\/\/yoast.com\/product\/yoast-seo-wordpress\/ -->\n<title>Inde : Des Adventistes Parmi Ceux qui Sont morts, ou Souffert de Pertes\u00a0\u00e0 Cause\u00a0du Tsunami; l&#039;Aide Continue - \u00c9glise Adventiste Du Septieme Jour - Inter Am\u00e9rique Division<\/title>\n<meta name=\"robots\" content=\"index, follow, max-snippet:-1, max-image-preview:large, max-video-preview:-1\" \/>\n<link rel=\"canonical\" href=\"https:\/\/interamerica.org\/fr\/2005\/01\/inde-des-adventistes-parmi-ceux-qui-sont-morts-ou-souffert-de-pertes-a-cause-du-tsunami-laide-continue\/\" \/>\n<meta property=\"og:locale\" content=\"fr_FR\" \/>\n<meta property=\"og:type\" content=\"article\" \/>\n<meta property=\"og:title\" content=\"Inde : Des Adventistes Parmi Ceux qui Sont morts, ou Souffert de Pertes\u00a0\u00e0 Cause\u00a0du Tsunami; l&#039;Aide Continue - \u00c9glise Adventiste Du Septieme Jour - Inter Am\u00e9rique Division\" \/>\n<meta property=\"og:description\" content=\"On sait que neuf adventistes du septi\u00e8me jour - trois enfants et six adultes - sont d\u00e9c\u00e9d\u00e9s parmi les membres de 20 congr\u00e9gations situ\u00e9es autour du Golfe du Bengal\" \/>\n<meta property=\"og:url\" content=\"https:\/\/interamerica.org\/fr\/2005\/01\/inde-des-adventistes-parmi-ceux-qui-sont-morts-ou-souffert-de-pertes-a-cause-du-tsunami-laide-continue\/\" \/>\n<meta property=\"og:site_name\" content=\"\u00c9glise Adventiste Du Septieme Jour - Inter Am\u00e9rique Division\" \/>\n<meta property=\"article:published_time\" content=\"2005-01-06T04:00:00+00:00\" \/>\n<meta property=\"article:modified_time\" content=\"2017-06-02T17:20:51+00:00\" \/>\n<meta name=\"author\" content=\"Lorenzo Verduzco\" \/>\n<meta name=\"twitter:card\" content=\"summary_large_image\" \/>\n<meta name=\"twitter:label1\" content=\"\u00c9crit par\" \/>\n\t<meta name=\"twitter:data1\" content=\"Lorenzo Verduzco\" \/>\n\t<meta name=\"twitter:label2\" content=\"Dur\u00e9e de lecture estim\u00e9e\" \/>\n\t<meta name=\"twitter:data2\" content=\"4 minutes\" \/>\n<script type=\"application\/ld+json\" class=\"yoast-schema-graph\">{\"@context\":\"https:\\\/\\\/schema.org\",\"@graph\":[{\"@type\":\"Article\",\"@id\":\"https:\\\/\\\/interamerica.org\\\/fr\\\/2005\\\/01\\\/inde-des-adventistes-parmi-ceux-qui-sont-morts-ou-souffert-de-pertes-a-cause-du-tsunami-laide-continue\\\/#article\",\"isPartOf\":{\"@id\":\"https:\\\/\\\/interamerica.org\\\/fr\\\/2005\\\/01\\\/inde-des-adventistes-parmi-ceux-qui-sont-morts-ou-souffert-de-pertes-a-cause-du-tsunami-laide-continue\\\/\"},\"author\":{\"name\":\"Lorenzo Verduzco\",\"@id\":\"https:\\\/\\\/interamerica.org\\\/fr\\\/#\\\/schema\\\/person\\\/68ede8bdc292885bb76c1e3810e73c39\"},\"headline\":\"Inde : Des Adventistes Parmi Ceux qui Sont morts, ou Souffert de Pertes\u00a0\u00e0 Cause\u00a0du Tsunami; l&rsquo;Aide Continue\",\"datePublished\":\"2005-01-06T04:00:00+00:00\",\"dateModified\":\"2017-06-02T17:20:51+00:00\",\"mainEntityOfPage\":{\"@id\":\"https:\\\/\\\/interamerica.org\\\/fr\\\/2005\\\/01\\\/inde-des-adventistes-parmi-ceux-qui-sont-morts-ou-souffert-de-pertes-a-cause-du-tsunami-laide-continue\\\/\"},\"wordCount\":749,\"articleSection\":[\"Archive\"],\"inLanguage\":\"fr-FR\"},{\"@type\":\"WebPage\",\"@id\":\"https:\\\/\\\/interamerica.org\\\/fr\\\/2005\\\/01\\\/inde-des-adventistes-parmi-ceux-qui-sont-morts-ou-souffert-de-pertes-a-cause-du-tsunami-laide-continue\\\/\",\"url\":\"https:\\\/\\\/interamerica.org\\\/fr\\\/2005\\\/01\\\/inde-des-adventistes-parmi-ceux-qui-sont-morts-ou-souffert-de-pertes-a-cause-du-tsunami-laide-continue\\\/\",\"name\":\"Inde : Des Adventistes Parmi Ceux qui Sont morts, ou Souffert de Pertes\u00a0\u00e0 Cause\u00a0du Tsunami; l'Aide Continue - \u00c9glise Adventiste Du Septieme Jour - Inter Am\u00e9rique Division\",\"isPartOf\":{\"@id\":\"https:\\\/\\\/interamerica.org\\\/fr\\\/#website\"},\"datePublished\":\"2005-01-06T04:00:00+00:00\",\"dateModified\":\"2017-06-02T17:20:51+00:00\",\"author\":{\"@id\":\"https:\\\/\\\/interamerica.org\\\/fr\\\/#\\\/schema\\\/person\\\/68ede8bdc292885bb76c1e3810e73c39\"},\"breadcrumb\":{\"@id\":\"https:\\\/\\\/interamerica.org\\\/fr\\\/2005\\\/01\\\/inde-des-adventistes-parmi-ceux-qui-sont-morts-ou-souffert-de-pertes-a-cause-du-tsunami-laide-continue\\\/#breadcrumb\"},\"inLanguage\":\"fr-FR\",\"potentialAction\":[{\"@type\":\"ReadAction\",\"target\":[\"https:\\\/\\\/interamerica.org\\\/fr\\\/2005\\\/01\\\/inde-des-adventistes-parmi-ceux-qui-sont-morts-ou-souffert-de-pertes-a-cause-du-tsunami-laide-continue\\\/\"]}]},{\"@type\":\"BreadcrumbList\",\"@id\":\"https:\\\/\\\/interamerica.org\\\/fr\\\/2005\\\/01\\\/inde-des-adventistes-parmi-ceux-qui-sont-morts-ou-souffert-de-pertes-a-cause-du-tsunami-laide-continue\\\/#breadcrumb\",\"itemListElement\":[{\"@type\":\"ListItem\",\"position\":1,\"name\":\"Home\",\"item\":\"https:\\\/\\\/interamerica.org\\\/fr\\\/\"},{\"@type\":\"ListItem\",\"position\":2,\"name\":\"Inde : Des Adventistes Parmi Ceux qui Sont morts, ou Souffert de Pertes\u00a0\u00e0 Cause\u00a0du Tsunami; l&rsquo;Aide Continue\"}]},{\"@type\":\"WebSite\",\"@id\":\"https:\\\/\\\/interamerica.org\\\/fr\\\/#website\",\"url\":\"https:\\\/\\\/interamerica.org\\\/fr\\\/\",\"name\":\"\u00c9glise Adventiste Du Septieme Jour - Inter Am\u00e9rique Division\",\"description\":\"\",\"potentialAction\":[{\"@type\":\"SearchAction\",\"target\":{\"@type\":\"EntryPoint\",\"urlTemplate\":\"https:\\\/\\\/interamerica.org\\\/fr\\\/?s={search_term_string}\"},\"query-input\":{\"@type\":\"PropertyValueSpecification\",\"valueRequired\":true,\"valueName\":\"search_term_string\"}}],\"inLanguage\":\"fr-FR\"},{\"@type\":\"Person\",\"@id\":\"https:\\\/\\\/interamerica.org\\\/fr\\\/#\\\/schema\\\/person\\\/68ede8bdc292885bb76c1e3810e73c39\",\"name\":\"Lorenzo Verduzco\",\"image\":{\"@type\":\"ImageObject\",\"inLanguage\":\"fr-FR\",\"@id\":\"https:\\\/\\\/secure.gravatar.com\\\/avatar\\\/fb81a55b6218459490a9c1dc841a34909185b81904c5337b4b27f7a6fd60c49e?s=96&d=mm&r=g\",\"url\":\"https:\\\/\\\/secure.gravatar.com\\\/avatar\\\/fb81a55b6218459490a9c1dc841a34909185b81904c5337b4b27f7a6fd60c49e?s=96&d=mm&r=g\",\"contentUrl\":\"https:\\\/\\\/secure.gravatar.com\\\/avatar\\\/fb81a55b6218459490a9c1dc841a34909185b81904c5337b4b27f7a6fd60c49e?s=96&d=mm&r=g\",\"caption\":\"Lorenzo Verduzco\"}}]}<\/script>\n<!-- \/ Yoast SEO plugin. -->","yoast_head_json":{"title":"Inde : Des Adventistes Parmi Ceux qui Sont morts, ou Souffert de Pertes\u00a0\u00e0 Cause\u00a0du Tsunami; l'Aide Continue - \u00c9glise Adventiste Du Septieme Jour - Inter Am\u00e9rique Division","robots":{"index":"index","follow":"follow","max-snippet":"max-snippet:-1","max-image-preview":"max-image-preview:large","max-video-preview":"max-video-preview:-1"},"canonical":"https:\/\/interamerica.org\/fr\/2005\/01\/inde-des-adventistes-parmi-ceux-qui-sont-morts-ou-souffert-de-pertes-a-cause-du-tsunami-laide-continue\/","og_locale":"fr_FR","og_type":"article","og_title":"Inde : Des Adventistes Parmi Ceux qui Sont morts, ou Souffert de Pertes\u00a0\u00e0 Cause\u00a0du Tsunami; l'Aide Continue - \u00c9glise Adventiste Du Septieme Jour - Inter Am\u00e9rique Division","og_description":"On sait que neuf adventistes du septi\u00e8me jour - trois enfants et six adultes - sont d\u00e9c\u00e9d\u00e9s parmi les membres de 20 congr\u00e9gations situ\u00e9es autour du Golfe du Bengal","og_url":"https:\/\/interamerica.org\/fr\/2005\/01\/inde-des-adventistes-parmi-ceux-qui-sont-morts-ou-souffert-de-pertes-a-cause-du-tsunami-laide-continue\/","og_site_name":"\u00c9glise Adventiste Du Septieme Jour - Inter Am\u00e9rique Division","article_published_time":"2005-01-06T04:00:00+00:00","article_modified_time":"2017-06-02T17:20:51+00:00","author":"Lorenzo Verduzco","twitter_card":"summary_large_image","twitter_misc":{"\u00c9crit par":"Lorenzo Verduzco","Dur\u00e9e de lecture estim\u00e9e":"4 minutes"},"schema":{"@context":"https:\/\/schema.org","@graph":[{"@type":"Article","@id":"https:\/\/interamerica.org\/fr\/2005\/01\/inde-des-adventistes-parmi-ceux-qui-sont-morts-ou-souffert-de-pertes-a-cause-du-tsunami-laide-continue\/#article","isPartOf":{"@id":"https:\/\/interamerica.org\/fr\/2005\/01\/inde-des-adventistes-parmi-ceux-qui-sont-morts-ou-souffert-de-pertes-a-cause-du-tsunami-laide-continue\/"},"author":{"name":"Lorenzo Verduzco","@id":"https:\/\/interamerica.org\/fr\/#\/schema\/person\/68ede8bdc292885bb76c1e3810e73c39"},"headline":"Inde : Des Adventistes Parmi Ceux qui Sont morts, ou Souffert de Pertes\u00a0\u00e0 Cause\u00a0du Tsunami; l&rsquo;Aide Continue","datePublished":"2005-01-06T04:00:00+00:00","dateModified":"2017-06-02T17:20:51+00:00","mainEntityOfPage":{"@id":"https:\/\/interamerica.org\/fr\/2005\/01\/inde-des-adventistes-parmi-ceux-qui-sont-morts-ou-souffert-de-pertes-a-cause-du-tsunami-laide-continue\/"},"wordCount":749,"articleSection":["Archive"],"inLanguage":"fr-FR"},{"@type":"WebPage","@id":"https:\/\/interamerica.org\/fr\/2005\/01\/inde-des-adventistes-parmi-ceux-qui-sont-morts-ou-souffert-de-pertes-a-cause-du-tsunami-laide-continue\/","url":"https:\/\/interamerica.org\/fr\/2005\/01\/inde-des-adventistes-parmi-ceux-qui-sont-morts-ou-souffert-de-pertes-a-cause-du-tsunami-laide-continue\/","name":"Inde : Des Adventistes Parmi Ceux qui Sont morts, ou Souffert de Pertes\u00a0\u00e0 Cause\u00a0du Tsunami; l'Aide Continue - \u00c9glise Adventiste Du Septieme Jour - Inter Am\u00e9rique Division","isPartOf":{"@id":"https:\/\/interamerica.org\/fr\/#website"},"datePublished":"2005-01-06T04:00:00+00:00","dateModified":"2017-06-02T17:20:51+00:00","author":{"@id":"https:\/\/interamerica.org\/fr\/#\/schema\/person\/68ede8bdc292885bb76c1e3810e73c39"},"breadcrumb":{"@id":"https:\/\/interamerica.org\/fr\/2005\/01\/inde-des-adventistes-parmi-ceux-qui-sont-morts-ou-souffert-de-pertes-a-cause-du-tsunami-laide-continue\/#breadcrumb"},"inLanguage":"fr-FR","potentialAction":[{"@type":"ReadAction","target":["https:\/\/interamerica.org\/fr\/2005\/01\/inde-des-adventistes-parmi-ceux-qui-sont-morts-ou-souffert-de-pertes-a-cause-du-tsunami-laide-continue\/"]}]},{"@type":"BreadcrumbList","@id":"https:\/\/interamerica.org\/fr\/2005\/01\/inde-des-adventistes-parmi-ceux-qui-sont-morts-ou-souffert-de-pertes-a-cause-du-tsunami-laide-continue\/#breadcrumb","itemListElement":[{"@type":"ListItem","position":1,"name":"Home","item":"https:\/\/interamerica.org\/fr\/"},{"@type":"ListItem","position":2,"name":"Inde : Des Adventistes Parmi Ceux qui Sont morts, ou Souffert de Pertes\u00a0\u00e0 Cause\u00a0du Tsunami; l&rsquo;Aide Continue"}]},{"@type":"WebSite","@id":"https:\/\/interamerica.org\/fr\/#website","url":"https:\/\/interamerica.org\/fr\/","name":"\u00c9glise Adventiste Du Septieme Jour - Inter Am\u00e9rique Division","description":"","potentialAction":[{"@type":"SearchAction","target":{"@type":"EntryPoint","urlTemplate":"https:\/\/interamerica.org\/fr\/?s={search_term_string}"},"query-input":{"@type":"PropertyValueSpecification","valueRequired":true,"valueName":"search_term_string"}}],"inLanguage":"fr-FR"},{"@type":"Person","@id":"https:\/\/interamerica.org\/fr\/#\/schema\/person\/68ede8bdc292885bb76c1e3810e73c39","name":"Lorenzo Verduzco","image":{"@type":"ImageObject","inLanguage":"fr-FR","@id":"https:\/\/secure.gravatar.com\/avatar\/fb81a55b6218459490a9c1dc841a34909185b81904c5337b4b27f7a6fd60c49e?s=96&d=mm&r=g","url":"https:\/\/secure.gravatar.com\/avatar\/fb81a55b6218459490a9c1dc841a34909185b81904c5337b4b27f7a6fd60c49e?s=96&d=mm&r=g","contentUrl":"https:\/\/secure.gravatar.com\/avatar\/fb81a55b6218459490a9c1dc841a34909185b81904c5337b4b27f7a6fd60c49e?s=96&d=mm&r=g","caption":"Lorenzo Verduzco"}}]}},"_links":{"self":[{"href":"https:\/\/interamerica.org\/fr\/wp-json\/wp\/v2\/posts\/12283","targetHints":{"allow":["GET"]}}],"collection":[{"href":"https:\/\/interamerica.org\/fr\/wp-json\/wp\/v2\/posts"}],"about":[{"href":"https:\/\/interamerica.org\/fr\/wp-json\/wp\/v2\/types\/post"}],"author":[{"embeddable":true,"href":"https:\/\/interamerica.org\/fr\/wp-json\/wp\/v2\/users\/1"}],"replies":[{"embeddable":true,"href":"https:\/\/interamerica.org\/fr\/wp-json\/wp\/v2\/comments?post=12283"}],"version-history":[{"count":0,"href":"https:\/\/interamerica.org\/fr\/wp-json\/wp\/v2\/posts\/12283\/revisions"}],"wp:attachment":[{"href":"https:\/\/interamerica.org\/fr\/wp-json\/wp\/v2\/media?parent=12283"}],"wp:term":[{"taxonomy":"category","embeddable":true,"href":"https:\/\/interamerica.org\/fr\/wp-json\/wp\/v2\/categories?post=12283"},{"taxonomy":"post_tag","embeddable":true,"href":"https:\/\/interamerica.org\/fr\/wp-json\/wp\/v2\/tags?post=12283"}],"curies":[{"name":"wp","href":"https:\/\/api.w.org\/{rel}","templated":true}]}}