{"id":12286,"date":"2005-01-11T00:00:00","date_gmt":"2005-01-11T04:00:00","guid":{"rendered":"http:\/\/192.81.217.108\/interamerica\/2005\/01\/eglise-mondiale-seminaire-deducation-sanitaire-en-faveur-des-non-atteints\/"},"modified":"2017-06-02T13:20:50","modified_gmt":"2017-06-02T17:20:50","slug":"eglise-mondiale-seminaire-deducation-sanitaire-en-faveur-des-non-atteints","status":"publish","type":"post","link":"https:\/\/interamerica.org\/fr\/2005\/01\/eglise-mondiale-seminaire-deducation-sanitaire-en-faveur-des-non-atteints\/","title":{"rendered":"\u00c9glise Mondiale : S\u00e9minaire d&rsquo;\u00c9ducation Sanitaire En Faveur des Non Atteints"},"content":{"rendered":"<p>30 novembre 2004, Silver Spring, Etats-Unis<\/p>\n<p>Deux r\u00e9gions de l&rsquo;Eglise Adventiste du Septi\u00e8mes Jour travaillent ensemble pour organiser un s\u00e9minaire de sant\u00e9 d&rsquo;une dur\u00e9e d&rsquo;une semaine en janvier. Durant quatre ann\u00e9e cons\u00e9cutive, le s\u00e9minaire a comme objectif d&rsquo;\u00e9quiper des employ\u00e9s du d\u00e9partement de la sant\u00e9 avec des outils en vue d&rsquo;aider ceux qui souffrent dans ce monde.<\/p>\n<p>La sant\u00e9 est l&rsquo;un des plus importants minist\u00e8res d&rsquo;\u00e9vang\u00e9lisation de l&rsquo;\u00e9glise, a dit DeWitt Williams, docteur en \u00e9ducation, directeur des Minist\u00e8res de la Sant\u00e9 pour la r\u00e9gion Nord-am\u00e9ricaine de l&rsquo;\u00e9glise. Les r\u00e9gions Nord-am\u00e9ricaines et Interam\u00e9ricaines produisent et appuient un tel programme. <\/p>\n<p>\u00ab\u00a0Le message sanitaire de l&rsquo;\u00e9glise adventiste a \u00e9t\u00e9 reconnu et valid\u00e9 par la science,\u00a0\u00bb dit Williams. \u00ab\u00a0En moyenne, et selon des \u00e9tudes, les adventistes vivent six \u00e0 12 ans plus longtemps \u00e0 cause de leur style de vie.\u00a0\u00bb <\/p>\n<p>Le programme 2005, intitul\u00e9 \u00ab\u00a0Capacitation des Dirigeants de Sant\u00e9 Pour Atteindre les Non Atteints,\u00a0\u00bb est ouvert aux pasteurs, aux directeurs des minist\u00e8res de la sant\u00e9, aux professionnels des services m\u00e9dicaux, aux directeurs des minist\u00e8res personnels, aux directeurs de travaux d&rsquo;int\u00e9r\u00eat g\u00e9n\u00e9ral, aux dirigeants de jeunesse et \u00e0 ceux qui veulent diriger un minist\u00e8re de la Sant\u00e9. <\/p>\n<p>Les cours porteront sur la cuisine saine, la sant\u00e9 spirituelle, mentale et physique et sur les finances. Il sera question de : cuisine v\u00e9g\u00e9tarienne, pardon, r\u00e9g\u00e9n\u00e9ration, r\u00e9tablissement apr\u00e8s une d\u00e9pression, am\u00e9lioration de sant\u00e9 coronaire, aussi bien que de gestion de poids le long de la vie et d&rsquo;autres sujets. <\/p>\n<p>Le pasteur Jan Paulsen, pr\u00e9sident de l&rsquo;\u00c9glise Adventiste Mondiale, sera l&rsquo;orateur principal. On s&rsquo;attend \u00e0 ce que d&rsquo;autres participants, tels que le Pasteur Mark Finley, directeur du Centre d&rsquo;\u00c9vang\u00e9lisation Mondiale et orateur\/directeur de \u00ab\u00a0Il Est \u00c9crit\u00a0\u00bb, aussi bien que docteur James Kyle II, nomm\u00e9 en ao\u00fbt 2004 comme doyen de l&rsquo;\u00e9cole de Sant\u00e9 publique de Loma Linda et pr\u00e9sident du d\u00e9partement de la Sant\u00e9. <\/p>\n<p>Les s\u00e9minaires de Sant\u00e9 peuvent \u00eatre un moyen pour les \u00e9glises d&rsquo;avoir une incidence r\u00e9elle dans leurs communaut\u00e9s, a d\u00e9clar\u00e9 Williams. \u00ab\u00a0L&rsquo;ann\u00e9e derni\u00e8re nous avons attir\u00e9 plus de 450 personnes,\u00a0\u00bb a-t-il ajout\u00e9. \u00ab\u00a0Certains ont exploit\u00e9 les connaissances acquises au s\u00e9minaire et ont ouvert des clubs de sant\u00e9, ou des livres ont \u00e9t\u00e9 \u00e9crits.\u00a0\u00bb Il a not\u00e9 que plusieurs ont \u00e9t\u00e9 si impressionn\u00e9s par l&rsquo;information re\u00e7ue qu&rsquo;au dernier s\u00e9minaire 100 personnes se sont inscrites sur place pour le s\u00e9minaire suivant. <\/p>\n<p>Williams dit qu&rsquo;il est \u00e9tonn\u00e9 que les minist\u00e8res de la sant\u00e9 ne soient pas plus engag\u00e9s dans l&rsquo;\u00e9vang\u00e9lisation. Tenir un s\u00e9minaire sur le stress est une m\u00e9thode moins \u00ab\u00a0mena\u00e7ante\u00a0\u00bb d&rsquo;accueillir des gens de la communaut\u00e9 dans l&rsquo;\u00e9glise, a-t-il observ\u00e9. <\/p>\n<p>\u00ab\u00a0Tous ne viendront pas \u00e0 une r\u00e9union d&rsquo;\u00e9vang\u00e9lisation,\u00a0\u00bb a-t-il continu\u00e9, \u00ab\u00a0mais tout le monde a un corps et est sujet \u00e0 la souffrance et \u00e0 la maladie et&#8230; ainsi plusieurs viendront \u00e0 un programme de sant\u00e9.\u00a0\u00bb <\/p>\n<p>Avec le th\u00e8me de cette ann\u00e9e : \u00ab\u00a0atteindre le non atteint,\u00a0\u00bb Williams dit que des \u00e9glises peuvent suivre la m\u00e9thode de J\u00e9sus-Christ qui consiste \u00e0 honorer les besoins des gens avant de parler d&rsquo;\u00e9vang\u00e9lisation. <\/p>\n<p>Puisque plusieurs des cours sont pr\u00e9sent\u00e9s sous la forme de PowerPoint et d&rsquo;\u00e9crits, d&rsquo;autres sur VHS et DVD, les participants laisseront le s\u00e9minaire\u00a0 hautement \u00e9quip\u00e9s pour, au retour, partager avec leurs communaut\u00e9s. <\/p>\n<p>Pour plus d&rsquo;information visiter \u00ab\u00a0Adventist Plusline\u00a0\u00bb sur le site : <a  href=\"http:\/\/www.plusline.org\">www.plusline.org<\/a>.<\/p>\n","protected":false},"excerpt":{"rendered":"<p>Deux r\u00e9gions de l&rsquo;Eglise Adventiste du Septi\u00e8me Jour travaillent ensemble pour organiser un s\u00e9minaire de sant\u00e9 d&rsquo;une dur\u00e9e d&rsquo;une semaine en janvier. Durant quatre ann\u00e9e cons\u00e9cutive, le s\u00e9minaire a comme objectif d&rsquo;\u00e9quiper des employ\u00e9s du d\u00e9partem<\/p>\n","protected":false},"author":1,"featured_media":0,"comment_status":"closed","ping_status":"closed","sticky":false,"template":"","format":"standard","meta":{"_acf_changed":false,"footnotes":""},"categories":[9],"tags":[],"class_list":["post-12286","post","type-post","status-publish","format-standard","hentry","category-archive-fr"],"acf":[],"yoast_head":"<!-- This site is optimized with the Yoast SEO plugin v27.3 - https:\/\/yoast.com\/product\/yoast-seo-wordpress\/ -->\n<title>\u00c9glise Mondiale : S\u00e9minaire d&#039;\u00c9ducation Sanitaire En Faveur des Non Atteints - \u00c9glise Adventiste Du Septieme Jour - Inter Am\u00e9rique Division<\/title>\n<meta name=\"robots\" content=\"index, follow, max-snippet:-1, max-image-preview:large, max-video-preview:-1\" \/>\n<link rel=\"canonical\" href=\"https:\/\/interamerica.org\/fr\/2005\/01\/eglise-mondiale-seminaire-deducation-sanitaire-en-faveur-des-non-atteints\/\" \/>\n<meta property=\"og:locale\" content=\"fr_FR\" \/>\n<meta property=\"og:type\" content=\"article\" \/>\n<meta property=\"og:title\" content=\"\u00c9glise Mondiale : S\u00e9minaire d&#039;\u00c9ducation Sanitaire En Faveur des Non Atteints - \u00c9glise Adventiste Du Septieme Jour - Inter Am\u00e9rique Division\" \/>\n<meta property=\"og:description\" content=\"Deux r\u00e9gions de l&#039;Eglise Adventiste du Septi\u00e8me Jour travaillent ensemble pour organiser un s\u00e9minaire de sant\u00e9 d&#039;une dur\u00e9e d&#039;une semaine en janvier. Durant quatre ann\u00e9e cons\u00e9cutive, le s\u00e9minaire a comme objectif d&#039;\u00e9quiper des employ\u00e9s du d\u00e9partem\" \/>\n<meta property=\"og:url\" content=\"https:\/\/interamerica.org\/fr\/2005\/01\/eglise-mondiale-seminaire-deducation-sanitaire-en-faveur-des-non-atteints\/\" \/>\n<meta property=\"og:site_name\" content=\"\u00c9glise Adventiste Du Septieme Jour - Inter Am\u00e9rique Division\" \/>\n<meta property=\"article:published_time\" content=\"2005-01-11T04:00:00+00:00\" \/>\n<meta property=\"article:modified_time\" content=\"2017-06-02T17:20:50+00:00\" \/>\n<meta name=\"author\" content=\"Lorenzo Verduzco\" \/>\n<meta name=\"twitter:card\" content=\"summary_large_image\" \/>\n<meta name=\"twitter:label1\" content=\"\u00c9crit par\" \/>\n\t<meta name=\"twitter:data1\" content=\"Lorenzo Verduzco\" \/>\n\t<meta name=\"twitter:label2\" content=\"Dur\u00e9e de lecture estim\u00e9e\" \/>\n\t<meta name=\"twitter:data2\" content=\"3 minutes\" \/>\n<script type=\"application\/ld+json\" class=\"yoast-schema-graph\">{\"@context\":\"https:\\\/\\\/schema.org\",\"@graph\":[{\"@type\":\"Article\",\"@id\":\"https:\\\/\\\/interamerica.org\\\/fr\\\/2005\\\/01\\\/eglise-mondiale-seminaire-deducation-sanitaire-en-faveur-des-non-atteints\\\/#article\",\"isPartOf\":{\"@id\":\"https:\\\/\\\/interamerica.org\\\/fr\\\/2005\\\/01\\\/eglise-mondiale-seminaire-deducation-sanitaire-en-faveur-des-non-atteints\\\/\"},\"author\":{\"name\":\"Lorenzo Verduzco\",\"@id\":\"https:\\\/\\\/interamerica.org\\\/fr\\\/#\\\/schema\\\/person\\\/68ede8bdc292885bb76c1e3810e73c39\"},\"headline\":\"\u00c9glise Mondiale : S\u00e9minaire d&rsquo;\u00c9ducation Sanitaire En Faveur des Non Atteints\",\"datePublished\":\"2005-01-11T04:00:00+00:00\",\"dateModified\":\"2017-06-02T17:20:50+00:00\",\"mainEntityOfPage\":{\"@id\":\"https:\\\/\\\/interamerica.org\\\/fr\\\/2005\\\/01\\\/eglise-mondiale-seminaire-deducation-sanitaire-en-faveur-des-non-atteints\\\/\"},\"wordCount\":631,\"articleSection\":[\"Archive\"],\"inLanguage\":\"fr-FR\"},{\"@type\":\"WebPage\",\"@id\":\"https:\\\/\\\/interamerica.org\\\/fr\\\/2005\\\/01\\\/eglise-mondiale-seminaire-deducation-sanitaire-en-faveur-des-non-atteints\\\/\",\"url\":\"https:\\\/\\\/interamerica.org\\\/fr\\\/2005\\\/01\\\/eglise-mondiale-seminaire-deducation-sanitaire-en-faveur-des-non-atteints\\\/\",\"name\":\"\u00c9glise Mondiale : S\u00e9minaire d'\u00c9ducation Sanitaire En Faveur des Non Atteints - \u00c9glise Adventiste Du Septieme Jour - Inter Am\u00e9rique Division\",\"isPartOf\":{\"@id\":\"https:\\\/\\\/interamerica.org\\\/fr\\\/#website\"},\"datePublished\":\"2005-01-11T04:00:00+00:00\",\"dateModified\":\"2017-06-02T17:20:50+00:00\",\"author\":{\"@id\":\"https:\\\/\\\/interamerica.org\\\/fr\\\/#\\\/schema\\\/person\\\/68ede8bdc292885bb76c1e3810e73c39\"},\"breadcrumb\":{\"@id\":\"https:\\\/\\\/interamerica.org\\\/fr\\\/2005\\\/01\\\/eglise-mondiale-seminaire-deducation-sanitaire-en-faveur-des-non-atteints\\\/#breadcrumb\"},\"inLanguage\":\"fr-FR\",\"potentialAction\":[{\"@type\":\"ReadAction\",\"target\":[\"https:\\\/\\\/interamerica.org\\\/fr\\\/2005\\\/01\\\/eglise-mondiale-seminaire-deducation-sanitaire-en-faveur-des-non-atteints\\\/\"]}]},{\"@type\":\"BreadcrumbList\",\"@id\":\"https:\\\/\\\/interamerica.org\\\/fr\\\/2005\\\/01\\\/eglise-mondiale-seminaire-deducation-sanitaire-en-faveur-des-non-atteints\\\/#breadcrumb\",\"itemListElement\":[{\"@type\":\"ListItem\",\"position\":1,\"name\":\"Home\",\"item\":\"https:\\\/\\\/interamerica.org\\\/fr\\\/\"},{\"@type\":\"ListItem\",\"position\":2,\"name\":\"\u00c9glise Mondiale : S\u00e9minaire d&rsquo;\u00c9ducation Sanitaire En Faveur des Non Atteints\"}]},{\"@type\":\"WebSite\",\"@id\":\"https:\\\/\\\/interamerica.org\\\/fr\\\/#website\",\"url\":\"https:\\\/\\\/interamerica.org\\\/fr\\\/\",\"name\":\"\u00c9glise Adventiste Du Septieme Jour - Inter Am\u00e9rique Division\",\"description\":\"\",\"potentialAction\":[{\"@type\":\"SearchAction\",\"target\":{\"@type\":\"EntryPoint\",\"urlTemplate\":\"https:\\\/\\\/interamerica.org\\\/fr\\\/?s={search_term_string}\"},\"query-input\":{\"@type\":\"PropertyValueSpecification\",\"valueRequired\":true,\"valueName\":\"search_term_string\"}}],\"inLanguage\":\"fr-FR\"},{\"@type\":\"Person\",\"@id\":\"https:\\\/\\\/interamerica.org\\\/fr\\\/#\\\/schema\\\/person\\\/68ede8bdc292885bb76c1e3810e73c39\",\"name\":\"Lorenzo Verduzco\",\"image\":{\"@type\":\"ImageObject\",\"inLanguage\":\"fr-FR\",\"@id\":\"https:\\\/\\\/secure.gravatar.com\\\/avatar\\\/fb81a55b6218459490a9c1dc841a34909185b81904c5337b4b27f7a6fd60c49e?s=96&d=mm&r=g\",\"url\":\"https:\\\/\\\/secure.gravatar.com\\\/avatar\\\/fb81a55b6218459490a9c1dc841a34909185b81904c5337b4b27f7a6fd60c49e?s=96&d=mm&r=g\",\"contentUrl\":\"https:\\\/\\\/secure.gravatar.com\\\/avatar\\\/fb81a55b6218459490a9c1dc841a34909185b81904c5337b4b27f7a6fd60c49e?s=96&d=mm&r=g\",\"caption\":\"Lorenzo Verduzco\"}}]}<\/script>\n<!-- \/ Yoast SEO plugin. -->","yoast_head_json":{"title":"\u00c9glise Mondiale : S\u00e9minaire d'\u00c9ducation Sanitaire En Faveur des Non Atteints - \u00c9glise Adventiste Du Septieme Jour - Inter Am\u00e9rique Division","robots":{"index":"index","follow":"follow","max-snippet":"max-snippet:-1","max-image-preview":"max-image-preview:large","max-video-preview":"max-video-preview:-1"},"canonical":"https:\/\/interamerica.org\/fr\/2005\/01\/eglise-mondiale-seminaire-deducation-sanitaire-en-faveur-des-non-atteints\/","og_locale":"fr_FR","og_type":"article","og_title":"\u00c9glise Mondiale : S\u00e9minaire d'\u00c9ducation Sanitaire En Faveur des Non Atteints - \u00c9glise Adventiste Du Septieme Jour - Inter Am\u00e9rique Division","og_description":"Deux r\u00e9gions de l'Eglise Adventiste du Septi\u00e8me Jour travaillent ensemble pour organiser un s\u00e9minaire de sant\u00e9 d'une dur\u00e9e d'une semaine en janvier. Durant quatre ann\u00e9e cons\u00e9cutive, le s\u00e9minaire a comme objectif d'\u00e9quiper des employ\u00e9s du d\u00e9partem","og_url":"https:\/\/interamerica.org\/fr\/2005\/01\/eglise-mondiale-seminaire-deducation-sanitaire-en-faveur-des-non-atteints\/","og_site_name":"\u00c9glise Adventiste Du Septieme Jour - Inter Am\u00e9rique Division","article_published_time":"2005-01-11T04:00:00+00:00","article_modified_time":"2017-06-02T17:20:50+00:00","author":"Lorenzo Verduzco","twitter_card":"summary_large_image","twitter_misc":{"\u00c9crit par":"Lorenzo Verduzco","Dur\u00e9e de lecture estim\u00e9e":"3 minutes"},"schema":{"@context":"https:\/\/schema.org","@graph":[{"@type":"Article","@id":"https:\/\/interamerica.org\/fr\/2005\/01\/eglise-mondiale-seminaire-deducation-sanitaire-en-faveur-des-non-atteints\/#article","isPartOf":{"@id":"https:\/\/interamerica.org\/fr\/2005\/01\/eglise-mondiale-seminaire-deducation-sanitaire-en-faveur-des-non-atteints\/"},"author":{"name":"Lorenzo Verduzco","@id":"https:\/\/interamerica.org\/fr\/#\/schema\/person\/68ede8bdc292885bb76c1e3810e73c39"},"headline":"\u00c9glise Mondiale : S\u00e9minaire d&rsquo;\u00c9ducation Sanitaire En Faveur des Non Atteints","datePublished":"2005-01-11T04:00:00+00:00","dateModified":"2017-06-02T17:20:50+00:00","mainEntityOfPage":{"@id":"https:\/\/interamerica.org\/fr\/2005\/01\/eglise-mondiale-seminaire-deducation-sanitaire-en-faveur-des-non-atteints\/"},"wordCount":631,"articleSection":["Archive"],"inLanguage":"fr-FR"},{"@type":"WebPage","@id":"https:\/\/interamerica.org\/fr\/2005\/01\/eglise-mondiale-seminaire-deducation-sanitaire-en-faveur-des-non-atteints\/","url":"https:\/\/interamerica.org\/fr\/2005\/01\/eglise-mondiale-seminaire-deducation-sanitaire-en-faveur-des-non-atteints\/","name":"\u00c9glise Mondiale : S\u00e9minaire d'\u00c9ducation Sanitaire En Faveur des Non Atteints - \u00c9glise Adventiste Du Septieme Jour - Inter Am\u00e9rique Division","isPartOf":{"@id":"https:\/\/interamerica.org\/fr\/#website"},"datePublished":"2005-01-11T04:00:00+00:00","dateModified":"2017-06-02T17:20:50+00:00","author":{"@id":"https:\/\/interamerica.org\/fr\/#\/schema\/person\/68ede8bdc292885bb76c1e3810e73c39"},"breadcrumb":{"@id":"https:\/\/interamerica.org\/fr\/2005\/01\/eglise-mondiale-seminaire-deducation-sanitaire-en-faveur-des-non-atteints\/#breadcrumb"},"inLanguage":"fr-FR","potentialAction":[{"@type":"ReadAction","target":["https:\/\/interamerica.org\/fr\/2005\/01\/eglise-mondiale-seminaire-deducation-sanitaire-en-faveur-des-non-atteints\/"]}]},{"@type":"BreadcrumbList","@id":"https:\/\/interamerica.org\/fr\/2005\/01\/eglise-mondiale-seminaire-deducation-sanitaire-en-faveur-des-non-atteints\/#breadcrumb","itemListElement":[{"@type":"ListItem","position":1,"name":"Home","item":"https:\/\/interamerica.org\/fr\/"},{"@type":"ListItem","position":2,"name":"\u00c9glise Mondiale : S\u00e9minaire d&rsquo;\u00c9ducation Sanitaire En Faveur des Non Atteints"}]},{"@type":"WebSite","@id":"https:\/\/interamerica.org\/fr\/#website","url":"https:\/\/interamerica.org\/fr\/","name":"\u00c9glise Adventiste Du Septieme Jour - Inter Am\u00e9rique Division","description":"","potentialAction":[{"@type":"SearchAction","target":{"@type":"EntryPoint","urlTemplate":"https:\/\/interamerica.org\/fr\/?s={search_term_string}"},"query-input":{"@type":"PropertyValueSpecification","valueRequired":true,"valueName":"search_term_string"}}],"inLanguage":"fr-FR"},{"@type":"Person","@id":"https:\/\/interamerica.org\/fr\/#\/schema\/person\/68ede8bdc292885bb76c1e3810e73c39","name":"Lorenzo Verduzco","image":{"@type":"ImageObject","inLanguage":"fr-FR","@id":"https:\/\/secure.gravatar.com\/avatar\/fb81a55b6218459490a9c1dc841a34909185b81904c5337b4b27f7a6fd60c49e?s=96&d=mm&r=g","url":"https:\/\/secure.gravatar.com\/avatar\/fb81a55b6218459490a9c1dc841a34909185b81904c5337b4b27f7a6fd60c49e?s=96&d=mm&r=g","contentUrl":"https:\/\/secure.gravatar.com\/avatar\/fb81a55b6218459490a9c1dc841a34909185b81904c5337b4b27f7a6fd60c49e?s=96&d=mm&r=g","caption":"Lorenzo Verduzco"}}]}},"_links":{"self":[{"href":"https:\/\/interamerica.org\/fr\/wp-json\/wp\/v2\/posts\/12286","targetHints":{"allow":["GET"]}}],"collection":[{"href":"https:\/\/interamerica.org\/fr\/wp-json\/wp\/v2\/posts"}],"about":[{"href":"https:\/\/interamerica.org\/fr\/wp-json\/wp\/v2\/types\/post"}],"author":[{"embeddable":true,"href":"https:\/\/interamerica.org\/fr\/wp-json\/wp\/v2\/users\/1"}],"replies":[{"embeddable":true,"href":"https:\/\/interamerica.org\/fr\/wp-json\/wp\/v2\/comments?post=12286"}],"version-history":[{"count":0,"href":"https:\/\/interamerica.org\/fr\/wp-json\/wp\/v2\/posts\/12286\/revisions"}],"wp:attachment":[{"href":"https:\/\/interamerica.org\/fr\/wp-json\/wp\/v2\/media?parent=12286"}],"wp:term":[{"taxonomy":"category","embeddable":true,"href":"https:\/\/interamerica.org\/fr\/wp-json\/wp\/v2\/categories?post=12286"},{"taxonomy":"post_tag","embeddable":true,"href":"https:\/\/interamerica.org\/fr\/wp-json\/wp\/v2\/tags?post=12286"}],"curies":[{"name":"wp","href":"https:\/\/api.w.org\/{rel}","templated":true}]}}