{"id":122874,"date":"2024-11-28T15:01:28","date_gmt":"2024-11-28T20:01:28","guid":{"rendered":"https:\/\/interamerica.org\/?p=122874"},"modified":"2024-12-01T15:33:24","modified_gmt":"2024-12-01T20:33:24","slug":"un-coeur-reconnaissant","status":"publish","type":"post","link":"https:\/\/interamerica.org\/fr\/2024\/11\/un-coeur-reconnaissant\/","title":{"rendered":"Un coeur reconnaissant"},"content":{"rendered":"<p>28 novembre 2024 | Silver Spring, Maryland, \u00c9tats-Unis | Ted N.C. Wilson, pr\u00e9sident de la Conf\u00e9rence g\u00e9n\u00e9rale des adventistes du septi\u00e8me jour<\/p>\n<p>Bonjour, chers amis. Nous lisons dans le Psaume 92:1 qu&rsquo; \u00ab Il est beau de louer l&rsquo;\u00c9ternel. \u00bb Alors que nous arrivons \u00e0 cette p\u00e9riode de l&rsquo;ann\u00e9e, ici aux \u00c9tats-Unis, nous c\u00e9l\u00e9brerons une f\u00eate sp\u00e9ciale appel\u00e9e Thanksgiving.<\/p>\n<p>C&rsquo;est un moment merveilleux o\u00f9 les familles et les amis se rassemblent, profitent d&rsquo;un repas sp\u00e9cial et rendent gr\u00e2ce \u00e0 Dieu pour les nombreuses b\u00e9n\u00e9dictions qu&rsquo;Il a accord\u00e9es.<\/p>\n<p>Nancy et moi avons h\u00e2te de recevoir notre famille cette ann\u00e9e pour Thanksgiving. Notre maison sera tr\u00e8s anim\u00e9e avec nos petits-enfants \u00e9nergiques qui donneront vie \u00e0 notre foyer !<\/p>\n<p>Je voudrais profiter de cette occasion pour vous remercier, notre famille mondiale de l&rsquo;\u00c9glise adventiste du septi\u00e8me jour, pour votre engagement et votre fid\u00e9lit\u00e9 envers le Seigneur. Nancy et moi avons eu le privil\u00e8ge de rencontrer beaucoup d&rsquo;entre vous lors de nos nombreux voyages. Nous avons vu votre travail acharn\u00e9 et votre d\u00e9vouement, votre souci de soulager les fardeaux des autres, et votre empressement \u00e0 partager le message d&rsquo;espoir de Dieu pour la fin des temps avec le plus grand nombre.<\/p>\n<p>Dans un esprit de reconnaissance, je voudrais faire \u00e9cho aux paroles de l&rsquo;ap\u00f4tre Paul aux croyants de Philippes. Il \u00e9crit :<\/p>\n<p>\u00ab Je rends gr\u00e2ces \u00e0 mon Dieu de tout le souvenir que je garde de vous, ne cessant, dans toutes mes pri\u00e8res pour vous tous, de manifester ma joie au sujet de la part que vous prenez \u00e0 l&rsquo;\u00c9vangile, depuis le premier jour jusqu&rsquo;\u00e0 maintenant. Je suis persuad\u00e9 que celui qui a commenc\u00e9 en vous cette bonne \u0153uvre la rendra parfaite pour le jour de J\u00e9sus Christ. \u00bb<\/p>\n<p>Il poursuit en disant : \u00ab Et ce que je demande dans mes pri\u00e8res, c&rsquo;est que votre amour augmente de plus en plus en connaissance et en pleine intelligence pour le discernement des choses les meilleures, afin que vous soyez purs et irr\u00e9prochables pour le jour de Christ, remplis du fruit de justice qui est par J\u00e9sus Christ, \u00e0 la gloire et \u00e0 la louange de Dieu. \u00bb<\/p>\n<p>Et voici ma pri\u00e8re pour vous aussi, chers fr\u00e8res et s\u0153urs en Christ. Que le Seigneur continue de vous b\u00e9nir et de vous garder alors que nous avan\u00e7ons ensemble dans l&rsquo;Implication Totale du Membre, en disant \u00ab Oui, Seigneur, j&rsquo;irai \u00bb avec Ta puissance, pour atteindre le monde pour Toi !<\/p>\n<p>J\u00e9sus revient bient\u00f4t, chers amis ! Maranatha !<\/p>\n<p><iframe title=\"Rendre gr\u00e2ce | Implication Totale du Membre globale\" width=\"500\" height=\"281\" src=\"https:\/\/www.youtube.com\/embed\/oJqevRSyhks?feature=oembed\" frameborder=\"0\" allow=\"accelerometer; autoplay; clipboard-write; encrypted-media; gyroscope; picture-in-picture; web-share\" referrerpolicy=\"strict-origin-when-cross-origin\" allowfullscreen><\/iframe><\/p>\n","protected":false},"excerpt":{"rendered":"<p>28 novembre 2024 | Silver Spring, Maryland, \u00c9tats-Unis | Ted N.C. Wilson, pr\u00e9sident de la Conf\u00e9rence g\u00e9n\u00e9rale des adventistes du septi\u00e8me jour Bonjour, chers amis. Nous lisons dans le Psaume&#8230;<\/p>\n","protected":false},"author":3,"featured_media":122875,"comment_status":"closed","ping_status":"closed","sticky":false,"template":"","format":"standard","meta":{"_acf_changed":false,"footnotes":""},"categories":[18,19],"tags":[],"class_list":["post-122874","post","type-post","status-publish","format-standard","has-post-thumbnail","hentry","category-nouvelles-de-leglise-mondiale","category-rss-francais"],"acf":[],"yoast_head":"<!-- This site is optimized with the Yoast SEO plugin v27.3 - https:\/\/yoast.com\/product\/yoast-seo-wordpress\/ -->\n<title>Un coeur reconnaissant - \u00c9glise Adventiste Du Septieme Jour - Inter Am\u00e9rique Division<\/title>\n<meta name=\"robots\" content=\"index, follow, max-snippet:-1, max-image-preview:large, max-video-preview:-1\" \/>\n<link rel=\"canonical\" href=\"https:\/\/interamerica.org\/fr\/2024\/11\/un-coeur-reconnaissant\/\" \/>\n<meta property=\"og:locale\" content=\"fr_FR\" \/>\n<meta property=\"og:type\" content=\"article\" \/>\n<meta property=\"og:title\" content=\"Un coeur reconnaissant - \u00c9glise Adventiste Du Septieme Jour - Inter Am\u00e9rique Division\" \/>\n<meta property=\"og:description\" content=\"28 novembre 2024 | Silver Spring, Maryland, \u00c9tats-Unis | Ted N.C. Wilson, pr\u00e9sident de la Conf\u00e9rence g\u00e9n\u00e9rale des adventistes du septi\u00e8me jour Bonjour, chers amis. Nous lisons dans le Psaume...\" \/>\n<meta property=\"og:url\" content=\"https:\/\/interamerica.org\/fr\/2024\/11\/un-coeur-reconnaissant\/\" \/>\n<meta property=\"og:site_name\" content=\"\u00c9glise Adventiste Du Septieme Jour - Inter Am\u00e9rique Division\" \/>\n<meta property=\"article:published_time\" content=\"2024-11-28T20:01:28+00:00\" \/>\n<meta property=\"article:modified_time\" content=\"2024-12-01T20:33:24+00:00\" \/>\n<meta property=\"og:image\" content=\"https:\/\/interamerica.org\/wp-content\/uploads\/2024\/11\/a-heart-of-thanksgiving-fr.jpg\" \/>\n\t<meta property=\"og:image:width\" content=\"1440\" \/>\n\t<meta property=\"og:image:height\" content=\"810\" \/>\n\t<meta property=\"og:image:type\" content=\"image\/jpeg\" \/>\n<meta name=\"author\" content=\"libna\" \/>\n<meta name=\"twitter:card\" content=\"summary_large_image\" \/>\n<meta name=\"twitter:label1\" content=\"\u00c9crit par\" \/>\n\t<meta name=\"twitter:data1\" content=\"libna\" \/>\n\t<meta name=\"twitter:label2\" content=\"Dur\u00e9e de lecture estim\u00e9e\" \/>\n\t<meta name=\"twitter:data2\" content=\"2 minutes\" \/>\n<script type=\"application\/ld+json\" class=\"yoast-schema-graph\">{\"@context\":\"https:\\\/\\\/schema.org\",\"@graph\":[{\"@type\":\"Article\",\"@id\":\"https:\\\/\\\/interamerica.org\\\/fr\\\/2024\\\/11\\\/un-coeur-reconnaissant\\\/#article\",\"isPartOf\":{\"@id\":\"https:\\\/\\\/interamerica.org\\\/fr\\\/2024\\\/11\\\/un-coeur-reconnaissant\\\/\"},\"author\":{\"name\":\"libna\",\"@id\":\"https:\\\/\\\/interamerica.org\\\/fr\\\/#\\\/schema\\\/person\\\/29998f2bc2d8bd0d38662909289b54f1\"},\"headline\":\"Un coeur reconnaissant\",\"datePublished\":\"2024-11-28T20:01:28+00:00\",\"dateModified\":\"2024-12-01T20:33:24+00:00\",\"mainEntityOfPage\":{\"@id\":\"https:\\\/\\\/interamerica.org\\\/fr\\\/2024\\\/11\\\/un-coeur-reconnaissant\\\/\"},\"wordCount\":449,\"image\":{\"@id\":\"https:\\\/\\\/interamerica.org\\\/fr\\\/2024\\\/11\\\/un-coeur-reconnaissant\\\/#primaryimage\"},\"thumbnailUrl\":\"https:\\\/\\\/interamerica.org\\\/wp-content\\\/uploads\\\/2024\\\/11\\\/a-heart-of-thanksgiving-fr.jpg\",\"articleSection\":[\"Nouvelles de l'\u00c9glise mondiale\",\"RSS Fran\u00e7ais\"],\"inLanguage\":\"fr-FR\"},{\"@type\":\"WebPage\",\"@id\":\"https:\\\/\\\/interamerica.org\\\/fr\\\/2024\\\/11\\\/un-coeur-reconnaissant\\\/\",\"url\":\"https:\\\/\\\/interamerica.org\\\/fr\\\/2024\\\/11\\\/un-coeur-reconnaissant\\\/\",\"name\":\"Un coeur reconnaissant - \u00c9glise Adventiste Du Septieme Jour - Inter Am\u00e9rique Division\",\"isPartOf\":{\"@id\":\"https:\\\/\\\/interamerica.org\\\/fr\\\/#website\"},\"primaryImageOfPage\":{\"@id\":\"https:\\\/\\\/interamerica.org\\\/fr\\\/2024\\\/11\\\/un-coeur-reconnaissant\\\/#primaryimage\"},\"image\":{\"@id\":\"https:\\\/\\\/interamerica.org\\\/fr\\\/2024\\\/11\\\/un-coeur-reconnaissant\\\/#primaryimage\"},\"thumbnailUrl\":\"https:\\\/\\\/interamerica.org\\\/wp-content\\\/uploads\\\/2024\\\/11\\\/a-heart-of-thanksgiving-fr.jpg\",\"datePublished\":\"2024-11-28T20:01:28+00:00\",\"dateModified\":\"2024-12-01T20:33:24+00:00\",\"author\":{\"@id\":\"https:\\\/\\\/interamerica.org\\\/fr\\\/#\\\/schema\\\/person\\\/29998f2bc2d8bd0d38662909289b54f1\"},\"breadcrumb\":{\"@id\":\"https:\\\/\\\/interamerica.org\\\/fr\\\/2024\\\/11\\\/un-coeur-reconnaissant\\\/#breadcrumb\"},\"inLanguage\":\"fr-FR\",\"potentialAction\":[{\"@type\":\"ReadAction\",\"target\":[\"https:\\\/\\\/interamerica.org\\\/fr\\\/2024\\\/11\\\/un-coeur-reconnaissant\\\/\"]}]},{\"@type\":\"ImageObject\",\"inLanguage\":\"fr-FR\",\"@id\":\"https:\\\/\\\/interamerica.org\\\/fr\\\/2024\\\/11\\\/un-coeur-reconnaissant\\\/#primaryimage\",\"url\":\"https:\\\/\\\/interamerica.org\\\/wp-content\\\/uploads\\\/2024\\\/11\\\/a-heart-of-thanksgiving-fr.jpg\",\"contentUrl\":\"https:\\\/\\\/interamerica.org\\\/wp-content\\\/uploads\\\/2024\\\/11\\\/a-heart-of-thanksgiving-fr.jpg\",\"width\":1440,\"height\":810},{\"@type\":\"BreadcrumbList\",\"@id\":\"https:\\\/\\\/interamerica.org\\\/fr\\\/2024\\\/11\\\/un-coeur-reconnaissant\\\/#breadcrumb\",\"itemListElement\":[{\"@type\":\"ListItem\",\"position\":1,\"name\":\"Home\",\"item\":\"https:\\\/\\\/interamerica.org\\\/fr\\\/\"},{\"@type\":\"ListItem\",\"position\":2,\"name\":\"Un coeur reconnaissant\"}]},{\"@type\":\"WebSite\",\"@id\":\"https:\\\/\\\/interamerica.org\\\/fr\\\/#website\",\"url\":\"https:\\\/\\\/interamerica.org\\\/fr\\\/\",\"name\":\"\u00c9glise Adventiste Du Septieme Jour - Inter Am\u00e9rique Division\",\"description\":\"\",\"potentialAction\":[{\"@type\":\"SearchAction\",\"target\":{\"@type\":\"EntryPoint\",\"urlTemplate\":\"https:\\\/\\\/interamerica.org\\\/fr\\\/?s={search_term_string}\"},\"query-input\":{\"@type\":\"PropertyValueSpecification\",\"valueRequired\":true,\"valueName\":\"search_term_string\"}}],\"inLanguage\":\"fr-FR\"},{\"@type\":\"Person\",\"@id\":\"https:\\\/\\\/interamerica.org\\\/fr\\\/#\\\/schema\\\/person\\\/29998f2bc2d8bd0d38662909289b54f1\",\"name\":\"libna\",\"image\":{\"@type\":\"ImageObject\",\"inLanguage\":\"fr-FR\",\"@id\":\"https:\\\/\\\/secure.gravatar.com\\\/avatar\\\/7c5bd30ae4b47a9ba3c856590957fd1d96dc588bf3ac05719d247e126840331f?s=96&d=mm&r=g\",\"url\":\"https:\\\/\\\/secure.gravatar.com\\\/avatar\\\/7c5bd30ae4b47a9ba3c856590957fd1d96dc588bf3ac05719d247e126840331f?s=96&d=mm&r=g\",\"contentUrl\":\"https:\\\/\\\/secure.gravatar.com\\\/avatar\\\/7c5bd30ae4b47a9ba3c856590957fd1d96dc588bf3ac05719d247e126840331f?s=96&d=mm&r=g\",\"caption\":\"libna\"}}]}<\/script>\n<!-- \/ Yoast SEO plugin. -->","yoast_head_json":{"title":"Un coeur reconnaissant - \u00c9glise Adventiste Du Septieme Jour - Inter Am\u00e9rique Division","robots":{"index":"index","follow":"follow","max-snippet":"max-snippet:-1","max-image-preview":"max-image-preview:large","max-video-preview":"max-video-preview:-1"},"canonical":"https:\/\/interamerica.org\/fr\/2024\/11\/un-coeur-reconnaissant\/","og_locale":"fr_FR","og_type":"article","og_title":"Un coeur reconnaissant - \u00c9glise Adventiste Du Septieme Jour - Inter Am\u00e9rique Division","og_description":"28 novembre 2024 | Silver Spring, Maryland, \u00c9tats-Unis | Ted N.C. Wilson, pr\u00e9sident de la Conf\u00e9rence g\u00e9n\u00e9rale des adventistes du septi\u00e8me jour Bonjour, chers amis. Nous lisons dans le Psaume...","og_url":"https:\/\/interamerica.org\/fr\/2024\/11\/un-coeur-reconnaissant\/","og_site_name":"\u00c9glise Adventiste Du Septieme Jour - Inter Am\u00e9rique Division","article_published_time":"2024-11-28T20:01:28+00:00","article_modified_time":"2024-12-01T20:33:24+00:00","og_image":[{"width":1440,"height":810,"url":"https:\/\/interamerica.org\/wp-content\/uploads\/2024\/11\/a-heart-of-thanksgiving-fr.jpg","type":"image\/jpeg"}],"author":"libna","twitter_card":"summary_large_image","twitter_misc":{"\u00c9crit par":"libna","Dur\u00e9e de lecture estim\u00e9e":"2 minutes"},"schema":{"@context":"https:\/\/schema.org","@graph":[{"@type":"Article","@id":"https:\/\/interamerica.org\/fr\/2024\/11\/un-coeur-reconnaissant\/#article","isPartOf":{"@id":"https:\/\/interamerica.org\/fr\/2024\/11\/un-coeur-reconnaissant\/"},"author":{"name":"libna","@id":"https:\/\/interamerica.org\/fr\/#\/schema\/person\/29998f2bc2d8bd0d38662909289b54f1"},"headline":"Un coeur reconnaissant","datePublished":"2024-11-28T20:01:28+00:00","dateModified":"2024-12-01T20:33:24+00:00","mainEntityOfPage":{"@id":"https:\/\/interamerica.org\/fr\/2024\/11\/un-coeur-reconnaissant\/"},"wordCount":449,"image":{"@id":"https:\/\/interamerica.org\/fr\/2024\/11\/un-coeur-reconnaissant\/#primaryimage"},"thumbnailUrl":"https:\/\/interamerica.org\/wp-content\/uploads\/2024\/11\/a-heart-of-thanksgiving-fr.jpg","articleSection":["Nouvelles de l'\u00c9glise mondiale","RSS Fran\u00e7ais"],"inLanguage":"fr-FR"},{"@type":"WebPage","@id":"https:\/\/interamerica.org\/fr\/2024\/11\/un-coeur-reconnaissant\/","url":"https:\/\/interamerica.org\/fr\/2024\/11\/un-coeur-reconnaissant\/","name":"Un coeur reconnaissant - \u00c9glise Adventiste Du Septieme Jour - Inter Am\u00e9rique Division","isPartOf":{"@id":"https:\/\/interamerica.org\/fr\/#website"},"primaryImageOfPage":{"@id":"https:\/\/interamerica.org\/fr\/2024\/11\/un-coeur-reconnaissant\/#primaryimage"},"image":{"@id":"https:\/\/interamerica.org\/fr\/2024\/11\/un-coeur-reconnaissant\/#primaryimage"},"thumbnailUrl":"https:\/\/interamerica.org\/wp-content\/uploads\/2024\/11\/a-heart-of-thanksgiving-fr.jpg","datePublished":"2024-11-28T20:01:28+00:00","dateModified":"2024-12-01T20:33:24+00:00","author":{"@id":"https:\/\/interamerica.org\/fr\/#\/schema\/person\/29998f2bc2d8bd0d38662909289b54f1"},"breadcrumb":{"@id":"https:\/\/interamerica.org\/fr\/2024\/11\/un-coeur-reconnaissant\/#breadcrumb"},"inLanguage":"fr-FR","potentialAction":[{"@type":"ReadAction","target":["https:\/\/interamerica.org\/fr\/2024\/11\/un-coeur-reconnaissant\/"]}]},{"@type":"ImageObject","inLanguage":"fr-FR","@id":"https:\/\/interamerica.org\/fr\/2024\/11\/un-coeur-reconnaissant\/#primaryimage","url":"https:\/\/interamerica.org\/wp-content\/uploads\/2024\/11\/a-heart-of-thanksgiving-fr.jpg","contentUrl":"https:\/\/interamerica.org\/wp-content\/uploads\/2024\/11\/a-heart-of-thanksgiving-fr.jpg","width":1440,"height":810},{"@type":"BreadcrumbList","@id":"https:\/\/interamerica.org\/fr\/2024\/11\/un-coeur-reconnaissant\/#breadcrumb","itemListElement":[{"@type":"ListItem","position":1,"name":"Home","item":"https:\/\/interamerica.org\/fr\/"},{"@type":"ListItem","position":2,"name":"Un coeur reconnaissant"}]},{"@type":"WebSite","@id":"https:\/\/interamerica.org\/fr\/#website","url":"https:\/\/interamerica.org\/fr\/","name":"\u00c9glise Adventiste Du Septieme Jour - Inter Am\u00e9rique Division","description":"","potentialAction":[{"@type":"SearchAction","target":{"@type":"EntryPoint","urlTemplate":"https:\/\/interamerica.org\/fr\/?s={search_term_string}"},"query-input":{"@type":"PropertyValueSpecification","valueRequired":true,"valueName":"search_term_string"}}],"inLanguage":"fr-FR"},{"@type":"Person","@id":"https:\/\/interamerica.org\/fr\/#\/schema\/person\/29998f2bc2d8bd0d38662909289b54f1","name":"libna","image":{"@type":"ImageObject","inLanguage":"fr-FR","@id":"https:\/\/secure.gravatar.com\/avatar\/7c5bd30ae4b47a9ba3c856590957fd1d96dc588bf3ac05719d247e126840331f?s=96&d=mm&r=g","url":"https:\/\/secure.gravatar.com\/avatar\/7c5bd30ae4b47a9ba3c856590957fd1d96dc588bf3ac05719d247e126840331f?s=96&d=mm&r=g","contentUrl":"https:\/\/secure.gravatar.com\/avatar\/7c5bd30ae4b47a9ba3c856590957fd1d96dc588bf3ac05719d247e126840331f?s=96&d=mm&r=g","caption":"libna"}}]}},"_links":{"self":[{"href":"https:\/\/interamerica.org\/fr\/wp-json\/wp\/v2\/posts\/122874","targetHints":{"allow":["GET"]}}],"collection":[{"href":"https:\/\/interamerica.org\/fr\/wp-json\/wp\/v2\/posts"}],"about":[{"href":"https:\/\/interamerica.org\/fr\/wp-json\/wp\/v2\/types\/post"}],"author":[{"embeddable":true,"href":"https:\/\/interamerica.org\/fr\/wp-json\/wp\/v2\/users\/3"}],"replies":[{"embeddable":true,"href":"https:\/\/interamerica.org\/fr\/wp-json\/wp\/v2\/comments?post=122874"}],"version-history":[{"count":0,"href":"https:\/\/interamerica.org\/fr\/wp-json\/wp\/v2\/posts\/122874\/revisions"}],"wp:featuredmedia":[{"embeddable":true,"href":"https:\/\/interamerica.org\/fr\/wp-json\/wp\/v2\/media\/122875"}],"wp:attachment":[{"href":"https:\/\/interamerica.org\/fr\/wp-json\/wp\/v2\/media?parent=122874"}],"wp:term":[{"taxonomy":"category","embeddable":true,"href":"https:\/\/interamerica.org\/fr\/wp-json\/wp\/v2\/categories?post=122874"},{"taxonomy":"post_tag","embeddable":true,"href":"https:\/\/interamerica.org\/fr\/wp-json\/wp\/v2\/tags?post=122874"}],"curies":[{"name":"wp","href":"https:\/\/api.w.org\/{rel}","templated":true}]}}