{"id":12288,"date":"2005-01-18T00:00:00","date_gmt":"2005-01-18T04:00:00","guid":{"rendered":"http:\/\/192.81.217.108\/interamerica\/2005\/01\/pays-bas-efforts-de-leglise-adventiste-de-groningen-pour-faire-venir-des-personnes-non-adventistes-a-leglise\/"},"modified":"2017-06-02T13:20:47","modified_gmt":"2017-06-02T17:20:47","slug":"pays-bas-efforts-de-leglise-adventiste-de-groningen-pour-faire-venir-des-personnes-non-adventistes-a-leglise","status":"publish","type":"post","link":"https:\/\/interamerica.org\/fr\/2005\/01\/pays-bas-efforts-de-leglise-adventiste-de-groningen-pour-faire-venir-des-personnes-non-adventistes-a-leglise\/","title":{"rendered":"Pays-Bas : Efforts de l&rsquo;Eglise Adventiste de Groningen pour faire venir des Personnes Non-adventistes \u00e0 l&rsquo;Eglise"},"content":{"rendered":"<p>Groningen, Pays-Bas <\/p>\n<p>Un style diff\u00e9rent pour atteindre le public a conduit des douzaines de visiteurs, entre autres, plusieurs qui ne sont membres d&rsquo;aucune \u00e9glise fonctionnant r\u00e9guli\u00e8rement, \u00e0 l&rsquo;\u00e9glise adventiste du septi\u00e8me jour, dans la plus grande ville du Nord de la Hollande.<\/p>\n<p>L&rsquo;approche ayant \u00e9t\u00e9, jusqu&rsquo;ici, d&rsquo;\u00e9viter la publicit\u00e9 par les moyens de communication &#8211; quelques jeunes gens de l&rsquo;\u00e9glise distribu\u00e8rent de petites p\u00e2tisseries et une invitation dans le centre de la ville &#8211; en lieu et place -, pr\u00e9f\u00e9rant que les membres invitent leurs amis, leurs voisins, leurs coll\u00e8gues et des membres de leurs famille.<\/p>\n<p>Rob de Raad, pasteur de la congr\u00e9gation adventiste de Groningen est aussi le coordonnateur dans la zone. Les r\u00e9unions, dit-il, commenc\u00e9es en novembre 2004, sont la culmination d&rsquo;un effort de deux ans qui consistait \u00e0 aider la congr\u00e9gation d&rsquo;un peu moins de 200 membres, \u00e0 tenir une campagne d&rsquo;\u00e9vang\u00e9lisation en faveur du public. <\/p>\n<p>\u00a0\u00ab\u00a0J&rsquo;ai observ\u00e9 que dans ce pays, notre approche \u00e9vang\u00e9lique a \u00e9t\u00e9 de convaincre les gens de la v\u00e9rit\u00e9, sur la base biblique que l&rsquo;adventisme est une compr\u00e9hension du Christianisme,avec une v\u00e9rit\u00e9 plus pouss\u00e9e,\u00a0\u00bb a dit de Raad, lors d&rsquo;une entrevue t\u00e9l\u00e9phonique.<\/p>\n<p>\u00ab\u00a0Le fait est que, seulement une minorit\u00e9 de la population hollandaise va \u00e0 l&rsquo;\u00e9glise et r\u00e9agit \u00e0 cette approche.\u00a0\u00bb<\/p>\n<p>Auparavant, le secr\u00e9taire ex\u00e9cutif de l&rsquo;\u00c9glise Adventiste aux Pays-Bas, de Raad, fils d&rsquo;un \u00e9vang\u00e9liste de l&rsquo;\u00e9glise, a toujours eu un int\u00e9r\u00eat pour l&rsquo;\u00e9vang\u00e9lisation. Il a habit\u00e9 \u00e0 Groningen durant deux ans, pendant lesquelles il a travaill\u00e9 avec sa congr\u00e9gation en vue d&rsquo;\u00e9tablir des petits groupes d&rsquo;\u00e9tude de la Bible et former les membres dans une approche du public en g\u00e9n\u00e9ral. Une telle pr\u00e9paration \u00e9tait n\u00e9cessaire, croit-il, parce que la Hollande s\u00e9culaire d&rsquo;aujourd&rsquo;hui, o\u00f9 seulement 10 pour cent d&rsquo;une population de 16 millions de citoyens fr\u00e9quente une \u00e9glise &#8211; voit en la religion, un sujet tabou.<\/p>\n<p>\u00ab\u00a0Il y a ce sentiment en ce que tout ce qui a un rapport avec la religion est une affaire priv\u00e9e,\u00a0\u00bb fait observer de Raad. Les gens trouvent tr\u00e8s difficile de parler de religion avec leurs amis et voisins&#8230;. J&rsquo;ai essay\u00e9 de leur montrer que si nous ne nous approchons pas des gens autour de nous, alors qui le fera ? Ils sont importants aux yeux de Dieu et nous sommes importants dans le fait d&rsquo;aller vers eux. \u00ab\u00a0<\/p>\n<p>Il ajoute, \u00ab\u00a0Nous sommes, pour la plupart dans l&rsquo;\u00e9glise, parce qu&rsquo;un membre de notre famille ou un ami nous a mis en contact avec l&rsquo;\u00e9glise, une premi\u00e8re fois.\u00a0\u00bb <\/p>\n<p>Les services, tenus \u00e0 4 heures de l&rsquo;apr\u00e8s-midi, chaque sabbat, sont un peu moins formels que les assembl\u00e9es d&rsquo;adoration traditionnelles, pour qu&rsquo;elles soient plus attractives pour des nouveaux venus.<\/p>\n<p>\u00ab\u00a0Nous pr\u00e9sentons de la musique, des vid\u00e9os, des pr\u00e9sentations en PowerPoint, des discours appropri\u00e9s. C&rsquo;est de cette mani\u00e8re que nous essayons de les approcher, \u00ab\u00a0souligne de Raad.\u00a0\u00bb Si les gens montrent de l&rsquo;int\u00e9r\u00eat, nous les organisons en petits groupes et leur pr\u00e9sentons diff\u00e9rents sujets qui les aident \u00e0 d\u00e9velopper leur foi et parvenir \u00e0 mieux conna\u00eetre la croyance chr\u00e9tienne. \u00ab\u00a0<\/p>\n<p>De Raad dit que les r\u00e9unions \u00ab\u00a0semblent \u00eatre couronn\u00e9es de succ\u00e8s\u00a0\u00bb jusqu&rsquo;\u00e0 pr\u00e9sent et les membres d&rsquo;\u00e9glise sont confiants en invitant d&rsquo;autres aux services. Il y a des ann\u00e9es que les membres r\u00e9guliers n&rsquo;avaient pas vu des non membres venir \u00e0 leur \u00e9glise.<\/p>\n<p>Selon pasteur Reinder Bruinsma, pr\u00e9sident de l&rsquo;\u00c9glise adventiste aux Pays-Bas, les initiatives de Raad sont appropri\u00e9es et indiqu\u00e9es.<\/p>\n<p>\u00ab\u00a0L&rsquo;administration [de l&rsquo;\u00e9glise] soutient fortement cette initiative aussi bien que d&rsquo;autres approches innovatrices pour rendre t\u00e9moignage. Nous savons que l&rsquo;\u00e9vang\u00e9lisation traditionnelle ne va plus fonctionner parmi les hollandais de souche,\u00a0\u00bb a confess\u00e9 Bruinsma \u00e0 ANN. \u00ab\u00a0Nous sommes heureux de voir le sentiment de d\u00e9couragement, qui avait s\u00e9rieusement g\u00ean\u00e9, pendant quelque temps, est graduellement remplac\u00e9 par un nouveau sentiment qui indique qu&rsquo;il est encore possible d&rsquo;atteindre les gens avec l&rsquo;\u00e9vangile.\u00a0\u00bb<\/p>\n<p>Pr\u00e8s de 4,500 membres adventistes du septi\u00e8me jour adorent chaque semaine dans 50 congr\u00e9gations aux Pays-Bas.<\/p>\n","protected":false},"excerpt":{"rendered":"<p>Un style diff\u00e9rent pour atteindre le public a conduit des douzaines de visiteurs, entre autres, plusieurs qui ne sont membres d&rsquo;aucune \u00e9glise fonctionnant r\u00e9guli\u00e8rement, \u00e0 l&rsquo;\u00e9glise adventiste du septi\u00e8me jour, dans la plus grande vi<\/p>\n","protected":false},"author":1,"featured_media":0,"comment_status":"closed","ping_status":"closed","sticky":false,"template":"","format":"standard","meta":{"_acf_changed":false,"footnotes":""},"categories":[9],"tags":[],"class_list":["post-12288","post","type-post","status-publish","format-standard","hentry","category-archive-fr"],"acf":[],"yoast_head":"<!-- This site is optimized with the Yoast SEO plugin v27.3 - https:\/\/yoast.com\/product\/yoast-seo-wordpress\/ -->\n<title>Pays-Bas : Efforts de l&#039;Eglise Adventiste de Groningen pour faire venir des Personnes Non-adventistes \u00e0 l&#039;Eglise - \u00c9glise Adventiste Du Septieme Jour - Inter Am\u00e9rique Division<\/title>\n<meta name=\"robots\" content=\"index, follow, max-snippet:-1, max-image-preview:large, max-video-preview:-1\" \/>\n<link rel=\"canonical\" href=\"https:\/\/interamerica.org\/fr\/2005\/01\/pays-bas-efforts-de-leglise-adventiste-de-groningen-pour-faire-venir-des-personnes-non-adventistes-a-leglise\/\" \/>\n<meta property=\"og:locale\" content=\"fr_FR\" \/>\n<meta property=\"og:type\" content=\"article\" \/>\n<meta property=\"og:title\" content=\"Pays-Bas : Efforts de l&#039;Eglise Adventiste de Groningen pour faire venir des Personnes Non-adventistes \u00e0 l&#039;Eglise - \u00c9glise Adventiste Du Septieme Jour - Inter Am\u00e9rique Division\" \/>\n<meta property=\"og:description\" content=\"Un style diff\u00e9rent pour atteindre le public a conduit des douzaines de visiteurs, entre autres, plusieurs qui ne sont membres d&#039;aucune \u00e9glise fonctionnant r\u00e9guli\u00e8rement, \u00e0 l&#039;\u00e9glise adventiste du septi\u00e8me jour, dans la plus grande vi\" \/>\n<meta property=\"og:url\" content=\"https:\/\/interamerica.org\/fr\/2005\/01\/pays-bas-efforts-de-leglise-adventiste-de-groningen-pour-faire-venir-des-personnes-non-adventistes-a-leglise\/\" \/>\n<meta property=\"og:site_name\" content=\"\u00c9glise Adventiste Du Septieme Jour - Inter Am\u00e9rique Division\" \/>\n<meta property=\"article:published_time\" content=\"2005-01-18T04:00:00+00:00\" \/>\n<meta property=\"article:modified_time\" content=\"2017-06-02T17:20:47+00:00\" \/>\n<meta name=\"author\" content=\"Lorenzo Verduzco\" \/>\n<meta name=\"twitter:card\" content=\"summary_large_image\" \/>\n<meta name=\"twitter:label1\" content=\"\u00c9crit par\" \/>\n\t<meta name=\"twitter:data1\" content=\"Lorenzo Verduzco\" \/>\n\t<meta name=\"twitter:label2\" content=\"Dur\u00e9e de lecture estim\u00e9e\" \/>\n\t<meta name=\"twitter:data2\" content=\"4 minutes\" \/>\n<script type=\"application\/ld+json\" class=\"yoast-schema-graph\">{\"@context\":\"https:\\\/\\\/schema.org\",\"@graph\":[{\"@type\":\"Article\",\"@id\":\"https:\\\/\\\/interamerica.org\\\/fr\\\/2005\\\/01\\\/pays-bas-efforts-de-leglise-adventiste-de-groningen-pour-faire-venir-des-personnes-non-adventistes-a-leglise\\\/#article\",\"isPartOf\":{\"@id\":\"https:\\\/\\\/interamerica.org\\\/fr\\\/2005\\\/01\\\/pays-bas-efforts-de-leglise-adventiste-de-groningen-pour-faire-venir-des-personnes-non-adventistes-a-leglise\\\/\"},\"author\":{\"name\":\"Lorenzo Verduzco\",\"@id\":\"https:\\\/\\\/interamerica.org\\\/fr\\\/#\\\/schema\\\/person\\\/68ede8bdc292885bb76c1e3810e73c39\"},\"headline\":\"Pays-Bas : Efforts de l&rsquo;Eglise Adventiste de Groningen pour faire venir des Personnes Non-adventistes \u00e0 l&rsquo;Eglise\",\"datePublished\":\"2005-01-18T04:00:00+00:00\",\"dateModified\":\"2017-06-02T17:20:47+00:00\",\"mainEntityOfPage\":{\"@id\":\"https:\\\/\\\/interamerica.org\\\/fr\\\/2005\\\/01\\\/pays-bas-efforts-de-leglise-adventiste-de-groningen-pour-faire-venir-des-personnes-non-adventistes-a-leglise\\\/\"},\"wordCount\":754,\"articleSection\":[\"Archive\"],\"inLanguage\":\"fr-FR\"},{\"@type\":\"WebPage\",\"@id\":\"https:\\\/\\\/interamerica.org\\\/fr\\\/2005\\\/01\\\/pays-bas-efforts-de-leglise-adventiste-de-groningen-pour-faire-venir-des-personnes-non-adventistes-a-leglise\\\/\",\"url\":\"https:\\\/\\\/interamerica.org\\\/fr\\\/2005\\\/01\\\/pays-bas-efforts-de-leglise-adventiste-de-groningen-pour-faire-venir-des-personnes-non-adventistes-a-leglise\\\/\",\"name\":\"Pays-Bas : Efforts de l'Eglise Adventiste de Groningen pour faire venir des Personnes Non-adventistes \u00e0 l'Eglise - \u00c9glise Adventiste Du Septieme Jour - Inter Am\u00e9rique Division\",\"isPartOf\":{\"@id\":\"https:\\\/\\\/interamerica.org\\\/fr\\\/#website\"},\"datePublished\":\"2005-01-18T04:00:00+00:00\",\"dateModified\":\"2017-06-02T17:20:47+00:00\",\"author\":{\"@id\":\"https:\\\/\\\/interamerica.org\\\/fr\\\/#\\\/schema\\\/person\\\/68ede8bdc292885bb76c1e3810e73c39\"},\"breadcrumb\":{\"@id\":\"https:\\\/\\\/interamerica.org\\\/fr\\\/2005\\\/01\\\/pays-bas-efforts-de-leglise-adventiste-de-groningen-pour-faire-venir-des-personnes-non-adventistes-a-leglise\\\/#breadcrumb\"},\"inLanguage\":\"fr-FR\",\"potentialAction\":[{\"@type\":\"ReadAction\",\"target\":[\"https:\\\/\\\/interamerica.org\\\/fr\\\/2005\\\/01\\\/pays-bas-efforts-de-leglise-adventiste-de-groningen-pour-faire-venir-des-personnes-non-adventistes-a-leglise\\\/\"]}]},{\"@type\":\"BreadcrumbList\",\"@id\":\"https:\\\/\\\/interamerica.org\\\/fr\\\/2005\\\/01\\\/pays-bas-efforts-de-leglise-adventiste-de-groningen-pour-faire-venir-des-personnes-non-adventistes-a-leglise\\\/#breadcrumb\",\"itemListElement\":[{\"@type\":\"ListItem\",\"position\":1,\"name\":\"Home\",\"item\":\"https:\\\/\\\/interamerica.org\\\/fr\\\/\"},{\"@type\":\"ListItem\",\"position\":2,\"name\":\"Pays-Bas : Efforts de l&rsquo;Eglise Adventiste de Groningen pour faire venir des Personnes Non-adventistes \u00e0 l&rsquo;Eglise\"}]},{\"@type\":\"WebSite\",\"@id\":\"https:\\\/\\\/interamerica.org\\\/fr\\\/#website\",\"url\":\"https:\\\/\\\/interamerica.org\\\/fr\\\/\",\"name\":\"\u00c9glise Adventiste Du Septieme Jour - Inter Am\u00e9rique Division\",\"description\":\"\",\"potentialAction\":[{\"@type\":\"SearchAction\",\"target\":{\"@type\":\"EntryPoint\",\"urlTemplate\":\"https:\\\/\\\/interamerica.org\\\/fr\\\/?s={search_term_string}\"},\"query-input\":{\"@type\":\"PropertyValueSpecification\",\"valueRequired\":true,\"valueName\":\"search_term_string\"}}],\"inLanguage\":\"fr-FR\"},{\"@type\":\"Person\",\"@id\":\"https:\\\/\\\/interamerica.org\\\/fr\\\/#\\\/schema\\\/person\\\/68ede8bdc292885bb76c1e3810e73c39\",\"name\":\"Lorenzo Verduzco\",\"image\":{\"@type\":\"ImageObject\",\"inLanguage\":\"fr-FR\",\"@id\":\"https:\\\/\\\/secure.gravatar.com\\\/avatar\\\/fb81a55b6218459490a9c1dc841a34909185b81904c5337b4b27f7a6fd60c49e?s=96&d=mm&r=g\",\"url\":\"https:\\\/\\\/secure.gravatar.com\\\/avatar\\\/fb81a55b6218459490a9c1dc841a34909185b81904c5337b4b27f7a6fd60c49e?s=96&d=mm&r=g\",\"contentUrl\":\"https:\\\/\\\/secure.gravatar.com\\\/avatar\\\/fb81a55b6218459490a9c1dc841a34909185b81904c5337b4b27f7a6fd60c49e?s=96&d=mm&r=g\",\"caption\":\"Lorenzo Verduzco\"}}]}<\/script>\n<!-- \/ Yoast SEO plugin. -->","yoast_head_json":{"title":"Pays-Bas : Efforts de l'Eglise Adventiste de Groningen pour faire venir des Personnes Non-adventistes \u00e0 l'Eglise - \u00c9glise Adventiste Du Septieme Jour - Inter Am\u00e9rique Division","robots":{"index":"index","follow":"follow","max-snippet":"max-snippet:-1","max-image-preview":"max-image-preview:large","max-video-preview":"max-video-preview:-1"},"canonical":"https:\/\/interamerica.org\/fr\/2005\/01\/pays-bas-efforts-de-leglise-adventiste-de-groningen-pour-faire-venir-des-personnes-non-adventistes-a-leglise\/","og_locale":"fr_FR","og_type":"article","og_title":"Pays-Bas : Efforts de l'Eglise Adventiste de Groningen pour faire venir des Personnes Non-adventistes \u00e0 l'Eglise - \u00c9glise Adventiste Du Septieme Jour - Inter Am\u00e9rique Division","og_description":"Un style diff\u00e9rent pour atteindre le public a conduit des douzaines de visiteurs, entre autres, plusieurs qui ne sont membres d'aucune \u00e9glise fonctionnant r\u00e9guli\u00e8rement, \u00e0 l'\u00e9glise adventiste du septi\u00e8me jour, dans la plus grande vi","og_url":"https:\/\/interamerica.org\/fr\/2005\/01\/pays-bas-efforts-de-leglise-adventiste-de-groningen-pour-faire-venir-des-personnes-non-adventistes-a-leglise\/","og_site_name":"\u00c9glise Adventiste Du Septieme Jour - Inter Am\u00e9rique Division","article_published_time":"2005-01-18T04:00:00+00:00","article_modified_time":"2017-06-02T17:20:47+00:00","author":"Lorenzo Verduzco","twitter_card":"summary_large_image","twitter_misc":{"\u00c9crit par":"Lorenzo Verduzco","Dur\u00e9e de lecture estim\u00e9e":"4 minutes"},"schema":{"@context":"https:\/\/schema.org","@graph":[{"@type":"Article","@id":"https:\/\/interamerica.org\/fr\/2005\/01\/pays-bas-efforts-de-leglise-adventiste-de-groningen-pour-faire-venir-des-personnes-non-adventistes-a-leglise\/#article","isPartOf":{"@id":"https:\/\/interamerica.org\/fr\/2005\/01\/pays-bas-efforts-de-leglise-adventiste-de-groningen-pour-faire-venir-des-personnes-non-adventistes-a-leglise\/"},"author":{"name":"Lorenzo Verduzco","@id":"https:\/\/interamerica.org\/fr\/#\/schema\/person\/68ede8bdc292885bb76c1e3810e73c39"},"headline":"Pays-Bas : Efforts de l&rsquo;Eglise Adventiste de Groningen pour faire venir des Personnes Non-adventistes \u00e0 l&rsquo;Eglise","datePublished":"2005-01-18T04:00:00+00:00","dateModified":"2017-06-02T17:20:47+00:00","mainEntityOfPage":{"@id":"https:\/\/interamerica.org\/fr\/2005\/01\/pays-bas-efforts-de-leglise-adventiste-de-groningen-pour-faire-venir-des-personnes-non-adventistes-a-leglise\/"},"wordCount":754,"articleSection":["Archive"],"inLanguage":"fr-FR"},{"@type":"WebPage","@id":"https:\/\/interamerica.org\/fr\/2005\/01\/pays-bas-efforts-de-leglise-adventiste-de-groningen-pour-faire-venir-des-personnes-non-adventistes-a-leglise\/","url":"https:\/\/interamerica.org\/fr\/2005\/01\/pays-bas-efforts-de-leglise-adventiste-de-groningen-pour-faire-venir-des-personnes-non-adventistes-a-leglise\/","name":"Pays-Bas : Efforts de l'Eglise Adventiste de Groningen pour faire venir des Personnes Non-adventistes \u00e0 l'Eglise - \u00c9glise Adventiste Du Septieme Jour - Inter Am\u00e9rique Division","isPartOf":{"@id":"https:\/\/interamerica.org\/fr\/#website"},"datePublished":"2005-01-18T04:00:00+00:00","dateModified":"2017-06-02T17:20:47+00:00","author":{"@id":"https:\/\/interamerica.org\/fr\/#\/schema\/person\/68ede8bdc292885bb76c1e3810e73c39"},"breadcrumb":{"@id":"https:\/\/interamerica.org\/fr\/2005\/01\/pays-bas-efforts-de-leglise-adventiste-de-groningen-pour-faire-venir-des-personnes-non-adventistes-a-leglise\/#breadcrumb"},"inLanguage":"fr-FR","potentialAction":[{"@type":"ReadAction","target":["https:\/\/interamerica.org\/fr\/2005\/01\/pays-bas-efforts-de-leglise-adventiste-de-groningen-pour-faire-venir-des-personnes-non-adventistes-a-leglise\/"]}]},{"@type":"BreadcrumbList","@id":"https:\/\/interamerica.org\/fr\/2005\/01\/pays-bas-efforts-de-leglise-adventiste-de-groningen-pour-faire-venir-des-personnes-non-adventistes-a-leglise\/#breadcrumb","itemListElement":[{"@type":"ListItem","position":1,"name":"Home","item":"https:\/\/interamerica.org\/fr\/"},{"@type":"ListItem","position":2,"name":"Pays-Bas : Efforts de l&rsquo;Eglise Adventiste de Groningen pour faire venir des Personnes Non-adventistes \u00e0 l&rsquo;Eglise"}]},{"@type":"WebSite","@id":"https:\/\/interamerica.org\/fr\/#website","url":"https:\/\/interamerica.org\/fr\/","name":"\u00c9glise Adventiste Du Septieme Jour - Inter Am\u00e9rique Division","description":"","potentialAction":[{"@type":"SearchAction","target":{"@type":"EntryPoint","urlTemplate":"https:\/\/interamerica.org\/fr\/?s={search_term_string}"},"query-input":{"@type":"PropertyValueSpecification","valueRequired":true,"valueName":"search_term_string"}}],"inLanguage":"fr-FR"},{"@type":"Person","@id":"https:\/\/interamerica.org\/fr\/#\/schema\/person\/68ede8bdc292885bb76c1e3810e73c39","name":"Lorenzo Verduzco","image":{"@type":"ImageObject","inLanguage":"fr-FR","@id":"https:\/\/secure.gravatar.com\/avatar\/fb81a55b6218459490a9c1dc841a34909185b81904c5337b4b27f7a6fd60c49e?s=96&d=mm&r=g","url":"https:\/\/secure.gravatar.com\/avatar\/fb81a55b6218459490a9c1dc841a34909185b81904c5337b4b27f7a6fd60c49e?s=96&d=mm&r=g","contentUrl":"https:\/\/secure.gravatar.com\/avatar\/fb81a55b6218459490a9c1dc841a34909185b81904c5337b4b27f7a6fd60c49e?s=96&d=mm&r=g","caption":"Lorenzo Verduzco"}}]}},"_links":{"self":[{"href":"https:\/\/interamerica.org\/fr\/wp-json\/wp\/v2\/posts\/12288","targetHints":{"allow":["GET"]}}],"collection":[{"href":"https:\/\/interamerica.org\/fr\/wp-json\/wp\/v2\/posts"}],"about":[{"href":"https:\/\/interamerica.org\/fr\/wp-json\/wp\/v2\/types\/post"}],"author":[{"embeddable":true,"href":"https:\/\/interamerica.org\/fr\/wp-json\/wp\/v2\/users\/1"}],"replies":[{"embeddable":true,"href":"https:\/\/interamerica.org\/fr\/wp-json\/wp\/v2\/comments?post=12288"}],"version-history":[{"count":0,"href":"https:\/\/interamerica.org\/fr\/wp-json\/wp\/v2\/posts\/12288\/revisions"}],"wp:attachment":[{"href":"https:\/\/interamerica.org\/fr\/wp-json\/wp\/v2\/media?parent=12288"}],"wp:term":[{"taxonomy":"category","embeddable":true,"href":"https:\/\/interamerica.org\/fr\/wp-json\/wp\/v2\/categories?post=12288"},{"taxonomy":"post_tag","embeddable":true,"href":"https:\/\/interamerica.org\/fr\/wp-json\/wp\/v2\/tags?post=12288"}],"curies":[{"name":"wp","href":"https:\/\/api.w.org\/{rel}","templated":true}]}}