{"id":12290,"date":"2005-01-25T00:00:00","date_gmt":"2005-01-25T04:00:00","guid":{"rendered":"http:\/\/192.81.217.108\/interamerica\/2005\/01\/soudan-adra-lance-un-appel-pour-la-liberation-douvriers-enleves\/"},"modified":"2017-06-02T13:20:44","modified_gmt":"2017-06-02T17:20:44","slug":"soudan-adra-lance-un-appel-pour-la-liberation-douvriers-enleves","status":"publish","type":"post","link":"https:\/\/interamerica.org\/fr\/2005\/01\/soudan-adra-lance-un-appel-pour-la-liberation-douvriers-enleves\/","title":{"rendered":"Soudan : ADRA Lance un Appel\u00a0pour la Lib\u00e9ration d&rsquo;Ouvriers Enlev\u00e9s"},"content":{"rendered":"<p>Silver Spring, Maryland, Etats-Unis <\/p>\n<p>ADRA International lance un appel pour la lib\u00e9ration de trois de ses ouvriers qui ont \u00e9t\u00e9 enlev\u00e9s sous la menace des fusils, avec des v\u00e9hicules de projet d&rsquo;ADRA, le 16 d\u00e9cembre 2004 pendant qu&rsquo;ils voyageaient dans le secteur contr\u00f4l\u00e9 par des rebelle de Labado, pour aller de Khartoum au Darfour Occidental, au Soudan. <\/p>\n<p>Voyageant en convoi humanitaire, les trois ouvriers faisaient partie d&rsquo;une \u00e9quipe d&rsquo;ADRA faisant du forage de puits, qui apportait des \u00e9quipements et des provisions devant servir \u00e0 r\u00e9habiliter 65 puits endommag\u00e9s et abandonn\u00e9s et construire 45 nouveaux autres.<\/p>\n<p>Le d\u00e9partement d&rsquo;Aide Humanitaire de la Commission europ\u00e9enne (ECHO) finance ce projet.<\/p>\n<p>Le convoi d&rsquo;ADRA avait une permission officielle de livrer de l&rsquo;aide au Darfour.<\/p>\n<p>Chacun des trois hommes enlev\u00e9s, citoyens soudanais, est pleinement engag\u00e9 dans l&rsquo;action humanitaire et \u00e9tait plein d&rsquo;enthousiasme \u00e0 l&rsquo;id\u00e9e de partir au Darfour, tant les besoins dans cette r\u00e9gions sont \u00e9normes.<\/p>\n<p>\u00ab\u00a0Nous sommes choqu\u00e9s et profond\u00e9ment pr\u00e9occup\u00e9s pour la s\u00e9curit\u00e9 de nos ouvriers. Nous ne savons pas exactement qui les a enlev\u00e9s et nous n&rsquo;avons re\u00e7u aucune information sur leur emplacement ou condition. ADRA ne fait pas de politique; elle fournit de l&rsquo;aide l\u00e0 o\u00f9 on a le plus besoin,\u00a0\u00bb d\u00e9clare Byron L. Scheuneman, vice-pr\u00e9sident et responsable financier en chef d&rsquo;ADRA International. <\/p>\n<p>\u00ab\u00a0Nous pensons et prions pour ces hommes qui ont \u00e9t\u00e9 pris, aussi bien que pour leurs familles. Nous en appelons directement \u00e0 quiconque les tient de les rel\u00e2cher sains et saufs, pour des motifs humanitaires. L&rsquo;Eau est le domaine o\u00f9 il y a le moins de projets dans tout le Darfour et continuer de d\u00e9tenir ces hommes et l&rsquo;\u00e9quipement n&rsquo;a aucun sens. L&rsquo;Eau est un urgent besoin dans la r\u00e9gion,\u00a0\u00bb a-t-il poursuivi.<\/p>\n<p>Les puits envisag\u00e9s profiteront \u00e0 80,000 personnes int\u00e9rieurement d\u00e9plac\u00e9es (IDPs) et aux membres des communaut\u00e9s d&rsquo;accueil \u00e0 l&rsquo;Ouest du Darfour, secteur durement touch\u00e9 par les troubles civils qui ont amen\u00e9 au moins 1.6 million de personnes \u00e0 lutter pour survivre dans les trois \u00e9tats du Darfour.<\/p>\n<p>Le bureau d&rsquo;ADRA \u00e0 Khartoum travaille en \u00e9troite liaison avec les Nations Unies pour obtenir la lib\u00e9ration de ses ouvriers et est reconnaissant \u00e0 l&rsquo;aide qu&rsquo;elles fournissent. <\/p>\n<p>Fonctionner dans un environnement si complexe et difficile n&rsquo;est pas sans risque, et ADRA appr\u00e9cie tous les efforts r\u00e9alis\u00e9s pour am\u00e9liorer la s\u00e9curit\u00e9 aussi bien des ouvriers humanitaires que de la population affect\u00e9e par le conflit.<\/p>\n<p>ADRA travaille au Soudan depuis plus de 25 ans et au Darfour depuis juin 2004. Pr\u00e9sente dans plus de 120 pays \u00e0 travers le monde entier, ADRA apporte de l&rsquo;aide au d\u00e9veloppement individuel et communautaire et des secours au profit des sinistr\u00e9s sans tenir compte de l&rsquo;association politique ou religieuse, de l&rsquo;\u00e2ge ou de l&rsquo;appartenance ethnique.<\/p>\n<p>Pour plus d&rsquo;information sur ADRA, on peut visiter le site : <a  href=\"http:\/\/www.adra.org\">www.adra.org<\/a>.<\/p>\n","protected":false},"excerpt":{"rendered":"<p>ADRA International lance un appel pour la lib\u00e9ration de trois de ses ouvriers qui ont \u00e9t\u00e9 enlev\u00e9s sous la menace des fusils, avec des v\u00e9hicules de projet d&rsquo;ADRA, le 16 d\u00e9cembre 2004&#8230;<\/p>\n","protected":false},"author":1,"featured_media":0,"comment_status":"closed","ping_status":"closed","sticky":false,"template":"","format":"standard","meta":{"_acf_changed":false,"footnotes":""},"categories":[9],"tags":[],"class_list":["post-12290","post","type-post","status-publish","format-standard","hentry","category-archive-fr"],"acf":[],"yoast_head":"<!-- This site is optimized with the Yoast SEO plugin v27.3 - https:\/\/yoast.com\/product\/yoast-seo-wordpress\/ -->\n<title>Soudan : ADRA Lance un Appel\u00a0pour la Lib\u00e9ration d&#039;Ouvriers Enlev\u00e9s - \u00c9glise Adventiste Du Septieme Jour - Inter Am\u00e9rique Division<\/title>\n<meta name=\"robots\" content=\"index, follow, max-snippet:-1, max-image-preview:large, max-video-preview:-1\" \/>\n<link rel=\"canonical\" href=\"https:\/\/interamerica.org\/fr\/2005\/01\/soudan-adra-lance-un-appel-pour-la-liberation-douvriers-enleves\/\" \/>\n<meta property=\"og:locale\" content=\"fr_FR\" \/>\n<meta property=\"og:type\" content=\"article\" \/>\n<meta property=\"og:title\" content=\"Soudan : ADRA Lance un Appel\u00a0pour la Lib\u00e9ration d&#039;Ouvriers Enlev\u00e9s - \u00c9glise Adventiste Du Septieme Jour - Inter Am\u00e9rique Division\" \/>\n<meta property=\"og:description\" content=\"ADRA International lance un appel pour la lib\u00e9ration de trois de ses ouvriers qui ont \u00e9t\u00e9 enlev\u00e9s sous la menace des fusils, avec des v\u00e9hicules de projet d&#039;ADRA, le 16 d\u00e9cembre 2004...\" \/>\n<meta property=\"og:url\" content=\"https:\/\/interamerica.org\/fr\/2005\/01\/soudan-adra-lance-un-appel-pour-la-liberation-douvriers-enleves\/\" \/>\n<meta property=\"og:site_name\" content=\"\u00c9glise Adventiste Du Septieme Jour - Inter Am\u00e9rique Division\" \/>\n<meta property=\"article:published_time\" content=\"2005-01-25T04:00:00+00:00\" \/>\n<meta property=\"article:modified_time\" content=\"2017-06-02T17:20:44+00:00\" \/>\n<meta name=\"author\" content=\"Lorenzo Verduzco\" \/>\n<meta name=\"twitter:card\" content=\"summary_large_image\" \/>\n<meta name=\"twitter:label1\" content=\"\u00c9crit par\" \/>\n\t<meta name=\"twitter:data1\" content=\"Lorenzo Verduzco\" \/>\n\t<meta name=\"twitter:label2\" content=\"Dur\u00e9e de lecture estim\u00e9e\" \/>\n\t<meta name=\"twitter:data2\" content=\"2 minutes\" \/>\n<script type=\"application\/ld+json\" class=\"yoast-schema-graph\">{\"@context\":\"https:\\\/\\\/schema.org\",\"@graph\":[{\"@type\":\"Article\",\"@id\":\"https:\\\/\\\/interamerica.org\\\/fr\\\/2005\\\/01\\\/soudan-adra-lance-un-appel-pour-la-liberation-douvriers-enleves\\\/#article\",\"isPartOf\":{\"@id\":\"https:\\\/\\\/interamerica.org\\\/fr\\\/2005\\\/01\\\/soudan-adra-lance-un-appel-pour-la-liberation-douvriers-enleves\\\/\"},\"author\":{\"name\":\"Lorenzo Verduzco\",\"@id\":\"https:\\\/\\\/interamerica.org\\\/fr\\\/#\\\/schema\\\/person\\\/68ede8bdc292885bb76c1e3810e73c39\"},\"headline\":\"Soudan : ADRA Lance un Appel\u00a0pour la Lib\u00e9ration d&rsquo;Ouvriers Enlev\u00e9s\",\"datePublished\":\"2005-01-25T04:00:00+00:00\",\"dateModified\":\"2017-06-02T17:20:44+00:00\",\"mainEntityOfPage\":{\"@id\":\"https:\\\/\\\/interamerica.org\\\/fr\\\/2005\\\/01\\\/soudan-adra-lance-un-appel-pour-la-liberation-douvriers-enleves\\\/\"},\"wordCount\":525,\"articleSection\":[\"Archive\"],\"inLanguage\":\"fr-FR\"},{\"@type\":\"WebPage\",\"@id\":\"https:\\\/\\\/interamerica.org\\\/fr\\\/2005\\\/01\\\/soudan-adra-lance-un-appel-pour-la-liberation-douvriers-enleves\\\/\",\"url\":\"https:\\\/\\\/interamerica.org\\\/fr\\\/2005\\\/01\\\/soudan-adra-lance-un-appel-pour-la-liberation-douvriers-enleves\\\/\",\"name\":\"Soudan : ADRA Lance un Appel\u00a0pour la Lib\u00e9ration d'Ouvriers Enlev\u00e9s - \u00c9glise Adventiste Du Septieme Jour - Inter Am\u00e9rique Division\",\"isPartOf\":{\"@id\":\"https:\\\/\\\/interamerica.org\\\/fr\\\/#website\"},\"datePublished\":\"2005-01-25T04:00:00+00:00\",\"dateModified\":\"2017-06-02T17:20:44+00:00\",\"author\":{\"@id\":\"https:\\\/\\\/interamerica.org\\\/fr\\\/#\\\/schema\\\/person\\\/68ede8bdc292885bb76c1e3810e73c39\"},\"breadcrumb\":{\"@id\":\"https:\\\/\\\/interamerica.org\\\/fr\\\/2005\\\/01\\\/soudan-adra-lance-un-appel-pour-la-liberation-douvriers-enleves\\\/#breadcrumb\"},\"inLanguage\":\"fr-FR\",\"potentialAction\":[{\"@type\":\"ReadAction\",\"target\":[\"https:\\\/\\\/interamerica.org\\\/fr\\\/2005\\\/01\\\/soudan-adra-lance-un-appel-pour-la-liberation-douvriers-enleves\\\/\"]}]},{\"@type\":\"BreadcrumbList\",\"@id\":\"https:\\\/\\\/interamerica.org\\\/fr\\\/2005\\\/01\\\/soudan-adra-lance-un-appel-pour-la-liberation-douvriers-enleves\\\/#breadcrumb\",\"itemListElement\":[{\"@type\":\"ListItem\",\"position\":1,\"name\":\"Home\",\"item\":\"https:\\\/\\\/interamerica.org\\\/fr\\\/\"},{\"@type\":\"ListItem\",\"position\":2,\"name\":\"Soudan : ADRA Lance un Appel\u00a0pour la Lib\u00e9ration d&rsquo;Ouvriers Enlev\u00e9s\"}]},{\"@type\":\"WebSite\",\"@id\":\"https:\\\/\\\/interamerica.org\\\/fr\\\/#website\",\"url\":\"https:\\\/\\\/interamerica.org\\\/fr\\\/\",\"name\":\"\u00c9glise Adventiste Du Septieme Jour - Inter Am\u00e9rique Division\",\"description\":\"\",\"potentialAction\":[{\"@type\":\"SearchAction\",\"target\":{\"@type\":\"EntryPoint\",\"urlTemplate\":\"https:\\\/\\\/interamerica.org\\\/fr\\\/?s={search_term_string}\"},\"query-input\":{\"@type\":\"PropertyValueSpecification\",\"valueRequired\":true,\"valueName\":\"search_term_string\"}}],\"inLanguage\":\"fr-FR\"},{\"@type\":\"Person\",\"@id\":\"https:\\\/\\\/interamerica.org\\\/fr\\\/#\\\/schema\\\/person\\\/68ede8bdc292885bb76c1e3810e73c39\",\"name\":\"Lorenzo Verduzco\",\"image\":{\"@type\":\"ImageObject\",\"inLanguage\":\"fr-FR\",\"@id\":\"https:\\\/\\\/secure.gravatar.com\\\/avatar\\\/fb81a55b6218459490a9c1dc841a34909185b81904c5337b4b27f7a6fd60c49e?s=96&d=mm&r=g\",\"url\":\"https:\\\/\\\/secure.gravatar.com\\\/avatar\\\/fb81a55b6218459490a9c1dc841a34909185b81904c5337b4b27f7a6fd60c49e?s=96&d=mm&r=g\",\"contentUrl\":\"https:\\\/\\\/secure.gravatar.com\\\/avatar\\\/fb81a55b6218459490a9c1dc841a34909185b81904c5337b4b27f7a6fd60c49e?s=96&d=mm&r=g\",\"caption\":\"Lorenzo Verduzco\"}}]}<\/script>\n<!-- \/ Yoast SEO plugin. -->","yoast_head_json":{"title":"Soudan : ADRA Lance un Appel\u00a0pour la Lib\u00e9ration d'Ouvriers Enlev\u00e9s - \u00c9glise Adventiste Du Septieme Jour - Inter Am\u00e9rique Division","robots":{"index":"index","follow":"follow","max-snippet":"max-snippet:-1","max-image-preview":"max-image-preview:large","max-video-preview":"max-video-preview:-1"},"canonical":"https:\/\/interamerica.org\/fr\/2005\/01\/soudan-adra-lance-un-appel-pour-la-liberation-douvriers-enleves\/","og_locale":"fr_FR","og_type":"article","og_title":"Soudan : ADRA Lance un Appel\u00a0pour la Lib\u00e9ration d'Ouvriers Enlev\u00e9s - \u00c9glise Adventiste Du Septieme Jour - Inter Am\u00e9rique Division","og_description":"ADRA International lance un appel pour la lib\u00e9ration de trois de ses ouvriers qui ont \u00e9t\u00e9 enlev\u00e9s sous la menace des fusils, avec des v\u00e9hicules de projet d'ADRA, le 16 d\u00e9cembre 2004...","og_url":"https:\/\/interamerica.org\/fr\/2005\/01\/soudan-adra-lance-un-appel-pour-la-liberation-douvriers-enleves\/","og_site_name":"\u00c9glise Adventiste Du Septieme Jour - Inter Am\u00e9rique Division","article_published_time":"2005-01-25T04:00:00+00:00","article_modified_time":"2017-06-02T17:20:44+00:00","author":"Lorenzo Verduzco","twitter_card":"summary_large_image","twitter_misc":{"\u00c9crit par":"Lorenzo Verduzco","Dur\u00e9e de lecture estim\u00e9e":"2 minutes"},"schema":{"@context":"https:\/\/schema.org","@graph":[{"@type":"Article","@id":"https:\/\/interamerica.org\/fr\/2005\/01\/soudan-adra-lance-un-appel-pour-la-liberation-douvriers-enleves\/#article","isPartOf":{"@id":"https:\/\/interamerica.org\/fr\/2005\/01\/soudan-adra-lance-un-appel-pour-la-liberation-douvriers-enleves\/"},"author":{"name":"Lorenzo Verduzco","@id":"https:\/\/interamerica.org\/fr\/#\/schema\/person\/68ede8bdc292885bb76c1e3810e73c39"},"headline":"Soudan : ADRA Lance un Appel\u00a0pour la Lib\u00e9ration d&rsquo;Ouvriers Enlev\u00e9s","datePublished":"2005-01-25T04:00:00+00:00","dateModified":"2017-06-02T17:20:44+00:00","mainEntityOfPage":{"@id":"https:\/\/interamerica.org\/fr\/2005\/01\/soudan-adra-lance-un-appel-pour-la-liberation-douvriers-enleves\/"},"wordCount":525,"articleSection":["Archive"],"inLanguage":"fr-FR"},{"@type":"WebPage","@id":"https:\/\/interamerica.org\/fr\/2005\/01\/soudan-adra-lance-un-appel-pour-la-liberation-douvriers-enleves\/","url":"https:\/\/interamerica.org\/fr\/2005\/01\/soudan-adra-lance-un-appel-pour-la-liberation-douvriers-enleves\/","name":"Soudan : ADRA Lance un Appel\u00a0pour la Lib\u00e9ration d'Ouvriers Enlev\u00e9s - \u00c9glise Adventiste Du Septieme Jour - Inter Am\u00e9rique Division","isPartOf":{"@id":"https:\/\/interamerica.org\/fr\/#website"},"datePublished":"2005-01-25T04:00:00+00:00","dateModified":"2017-06-02T17:20:44+00:00","author":{"@id":"https:\/\/interamerica.org\/fr\/#\/schema\/person\/68ede8bdc292885bb76c1e3810e73c39"},"breadcrumb":{"@id":"https:\/\/interamerica.org\/fr\/2005\/01\/soudan-adra-lance-un-appel-pour-la-liberation-douvriers-enleves\/#breadcrumb"},"inLanguage":"fr-FR","potentialAction":[{"@type":"ReadAction","target":["https:\/\/interamerica.org\/fr\/2005\/01\/soudan-adra-lance-un-appel-pour-la-liberation-douvriers-enleves\/"]}]},{"@type":"BreadcrumbList","@id":"https:\/\/interamerica.org\/fr\/2005\/01\/soudan-adra-lance-un-appel-pour-la-liberation-douvriers-enleves\/#breadcrumb","itemListElement":[{"@type":"ListItem","position":1,"name":"Home","item":"https:\/\/interamerica.org\/fr\/"},{"@type":"ListItem","position":2,"name":"Soudan : ADRA Lance un Appel\u00a0pour la Lib\u00e9ration d&rsquo;Ouvriers Enlev\u00e9s"}]},{"@type":"WebSite","@id":"https:\/\/interamerica.org\/fr\/#website","url":"https:\/\/interamerica.org\/fr\/","name":"\u00c9glise Adventiste Du Septieme Jour - Inter Am\u00e9rique Division","description":"","potentialAction":[{"@type":"SearchAction","target":{"@type":"EntryPoint","urlTemplate":"https:\/\/interamerica.org\/fr\/?s={search_term_string}"},"query-input":{"@type":"PropertyValueSpecification","valueRequired":true,"valueName":"search_term_string"}}],"inLanguage":"fr-FR"},{"@type":"Person","@id":"https:\/\/interamerica.org\/fr\/#\/schema\/person\/68ede8bdc292885bb76c1e3810e73c39","name":"Lorenzo Verduzco","image":{"@type":"ImageObject","inLanguage":"fr-FR","@id":"https:\/\/secure.gravatar.com\/avatar\/fb81a55b6218459490a9c1dc841a34909185b81904c5337b4b27f7a6fd60c49e?s=96&d=mm&r=g","url":"https:\/\/secure.gravatar.com\/avatar\/fb81a55b6218459490a9c1dc841a34909185b81904c5337b4b27f7a6fd60c49e?s=96&d=mm&r=g","contentUrl":"https:\/\/secure.gravatar.com\/avatar\/fb81a55b6218459490a9c1dc841a34909185b81904c5337b4b27f7a6fd60c49e?s=96&d=mm&r=g","caption":"Lorenzo Verduzco"}}]}},"_links":{"self":[{"href":"https:\/\/interamerica.org\/fr\/wp-json\/wp\/v2\/posts\/12290","targetHints":{"allow":["GET"]}}],"collection":[{"href":"https:\/\/interamerica.org\/fr\/wp-json\/wp\/v2\/posts"}],"about":[{"href":"https:\/\/interamerica.org\/fr\/wp-json\/wp\/v2\/types\/post"}],"author":[{"embeddable":true,"href":"https:\/\/interamerica.org\/fr\/wp-json\/wp\/v2\/users\/1"}],"replies":[{"embeddable":true,"href":"https:\/\/interamerica.org\/fr\/wp-json\/wp\/v2\/comments?post=12290"}],"version-history":[{"count":0,"href":"https:\/\/interamerica.org\/fr\/wp-json\/wp\/v2\/posts\/12290\/revisions"}],"wp:attachment":[{"href":"https:\/\/interamerica.org\/fr\/wp-json\/wp\/v2\/media?parent=12290"}],"wp:term":[{"taxonomy":"category","embeddable":true,"href":"https:\/\/interamerica.org\/fr\/wp-json\/wp\/v2\/categories?post=12290"},{"taxonomy":"post_tag","embeddable":true,"href":"https:\/\/interamerica.org\/fr\/wp-json\/wp\/v2\/tags?post=12290"}],"curies":[{"name":"wp","href":"https:\/\/api.w.org\/{rel}","templated":true}]}}