{"id":12291,"date":"2005-01-25T00:00:00","date_gmt":"2005-01-25T04:00:00","guid":{"rendered":"http:\/\/192.81.217.108\/interamerica\/2005\/01\/trinidad-et-tobago-le-premier-ministre-declare-que-la-religion-ne-doit-pas-etre-un-facteur-de-division-pour-les-gens\/"},"modified":"2017-06-02T13:20:45","modified_gmt":"2017-06-02T17:20:45","slug":"trinidad-et-tobago-le-premier-ministre-declare-que-la-religion-ne-doit-pas-etre-un-facteur-de-division-pour-les-gens","status":"publish","type":"post","link":"https:\/\/interamerica.org\/fr\/2005\/01\/trinidad-et-tobago-le-premier-ministre-declare-que-la-religion-ne-doit-pas-etre-un-facteur-de-division-pour-les-gens\/","title":{"rendered":"Trinidad et Tobago : Le Premier ministre D\u00e9clare que la Religion Ne doit pas \u00catre un Facteur de Division Pour les Gens \u00a0"},"content":{"rendered":"<p>Port-of Spain, Trinidad.<\/p>\n<p>\u00ab\u00a0La Religion peut \u00eatre le facteur le plus puissant pour la libert\u00e9 dans la soci\u00e9t\u00e9,\u00a0\u00bb a d\u00e9clar\u00e9 le Premier ministre de Trinidad et Tobago, H.E. Patrick Manning, lors d&rsquo;une conf\u00e9rence de l&rsquo;Association Internationale de la Libert\u00e9 Religieuse, le 19 janvier, dans l&rsquo;\u00cele de Trinidad. La r\u00e9union a r\u00e9uni 320 dirigeants, tant de soci\u00e9t\u00e9s que de communaut\u00e9s de foi de la r\u00e9gion Cara\u00efbe et d&rsquo;ailleurs.<\/p>\n<p>\u00ab\u00a0La religion, cependant, peut aussi \u00eatre une des causes premi\u00e8res de division &#8211; avec l&rsquo;intol\u00e9rance envers autrui, la croyance dans le monopole d&rsquo;un savoir sacr\u00e9 et l&rsquo;incapacit\u00e9 de percevoir des alternatives,\u00a0\u00bb a continu\u00e9 Manning. <\/p>\n<p>Manning s&rsquo;est dit fier que \u00ab\u00a0nous puissions discuter de ces questions avec sinc\u00e9rit\u00e9 et en toute libert\u00e9 \u00e0 Trinidad et Tobago, en notant que la constitution du pays garantit la libert\u00e9 de religion. Pourtant,\u00a0\u00bb la pratique et les id\u00e9aux peuvent diverger, \u00ab\u00a0a-t-il dit.<\/p>\n<p>\u00a0\u00bb L&rsquo;Histoire nous a appris que des \u00c9tats ont malheureusement pris parti dans la suppression de la libert\u00e9 religieuse&#8230; Nous devons travailler contre une telle tendance et pour att\u00e9nuer ce facteur.\u00a0\u00bb <\/p>\n<p>\u00ab\u00a0Nous sommes enchant\u00e9s d&rsquo;un soutien aussi fort \u00e0 la cause de la libert\u00e9 religieuse \u2026 De la part du Premier Ministre, \u00ab\u00a0a fait remarquer John Graz, secr\u00e9taire g\u00e9n\u00e9ral de l&rsquo;IRLA et directeur des Affaires Publiques et du d\u00e9partement de la Libert\u00e9 Religieuse de l&rsquo;Eglise adventiste mondiale. \u00a0<\/p>\n<p>\u00ab\u00a0Nous croyons que le r\u00e9sultat de nos r\u00e9unions ici, d\u00e9bouchera sur une reconnaissance accrue de l&rsquo;importance vitale du soutien apport\u00e9 &#8211; de fa\u00e7ons tr\u00e8s pratiques &#8211; \u00e0 la libert\u00e9 religieuse et \u00e0 la tol\u00e9rance dans toutes les parties du monde,\u00a0\u00bb \u00a0a ajout\u00e9 Graz. <\/p>\n<p>L&rsquo;organisateur local, repr\u00e9sentant l&rsquo;IRLA et principal organisateur de l&rsquo;\u00e9v\u00e8nement, Clive Dottin a not\u00e9 que la conf\u00e9rence \u00e9tait la premi\u00e8re du genre dans le pays. \u00ab\u00a0En rassemblant [ces dirigeants], nous esp\u00e9rons pouvoir d\u00e9velopper un soutien plus ample pour la libert\u00e9 de conscience et pour le respect mutuel,\u00a0\u00bb a-t-il dit. <\/p>\n<p>L&rsquo;IRLA est une organisation non confessionnelle, \u00e9tablie par l&rsquo;\u00c9glise Adventiste de Septi\u00e8me Jour, il y a plus de 100 ans, en vue de promouvoir et de d\u00e9fendre la libert\u00e9 religieuse de tous les peuples.<\/p>\n","protected":false},"excerpt":{"rendered":"<p>\u00ab\u00a0La Religion peut \u00eatre le facteur le plus puissant pour la libert\u00e9 dans la soci\u00e9t\u00e9,\u00a0\u00bb a d\u00e9clar\u00e9 le Premier ministre de Trinidad et Tobago..<\/p>\n","protected":false},"author":1,"featured_media":0,"comment_status":"closed","ping_status":"closed","sticky":false,"template":"","format":"standard","meta":{"_acf_changed":false,"footnotes":""},"categories":[9],"tags":[],"class_list":["post-12291","post","type-post","status-publish","format-standard","hentry","category-archive-fr"],"acf":[],"yoast_head":"<!-- This site is optimized with the Yoast SEO plugin v27.3 - https:\/\/yoast.com\/product\/yoast-seo-wordpress\/ -->\n<title>Trinidad et Tobago : Le Premier ministre D\u00e9clare que la Religion Ne doit pas \u00catre un Facteur de Division Pour les Gens \u00a0 - \u00c9glise Adventiste Du Septieme Jour - Inter Am\u00e9rique Division<\/title>\n<meta name=\"robots\" content=\"index, follow, max-snippet:-1, max-image-preview:large, max-video-preview:-1\" \/>\n<link rel=\"canonical\" href=\"https:\/\/interamerica.org\/fr\/2005\/01\/trinidad-et-tobago-le-premier-ministre-declare-que-la-religion-ne-doit-pas-etre-un-facteur-de-division-pour-les-gens\/\" \/>\n<meta property=\"og:locale\" content=\"fr_FR\" \/>\n<meta property=\"og:type\" content=\"article\" \/>\n<meta property=\"og:title\" content=\"Trinidad et Tobago : Le Premier ministre D\u00e9clare que la Religion Ne doit pas \u00catre un Facteur de Division Pour les Gens \u00a0 - \u00c9glise Adventiste Du Septieme Jour - Inter Am\u00e9rique Division\" \/>\n<meta property=\"og:description\" content=\"&quot;La Religion peut \u00eatre le facteur le plus puissant pour la libert\u00e9 dans la soci\u00e9t\u00e9,&quot; a d\u00e9clar\u00e9 le Premier ministre de Trinidad et Tobago..\" \/>\n<meta property=\"og:url\" content=\"https:\/\/interamerica.org\/fr\/2005\/01\/trinidad-et-tobago-le-premier-ministre-declare-que-la-religion-ne-doit-pas-etre-un-facteur-de-division-pour-les-gens\/\" \/>\n<meta property=\"og:site_name\" content=\"\u00c9glise Adventiste Du Septieme Jour - Inter Am\u00e9rique Division\" \/>\n<meta property=\"article:published_time\" content=\"2005-01-25T04:00:00+00:00\" \/>\n<meta property=\"article:modified_time\" content=\"2017-06-02T17:20:45+00:00\" \/>\n<meta name=\"author\" content=\"Lorenzo Verduzco\" \/>\n<meta name=\"twitter:card\" content=\"summary_large_image\" \/>\n<meta name=\"twitter:label1\" content=\"\u00c9crit par\" \/>\n\t<meta name=\"twitter:data1\" content=\"Lorenzo Verduzco\" \/>\n\t<meta name=\"twitter:label2\" content=\"Dur\u00e9e de lecture estim\u00e9e\" \/>\n\t<meta name=\"twitter:data2\" content=\"2 minutes\" \/>\n<script type=\"application\/ld+json\" class=\"yoast-schema-graph\">{\"@context\":\"https:\\\/\\\/schema.org\",\"@graph\":[{\"@type\":\"Article\",\"@id\":\"https:\\\/\\\/interamerica.org\\\/fr\\\/2005\\\/01\\\/trinidad-et-tobago-le-premier-ministre-declare-que-la-religion-ne-doit-pas-etre-un-facteur-de-division-pour-les-gens\\\/#article\",\"isPartOf\":{\"@id\":\"https:\\\/\\\/interamerica.org\\\/fr\\\/2005\\\/01\\\/trinidad-et-tobago-le-premier-ministre-declare-que-la-religion-ne-doit-pas-etre-un-facteur-de-division-pour-les-gens\\\/\"},\"author\":{\"name\":\"Lorenzo Verduzco\",\"@id\":\"https:\\\/\\\/interamerica.org\\\/fr\\\/#\\\/schema\\\/person\\\/68ede8bdc292885bb76c1e3810e73c39\"},\"headline\":\"Trinidad et Tobago : Le Premier ministre D\u00e9clare que la Religion Ne doit pas \u00catre un Facteur de Division Pour les Gens \u00a0\",\"datePublished\":\"2005-01-25T04:00:00+00:00\",\"dateModified\":\"2017-06-02T17:20:45+00:00\",\"mainEntityOfPage\":{\"@id\":\"https:\\\/\\\/interamerica.org\\\/fr\\\/2005\\\/01\\\/trinidad-et-tobago-le-premier-ministre-declare-que-la-religion-ne-doit-pas-etre-un-facteur-de-division-pour-les-gens\\\/\"},\"wordCount\":412,\"articleSection\":[\"Archive\"],\"inLanguage\":\"fr-FR\"},{\"@type\":\"WebPage\",\"@id\":\"https:\\\/\\\/interamerica.org\\\/fr\\\/2005\\\/01\\\/trinidad-et-tobago-le-premier-ministre-declare-que-la-religion-ne-doit-pas-etre-un-facteur-de-division-pour-les-gens\\\/\",\"url\":\"https:\\\/\\\/interamerica.org\\\/fr\\\/2005\\\/01\\\/trinidad-et-tobago-le-premier-ministre-declare-que-la-religion-ne-doit-pas-etre-un-facteur-de-division-pour-les-gens\\\/\",\"name\":\"Trinidad et Tobago : Le Premier ministre D\u00e9clare que la Religion Ne doit pas \u00catre un Facteur de Division Pour les Gens \u00a0 - \u00c9glise Adventiste Du Septieme Jour - Inter Am\u00e9rique Division\",\"isPartOf\":{\"@id\":\"https:\\\/\\\/interamerica.org\\\/fr\\\/#website\"},\"datePublished\":\"2005-01-25T04:00:00+00:00\",\"dateModified\":\"2017-06-02T17:20:45+00:00\",\"author\":{\"@id\":\"https:\\\/\\\/interamerica.org\\\/fr\\\/#\\\/schema\\\/person\\\/68ede8bdc292885bb76c1e3810e73c39\"},\"breadcrumb\":{\"@id\":\"https:\\\/\\\/interamerica.org\\\/fr\\\/2005\\\/01\\\/trinidad-et-tobago-le-premier-ministre-declare-que-la-religion-ne-doit-pas-etre-un-facteur-de-division-pour-les-gens\\\/#breadcrumb\"},\"inLanguage\":\"fr-FR\",\"potentialAction\":[{\"@type\":\"ReadAction\",\"target\":[\"https:\\\/\\\/interamerica.org\\\/fr\\\/2005\\\/01\\\/trinidad-et-tobago-le-premier-ministre-declare-que-la-religion-ne-doit-pas-etre-un-facteur-de-division-pour-les-gens\\\/\"]}]},{\"@type\":\"BreadcrumbList\",\"@id\":\"https:\\\/\\\/interamerica.org\\\/fr\\\/2005\\\/01\\\/trinidad-et-tobago-le-premier-ministre-declare-que-la-religion-ne-doit-pas-etre-un-facteur-de-division-pour-les-gens\\\/#breadcrumb\",\"itemListElement\":[{\"@type\":\"ListItem\",\"position\":1,\"name\":\"Home\",\"item\":\"https:\\\/\\\/interamerica.org\\\/fr\\\/\"},{\"@type\":\"ListItem\",\"position\":2,\"name\":\"Trinidad et Tobago : Le Premier ministre D\u00e9clare que la Religion Ne doit pas \u00catre un Facteur de Division Pour les Gens \u00a0\"}]},{\"@type\":\"WebSite\",\"@id\":\"https:\\\/\\\/interamerica.org\\\/fr\\\/#website\",\"url\":\"https:\\\/\\\/interamerica.org\\\/fr\\\/\",\"name\":\"\u00c9glise Adventiste Du Septieme Jour - Inter Am\u00e9rique Division\",\"description\":\"\",\"potentialAction\":[{\"@type\":\"SearchAction\",\"target\":{\"@type\":\"EntryPoint\",\"urlTemplate\":\"https:\\\/\\\/interamerica.org\\\/fr\\\/?s={search_term_string}\"},\"query-input\":{\"@type\":\"PropertyValueSpecification\",\"valueRequired\":true,\"valueName\":\"search_term_string\"}}],\"inLanguage\":\"fr-FR\"},{\"@type\":\"Person\",\"@id\":\"https:\\\/\\\/interamerica.org\\\/fr\\\/#\\\/schema\\\/person\\\/68ede8bdc292885bb76c1e3810e73c39\",\"name\":\"Lorenzo Verduzco\",\"image\":{\"@type\":\"ImageObject\",\"inLanguage\":\"fr-FR\",\"@id\":\"https:\\\/\\\/secure.gravatar.com\\\/avatar\\\/fb81a55b6218459490a9c1dc841a34909185b81904c5337b4b27f7a6fd60c49e?s=96&d=mm&r=g\",\"url\":\"https:\\\/\\\/secure.gravatar.com\\\/avatar\\\/fb81a55b6218459490a9c1dc841a34909185b81904c5337b4b27f7a6fd60c49e?s=96&d=mm&r=g\",\"contentUrl\":\"https:\\\/\\\/secure.gravatar.com\\\/avatar\\\/fb81a55b6218459490a9c1dc841a34909185b81904c5337b4b27f7a6fd60c49e?s=96&d=mm&r=g\",\"caption\":\"Lorenzo Verduzco\"}}]}<\/script>\n<!-- \/ Yoast SEO plugin. -->","yoast_head_json":{"title":"Trinidad et Tobago : Le Premier ministre D\u00e9clare que la Religion Ne doit pas \u00catre un Facteur de Division Pour les Gens \u00a0 - \u00c9glise Adventiste Du Septieme Jour - Inter Am\u00e9rique Division","robots":{"index":"index","follow":"follow","max-snippet":"max-snippet:-1","max-image-preview":"max-image-preview:large","max-video-preview":"max-video-preview:-1"},"canonical":"https:\/\/interamerica.org\/fr\/2005\/01\/trinidad-et-tobago-le-premier-ministre-declare-que-la-religion-ne-doit-pas-etre-un-facteur-de-division-pour-les-gens\/","og_locale":"fr_FR","og_type":"article","og_title":"Trinidad et Tobago : Le Premier ministre D\u00e9clare que la Religion Ne doit pas \u00catre un Facteur de Division Pour les Gens \u00a0 - \u00c9glise Adventiste Du Septieme Jour - Inter Am\u00e9rique Division","og_description":"\"La Religion peut \u00eatre le facteur le plus puissant pour la libert\u00e9 dans la soci\u00e9t\u00e9,\" a d\u00e9clar\u00e9 le Premier ministre de Trinidad et Tobago..","og_url":"https:\/\/interamerica.org\/fr\/2005\/01\/trinidad-et-tobago-le-premier-ministre-declare-que-la-religion-ne-doit-pas-etre-un-facteur-de-division-pour-les-gens\/","og_site_name":"\u00c9glise Adventiste Du Septieme Jour - Inter Am\u00e9rique Division","article_published_time":"2005-01-25T04:00:00+00:00","article_modified_time":"2017-06-02T17:20:45+00:00","author":"Lorenzo Verduzco","twitter_card":"summary_large_image","twitter_misc":{"\u00c9crit par":"Lorenzo Verduzco","Dur\u00e9e de lecture estim\u00e9e":"2 minutes"},"schema":{"@context":"https:\/\/schema.org","@graph":[{"@type":"Article","@id":"https:\/\/interamerica.org\/fr\/2005\/01\/trinidad-et-tobago-le-premier-ministre-declare-que-la-religion-ne-doit-pas-etre-un-facteur-de-division-pour-les-gens\/#article","isPartOf":{"@id":"https:\/\/interamerica.org\/fr\/2005\/01\/trinidad-et-tobago-le-premier-ministre-declare-que-la-religion-ne-doit-pas-etre-un-facteur-de-division-pour-les-gens\/"},"author":{"name":"Lorenzo Verduzco","@id":"https:\/\/interamerica.org\/fr\/#\/schema\/person\/68ede8bdc292885bb76c1e3810e73c39"},"headline":"Trinidad et Tobago : Le Premier ministre D\u00e9clare que la Religion Ne doit pas \u00catre un Facteur de Division Pour les Gens \u00a0","datePublished":"2005-01-25T04:00:00+00:00","dateModified":"2017-06-02T17:20:45+00:00","mainEntityOfPage":{"@id":"https:\/\/interamerica.org\/fr\/2005\/01\/trinidad-et-tobago-le-premier-ministre-declare-que-la-religion-ne-doit-pas-etre-un-facteur-de-division-pour-les-gens\/"},"wordCount":412,"articleSection":["Archive"],"inLanguage":"fr-FR"},{"@type":"WebPage","@id":"https:\/\/interamerica.org\/fr\/2005\/01\/trinidad-et-tobago-le-premier-ministre-declare-que-la-religion-ne-doit-pas-etre-un-facteur-de-division-pour-les-gens\/","url":"https:\/\/interamerica.org\/fr\/2005\/01\/trinidad-et-tobago-le-premier-ministre-declare-que-la-religion-ne-doit-pas-etre-un-facteur-de-division-pour-les-gens\/","name":"Trinidad et Tobago : Le Premier ministre D\u00e9clare que la Religion Ne doit pas \u00catre un Facteur de Division Pour les Gens \u00a0 - \u00c9glise Adventiste Du Septieme Jour - Inter Am\u00e9rique Division","isPartOf":{"@id":"https:\/\/interamerica.org\/fr\/#website"},"datePublished":"2005-01-25T04:00:00+00:00","dateModified":"2017-06-02T17:20:45+00:00","author":{"@id":"https:\/\/interamerica.org\/fr\/#\/schema\/person\/68ede8bdc292885bb76c1e3810e73c39"},"breadcrumb":{"@id":"https:\/\/interamerica.org\/fr\/2005\/01\/trinidad-et-tobago-le-premier-ministre-declare-que-la-religion-ne-doit-pas-etre-un-facteur-de-division-pour-les-gens\/#breadcrumb"},"inLanguage":"fr-FR","potentialAction":[{"@type":"ReadAction","target":["https:\/\/interamerica.org\/fr\/2005\/01\/trinidad-et-tobago-le-premier-ministre-declare-que-la-religion-ne-doit-pas-etre-un-facteur-de-division-pour-les-gens\/"]}]},{"@type":"BreadcrumbList","@id":"https:\/\/interamerica.org\/fr\/2005\/01\/trinidad-et-tobago-le-premier-ministre-declare-que-la-religion-ne-doit-pas-etre-un-facteur-de-division-pour-les-gens\/#breadcrumb","itemListElement":[{"@type":"ListItem","position":1,"name":"Home","item":"https:\/\/interamerica.org\/fr\/"},{"@type":"ListItem","position":2,"name":"Trinidad et Tobago : Le Premier ministre D\u00e9clare que la Religion Ne doit pas \u00catre un Facteur de Division Pour les Gens \u00a0"}]},{"@type":"WebSite","@id":"https:\/\/interamerica.org\/fr\/#website","url":"https:\/\/interamerica.org\/fr\/","name":"\u00c9glise Adventiste Du Septieme Jour - Inter Am\u00e9rique Division","description":"","potentialAction":[{"@type":"SearchAction","target":{"@type":"EntryPoint","urlTemplate":"https:\/\/interamerica.org\/fr\/?s={search_term_string}"},"query-input":{"@type":"PropertyValueSpecification","valueRequired":true,"valueName":"search_term_string"}}],"inLanguage":"fr-FR"},{"@type":"Person","@id":"https:\/\/interamerica.org\/fr\/#\/schema\/person\/68ede8bdc292885bb76c1e3810e73c39","name":"Lorenzo Verduzco","image":{"@type":"ImageObject","inLanguage":"fr-FR","@id":"https:\/\/secure.gravatar.com\/avatar\/fb81a55b6218459490a9c1dc841a34909185b81904c5337b4b27f7a6fd60c49e?s=96&d=mm&r=g","url":"https:\/\/secure.gravatar.com\/avatar\/fb81a55b6218459490a9c1dc841a34909185b81904c5337b4b27f7a6fd60c49e?s=96&d=mm&r=g","contentUrl":"https:\/\/secure.gravatar.com\/avatar\/fb81a55b6218459490a9c1dc841a34909185b81904c5337b4b27f7a6fd60c49e?s=96&d=mm&r=g","caption":"Lorenzo Verduzco"}}]}},"_links":{"self":[{"href":"https:\/\/interamerica.org\/fr\/wp-json\/wp\/v2\/posts\/12291","targetHints":{"allow":["GET"]}}],"collection":[{"href":"https:\/\/interamerica.org\/fr\/wp-json\/wp\/v2\/posts"}],"about":[{"href":"https:\/\/interamerica.org\/fr\/wp-json\/wp\/v2\/types\/post"}],"author":[{"embeddable":true,"href":"https:\/\/interamerica.org\/fr\/wp-json\/wp\/v2\/users\/1"}],"replies":[{"embeddable":true,"href":"https:\/\/interamerica.org\/fr\/wp-json\/wp\/v2\/comments?post=12291"}],"version-history":[{"count":0,"href":"https:\/\/interamerica.org\/fr\/wp-json\/wp\/v2\/posts\/12291\/revisions"}],"wp:attachment":[{"href":"https:\/\/interamerica.org\/fr\/wp-json\/wp\/v2\/media?parent=12291"}],"wp:term":[{"taxonomy":"category","embeddable":true,"href":"https:\/\/interamerica.org\/fr\/wp-json\/wp\/v2\/categories?post=12291"},{"taxonomy":"post_tag","embeddable":true,"href":"https:\/\/interamerica.org\/fr\/wp-json\/wp\/v2\/tags?post=12291"}],"curies":[{"name":"wp","href":"https:\/\/api.w.org\/{rel}","templated":true}]}}