{"id":12293,"date":"2005-01-20T00:00:00","date_gmt":"2005-01-20T04:00:00","guid":{"rendered":"http:\/\/192.81.217.108\/interamerica\/2005\/01\/un-nouveau-champ-organise-en-republique-dominicaine\/"},"modified":"2017-06-02T13:20:46","modified_gmt":"2017-06-02T17:20:46","slug":"un-nouveau-champ-organise-en-republique-dominicaine","status":"publish","type":"post","link":"https:\/\/interamerica.org\/fr\/2005\/01\/un-nouveau-champ-organise-en-republique-dominicaine\/","title":{"rendered":"Un Nouveau Champ organis\u00e9 En R\u00e9publique dominicaine"},"content":{"rendered":"<p>Miami, Floride, Etats-Unis<\/p>\n<p>La croissance stable dans l&rsquo;Union dominicaine a eu pour effet la r\u00e9organisation de la Conf\u00e9rence dominicaine du Nord, qui se fait valoir de 41,000 membres. La Mission dominicaine du Nord-est s&rsquo;est scind\u00e9e de cette F\u00e9d\u00e9ration, en lui soustrayant approximativement 16,000 du total de membres.<\/p>\n<p>La F\u00e9d\u00e9ration a \u00e9t\u00e9 r\u00e9organis\u00e9e avec une stabilit\u00e9 financi\u00e8re qui fait que le fonds de roulement atteint 388 % et la liquidit\u00e9 440 %. Le territoire a \u00e9t\u00e9 r\u00e9organis\u00e9 avec deux champs en bonne situation financi\u00e8re et une administration comp\u00e9tente et exp\u00e9riment\u00e9e. <\/p>\n<p>Le travail dans l&rsquo;Union dominicaine s&rsquo;\u00e9tend rapidement et le nombre de bapt\u00eames qui oscillait autour de cinq \u00e0 six mille personnes, il n&rsquo;y a pas trop longtemps de cela, est pass\u00e9 \u00e0 20,000 aujourd&rsquo;hui. Presque chaque mois de nouvelles \u00e9glises sont inaugur\u00e9es.<\/p>\n<p>L&rsquo;Union dominicaine a un nouvel h\u00f4pital en construction et fait aussi fonctionner une station de radio d&rsquo;\u00e9coute nationale. Le niveau de fid\u00e9lit\u00e9 de l&rsquo;ensemble des membres d&rsquo;\u00e9glise est surprenant. Chaque mois de d\u00e9cembre, l&rsquo;\u00e9glise donne ce qu&rsquo;ils appellent une offrande de remerciements. Ce montant est recueilli pour soutenir l&rsquo;\u0153uvre accompli par la radio et construire de nouvelles \u00e9glises. <\/p>\n<p>En 2004, l&rsquo;offrande a surpass\u00e9 les esp\u00e9rances. L&rsquo;objectif avait \u00e9t\u00e9 port\u00e9 \u00e0 RD$ 8,000,000, mais plus de RD$11,000,000 (environ US$366,666.00) ont \u00e9t\u00e9 comptabilis\u00e9s. <\/p>\n<p>Actuellement, il y a six champs locaux dans l&rsquo;Union dominicaine, avec plus de 214,600 membres au 30 septembre 2004. <\/p>\n<p>L&rsquo;Administration de la Division salue l&rsquo;\u00e9glise dans l&rsquo;Union dominicaine, ainsi que la direction de l&rsquo;union et des champs locaux pour leur travail stable et la sage administration du peuple de Dieu.<\/p>\n","protected":false},"excerpt":{"rendered":"<p>La croissance stable dans l&rsquo;Union dominicaine a eu pour effet la r\u00e9organisation de la Conf\u00e9rence dominicaine du Nord&#8230;<\/p>\n","protected":false},"author":1,"featured_media":0,"comment_status":"closed","ping_status":"closed","sticky":false,"template":"","format":"standard","meta":{"_acf_changed":false,"footnotes":""},"categories":[9],"tags":[],"class_list":["post-12293","post","type-post","status-publish","format-standard","hentry","category-archive-fr"],"acf":[],"yoast_head":"<!-- This site is optimized with the Yoast SEO plugin v27.3 - https:\/\/yoast.com\/product\/yoast-seo-wordpress\/ -->\n<title>Un Nouveau Champ organis\u00e9 En R\u00e9publique dominicaine - \u00c9glise Adventiste Du Septieme Jour - Inter Am\u00e9rique Division<\/title>\n<meta name=\"robots\" content=\"index, follow, max-snippet:-1, max-image-preview:large, max-video-preview:-1\" \/>\n<link rel=\"canonical\" href=\"https:\/\/interamerica.org\/fr\/2005\/01\/un-nouveau-champ-organise-en-republique-dominicaine\/\" \/>\n<meta property=\"og:locale\" content=\"fr_FR\" \/>\n<meta property=\"og:type\" content=\"article\" \/>\n<meta property=\"og:title\" content=\"Un Nouveau Champ organis\u00e9 En R\u00e9publique dominicaine - \u00c9glise Adventiste Du Septieme Jour - Inter Am\u00e9rique Division\" \/>\n<meta property=\"og:description\" content=\"La croissance stable dans l&#039;Union dominicaine a eu pour effet la r\u00e9organisation de la Conf\u00e9rence dominicaine du Nord...\" \/>\n<meta property=\"og:url\" content=\"https:\/\/interamerica.org\/fr\/2005\/01\/un-nouveau-champ-organise-en-republique-dominicaine\/\" \/>\n<meta property=\"og:site_name\" content=\"\u00c9glise Adventiste Du Septieme Jour - Inter Am\u00e9rique Division\" \/>\n<meta property=\"article:published_time\" content=\"2005-01-20T04:00:00+00:00\" \/>\n<meta property=\"article:modified_time\" content=\"2017-06-02T17:20:46+00:00\" \/>\n<meta name=\"author\" content=\"Lorenzo Verduzco\" \/>\n<meta name=\"twitter:card\" content=\"summary_large_image\" \/>\n<meta name=\"twitter:label1\" content=\"\u00c9crit par\" \/>\n\t<meta name=\"twitter:data1\" content=\"Lorenzo Verduzco\" \/>\n\t<meta name=\"twitter:label2\" content=\"Dur\u00e9e de lecture estim\u00e9e\" \/>\n\t<meta name=\"twitter:data2\" content=\"1 minute\" \/>\n<script type=\"application\/ld+json\" class=\"yoast-schema-graph\">{\"@context\":\"https:\\\/\\\/schema.org\",\"@graph\":[{\"@type\":\"Article\",\"@id\":\"https:\\\/\\\/interamerica.org\\\/fr\\\/2005\\\/01\\\/un-nouveau-champ-organise-en-republique-dominicaine\\\/#article\",\"isPartOf\":{\"@id\":\"https:\\\/\\\/interamerica.org\\\/fr\\\/2005\\\/01\\\/un-nouveau-champ-organise-en-republique-dominicaine\\\/\"},\"author\":{\"name\":\"Lorenzo Verduzco\",\"@id\":\"https:\\\/\\\/interamerica.org\\\/fr\\\/#\\\/schema\\\/person\\\/68ede8bdc292885bb76c1e3810e73c39\"},\"headline\":\"Un Nouveau Champ organis\u00e9 En R\u00e9publique dominicaine\",\"datePublished\":\"2005-01-20T04:00:00+00:00\",\"dateModified\":\"2017-06-02T17:20:46+00:00\",\"mainEntityOfPage\":{\"@id\":\"https:\\\/\\\/interamerica.org\\\/fr\\\/2005\\\/01\\\/un-nouveau-champ-organise-en-republique-dominicaine\\\/\"},\"wordCount\":297,\"articleSection\":[\"Archive\"],\"inLanguage\":\"fr-FR\"},{\"@type\":\"WebPage\",\"@id\":\"https:\\\/\\\/interamerica.org\\\/fr\\\/2005\\\/01\\\/un-nouveau-champ-organise-en-republique-dominicaine\\\/\",\"url\":\"https:\\\/\\\/interamerica.org\\\/fr\\\/2005\\\/01\\\/un-nouveau-champ-organise-en-republique-dominicaine\\\/\",\"name\":\"Un Nouveau Champ organis\u00e9 En R\u00e9publique dominicaine - \u00c9glise Adventiste Du Septieme Jour - Inter Am\u00e9rique Division\",\"isPartOf\":{\"@id\":\"https:\\\/\\\/interamerica.org\\\/fr\\\/#website\"},\"datePublished\":\"2005-01-20T04:00:00+00:00\",\"dateModified\":\"2017-06-02T17:20:46+00:00\",\"author\":{\"@id\":\"https:\\\/\\\/interamerica.org\\\/fr\\\/#\\\/schema\\\/person\\\/68ede8bdc292885bb76c1e3810e73c39\"},\"breadcrumb\":{\"@id\":\"https:\\\/\\\/interamerica.org\\\/fr\\\/2005\\\/01\\\/un-nouveau-champ-organise-en-republique-dominicaine\\\/#breadcrumb\"},\"inLanguage\":\"fr-FR\",\"potentialAction\":[{\"@type\":\"ReadAction\",\"target\":[\"https:\\\/\\\/interamerica.org\\\/fr\\\/2005\\\/01\\\/un-nouveau-champ-organise-en-republique-dominicaine\\\/\"]}]},{\"@type\":\"BreadcrumbList\",\"@id\":\"https:\\\/\\\/interamerica.org\\\/fr\\\/2005\\\/01\\\/un-nouveau-champ-organise-en-republique-dominicaine\\\/#breadcrumb\",\"itemListElement\":[{\"@type\":\"ListItem\",\"position\":1,\"name\":\"Home\",\"item\":\"https:\\\/\\\/interamerica.org\\\/fr\\\/\"},{\"@type\":\"ListItem\",\"position\":2,\"name\":\"Un Nouveau Champ organis\u00e9 En R\u00e9publique dominicaine\"}]},{\"@type\":\"WebSite\",\"@id\":\"https:\\\/\\\/interamerica.org\\\/fr\\\/#website\",\"url\":\"https:\\\/\\\/interamerica.org\\\/fr\\\/\",\"name\":\"\u00c9glise Adventiste Du Septieme Jour - Inter Am\u00e9rique Division\",\"description\":\"\",\"potentialAction\":[{\"@type\":\"SearchAction\",\"target\":{\"@type\":\"EntryPoint\",\"urlTemplate\":\"https:\\\/\\\/interamerica.org\\\/fr\\\/?s={search_term_string}\"},\"query-input\":{\"@type\":\"PropertyValueSpecification\",\"valueRequired\":true,\"valueName\":\"search_term_string\"}}],\"inLanguage\":\"fr-FR\"},{\"@type\":\"Person\",\"@id\":\"https:\\\/\\\/interamerica.org\\\/fr\\\/#\\\/schema\\\/person\\\/68ede8bdc292885bb76c1e3810e73c39\",\"name\":\"Lorenzo Verduzco\",\"image\":{\"@type\":\"ImageObject\",\"inLanguage\":\"fr-FR\",\"@id\":\"https:\\\/\\\/secure.gravatar.com\\\/avatar\\\/fb81a55b6218459490a9c1dc841a34909185b81904c5337b4b27f7a6fd60c49e?s=96&d=mm&r=g\",\"url\":\"https:\\\/\\\/secure.gravatar.com\\\/avatar\\\/fb81a55b6218459490a9c1dc841a34909185b81904c5337b4b27f7a6fd60c49e?s=96&d=mm&r=g\",\"contentUrl\":\"https:\\\/\\\/secure.gravatar.com\\\/avatar\\\/fb81a55b6218459490a9c1dc841a34909185b81904c5337b4b27f7a6fd60c49e?s=96&d=mm&r=g\",\"caption\":\"Lorenzo Verduzco\"}}]}<\/script>\n<!-- \/ Yoast SEO plugin. -->","yoast_head_json":{"title":"Un Nouveau Champ organis\u00e9 En R\u00e9publique dominicaine - \u00c9glise Adventiste Du Septieme Jour - Inter Am\u00e9rique Division","robots":{"index":"index","follow":"follow","max-snippet":"max-snippet:-1","max-image-preview":"max-image-preview:large","max-video-preview":"max-video-preview:-1"},"canonical":"https:\/\/interamerica.org\/fr\/2005\/01\/un-nouveau-champ-organise-en-republique-dominicaine\/","og_locale":"fr_FR","og_type":"article","og_title":"Un Nouveau Champ organis\u00e9 En R\u00e9publique dominicaine - \u00c9glise Adventiste Du Septieme Jour - Inter Am\u00e9rique Division","og_description":"La croissance stable dans l'Union dominicaine a eu pour effet la r\u00e9organisation de la Conf\u00e9rence dominicaine du Nord...","og_url":"https:\/\/interamerica.org\/fr\/2005\/01\/un-nouveau-champ-organise-en-republique-dominicaine\/","og_site_name":"\u00c9glise Adventiste Du Septieme Jour - Inter Am\u00e9rique Division","article_published_time":"2005-01-20T04:00:00+00:00","article_modified_time":"2017-06-02T17:20:46+00:00","author":"Lorenzo Verduzco","twitter_card":"summary_large_image","twitter_misc":{"\u00c9crit par":"Lorenzo Verduzco","Dur\u00e9e de lecture estim\u00e9e":"1 minute"},"schema":{"@context":"https:\/\/schema.org","@graph":[{"@type":"Article","@id":"https:\/\/interamerica.org\/fr\/2005\/01\/un-nouveau-champ-organise-en-republique-dominicaine\/#article","isPartOf":{"@id":"https:\/\/interamerica.org\/fr\/2005\/01\/un-nouveau-champ-organise-en-republique-dominicaine\/"},"author":{"name":"Lorenzo Verduzco","@id":"https:\/\/interamerica.org\/fr\/#\/schema\/person\/68ede8bdc292885bb76c1e3810e73c39"},"headline":"Un Nouveau Champ organis\u00e9 En R\u00e9publique dominicaine","datePublished":"2005-01-20T04:00:00+00:00","dateModified":"2017-06-02T17:20:46+00:00","mainEntityOfPage":{"@id":"https:\/\/interamerica.org\/fr\/2005\/01\/un-nouveau-champ-organise-en-republique-dominicaine\/"},"wordCount":297,"articleSection":["Archive"],"inLanguage":"fr-FR"},{"@type":"WebPage","@id":"https:\/\/interamerica.org\/fr\/2005\/01\/un-nouveau-champ-organise-en-republique-dominicaine\/","url":"https:\/\/interamerica.org\/fr\/2005\/01\/un-nouveau-champ-organise-en-republique-dominicaine\/","name":"Un Nouveau Champ organis\u00e9 En R\u00e9publique dominicaine - \u00c9glise Adventiste Du Septieme Jour - Inter Am\u00e9rique Division","isPartOf":{"@id":"https:\/\/interamerica.org\/fr\/#website"},"datePublished":"2005-01-20T04:00:00+00:00","dateModified":"2017-06-02T17:20:46+00:00","author":{"@id":"https:\/\/interamerica.org\/fr\/#\/schema\/person\/68ede8bdc292885bb76c1e3810e73c39"},"breadcrumb":{"@id":"https:\/\/interamerica.org\/fr\/2005\/01\/un-nouveau-champ-organise-en-republique-dominicaine\/#breadcrumb"},"inLanguage":"fr-FR","potentialAction":[{"@type":"ReadAction","target":["https:\/\/interamerica.org\/fr\/2005\/01\/un-nouveau-champ-organise-en-republique-dominicaine\/"]}]},{"@type":"BreadcrumbList","@id":"https:\/\/interamerica.org\/fr\/2005\/01\/un-nouveau-champ-organise-en-republique-dominicaine\/#breadcrumb","itemListElement":[{"@type":"ListItem","position":1,"name":"Home","item":"https:\/\/interamerica.org\/fr\/"},{"@type":"ListItem","position":2,"name":"Un Nouveau Champ organis\u00e9 En R\u00e9publique dominicaine"}]},{"@type":"WebSite","@id":"https:\/\/interamerica.org\/fr\/#website","url":"https:\/\/interamerica.org\/fr\/","name":"\u00c9glise Adventiste Du Septieme Jour - Inter Am\u00e9rique Division","description":"","potentialAction":[{"@type":"SearchAction","target":{"@type":"EntryPoint","urlTemplate":"https:\/\/interamerica.org\/fr\/?s={search_term_string}"},"query-input":{"@type":"PropertyValueSpecification","valueRequired":true,"valueName":"search_term_string"}}],"inLanguage":"fr-FR"},{"@type":"Person","@id":"https:\/\/interamerica.org\/fr\/#\/schema\/person\/68ede8bdc292885bb76c1e3810e73c39","name":"Lorenzo Verduzco","image":{"@type":"ImageObject","inLanguage":"fr-FR","@id":"https:\/\/secure.gravatar.com\/avatar\/fb81a55b6218459490a9c1dc841a34909185b81904c5337b4b27f7a6fd60c49e?s=96&d=mm&r=g","url":"https:\/\/secure.gravatar.com\/avatar\/fb81a55b6218459490a9c1dc841a34909185b81904c5337b4b27f7a6fd60c49e?s=96&d=mm&r=g","contentUrl":"https:\/\/secure.gravatar.com\/avatar\/fb81a55b6218459490a9c1dc841a34909185b81904c5337b4b27f7a6fd60c49e?s=96&d=mm&r=g","caption":"Lorenzo Verduzco"}}]}},"_links":{"self":[{"href":"https:\/\/interamerica.org\/fr\/wp-json\/wp\/v2\/posts\/12293","targetHints":{"allow":["GET"]}}],"collection":[{"href":"https:\/\/interamerica.org\/fr\/wp-json\/wp\/v2\/posts"}],"about":[{"href":"https:\/\/interamerica.org\/fr\/wp-json\/wp\/v2\/types\/post"}],"author":[{"embeddable":true,"href":"https:\/\/interamerica.org\/fr\/wp-json\/wp\/v2\/users\/1"}],"replies":[{"embeddable":true,"href":"https:\/\/interamerica.org\/fr\/wp-json\/wp\/v2\/comments?post=12293"}],"version-history":[{"count":0,"href":"https:\/\/interamerica.org\/fr\/wp-json\/wp\/v2\/posts\/12293\/revisions"}],"wp:attachment":[{"href":"https:\/\/interamerica.org\/fr\/wp-json\/wp\/v2\/media?parent=12293"}],"wp:term":[{"taxonomy":"category","embeddable":true,"href":"https:\/\/interamerica.org\/fr\/wp-json\/wp\/v2\/categories?post=12293"},{"taxonomy":"post_tag","embeddable":true,"href":"https:\/\/interamerica.org\/fr\/wp-json\/wp\/v2\/tags?post=12293"}],"curies":[{"name":"wp","href":"https:\/\/api.w.org\/{rel}","templated":true}]}}