{"id":12294,"date":"2005-01-28T00:00:00","date_gmt":"2005-01-28T04:00:00","guid":{"rendered":"http:\/\/192.81.217.108\/interamerica\/2005\/01\/inter-amerique-le-departement-de-jeunesse-lance-un-nouveau-manuel\/"},"modified":"2017-06-02T13:20:43","modified_gmt":"2017-06-02T17:20:43","slug":"inter-amerique-le-departement-de-jeunesse-lance-un-nouveau-manuel","status":"publish","type":"post","link":"https:\/\/interamerica.org\/fr\/2005\/01\/inter-amerique-le-departement-de-jeunesse-lance-un-nouveau-manuel\/","title":{"rendered":"Inter-Am\u00e9rique : Le D\u00e9partement de Jeunesse Lance un Nouveau Manuel"},"content":{"rendered":"<p>Miami, Floride, Etats-Unis&#8230;<\/p>\n<p>Le D\u00e9partement de Jeunesse de la Division Interam\u00e9ricaine a r\u00e9cemment imprim\u00e9 la nouvelle version du manuel du Minist\u00e8re de la Jeunesse. Ce manuel est maintenant \u00e0 la disposition des dirigeants de jeunesse \u00e0 tous les niveaux de l&rsquo;\u00e9glise. La derni\u00e8re version avait \u00e9t\u00e9 publi\u00e9e en 1988.<\/p>\n<p>Le livre a \u00e9t\u00e9 mis \u00e0 jour et enrichi pour r\u00e9pondre aux besoins croissants et changeants de notre \u00e9poque, dit pasteur Bernardo Rodriguez, directeur de la jeunesse eccl\u00e9siale en Inter-Am\u00e9rique.<\/p>\n<p>\u00ab\u00a0Ce sera un excellent outil de travail pour tous ceux qui se sont investi dans le minist\u00e8re de la jeunesse,\u00a0\u00bb dit-il. \u00ab\u00a0Nous avons pris certaines des directives de la version pr\u00e9c\u00e9dente \u00e9dit\u00e9e par la Conf\u00e9rence G\u00e9n\u00e9rale et avons ajout\u00e9 de nouveaux mat\u00e9riels qui r\u00e9pondent aux [qui, quoi et comment] d&rsquo;un minist\u00e8re de jeunesse couronn\u00e9 de succ\u00e8s.\u00a0\u00bb<\/p>\n<p>Le nouveau manuel, dont la pr\u00e9paration a pris environ trois ans, est divis\u00e9 en quatre sections r\u00e9cemment mises en oeuvre par le D\u00e9partement de Jeunesse de la Conf\u00e9rence G\u00e9n\u00e9rale : apprentissage, direction, \u00e9vang\u00e9lisation et service.<\/p>\n<p>Le livre d\u00e9crit des plans de travail pratiques o\u00f9 les minist\u00e8res de la jeunesse peuvent concevoir des activit\u00e9s en tenant compte de ces quatre secteurs.<\/p>\n<p>La version espagnole du manuel, \u00ab\u00a0Manual Juvenil,\u00a0\u00bb est maintenant disponible au d\u00e9partement de jeunesse du champ local. La version anglaise sera disponible en avril prochain et la version fran\u00e7aise plus tard cet \u00e9t\u00e9.<\/p>\n<p>Pour plus d&rsquo;information sur ce manuel ou d&rsquo;autres mat\u00e9riels de jeunesse entrer en contact avec le d\u00e9partement de Jeunesse de la IAD au 305.403.4700 ou visiter le site : youth@interamerica.org. <\/p>\n","protected":false},"excerpt":{"rendered":"<p>Le D\u00e9partement de Jeunesse de la Division Interam\u00e9ricaine a r\u00e9cemment imprim\u00e9 la nouvelle version du manuel du Minist\u00e8re de la Jeunesse.<\/p>\n","protected":false},"author":1,"featured_media":0,"comment_status":"closed","ping_status":"closed","sticky":false,"template":"","format":"standard","meta":{"_acf_changed":false,"footnotes":""},"categories":[9],"tags":[],"class_list":["post-12294","post","type-post","status-publish","format-standard","hentry","category-archive-fr"],"acf":[],"yoast_head":"<!-- This site is optimized with the Yoast SEO plugin v27.3 - https:\/\/yoast.com\/product\/yoast-seo-wordpress\/ -->\n<title>Inter-Am\u00e9rique : Le D\u00e9partement de Jeunesse Lance un Nouveau Manuel - \u00c9glise Adventiste Du Septieme Jour - Inter Am\u00e9rique Division<\/title>\n<meta name=\"robots\" content=\"index, follow, max-snippet:-1, max-image-preview:large, max-video-preview:-1\" \/>\n<link rel=\"canonical\" href=\"https:\/\/interamerica.org\/fr\/2005\/01\/inter-amerique-le-departement-de-jeunesse-lance-un-nouveau-manuel\/\" \/>\n<meta property=\"og:locale\" content=\"fr_FR\" \/>\n<meta property=\"og:type\" content=\"article\" \/>\n<meta property=\"og:title\" content=\"Inter-Am\u00e9rique : Le D\u00e9partement de Jeunesse Lance un Nouveau Manuel - \u00c9glise Adventiste Du Septieme Jour - Inter Am\u00e9rique Division\" \/>\n<meta property=\"og:description\" content=\"Le D\u00e9partement de Jeunesse de la Division Interam\u00e9ricaine a r\u00e9cemment imprim\u00e9 la nouvelle version du manuel du Minist\u00e8re de la Jeunesse.\" \/>\n<meta property=\"og:url\" content=\"https:\/\/interamerica.org\/fr\/2005\/01\/inter-amerique-le-departement-de-jeunesse-lance-un-nouveau-manuel\/\" \/>\n<meta property=\"og:site_name\" content=\"\u00c9glise Adventiste Du Septieme Jour - Inter Am\u00e9rique Division\" \/>\n<meta property=\"article:published_time\" content=\"2005-01-28T04:00:00+00:00\" \/>\n<meta property=\"article:modified_time\" content=\"2017-06-02T17:20:43+00:00\" \/>\n<meta name=\"author\" content=\"Lorenzo Verduzco\" \/>\n<meta name=\"twitter:card\" content=\"summary_large_image\" \/>\n<meta name=\"twitter:label1\" content=\"\u00c9crit par\" \/>\n\t<meta name=\"twitter:data1\" content=\"Lorenzo Verduzco\" \/>\n\t<meta name=\"twitter:label2\" content=\"Dur\u00e9e de lecture estim\u00e9e\" \/>\n\t<meta name=\"twitter:data2\" content=\"1 minute\" \/>\n<script type=\"application\/ld+json\" class=\"yoast-schema-graph\">{\"@context\":\"https:\\\/\\\/schema.org\",\"@graph\":[{\"@type\":\"Article\",\"@id\":\"https:\\\/\\\/interamerica.org\\\/fr\\\/2005\\\/01\\\/inter-amerique-le-departement-de-jeunesse-lance-un-nouveau-manuel\\\/#article\",\"isPartOf\":{\"@id\":\"https:\\\/\\\/interamerica.org\\\/fr\\\/2005\\\/01\\\/inter-amerique-le-departement-de-jeunesse-lance-un-nouveau-manuel\\\/\"},\"author\":{\"name\":\"Lorenzo Verduzco\",\"@id\":\"https:\\\/\\\/interamerica.org\\\/fr\\\/#\\\/schema\\\/person\\\/68ede8bdc292885bb76c1e3810e73c39\"},\"headline\":\"Inter-Am\u00e9rique : Le D\u00e9partement de Jeunesse Lance un Nouveau Manuel\",\"datePublished\":\"2005-01-28T04:00:00+00:00\",\"dateModified\":\"2017-06-02T17:20:43+00:00\",\"mainEntityOfPage\":{\"@id\":\"https:\\\/\\\/interamerica.org\\\/fr\\\/2005\\\/01\\\/inter-amerique-le-departement-de-jeunesse-lance-un-nouveau-manuel\\\/\"},\"wordCount\":302,\"articleSection\":[\"Archive\"],\"inLanguage\":\"fr-FR\"},{\"@type\":\"WebPage\",\"@id\":\"https:\\\/\\\/interamerica.org\\\/fr\\\/2005\\\/01\\\/inter-amerique-le-departement-de-jeunesse-lance-un-nouveau-manuel\\\/\",\"url\":\"https:\\\/\\\/interamerica.org\\\/fr\\\/2005\\\/01\\\/inter-amerique-le-departement-de-jeunesse-lance-un-nouveau-manuel\\\/\",\"name\":\"Inter-Am\u00e9rique : Le D\u00e9partement de Jeunesse Lance un Nouveau Manuel - \u00c9glise Adventiste Du Septieme Jour - Inter Am\u00e9rique Division\",\"isPartOf\":{\"@id\":\"https:\\\/\\\/interamerica.org\\\/fr\\\/#website\"},\"datePublished\":\"2005-01-28T04:00:00+00:00\",\"dateModified\":\"2017-06-02T17:20:43+00:00\",\"author\":{\"@id\":\"https:\\\/\\\/interamerica.org\\\/fr\\\/#\\\/schema\\\/person\\\/68ede8bdc292885bb76c1e3810e73c39\"},\"breadcrumb\":{\"@id\":\"https:\\\/\\\/interamerica.org\\\/fr\\\/2005\\\/01\\\/inter-amerique-le-departement-de-jeunesse-lance-un-nouveau-manuel\\\/#breadcrumb\"},\"inLanguage\":\"fr-FR\",\"potentialAction\":[{\"@type\":\"ReadAction\",\"target\":[\"https:\\\/\\\/interamerica.org\\\/fr\\\/2005\\\/01\\\/inter-amerique-le-departement-de-jeunesse-lance-un-nouveau-manuel\\\/\"]}]},{\"@type\":\"BreadcrumbList\",\"@id\":\"https:\\\/\\\/interamerica.org\\\/fr\\\/2005\\\/01\\\/inter-amerique-le-departement-de-jeunesse-lance-un-nouveau-manuel\\\/#breadcrumb\",\"itemListElement\":[{\"@type\":\"ListItem\",\"position\":1,\"name\":\"Home\",\"item\":\"https:\\\/\\\/interamerica.org\\\/fr\\\/\"},{\"@type\":\"ListItem\",\"position\":2,\"name\":\"Inter-Am\u00e9rique : Le D\u00e9partement de Jeunesse Lance un Nouveau Manuel\"}]},{\"@type\":\"WebSite\",\"@id\":\"https:\\\/\\\/interamerica.org\\\/fr\\\/#website\",\"url\":\"https:\\\/\\\/interamerica.org\\\/fr\\\/\",\"name\":\"\u00c9glise Adventiste Du Septieme Jour - Inter Am\u00e9rique Division\",\"description\":\"\",\"potentialAction\":[{\"@type\":\"SearchAction\",\"target\":{\"@type\":\"EntryPoint\",\"urlTemplate\":\"https:\\\/\\\/interamerica.org\\\/fr\\\/?s={search_term_string}\"},\"query-input\":{\"@type\":\"PropertyValueSpecification\",\"valueRequired\":true,\"valueName\":\"search_term_string\"}}],\"inLanguage\":\"fr-FR\"},{\"@type\":\"Person\",\"@id\":\"https:\\\/\\\/interamerica.org\\\/fr\\\/#\\\/schema\\\/person\\\/68ede8bdc292885bb76c1e3810e73c39\",\"name\":\"Lorenzo Verduzco\",\"image\":{\"@type\":\"ImageObject\",\"inLanguage\":\"fr-FR\",\"@id\":\"https:\\\/\\\/secure.gravatar.com\\\/avatar\\\/fb81a55b6218459490a9c1dc841a34909185b81904c5337b4b27f7a6fd60c49e?s=96&d=mm&r=g\",\"url\":\"https:\\\/\\\/secure.gravatar.com\\\/avatar\\\/fb81a55b6218459490a9c1dc841a34909185b81904c5337b4b27f7a6fd60c49e?s=96&d=mm&r=g\",\"contentUrl\":\"https:\\\/\\\/secure.gravatar.com\\\/avatar\\\/fb81a55b6218459490a9c1dc841a34909185b81904c5337b4b27f7a6fd60c49e?s=96&d=mm&r=g\",\"caption\":\"Lorenzo Verduzco\"}}]}<\/script>\n<!-- \/ Yoast SEO plugin. -->","yoast_head_json":{"title":"Inter-Am\u00e9rique : Le D\u00e9partement de Jeunesse Lance un Nouveau Manuel - \u00c9glise Adventiste Du Septieme Jour - Inter Am\u00e9rique Division","robots":{"index":"index","follow":"follow","max-snippet":"max-snippet:-1","max-image-preview":"max-image-preview:large","max-video-preview":"max-video-preview:-1"},"canonical":"https:\/\/interamerica.org\/fr\/2005\/01\/inter-amerique-le-departement-de-jeunesse-lance-un-nouveau-manuel\/","og_locale":"fr_FR","og_type":"article","og_title":"Inter-Am\u00e9rique : Le D\u00e9partement de Jeunesse Lance un Nouveau Manuel - \u00c9glise Adventiste Du Septieme Jour - Inter Am\u00e9rique Division","og_description":"Le D\u00e9partement de Jeunesse de la Division Interam\u00e9ricaine a r\u00e9cemment imprim\u00e9 la nouvelle version du manuel du Minist\u00e8re de la Jeunesse.","og_url":"https:\/\/interamerica.org\/fr\/2005\/01\/inter-amerique-le-departement-de-jeunesse-lance-un-nouveau-manuel\/","og_site_name":"\u00c9glise Adventiste Du Septieme Jour - Inter Am\u00e9rique Division","article_published_time":"2005-01-28T04:00:00+00:00","article_modified_time":"2017-06-02T17:20:43+00:00","author":"Lorenzo Verduzco","twitter_card":"summary_large_image","twitter_misc":{"\u00c9crit par":"Lorenzo Verduzco","Dur\u00e9e de lecture estim\u00e9e":"1 minute"},"schema":{"@context":"https:\/\/schema.org","@graph":[{"@type":"Article","@id":"https:\/\/interamerica.org\/fr\/2005\/01\/inter-amerique-le-departement-de-jeunesse-lance-un-nouveau-manuel\/#article","isPartOf":{"@id":"https:\/\/interamerica.org\/fr\/2005\/01\/inter-amerique-le-departement-de-jeunesse-lance-un-nouveau-manuel\/"},"author":{"name":"Lorenzo Verduzco","@id":"https:\/\/interamerica.org\/fr\/#\/schema\/person\/68ede8bdc292885bb76c1e3810e73c39"},"headline":"Inter-Am\u00e9rique : Le D\u00e9partement de Jeunesse Lance un Nouveau Manuel","datePublished":"2005-01-28T04:00:00+00:00","dateModified":"2017-06-02T17:20:43+00:00","mainEntityOfPage":{"@id":"https:\/\/interamerica.org\/fr\/2005\/01\/inter-amerique-le-departement-de-jeunesse-lance-un-nouveau-manuel\/"},"wordCount":302,"articleSection":["Archive"],"inLanguage":"fr-FR"},{"@type":"WebPage","@id":"https:\/\/interamerica.org\/fr\/2005\/01\/inter-amerique-le-departement-de-jeunesse-lance-un-nouveau-manuel\/","url":"https:\/\/interamerica.org\/fr\/2005\/01\/inter-amerique-le-departement-de-jeunesse-lance-un-nouveau-manuel\/","name":"Inter-Am\u00e9rique : Le D\u00e9partement de Jeunesse Lance un Nouveau Manuel - \u00c9glise Adventiste Du Septieme Jour - Inter Am\u00e9rique Division","isPartOf":{"@id":"https:\/\/interamerica.org\/fr\/#website"},"datePublished":"2005-01-28T04:00:00+00:00","dateModified":"2017-06-02T17:20:43+00:00","author":{"@id":"https:\/\/interamerica.org\/fr\/#\/schema\/person\/68ede8bdc292885bb76c1e3810e73c39"},"breadcrumb":{"@id":"https:\/\/interamerica.org\/fr\/2005\/01\/inter-amerique-le-departement-de-jeunesse-lance-un-nouveau-manuel\/#breadcrumb"},"inLanguage":"fr-FR","potentialAction":[{"@type":"ReadAction","target":["https:\/\/interamerica.org\/fr\/2005\/01\/inter-amerique-le-departement-de-jeunesse-lance-un-nouveau-manuel\/"]}]},{"@type":"BreadcrumbList","@id":"https:\/\/interamerica.org\/fr\/2005\/01\/inter-amerique-le-departement-de-jeunesse-lance-un-nouveau-manuel\/#breadcrumb","itemListElement":[{"@type":"ListItem","position":1,"name":"Home","item":"https:\/\/interamerica.org\/fr\/"},{"@type":"ListItem","position":2,"name":"Inter-Am\u00e9rique : Le D\u00e9partement de Jeunesse Lance un Nouveau Manuel"}]},{"@type":"WebSite","@id":"https:\/\/interamerica.org\/fr\/#website","url":"https:\/\/interamerica.org\/fr\/","name":"\u00c9glise Adventiste Du Septieme Jour - Inter Am\u00e9rique Division","description":"","potentialAction":[{"@type":"SearchAction","target":{"@type":"EntryPoint","urlTemplate":"https:\/\/interamerica.org\/fr\/?s={search_term_string}"},"query-input":{"@type":"PropertyValueSpecification","valueRequired":true,"valueName":"search_term_string"}}],"inLanguage":"fr-FR"},{"@type":"Person","@id":"https:\/\/interamerica.org\/fr\/#\/schema\/person\/68ede8bdc292885bb76c1e3810e73c39","name":"Lorenzo Verduzco","image":{"@type":"ImageObject","inLanguage":"fr-FR","@id":"https:\/\/secure.gravatar.com\/avatar\/fb81a55b6218459490a9c1dc841a34909185b81904c5337b4b27f7a6fd60c49e?s=96&d=mm&r=g","url":"https:\/\/secure.gravatar.com\/avatar\/fb81a55b6218459490a9c1dc841a34909185b81904c5337b4b27f7a6fd60c49e?s=96&d=mm&r=g","contentUrl":"https:\/\/secure.gravatar.com\/avatar\/fb81a55b6218459490a9c1dc841a34909185b81904c5337b4b27f7a6fd60c49e?s=96&d=mm&r=g","caption":"Lorenzo Verduzco"}}]}},"_links":{"self":[{"href":"https:\/\/interamerica.org\/fr\/wp-json\/wp\/v2\/posts\/12294","targetHints":{"allow":["GET"]}}],"collection":[{"href":"https:\/\/interamerica.org\/fr\/wp-json\/wp\/v2\/posts"}],"about":[{"href":"https:\/\/interamerica.org\/fr\/wp-json\/wp\/v2\/types\/post"}],"author":[{"embeddable":true,"href":"https:\/\/interamerica.org\/fr\/wp-json\/wp\/v2\/users\/1"}],"replies":[{"embeddable":true,"href":"https:\/\/interamerica.org\/fr\/wp-json\/wp\/v2\/comments?post=12294"}],"version-history":[{"count":0,"href":"https:\/\/interamerica.org\/fr\/wp-json\/wp\/v2\/posts\/12294\/revisions"}],"wp:attachment":[{"href":"https:\/\/interamerica.org\/fr\/wp-json\/wp\/v2\/media?parent=12294"}],"wp:term":[{"taxonomy":"category","embeddable":true,"href":"https:\/\/interamerica.org\/fr\/wp-json\/wp\/v2\/categories?post=12294"},{"taxonomy":"post_tag","embeddable":true,"href":"https:\/\/interamerica.org\/fr\/wp-json\/wp\/v2\/tags?post=12294"}],"curies":[{"name":"wp","href":"https:\/\/api.w.org\/{rel}","templated":true}]}}