{"id":12296,"date":"2005-02-01T00:00:00","date_gmt":"2005-02-01T04:00:00","guid":{"rendered":"http:\/\/192.81.217.108\/interamerica\/2005\/02\/eglise-mondiale-soyez-attentifs-aux-besoins-de-la-communaute-recommandation-formelle-des-experts-de-sante\/"},"modified":"2017-06-02T13:20:41","modified_gmt":"2017-06-02T17:20:41","slug":"eglise-mondiale-soyez-attentifs-aux-besoins-de-la-communaute-recommandation-formelle-des-experts-de-sante","status":"publish","type":"post","link":"https:\/\/interamerica.org\/fr\/2005\/02\/eglise-mondiale-soyez-attentifs-aux-besoins-de-la-communaute-recommandation-formelle-des-experts-de-sante\/","title":{"rendered":"\u00c9glise Mondiale : Soyez Attentifs aux Besoins de la Communaut\u00e9 : Recommandation Formelle des Experts de Sant\u00e9"},"content":{"rendered":"<p>Orlando, Floride, Etats-Unis. <\/p>\n<p>Bien que l&rsquo;\u00e9glise adventiste du septi\u00e8me jour ait une histoire de 145 ans \u00ab\u00a0de pratique de la r\u00e9forme sanitaire\u00a0\u00bb il est bon pour elle d&rsquo;\u00e9valuer l&rsquo;efficacit\u00e9 de son message, dans les communaut\u00e9s qu&rsquo;elle dessert, affirment des experts en sant\u00e9. <\/p>\n<p>En s&rsquo;adressant \u00e0 un auditoire de plus de 500 dirigeants, la\u00efcs et sp\u00e9cialistes professionnels de sant\u00e9, membres de l&rsquo;\u00e9glise adventiste, lors d&rsquo;un sommet sur la sant\u00e9 \u00e0 Orlando, Floride, du 30 janvier au 5 f\u00e9vrier, docteur James Kyle II, a exhort\u00e9 les adventistes \u00e0 revoir la mani\u00e8re qu&rsquo;ils ont de parler et de pratiquer la vie saine. <\/p>\n<p>\u00ab\u00a0Nos observances religieuses, le fait d&rsquo;aller \u00e0 l&rsquo;\u00e9glise, notre style de vie adventiste, bien qu&rsquo;excellents, ne sont pas assez pour plaire \u00e0 Dieu et aux hommes,\u00a0\u00bb a-t-il expos\u00e9 dans son allocution. Docteur Kyle a \u00e9t\u00e9 nomm\u00e9, l&rsquo;ann\u00e9e derni\u00e8re comme doyen de l&rsquo;\u00e9cole de Sant\u00e9 publique de Loma Linda et pr\u00e9sident de l&rsquo;administration du minist\u00e8re de la Sant\u00e9 de cette m\u00eame \u00e9cole. Parmi les diff\u00e9rentes pr\u00e9occupations qu&rsquo;il a identifi\u00e9es, il y a l&rsquo;approche souvent accablante de rel\u00e9guer la totalit\u00e9 de la vie \u00e0 un ensemble de \u00ab\u00a0ne fais pas, ne fais pas\u00a0\u00bb. <\/p>\n<p>\u00ab\u00a0Nous ne mangeons pas de viande, nous ne fumons pas, nous ne buvons pas d&rsquo;alcool, nous ne faisons pas ceci, nous ne faisons pas cela, nous ne faisons pas. Et pour beaucoup de personnes, notre message sanitaire est devenu la norme par laquelle nous jugeons les vrais convertis parmi nous,\u00a0\u00bb a-t-il expos\u00e9.<\/p>\n<p>\u00ab\u00a0Le don de la r\u00e9forme sanitaire dans cette \u00e9glise a des applications beaucoup plus larges que de nous rendre tout simplement plus sains,\u00a0\u00bb a ajout\u00e9 Kyle. <\/p>\n<p>Mark Finley, directeur du Centre d&rsquo;\u00c9vang\u00e9lisation Globale, responsable d&rsquo;un programme de formation en sant\u00e9 publique, participant \u00e0 ce congr\u00e8s de la Floride, explique que la meilleur m\u00e9thode \u00e0 utiliser pour r\u00e9pondre aux besoins physiques des gens, est \u00ab\u00a0celle du Christ.\u00a0\u00bb  <\/p>\n<p>\u00ab\u00a0Les adventistes consid\u00e8rent l&rsquo;\u00e9vangile comme une int\u00e9grit\u00e9 physique, mentale, spirituelle et sociale, ce qui fait que nous ne pouvons concevoir la sant\u00e9 totale comme \u00e9tant sans spiritualit\u00e9,\u00a0\u00bb a dit Finley \u00e0 Adventist News Nework (R\u00e9seau de Nouvelles Adventiste). \u00ab\u00a0Dans la pratique, cela signifie conduire les individus \u00e0 une compr\u00e9hension de ce Dieu qui les a cr\u00e9\u00e9s et Ses principes essentiels pour leur vie et leur sant\u00e9.\u00a0\u00bb <\/p>\n<p>\u00ab\u00a0Si toutes les communaut\u00e9s adventistes comprenaient et mettaient en pratique cet \u00e9l\u00e9ment spirituel, cela nous permettrait de faire des changements significatifs non seulement dans nos vies, mais aussi dans les vies de ceux qui nous entourent, ajoute Dr DeWitt Williams, organisateur de ce colloque.\u00a0\u00bb C&rsquo;est pourquoi nous parlons d&rsquo;une approche holistique de notre minist\u00e8re en tant qu&rsquo;\u00e9glise. \u00a0\u00bb <\/p>\n<p>C&rsquo;est le quatri\u00e8me Sommet de Sant\u00e9 organis\u00e9 par l&rsquo;\u00e9glise et cet \u00e9v\u00e9nement \u00ab\u00a0prend de l&rsquo;importance d&rsquo;ann\u00e9e en ann\u00e9e,\u00a0\u00bb a ajout\u00e9 Williams. <\/p>\n<p>Docteur Kyle dit que \u00ab\u00a0le vrai succ\u00e8s\u00a0\u00bb du minist\u00e8re de la Sant\u00e9 dans l&rsquo;\u00e9glise \u00ab\u00a0ne peut avoir lieu que quand nous nous positionnons dans un contexte appropri\u00e9 aux besoins de nos communaut\u00e9s.\u00a0\u00bb Faisant des remarques sur les besoins d&rsquo;aujourd&rsquo;hui, il \u00e9tablit un parall\u00e8le avec les temps bibliques et l&rsquo;exp\u00e9rience de l&rsquo;Isra\u00ebl d&rsquo;en temps, qui \u00ab\u00a0n\u00e9gligea son opportunit\u00e9 d&rsquo;accomplir le minist\u00e8re divin en aidant les malades, les prisonniers, les opprim\u00e9s et les pa\u00efens&#8230; Alors que nous recevons in\u00e9vitablement des b\u00e9n\u00e9dictions sociales, \u00e9conomiques et spirituelles, \u00e0 partir du style de vie adventiste, nous nous sommes de plus en plus d\u00e9connect\u00e9s de la souffrance r\u00e9elle des gens autour de nous et devenus moins capables de nous m\u00ealer avec les proscrits.\u00a0\u00bb<\/p>\n<p>\u00ab\u00a0Il est temps pour l&rsquo;\u00e9glise de prendre ses responsabilit\u00e9 face \u00e0 l&rsquo;addiction, l&rsquo;injustice, l&rsquo;intemp\u00e9rance et la d\u00e9pression&#8230; Nous avons \u00e0 nous engager non seulement dans la communaut\u00e9 o\u00f9 nous vivons, mais \u00e0 \u00e9valuer syst\u00e9matiquement les domaines o\u00f9 nous pouvons venir en aide aux populations vuln\u00e9rables, ayant de grands besoins,\u00a0\u00bb a expos\u00e9 Kyle. <\/p>\n<p>S&rsquo;appuyant sur le th\u00e8me du colloque, \u00ab\u00a0Pr\u00e9coniser les Dirigeants \u00e0 se Tourner Vers les D\u00e9laiss\u00e9s,\u00a0\u00bb Kyle a fait ressurgir la d\u00e9connexion qui p\u00e9n\u00e8tre souvent dans l&rsquo;approche missionnaire unilat\u00e9rale de plusieurs. Il a encourag\u00e9 l&rsquo;\u00e9glise \u00e0 s&rsquo;engager dans un r\u00f4le plus profond &#8211; \u00ab\u00a0pour mener [les gens] \u00e0 devenir des disciplines, pas, tout juste des convertis.\u00a0\u00bb<\/p>\n<p>\u00ab\u00a0La communaut\u00e9 nous lance des appels,\u00a0\u00bb a dit docteur Williams. \u00ab\u00a0C&rsquo;est pourquoi nous avons tout ce monde ici, et des approches en vue d&rsquo;offrir notre r\u00e9ponse appropri\u00e9e et responsable. Ce sommet r\u00e9unit une bonne quantit\u00e9 d&rsquo;autorit\u00e9s, de scientifiques et d&rsquo;experts m\u00e9dicaux et parmi les avantages \u00e9vidents d&rsquo;\u00eatre voici que les participants ne peuvent pas seulement obtenir de bons mat\u00e9riels et entendre de grands experts, mais recevoir aussi la certification appropri\u00e9e pour un sujet sp\u00e9cifique. <\/p>\n<p>Nous avons pris cette approche parce que nous sommes conscients des tendances existantes chez certains de nos membres d&rsquo;\u00e9glise optant pour la m\u00e9decine alternative, qui souvent a peu de base scientifique dans ce qu&rsquo;elle offre.\u00a0\u00bb<\/p>\n<p>Les cours offerts durant le colloque traitaient d&rsquo;un style de vie compl\u00e8te (holistique) avec des sujets sur la sant\u00e9 \u00e9motionnelle, mentale, physique et financi\u00e8re. Des instructions ont \u00e9t\u00e9 donn\u00e9es sur des th\u00e8mes tels que la cuisine v\u00e9g\u00e9tarienne, le pardon, la r\u00e9g\u00e9n\u00e9ration, des instructions sur le r\u00e9tablissement apr\u00e8s une d\u00e9pression, l&rsquo;am\u00e9lioration de la sant\u00e9 coronaire et la gestion du poids. <\/p>\n<p>Le pasteur Jan Paulsen, pr\u00e9sident de l&rsquo;\u00c9glise Adventiste du Septi\u00e8me Jour Mondiale, s&rsquo;est adress\u00e9 aux participants, \u00e0 la fin de la conf\u00e9rence<\/p>\n<p>\u00ab\u00a0Ce que vous avez vu pendant cet \u00e9v\u00e8nement est une richesse de sujets et d&rsquo;outils pour aider votre \u00e9glise \u00e0 devenir un centre o\u00f9 les gens peuvent venir pour am\u00e9liorer leurs vies,\u00a0\u00bb fit remarquer docteur Allan Handysides, directeur des minist\u00e8res de la sant\u00e9 pour l&rsquo;\u00e9glise adventiste mondiale.<\/p>\n<p>Il a ajout\u00e9 que ce sommet est l&rsquo;une des plus grandes r\u00e9unions de l&rsquo;\u00e9glise mondiale adventiste. Organis\u00e9 par la R\u00e9gion Nord-am\u00e9ricaine de l&rsquo;\u00e9glise, elle a attir\u00e9, \u00e0 cette occasion, des participants venant de l&rsquo;Europe, des Philippines et de Singapour. \u00ab\u00a0Nous sommes internationaux et divers dans notre \u00e9glise. Les mat\u00e9riels peuvent \u00eatre adapt\u00e9s pour r\u00e9pondre au contexte o\u00f9 ils seront utilis\u00e9s,\u00a0\u00bb a fait remarquer Handysides.<\/p>\n","protected":false},"excerpt":{"rendered":"<p>Bien que l&rsquo;\u00e9glise adventiste du septi\u00e8me jour ait une histoire de 145 ans \u00ab\u00a0de pratique de la r\u00e9forme sanitaire\u00a0\u00bb il est bon pour elle d&rsquo;\u00e9valuer l&rsquo;efficacit\u00e9 de son message&#8230;<\/p>\n","protected":false},"author":1,"featured_media":0,"comment_status":"closed","ping_status":"closed","sticky":false,"template":"","format":"standard","meta":{"_acf_changed":false,"footnotes":""},"categories":[9],"tags":[],"class_list":["post-12296","post","type-post","status-publish","format-standard","hentry","category-archive-fr"],"acf":[],"yoast_head":"<!-- This site is optimized with the Yoast SEO plugin v27.3 - https:\/\/yoast.com\/product\/yoast-seo-wordpress\/ -->\n<title>\u00c9glise Mondiale : Soyez Attentifs aux Besoins de la Communaut\u00e9 : Recommandation Formelle des Experts de Sant\u00e9 - \u00c9glise Adventiste Du Septieme Jour - Inter Am\u00e9rique Division<\/title>\n<meta name=\"robots\" content=\"index, follow, max-snippet:-1, max-image-preview:large, max-video-preview:-1\" \/>\n<link rel=\"canonical\" href=\"https:\/\/interamerica.org\/fr\/2005\/02\/eglise-mondiale-soyez-attentifs-aux-besoins-de-la-communaute-recommandation-formelle-des-experts-de-sante\/\" \/>\n<meta property=\"og:locale\" content=\"fr_FR\" \/>\n<meta property=\"og:type\" content=\"article\" \/>\n<meta property=\"og:title\" content=\"\u00c9glise Mondiale : Soyez Attentifs aux Besoins de la Communaut\u00e9 : Recommandation Formelle des Experts de Sant\u00e9 - \u00c9glise Adventiste Du Septieme Jour - Inter Am\u00e9rique Division\" \/>\n<meta property=\"og:description\" content=\"Bien que l&#039;\u00e9glise adventiste du septi\u00e8me jour ait une histoire de 145 ans &quot;de pratique de la r\u00e9forme sanitaire&quot; il est bon pour elle d&#039;\u00e9valuer l&#039;efficacit\u00e9 de son message...\" \/>\n<meta property=\"og:url\" content=\"https:\/\/interamerica.org\/fr\/2005\/02\/eglise-mondiale-soyez-attentifs-aux-besoins-de-la-communaute-recommandation-formelle-des-experts-de-sante\/\" \/>\n<meta property=\"og:site_name\" content=\"\u00c9glise Adventiste Du Septieme Jour - Inter Am\u00e9rique Division\" \/>\n<meta property=\"article:published_time\" content=\"2005-02-01T04:00:00+00:00\" \/>\n<meta property=\"article:modified_time\" content=\"2017-06-02T17:20:41+00:00\" \/>\n<meta name=\"author\" content=\"Lorenzo Verduzco\" \/>\n<meta name=\"twitter:card\" content=\"summary_large_image\" \/>\n<meta name=\"twitter:label1\" content=\"\u00c9crit par\" \/>\n\t<meta name=\"twitter:data1\" content=\"Lorenzo Verduzco\" \/>\n\t<meta name=\"twitter:label2\" content=\"Dur\u00e9e de lecture estim\u00e9e\" \/>\n\t<meta name=\"twitter:data2\" content=\"5 minutes\" \/>\n<script type=\"application\/ld+json\" class=\"yoast-schema-graph\">{\"@context\":\"https:\\\/\\\/schema.org\",\"@graph\":[{\"@type\":\"Article\",\"@id\":\"https:\\\/\\\/interamerica.org\\\/fr\\\/2005\\\/02\\\/eglise-mondiale-soyez-attentifs-aux-besoins-de-la-communaute-recommandation-formelle-des-experts-de-sante\\\/#article\",\"isPartOf\":{\"@id\":\"https:\\\/\\\/interamerica.org\\\/fr\\\/2005\\\/02\\\/eglise-mondiale-soyez-attentifs-aux-besoins-de-la-communaute-recommandation-formelle-des-experts-de-sante\\\/\"},\"author\":{\"name\":\"Lorenzo Verduzco\",\"@id\":\"https:\\\/\\\/interamerica.org\\\/fr\\\/#\\\/schema\\\/person\\\/68ede8bdc292885bb76c1e3810e73c39\"},\"headline\":\"\u00c9glise Mondiale : Soyez Attentifs aux Besoins de la Communaut\u00e9 : Recommandation Formelle des Experts de Sant\u00e9\",\"datePublished\":\"2005-02-01T04:00:00+00:00\",\"dateModified\":\"2017-06-02T17:20:41+00:00\",\"mainEntityOfPage\":{\"@id\":\"https:\\\/\\\/interamerica.org\\\/fr\\\/2005\\\/02\\\/eglise-mondiale-soyez-attentifs-aux-besoins-de-la-communaute-recommandation-formelle-des-experts-de-sante\\\/\"},\"wordCount\":1125,\"articleSection\":[\"Archive\"],\"inLanguage\":\"fr-FR\"},{\"@type\":\"WebPage\",\"@id\":\"https:\\\/\\\/interamerica.org\\\/fr\\\/2005\\\/02\\\/eglise-mondiale-soyez-attentifs-aux-besoins-de-la-communaute-recommandation-formelle-des-experts-de-sante\\\/\",\"url\":\"https:\\\/\\\/interamerica.org\\\/fr\\\/2005\\\/02\\\/eglise-mondiale-soyez-attentifs-aux-besoins-de-la-communaute-recommandation-formelle-des-experts-de-sante\\\/\",\"name\":\"\u00c9glise Mondiale : Soyez Attentifs aux Besoins de la Communaut\u00e9 : Recommandation Formelle des Experts de Sant\u00e9 - \u00c9glise Adventiste Du Septieme Jour - Inter Am\u00e9rique Division\",\"isPartOf\":{\"@id\":\"https:\\\/\\\/interamerica.org\\\/fr\\\/#website\"},\"datePublished\":\"2005-02-01T04:00:00+00:00\",\"dateModified\":\"2017-06-02T17:20:41+00:00\",\"author\":{\"@id\":\"https:\\\/\\\/interamerica.org\\\/fr\\\/#\\\/schema\\\/person\\\/68ede8bdc292885bb76c1e3810e73c39\"},\"breadcrumb\":{\"@id\":\"https:\\\/\\\/interamerica.org\\\/fr\\\/2005\\\/02\\\/eglise-mondiale-soyez-attentifs-aux-besoins-de-la-communaute-recommandation-formelle-des-experts-de-sante\\\/#breadcrumb\"},\"inLanguage\":\"fr-FR\",\"potentialAction\":[{\"@type\":\"ReadAction\",\"target\":[\"https:\\\/\\\/interamerica.org\\\/fr\\\/2005\\\/02\\\/eglise-mondiale-soyez-attentifs-aux-besoins-de-la-communaute-recommandation-formelle-des-experts-de-sante\\\/\"]}]},{\"@type\":\"BreadcrumbList\",\"@id\":\"https:\\\/\\\/interamerica.org\\\/fr\\\/2005\\\/02\\\/eglise-mondiale-soyez-attentifs-aux-besoins-de-la-communaute-recommandation-formelle-des-experts-de-sante\\\/#breadcrumb\",\"itemListElement\":[{\"@type\":\"ListItem\",\"position\":1,\"name\":\"Home\",\"item\":\"https:\\\/\\\/interamerica.org\\\/fr\\\/\"},{\"@type\":\"ListItem\",\"position\":2,\"name\":\"\u00c9glise Mondiale : Soyez Attentifs aux Besoins de la Communaut\u00e9 : Recommandation Formelle des Experts de Sant\u00e9\"}]},{\"@type\":\"WebSite\",\"@id\":\"https:\\\/\\\/interamerica.org\\\/fr\\\/#website\",\"url\":\"https:\\\/\\\/interamerica.org\\\/fr\\\/\",\"name\":\"\u00c9glise Adventiste Du Septieme Jour - Inter Am\u00e9rique Division\",\"description\":\"\",\"potentialAction\":[{\"@type\":\"SearchAction\",\"target\":{\"@type\":\"EntryPoint\",\"urlTemplate\":\"https:\\\/\\\/interamerica.org\\\/fr\\\/?s={search_term_string}\"},\"query-input\":{\"@type\":\"PropertyValueSpecification\",\"valueRequired\":true,\"valueName\":\"search_term_string\"}}],\"inLanguage\":\"fr-FR\"},{\"@type\":\"Person\",\"@id\":\"https:\\\/\\\/interamerica.org\\\/fr\\\/#\\\/schema\\\/person\\\/68ede8bdc292885bb76c1e3810e73c39\",\"name\":\"Lorenzo Verduzco\",\"image\":{\"@type\":\"ImageObject\",\"inLanguage\":\"fr-FR\",\"@id\":\"https:\\\/\\\/secure.gravatar.com\\\/avatar\\\/fb81a55b6218459490a9c1dc841a34909185b81904c5337b4b27f7a6fd60c49e?s=96&d=mm&r=g\",\"url\":\"https:\\\/\\\/secure.gravatar.com\\\/avatar\\\/fb81a55b6218459490a9c1dc841a34909185b81904c5337b4b27f7a6fd60c49e?s=96&d=mm&r=g\",\"contentUrl\":\"https:\\\/\\\/secure.gravatar.com\\\/avatar\\\/fb81a55b6218459490a9c1dc841a34909185b81904c5337b4b27f7a6fd60c49e?s=96&d=mm&r=g\",\"caption\":\"Lorenzo Verduzco\"}}]}<\/script>\n<!-- \/ Yoast SEO plugin. -->","yoast_head_json":{"title":"\u00c9glise Mondiale : Soyez Attentifs aux Besoins de la Communaut\u00e9 : Recommandation Formelle des Experts de Sant\u00e9 - \u00c9glise Adventiste Du Septieme Jour - Inter Am\u00e9rique Division","robots":{"index":"index","follow":"follow","max-snippet":"max-snippet:-1","max-image-preview":"max-image-preview:large","max-video-preview":"max-video-preview:-1"},"canonical":"https:\/\/interamerica.org\/fr\/2005\/02\/eglise-mondiale-soyez-attentifs-aux-besoins-de-la-communaute-recommandation-formelle-des-experts-de-sante\/","og_locale":"fr_FR","og_type":"article","og_title":"\u00c9glise Mondiale : Soyez Attentifs aux Besoins de la Communaut\u00e9 : Recommandation Formelle des Experts de Sant\u00e9 - \u00c9glise Adventiste Du Septieme Jour - Inter Am\u00e9rique Division","og_description":"Bien que l'\u00e9glise adventiste du septi\u00e8me jour ait une histoire de 145 ans \"de pratique de la r\u00e9forme sanitaire\" il est bon pour elle d'\u00e9valuer l'efficacit\u00e9 de son message...","og_url":"https:\/\/interamerica.org\/fr\/2005\/02\/eglise-mondiale-soyez-attentifs-aux-besoins-de-la-communaute-recommandation-formelle-des-experts-de-sante\/","og_site_name":"\u00c9glise Adventiste Du Septieme Jour - Inter Am\u00e9rique Division","article_published_time":"2005-02-01T04:00:00+00:00","article_modified_time":"2017-06-02T17:20:41+00:00","author":"Lorenzo Verduzco","twitter_card":"summary_large_image","twitter_misc":{"\u00c9crit par":"Lorenzo Verduzco","Dur\u00e9e de lecture estim\u00e9e":"5 minutes"},"schema":{"@context":"https:\/\/schema.org","@graph":[{"@type":"Article","@id":"https:\/\/interamerica.org\/fr\/2005\/02\/eglise-mondiale-soyez-attentifs-aux-besoins-de-la-communaute-recommandation-formelle-des-experts-de-sante\/#article","isPartOf":{"@id":"https:\/\/interamerica.org\/fr\/2005\/02\/eglise-mondiale-soyez-attentifs-aux-besoins-de-la-communaute-recommandation-formelle-des-experts-de-sante\/"},"author":{"name":"Lorenzo Verduzco","@id":"https:\/\/interamerica.org\/fr\/#\/schema\/person\/68ede8bdc292885bb76c1e3810e73c39"},"headline":"\u00c9glise Mondiale : Soyez Attentifs aux Besoins de la Communaut\u00e9 : Recommandation Formelle des Experts de Sant\u00e9","datePublished":"2005-02-01T04:00:00+00:00","dateModified":"2017-06-02T17:20:41+00:00","mainEntityOfPage":{"@id":"https:\/\/interamerica.org\/fr\/2005\/02\/eglise-mondiale-soyez-attentifs-aux-besoins-de-la-communaute-recommandation-formelle-des-experts-de-sante\/"},"wordCount":1125,"articleSection":["Archive"],"inLanguage":"fr-FR"},{"@type":"WebPage","@id":"https:\/\/interamerica.org\/fr\/2005\/02\/eglise-mondiale-soyez-attentifs-aux-besoins-de-la-communaute-recommandation-formelle-des-experts-de-sante\/","url":"https:\/\/interamerica.org\/fr\/2005\/02\/eglise-mondiale-soyez-attentifs-aux-besoins-de-la-communaute-recommandation-formelle-des-experts-de-sante\/","name":"\u00c9glise Mondiale : Soyez Attentifs aux Besoins de la Communaut\u00e9 : Recommandation Formelle des Experts de Sant\u00e9 - \u00c9glise Adventiste Du Septieme Jour - Inter Am\u00e9rique Division","isPartOf":{"@id":"https:\/\/interamerica.org\/fr\/#website"},"datePublished":"2005-02-01T04:00:00+00:00","dateModified":"2017-06-02T17:20:41+00:00","author":{"@id":"https:\/\/interamerica.org\/fr\/#\/schema\/person\/68ede8bdc292885bb76c1e3810e73c39"},"breadcrumb":{"@id":"https:\/\/interamerica.org\/fr\/2005\/02\/eglise-mondiale-soyez-attentifs-aux-besoins-de-la-communaute-recommandation-formelle-des-experts-de-sante\/#breadcrumb"},"inLanguage":"fr-FR","potentialAction":[{"@type":"ReadAction","target":["https:\/\/interamerica.org\/fr\/2005\/02\/eglise-mondiale-soyez-attentifs-aux-besoins-de-la-communaute-recommandation-formelle-des-experts-de-sante\/"]}]},{"@type":"BreadcrumbList","@id":"https:\/\/interamerica.org\/fr\/2005\/02\/eglise-mondiale-soyez-attentifs-aux-besoins-de-la-communaute-recommandation-formelle-des-experts-de-sante\/#breadcrumb","itemListElement":[{"@type":"ListItem","position":1,"name":"Home","item":"https:\/\/interamerica.org\/fr\/"},{"@type":"ListItem","position":2,"name":"\u00c9glise Mondiale : Soyez Attentifs aux Besoins de la Communaut\u00e9 : Recommandation Formelle des Experts de Sant\u00e9"}]},{"@type":"WebSite","@id":"https:\/\/interamerica.org\/fr\/#website","url":"https:\/\/interamerica.org\/fr\/","name":"\u00c9glise Adventiste Du Septieme Jour - Inter Am\u00e9rique Division","description":"","potentialAction":[{"@type":"SearchAction","target":{"@type":"EntryPoint","urlTemplate":"https:\/\/interamerica.org\/fr\/?s={search_term_string}"},"query-input":{"@type":"PropertyValueSpecification","valueRequired":true,"valueName":"search_term_string"}}],"inLanguage":"fr-FR"},{"@type":"Person","@id":"https:\/\/interamerica.org\/fr\/#\/schema\/person\/68ede8bdc292885bb76c1e3810e73c39","name":"Lorenzo Verduzco","image":{"@type":"ImageObject","inLanguage":"fr-FR","@id":"https:\/\/secure.gravatar.com\/avatar\/fb81a55b6218459490a9c1dc841a34909185b81904c5337b4b27f7a6fd60c49e?s=96&d=mm&r=g","url":"https:\/\/secure.gravatar.com\/avatar\/fb81a55b6218459490a9c1dc841a34909185b81904c5337b4b27f7a6fd60c49e?s=96&d=mm&r=g","contentUrl":"https:\/\/secure.gravatar.com\/avatar\/fb81a55b6218459490a9c1dc841a34909185b81904c5337b4b27f7a6fd60c49e?s=96&d=mm&r=g","caption":"Lorenzo Verduzco"}}]}},"_links":{"self":[{"href":"https:\/\/interamerica.org\/fr\/wp-json\/wp\/v2\/posts\/12296","targetHints":{"allow":["GET"]}}],"collection":[{"href":"https:\/\/interamerica.org\/fr\/wp-json\/wp\/v2\/posts"}],"about":[{"href":"https:\/\/interamerica.org\/fr\/wp-json\/wp\/v2\/types\/post"}],"author":[{"embeddable":true,"href":"https:\/\/interamerica.org\/fr\/wp-json\/wp\/v2\/users\/1"}],"replies":[{"embeddable":true,"href":"https:\/\/interamerica.org\/fr\/wp-json\/wp\/v2\/comments?post=12296"}],"version-history":[{"count":0,"href":"https:\/\/interamerica.org\/fr\/wp-json\/wp\/v2\/posts\/12296\/revisions"}],"wp:attachment":[{"href":"https:\/\/interamerica.org\/fr\/wp-json\/wp\/v2\/media?parent=12296"}],"wp:term":[{"taxonomy":"category","embeddable":true,"href":"https:\/\/interamerica.org\/fr\/wp-json\/wp\/v2\/categories?post=12296"},{"taxonomy":"post_tag","embeddable":true,"href":"https:\/\/interamerica.org\/fr\/wp-json\/wp\/v2\/tags?post=12296"}],"curies":[{"name":"wp","href":"https:\/\/api.w.org\/{rel}","templated":true}]}}