{"id":12297,"date":"2005-02-02T00:00:00","date_gmt":"2005-02-02T04:00:00","guid":{"rendered":"http:\/\/192.81.217.108\/interamerica\/2005\/02\/canada-le-gouvernement-propose-une-redefinition-du-mariage-les-adventistes-soucieux-pour-la-protection-de-leglise\/"},"modified":"2017-06-02T13:20:40","modified_gmt":"2017-06-02T17:20:40","slug":"canada-le-gouvernement-propose-une-redefinition-du-mariage-les-adventistes-soucieux-pour-la-protection-de-leglise","status":"publish","type":"post","link":"https:\/\/interamerica.org\/fr\/2005\/02\/canada-le-gouvernement-propose-une-redefinition-du-mariage-les-adventistes-soucieux-pour-la-protection-de-leglise\/","title":{"rendered":"Canada : Le Gouvernement Propose une Red\u00e9finition du Mariage; les adventistes soucieux pour la Protection de l&rsquo;Eglise"},"content":{"rendered":"<p>Ottawa, Ontario, Canada&#8230;. <\/p>\n<p>La pr\u00e9sentation, le 2 F\u00e9vrier, de la proposition de loi C-38, \u00ab\u00a0Civil Marriage Act,\u00a0\u00bb (l\u00e9gislation sur le mariage civil) par le Ministre de la Justice Canadienne Irwin Cotler, a soulev\u00e9 des inqui\u00e9tudes pour la libert\u00e9 religieuse du clerg\u00e9, des congr\u00e9gations et des individus \u00e0 travers le Canada, selon Barry W. Bussey, directeur des affaires publiques et de la libert\u00e9 religieuse de l&rsquo;Eglise adventiste.<\/p>\n<p>Le projet de loi, qui, comme on s&rsquo;y attend, sera approuv\u00e9 par le Parlement f\u00e9d\u00e9ral avant le mois de juin, red\u00e9finit le mariage comme \u00e9tant \u00ab\u00a0l&rsquo;union l\u00e9gale de deux personnes \u00e0 l&rsquo;exclusion de toute autre,\u00a0\u00bb par opposition \u00e0 une union d&rsquo;un homme et d&rsquo;une femme ; alors que la l\u00e9gislation stipule que le clerg\u00e9 est \u00ab\u00a0libre de refuser de c\u00e9l\u00e9brer les mariages qui ne sont pas conformes \u00e0 leurs croyances religieuses,\u00a0\u00bb a dit Bussey \u00e0 ANN dans une conversation t\u00e9l\u00e9phonique.<\/p>\n<p>\u00ab\u00a0Notre souci a toujours \u00e9t\u00e9 celui du maintien de la libert\u00e9 pour notre expression de foi religieuse,\u00a0\u00bb ajoute-t-il, en tant qu&rsquo;avocat. \u00ab\u00a0Le projet de loi du gouvernement semble prot\u00e9ger le clerg\u00e9 de devoir ex\u00e9cuter des mariages contre leur conscience. Cependant, la Cour supr\u00eame en d\u00e9cembre a expos\u00e9 tr\u00e8s clairement que le Parlement f\u00e9d\u00e9ral n&rsquo;\u00e0 aucune autorit\u00e9 pour accorder une telle protection &#8211; c&rsquo;est le r\u00f4le des l\u00e9gislatures provinciales.\u00a0\u00bb <\/p>\n<p>La Constitution canadienne a r\u00e9parti la juridiction matrimoniale entre les gouvernements f\u00e9d\u00e9raux et provinciaux &#8211; le gouvernement f\u00e9d\u00e9ral a la juridiction sur \u00ab\u00a0le droit\u00a0\u00bb de marier, tandis que les gouvernements provinciaux sont responsables \u00ab\u00a0de la c\u00e9l\u00e9bration\u00a0\u00bb du mariage. <\/p>\n<p>\u00ab\u00a0L&rsquo;insertion de ces clauses d&rsquo;exemption religieuse par le gouvernement f\u00e9d\u00e9ral n&rsquo;a vraiment aucun poids l\u00e9gal. <\/p>\n<p>On est en mesure de dire que vu le climat actuel, il est peu probable qu&rsquo;une province exige que le clerg\u00e9 agisse contre sa conscience en c\u00e9l\u00e9brant les mariages. Cependant, au moins deux provinces ont d\u00e9clar\u00e9 qu&rsquo;une personne, qui ne serait pas membre du clerg\u00e9, autoris\u00e9e \u00e0 c\u00e9l\u00e9brer des mariages est tenue de marier des couples de m\u00eame sexe m\u00eame si cela viole leur conscience,\u00a0\u00bb a expliqu\u00e9 Bussey. <\/p>\n<p>La semaine derni\u00e8re, il y eut quatre jours d&rsquo;audience du Tribunal des Droits de l&rsquo;homme de la Colombie Britannique dans un cas impliquant un citoyen, membre du \u00ab\u00a0Knights of Columbus chapter\u00a0\u00bb, une organisation de la\u00efcs catholiques. Ce groupe avait refus\u00e9 de louer son hall social \u00e0 un couple de m\u00eame sexe voulant y avoir leur r\u00e9ception de noces. \u00ab\u00a0La chose essentielle est de maintenir la libert\u00e9 religieuse,\u00a0\u00bb a dit Bussey. \u00ab\u00a0Nous ne sommes pas int\u00e9ress\u00e9s \u00e0 vendre avec tromperie notre point de vue morale \u00e0 personne, mais nous nous demandons si nous serons toujours capables de continuer avec notre foi.\u00a0\u00bb <\/p>\n<p>Selon les rapports des m\u00e9dias, environ 66 pour cent de Canadiens disent qu&rsquo;ils voteraient contre le mariage de personnes\u00a0\u00bbdu m\u00eame sexe\u00a0\u00bb si on effectuait un pl\u00e9biscite. Selon \u00ab\u00a0le National Post,\u00a0\u00bb Cotler dit que le gouvernement ne mettrait pas des questions fondamentales \u00ab\u00a0des droits de l&rsquo;homme \u00a0\u00bb devant les \u00e9lecteurs. <\/p>\n<p>Et, le m\u00eame journal avait pr\u00e9sent\u00e9 ant\u00e9rieurement une d\u00e9claration du Ministre des Affaires \u00c9trang\u00e8res, Pierre Stewart Pettigrew \u00e0 un auditoire de New Brunswick, Canada, o\u00f9 il disait que l&rsquo;\u00c9glise Catholique ne devrait pas entrer dans le d\u00e9bat sur la loi C-38 : \u00ab\u00a0je trouve que la s\u00e9paration de l&rsquo;\u00c9glise et de l&rsquo;\u00c9tat est une des plus belles inventions des temps modernes,\u00a0\u00bb a-t-il soulign\u00e9. <\/p>\n<p>Il y a 329 \u00e9glises adventistes du septi\u00e8me jour au Canada, avec 53,000 membres baptis\u00e9s se retrouvent parmi les adorateurs, chaque Sabbat. <\/p>\n","protected":false},"excerpt":{"rendered":"<p>La pr\u00e9sentation de la proposition de loi C-38, \u00ab\u00a0Civil Marriage Act,\u00a0\u00bb (l\u00e9gislation sur le mariage civil), le 2 F\u00e9vrier, par le Ministre de la Justice Canadienne Irwin Cotler, a soulev\u00e9 des inqui\u00e9tudes pour la libert\u00e9 religieuse chez le clerg\u00e9&#8230;<\/p>\n","protected":false},"author":1,"featured_media":0,"comment_status":"closed","ping_status":"closed","sticky":false,"template":"","format":"standard","meta":{"_acf_changed":false,"footnotes":""},"categories":[9],"tags":[],"class_list":["post-12297","post","type-post","status-publish","format-standard","hentry","category-archive-fr"],"acf":[],"yoast_head":"<!-- This site is optimized with the Yoast SEO plugin v27.3 - https:\/\/yoast.com\/product\/yoast-seo-wordpress\/ -->\n<title>Canada : Le Gouvernement Propose une Red\u00e9finition du Mariage; les adventistes soucieux pour la Protection de l&#039;Eglise - \u00c9glise Adventiste Du Septieme Jour - Inter Am\u00e9rique Division<\/title>\n<meta name=\"robots\" content=\"index, follow, max-snippet:-1, max-image-preview:large, max-video-preview:-1\" \/>\n<link rel=\"canonical\" href=\"https:\/\/interamerica.org\/fr\/2005\/02\/canada-le-gouvernement-propose-une-redefinition-du-mariage-les-adventistes-soucieux-pour-la-protection-de-leglise\/\" \/>\n<meta property=\"og:locale\" content=\"fr_FR\" \/>\n<meta property=\"og:type\" content=\"article\" \/>\n<meta property=\"og:title\" content=\"Canada : Le Gouvernement Propose une Red\u00e9finition du Mariage; les adventistes soucieux pour la Protection de l&#039;Eglise - \u00c9glise Adventiste Du Septieme Jour - Inter Am\u00e9rique Division\" \/>\n<meta property=\"og:description\" content=\"La pr\u00e9sentation de la proposition de loi C-38, &quot;Civil Marriage Act,&quot; (l\u00e9gislation sur le mariage civil), le 2 F\u00e9vrier, par le Ministre de la Justice Canadienne Irwin Cotler, a soulev\u00e9 des inqui\u00e9tudes pour la libert\u00e9 religieuse chez le clerg\u00e9...\" \/>\n<meta property=\"og:url\" content=\"https:\/\/interamerica.org\/fr\/2005\/02\/canada-le-gouvernement-propose-une-redefinition-du-mariage-les-adventistes-soucieux-pour-la-protection-de-leglise\/\" \/>\n<meta property=\"og:site_name\" content=\"\u00c9glise Adventiste Du Septieme Jour - Inter Am\u00e9rique Division\" \/>\n<meta property=\"article:published_time\" content=\"2005-02-02T04:00:00+00:00\" \/>\n<meta property=\"article:modified_time\" content=\"2017-06-02T17:20:40+00:00\" \/>\n<meta name=\"author\" content=\"Lorenzo Verduzco\" \/>\n<meta name=\"twitter:card\" content=\"summary_large_image\" \/>\n<meta name=\"twitter:label1\" content=\"\u00c9crit par\" \/>\n\t<meta name=\"twitter:data1\" content=\"Lorenzo Verduzco\" \/>\n\t<meta name=\"twitter:label2\" content=\"Dur\u00e9e de lecture estim\u00e9e\" \/>\n\t<meta name=\"twitter:data2\" content=\"3 minutes\" \/>\n<script type=\"application\/ld+json\" class=\"yoast-schema-graph\">{\"@context\":\"https:\\\/\\\/schema.org\",\"@graph\":[{\"@type\":\"Article\",\"@id\":\"https:\\\/\\\/interamerica.org\\\/fr\\\/2005\\\/02\\\/canada-le-gouvernement-propose-une-redefinition-du-mariage-les-adventistes-soucieux-pour-la-protection-de-leglise\\\/#article\",\"isPartOf\":{\"@id\":\"https:\\\/\\\/interamerica.org\\\/fr\\\/2005\\\/02\\\/canada-le-gouvernement-propose-une-redefinition-du-mariage-les-adventistes-soucieux-pour-la-protection-de-leglise\\\/\"},\"author\":{\"name\":\"Lorenzo Verduzco\",\"@id\":\"https:\\\/\\\/interamerica.org\\\/fr\\\/#\\\/schema\\\/person\\\/68ede8bdc292885bb76c1e3810e73c39\"},\"headline\":\"Canada : Le Gouvernement Propose une Red\u00e9finition du Mariage; les adventistes soucieux pour la Protection de l&rsquo;Eglise\",\"datePublished\":\"2005-02-02T04:00:00+00:00\",\"dateModified\":\"2017-06-02T17:20:40+00:00\",\"mainEntityOfPage\":{\"@id\":\"https:\\\/\\\/interamerica.org\\\/fr\\\/2005\\\/02\\\/canada-le-gouvernement-propose-une-redefinition-du-mariage-les-adventistes-soucieux-pour-la-protection-de-leglise\\\/\"},\"wordCount\":650,\"articleSection\":[\"Archive\"],\"inLanguage\":\"fr-FR\"},{\"@type\":\"WebPage\",\"@id\":\"https:\\\/\\\/interamerica.org\\\/fr\\\/2005\\\/02\\\/canada-le-gouvernement-propose-une-redefinition-du-mariage-les-adventistes-soucieux-pour-la-protection-de-leglise\\\/\",\"url\":\"https:\\\/\\\/interamerica.org\\\/fr\\\/2005\\\/02\\\/canada-le-gouvernement-propose-une-redefinition-du-mariage-les-adventistes-soucieux-pour-la-protection-de-leglise\\\/\",\"name\":\"Canada : Le Gouvernement Propose une Red\u00e9finition du Mariage; les adventistes soucieux pour la Protection de l'Eglise - \u00c9glise Adventiste Du Septieme Jour - Inter Am\u00e9rique Division\",\"isPartOf\":{\"@id\":\"https:\\\/\\\/interamerica.org\\\/fr\\\/#website\"},\"datePublished\":\"2005-02-02T04:00:00+00:00\",\"dateModified\":\"2017-06-02T17:20:40+00:00\",\"author\":{\"@id\":\"https:\\\/\\\/interamerica.org\\\/fr\\\/#\\\/schema\\\/person\\\/68ede8bdc292885bb76c1e3810e73c39\"},\"breadcrumb\":{\"@id\":\"https:\\\/\\\/interamerica.org\\\/fr\\\/2005\\\/02\\\/canada-le-gouvernement-propose-une-redefinition-du-mariage-les-adventistes-soucieux-pour-la-protection-de-leglise\\\/#breadcrumb\"},\"inLanguage\":\"fr-FR\",\"potentialAction\":[{\"@type\":\"ReadAction\",\"target\":[\"https:\\\/\\\/interamerica.org\\\/fr\\\/2005\\\/02\\\/canada-le-gouvernement-propose-une-redefinition-du-mariage-les-adventistes-soucieux-pour-la-protection-de-leglise\\\/\"]}]},{\"@type\":\"BreadcrumbList\",\"@id\":\"https:\\\/\\\/interamerica.org\\\/fr\\\/2005\\\/02\\\/canada-le-gouvernement-propose-une-redefinition-du-mariage-les-adventistes-soucieux-pour-la-protection-de-leglise\\\/#breadcrumb\",\"itemListElement\":[{\"@type\":\"ListItem\",\"position\":1,\"name\":\"Home\",\"item\":\"https:\\\/\\\/interamerica.org\\\/fr\\\/\"},{\"@type\":\"ListItem\",\"position\":2,\"name\":\"Canada : Le Gouvernement Propose une Red\u00e9finition du Mariage; les adventistes soucieux pour la Protection de l&#8217;Eglise\"}]},{\"@type\":\"WebSite\",\"@id\":\"https:\\\/\\\/interamerica.org\\\/fr\\\/#website\",\"url\":\"https:\\\/\\\/interamerica.org\\\/fr\\\/\",\"name\":\"\u00c9glise Adventiste Du Septieme Jour - Inter Am\u00e9rique Division\",\"description\":\"\",\"potentialAction\":[{\"@type\":\"SearchAction\",\"target\":{\"@type\":\"EntryPoint\",\"urlTemplate\":\"https:\\\/\\\/interamerica.org\\\/fr\\\/?s={search_term_string}\"},\"query-input\":{\"@type\":\"PropertyValueSpecification\",\"valueRequired\":true,\"valueName\":\"search_term_string\"}}],\"inLanguage\":\"fr-FR\"},{\"@type\":\"Person\",\"@id\":\"https:\\\/\\\/interamerica.org\\\/fr\\\/#\\\/schema\\\/person\\\/68ede8bdc292885bb76c1e3810e73c39\",\"name\":\"Lorenzo Verduzco\",\"image\":{\"@type\":\"ImageObject\",\"inLanguage\":\"fr-FR\",\"@id\":\"https:\\\/\\\/secure.gravatar.com\\\/avatar\\\/fb81a55b6218459490a9c1dc841a34909185b81904c5337b4b27f7a6fd60c49e?s=96&d=mm&r=g\",\"url\":\"https:\\\/\\\/secure.gravatar.com\\\/avatar\\\/fb81a55b6218459490a9c1dc841a34909185b81904c5337b4b27f7a6fd60c49e?s=96&d=mm&r=g\",\"contentUrl\":\"https:\\\/\\\/secure.gravatar.com\\\/avatar\\\/fb81a55b6218459490a9c1dc841a34909185b81904c5337b4b27f7a6fd60c49e?s=96&d=mm&r=g\",\"caption\":\"Lorenzo Verduzco\"}}]}<\/script>\n<!-- \/ Yoast SEO plugin. -->","yoast_head_json":{"title":"Canada : Le Gouvernement Propose une Red\u00e9finition du Mariage; les adventistes soucieux pour la Protection de l'Eglise - \u00c9glise Adventiste Du Septieme Jour - Inter Am\u00e9rique Division","robots":{"index":"index","follow":"follow","max-snippet":"max-snippet:-1","max-image-preview":"max-image-preview:large","max-video-preview":"max-video-preview:-1"},"canonical":"https:\/\/interamerica.org\/fr\/2005\/02\/canada-le-gouvernement-propose-une-redefinition-du-mariage-les-adventistes-soucieux-pour-la-protection-de-leglise\/","og_locale":"fr_FR","og_type":"article","og_title":"Canada : Le Gouvernement Propose une Red\u00e9finition du Mariage; les adventistes soucieux pour la Protection de l'Eglise - \u00c9glise Adventiste Du Septieme Jour - Inter Am\u00e9rique Division","og_description":"La pr\u00e9sentation de la proposition de loi C-38, \"Civil Marriage Act,\" (l\u00e9gislation sur le mariage civil), le 2 F\u00e9vrier, par le Ministre de la Justice Canadienne Irwin Cotler, a soulev\u00e9 des inqui\u00e9tudes pour la libert\u00e9 religieuse chez le clerg\u00e9...","og_url":"https:\/\/interamerica.org\/fr\/2005\/02\/canada-le-gouvernement-propose-une-redefinition-du-mariage-les-adventistes-soucieux-pour-la-protection-de-leglise\/","og_site_name":"\u00c9glise Adventiste Du Septieme Jour - Inter Am\u00e9rique Division","article_published_time":"2005-02-02T04:00:00+00:00","article_modified_time":"2017-06-02T17:20:40+00:00","author":"Lorenzo Verduzco","twitter_card":"summary_large_image","twitter_misc":{"\u00c9crit par":"Lorenzo Verduzco","Dur\u00e9e de lecture estim\u00e9e":"3 minutes"},"schema":{"@context":"https:\/\/schema.org","@graph":[{"@type":"Article","@id":"https:\/\/interamerica.org\/fr\/2005\/02\/canada-le-gouvernement-propose-une-redefinition-du-mariage-les-adventistes-soucieux-pour-la-protection-de-leglise\/#article","isPartOf":{"@id":"https:\/\/interamerica.org\/fr\/2005\/02\/canada-le-gouvernement-propose-une-redefinition-du-mariage-les-adventistes-soucieux-pour-la-protection-de-leglise\/"},"author":{"name":"Lorenzo Verduzco","@id":"https:\/\/interamerica.org\/fr\/#\/schema\/person\/68ede8bdc292885bb76c1e3810e73c39"},"headline":"Canada : Le Gouvernement Propose une Red\u00e9finition du Mariage; les adventistes soucieux pour la Protection de l&rsquo;Eglise","datePublished":"2005-02-02T04:00:00+00:00","dateModified":"2017-06-02T17:20:40+00:00","mainEntityOfPage":{"@id":"https:\/\/interamerica.org\/fr\/2005\/02\/canada-le-gouvernement-propose-une-redefinition-du-mariage-les-adventistes-soucieux-pour-la-protection-de-leglise\/"},"wordCount":650,"articleSection":["Archive"],"inLanguage":"fr-FR"},{"@type":"WebPage","@id":"https:\/\/interamerica.org\/fr\/2005\/02\/canada-le-gouvernement-propose-une-redefinition-du-mariage-les-adventistes-soucieux-pour-la-protection-de-leglise\/","url":"https:\/\/interamerica.org\/fr\/2005\/02\/canada-le-gouvernement-propose-une-redefinition-du-mariage-les-adventistes-soucieux-pour-la-protection-de-leglise\/","name":"Canada : Le Gouvernement Propose une Red\u00e9finition du Mariage; les adventistes soucieux pour la Protection de l'Eglise - \u00c9glise Adventiste Du Septieme Jour - Inter Am\u00e9rique Division","isPartOf":{"@id":"https:\/\/interamerica.org\/fr\/#website"},"datePublished":"2005-02-02T04:00:00+00:00","dateModified":"2017-06-02T17:20:40+00:00","author":{"@id":"https:\/\/interamerica.org\/fr\/#\/schema\/person\/68ede8bdc292885bb76c1e3810e73c39"},"breadcrumb":{"@id":"https:\/\/interamerica.org\/fr\/2005\/02\/canada-le-gouvernement-propose-une-redefinition-du-mariage-les-adventistes-soucieux-pour-la-protection-de-leglise\/#breadcrumb"},"inLanguage":"fr-FR","potentialAction":[{"@type":"ReadAction","target":["https:\/\/interamerica.org\/fr\/2005\/02\/canada-le-gouvernement-propose-une-redefinition-du-mariage-les-adventistes-soucieux-pour-la-protection-de-leglise\/"]}]},{"@type":"BreadcrumbList","@id":"https:\/\/interamerica.org\/fr\/2005\/02\/canada-le-gouvernement-propose-une-redefinition-du-mariage-les-adventistes-soucieux-pour-la-protection-de-leglise\/#breadcrumb","itemListElement":[{"@type":"ListItem","position":1,"name":"Home","item":"https:\/\/interamerica.org\/fr\/"},{"@type":"ListItem","position":2,"name":"Canada : Le Gouvernement Propose une Red\u00e9finition du Mariage; les adventistes soucieux pour la Protection de l&#8217;Eglise"}]},{"@type":"WebSite","@id":"https:\/\/interamerica.org\/fr\/#website","url":"https:\/\/interamerica.org\/fr\/","name":"\u00c9glise Adventiste Du Septieme Jour - Inter Am\u00e9rique Division","description":"","potentialAction":[{"@type":"SearchAction","target":{"@type":"EntryPoint","urlTemplate":"https:\/\/interamerica.org\/fr\/?s={search_term_string}"},"query-input":{"@type":"PropertyValueSpecification","valueRequired":true,"valueName":"search_term_string"}}],"inLanguage":"fr-FR"},{"@type":"Person","@id":"https:\/\/interamerica.org\/fr\/#\/schema\/person\/68ede8bdc292885bb76c1e3810e73c39","name":"Lorenzo Verduzco","image":{"@type":"ImageObject","inLanguage":"fr-FR","@id":"https:\/\/secure.gravatar.com\/avatar\/fb81a55b6218459490a9c1dc841a34909185b81904c5337b4b27f7a6fd60c49e?s=96&d=mm&r=g","url":"https:\/\/secure.gravatar.com\/avatar\/fb81a55b6218459490a9c1dc841a34909185b81904c5337b4b27f7a6fd60c49e?s=96&d=mm&r=g","contentUrl":"https:\/\/secure.gravatar.com\/avatar\/fb81a55b6218459490a9c1dc841a34909185b81904c5337b4b27f7a6fd60c49e?s=96&d=mm&r=g","caption":"Lorenzo Verduzco"}}]}},"_links":{"self":[{"href":"https:\/\/interamerica.org\/fr\/wp-json\/wp\/v2\/posts\/12297","targetHints":{"allow":["GET"]}}],"collection":[{"href":"https:\/\/interamerica.org\/fr\/wp-json\/wp\/v2\/posts"}],"about":[{"href":"https:\/\/interamerica.org\/fr\/wp-json\/wp\/v2\/types\/post"}],"author":[{"embeddable":true,"href":"https:\/\/interamerica.org\/fr\/wp-json\/wp\/v2\/users\/1"}],"replies":[{"embeddable":true,"href":"https:\/\/interamerica.org\/fr\/wp-json\/wp\/v2\/comments?post=12297"}],"version-history":[{"count":0,"href":"https:\/\/interamerica.org\/fr\/wp-json\/wp\/v2\/posts\/12297\/revisions"}],"wp:attachment":[{"href":"https:\/\/interamerica.org\/fr\/wp-json\/wp\/v2\/media?parent=12297"}],"wp:term":[{"taxonomy":"category","embeddable":true,"href":"https:\/\/interamerica.org\/fr\/wp-json\/wp\/v2\/categories?post=12297"},{"taxonomy":"post_tag","embeddable":true,"href":"https:\/\/interamerica.org\/fr\/wp-json\/wp\/v2\/tags?post=12297"}],"curies":[{"name":"wp","href":"https:\/\/api.w.org\/{rel}","templated":true}]}}