{"id":12298,"date":"2005-02-01T00:00:00","date_gmt":"2005-02-01T04:00:00","guid":{"rendered":"http:\/\/192.81.217.108\/interamerica\/2005\/02\/nigeria-des-predicateurs-en-visite-se-donnent-comme-objectif-de-fortifier-les-eglises\/"},"modified":"2017-06-02T13:20:41","modified_gmt":"2017-06-02T17:20:41","slug":"nigeria-des-predicateurs-en-visite-se-donnent-comme-objectif-de-fortifier-les-eglises","status":"publish","type":"post","link":"https:\/\/interamerica.org\/fr\/2005\/02\/nigeria-des-predicateurs-en-visite-se-donnent-comme-objectif-de-fortifier-les-eglises\/","title":{"rendered":"Nigeria : Des Pr\u00e9dicateurs en Visite Se Donnent Comme Objectif de Fortifier les \u00c9glises"},"content":{"rendered":"<p>Abuja, Nigeria&#8230;.<\/p>\n<p>Une campagne d&rsquo;\u00e9vang\u00e9lisation d&rsquo;un mois destin\u00e9e au public du Nord du Nigeria a \u00e9t\u00e9 r\u00e9cemment pr\u00e9sent\u00e9e dans les m\u00e9dias \u00e0 cause d&rsquo;un conflit religieux acharn\u00e9, avec l&rsquo;objectif de communiquer le message chr\u00e9tien \u00e0 la population locale et d&rsquo;affermir la foi de ceux-l\u00e0 qui sont d\u00e9j\u00e0 dans l&rsquo;\u00c9glise Adventiste, selon l&rsquo;un des organisateurs.<\/p>\n<p>\u00ab\u00a0Avec trois campagnes d&rsquo;\u00e9vang\u00e9lisation publique et des r\u00e9unions dans deux zones rurales, [nous voulons] fortifier les \u00e9glises et les chr\u00e9tiens qui rencontrent occasionnellement de l&rsquo;opposition &#8211; et m\u00eame la pers\u00e9cution &#8211; dans leur environnement souvent hostile,\u00a0\u00bb a dit docteur Borge Schantz, un professeur retrait\u00e9 de Newbold Coll\u00e8ge, \u00e0 St. Alban, Angleterre, qui a autrefois servi comme missionnaire dans la r\u00e9gion. <\/p>\n<p>Un deuxi\u00e8me but est de souligner l&rsquo;importance et le r\u00f4le des anges, en tant qu&rsquo;agents actifs dans les guerres spirituelles et [locales] \u00ab\u00a0des cultes d&rsquo;anc\u00eatres\u00a0\u00bb \u00e0 un niveau g\u00e9n\u00e9ral et personnel. \u00ab\u00a0Les Convertis issus des religions traditionnelles, sont troubl\u00e9s et luttent avec des esprits de toutes sortes, souvent, sur une longue p\u00e9riode de temps \u00a0\u00bb a-t-il dit.<\/p>\n<p>Schantz a ajout\u00e9 un troisi\u00e8me objectif : souligner et expliquer aux chr\u00e9tiens l&rsquo;importance des ordonnances, des rituels et des c\u00e9r\u00e9monies, tels que pr\u00e9sent\u00e9s dans la Bible.<\/p>\n<p>\u00ab\u00a0Dans trop de cas,\u00a0\u00bb a-t-il dit, \u00ab\u00a0[ces croyants] ne peuvent pas lire la Bible ou d&rsquo;autres litt\u00e9ratures chr\u00e9tiennes. Une compr\u00e9hension de la signification plus profonde de ces rituels comme des moyens, et non comme des buts, donnerait une meilleure appr\u00e9ciation du plan du salut.\u00a0\u00bb<\/p>\n<p>Dans l&rsquo;\u00e9quipe \u00e9vang\u00e9lique, se trouvent docteur Schantz; docteur Hyunsok Doh, un pasteur adventiste cor\u00e9en de Washington, district f\u00e9d\u00e9ral de Columbia et Patrick Boyle, un pasteur r\u00e9cemment retrait\u00e9 de l&rsquo;\u00c9glise de Stanborough Park, \u00e0 Watford, Angleterre.<\/p>\n<p>\u00ab\u00a0Comme une \u00e9quipe d&rsquo;expatri\u00e9s nous avons travaill\u00e9 ensemble au Pakistan et attendons avec impatience de prendre du service au profit des \u00e9glises au Nigeria,\u00a0\u00bb a dit docteur Schantz \u00e0 ANN. \u00ab\u00a0Pour moi c&rsquo;est une sorte de retour au pays. J&rsquo;ai travaill\u00e9 dans le secteur il y a 35 ans de cela. A l&rsquo;\u00e9poque, il y avait environ 1,700 membres au Nord du Nigeria. Aujourd&rsquo;hui, il y a plus de 35,000 membres dans le secteur.\u00a0\u00bb<\/p>\n<p>Les r\u00e9unions d\u00e9buteront, selon les pr\u00e9visions, le 5 f\u00e9vrier et seront suivies par des sessions de travail avec les ouvriers dans le secteur. Des r\u00e9unions publiques sur des sujets divers sont pr\u00e9vues. Le Sabbat, ou samedi, on aura des r\u00e9unions dans les \u00e9glises voisines.<\/p>\n<p>Les adventistes du septi\u00e8me jour ont \u00e9tabli la toute premi\u00e8re \u00e9glise dans la r\u00e9gion administrative du Nigeria, en 1914. Aujourd&rsquo;hui, plus de 207,000 membres adorent dans 700 congr\u00e9gations de ce pays.\u00a0<\/p>\n","protected":false},"excerpt":{"rendered":"<p>Une campagne d&rsquo;\u00e9vang\u00e9lisation d&rsquo;un mois destin\u00e9e au public du Nord du Nigeria, r\u00e9cemment pr\u00e9sent\u00e9e dans les m\u00e9dias \u00e0 cause d&rsquo;un conflit religieux acharn\u00e9 &#8230;<\/p>\n","protected":false},"author":1,"featured_media":0,"comment_status":"closed","ping_status":"closed","sticky":false,"template":"","format":"standard","meta":{"_acf_changed":false,"footnotes":""},"categories":[9],"tags":[],"class_list":["post-12298","post","type-post","status-publish","format-standard","hentry","category-archive-fr"],"acf":[],"yoast_head":"<!-- This site is optimized with the Yoast SEO plugin v27.3 - https:\/\/yoast.com\/product\/yoast-seo-wordpress\/ -->\n<title>Nigeria : Des Pr\u00e9dicateurs en Visite Se Donnent Comme Objectif de Fortifier les \u00c9glises - \u00c9glise Adventiste Du Septieme Jour - Inter Am\u00e9rique Division<\/title>\n<meta name=\"robots\" content=\"index, follow, max-snippet:-1, max-image-preview:large, max-video-preview:-1\" \/>\n<link rel=\"canonical\" href=\"https:\/\/interamerica.org\/fr\/2005\/02\/nigeria-des-predicateurs-en-visite-se-donnent-comme-objectif-de-fortifier-les-eglises\/\" \/>\n<meta property=\"og:locale\" content=\"fr_FR\" \/>\n<meta property=\"og:type\" content=\"article\" \/>\n<meta property=\"og:title\" content=\"Nigeria : Des Pr\u00e9dicateurs en Visite Se Donnent Comme Objectif de Fortifier les \u00c9glises - \u00c9glise Adventiste Du Septieme Jour - Inter Am\u00e9rique Division\" \/>\n<meta property=\"og:description\" content=\"Une campagne d&#039;\u00e9vang\u00e9lisation d&#039;un mois destin\u00e9e au public du Nord du Nigeria, r\u00e9cemment pr\u00e9sent\u00e9e dans les m\u00e9dias \u00e0 cause d&#039;un conflit religieux acharn\u00e9 ...\" \/>\n<meta property=\"og:url\" content=\"https:\/\/interamerica.org\/fr\/2005\/02\/nigeria-des-predicateurs-en-visite-se-donnent-comme-objectif-de-fortifier-les-eglises\/\" \/>\n<meta property=\"og:site_name\" content=\"\u00c9glise Adventiste Du Septieme Jour - Inter Am\u00e9rique Division\" \/>\n<meta property=\"article:published_time\" content=\"2005-02-01T04:00:00+00:00\" \/>\n<meta property=\"article:modified_time\" content=\"2017-06-02T17:20:41+00:00\" \/>\n<meta name=\"author\" content=\"Lorenzo Verduzco\" \/>\n<meta name=\"twitter:card\" content=\"summary_large_image\" \/>\n<meta name=\"twitter:label1\" content=\"\u00c9crit par\" \/>\n\t<meta name=\"twitter:data1\" content=\"Lorenzo Verduzco\" \/>\n\t<meta name=\"twitter:label2\" content=\"Dur\u00e9e de lecture estim\u00e9e\" \/>\n\t<meta name=\"twitter:data2\" content=\"2 minutes\" \/>\n<script type=\"application\/ld+json\" class=\"yoast-schema-graph\">{\"@context\":\"https:\\\/\\\/schema.org\",\"@graph\":[{\"@type\":\"Article\",\"@id\":\"https:\\\/\\\/interamerica.org\\\/fr\\\/2005\\\/02\\\/nigeria-des-predicateurs-en-visite-se-donnent-comme-objectif-de-fortifier-les-eglises\\\/#article\",\"isPartOf\":{\"@id\":\"https:\\\/\\\/interamerica.org\\\/fr\\\/2005\\\/02\\\/nigeria-des-predicateurs-en-visite-se-donnent-comme-objectif-de-fortifier-les-eglises\\\/\"},\"author\":{\"name\":\"Lorenzo Verduzco\",\"@id\":\"https:\\\/\\\/interamerica.org\\\/fr\\\/#\\\/schema\\\/person\\\/68ede8bdc292885bb76c1e3810e73c39\"},\"headline\":\"Nigeria : Des Pr\u00e9dicateurs en Visite Se Donnent Comme Objectif de Fortifier les \u00c9glises\",\"datePublished\":\"2005-02-01T04:00:00+00:00\",\"dateModified\":\"2017-06-02T17:20:41+00:00\",\"mainEntityOfPage\":{\"@id\":\"https:\\\/\\\/interamerica.org\\\/fr\\\/2005\\\/02\\\/nigeria-des-predicateurs-en-visite-se-donnent-comme-objectif-de-fortifier-les-eglises\\\/\"},\"wordCount\":495,\"articleSection\":[\"Archive\"],\"inLanguage\":\"fr-FR\"},{\"@type\":\"WebPage\",\"@id\":\"https:\\\/\\\/interamerica.org\\\/fr\\\/2005\\\/02\\\/nigeria-des-predicateurs-en-visite-se-donnent-comme-objectif-de-fortifier-les-eglises\\\/\",\"url\":\"https:\\\/\\\/interamerica.org\\\/fr\\\/2005\\\/02\\\/nigeria-des-predicateurs-en-visite-se-donnent-comme-objectif-de-fortifier-les-eglises\\\/\",\"name\":\"Nigeria : Des Pr\u00e9dicateurs en Visite Se Donnent Comme Objectif de Fortifier les \u00c9glises - \u00c9glise Adventiste Du Septieme Jour - Inter Am\u00e9rique Division\",\"isPartOf\":{\"@id\":\"https:\\\/\\\/interamerica.org\\\/fr\\\/#website\"},\"datePublished\":\"2005-02-01T04:00:00+00:00\",\"dateModified\":\"2017-06-02T17:20:41+00:00\",\"author\":{\"@id\":\"https:\\\/\\\/interamerica.org\\\/fr\\\/#\\\/schema\\\/person\\\/68ede8bdc292885bb76c1e3810e73c39\"},\"breadcrumb\":{\"@id\":\"https:\\\/\\\/interamerica.org\\\/fr\\\/2005\\\/02\\\/nigeria-des-predicateurs-en-visite-se-donnent-comme-objectif-de-fortifier-les-eglises\\\/#breadcrumb\"},\"inLanguage\":\"fr-FR\",\"potentialAction\":[{\"@type\":\"ReadAction\",\"target\":[\"https:\\\/\\\/interamerica.org\\\/fr\\\/2005\\\/02\\\/nigeria-des-predicateurs-en-visite-se-donnent-comme-objectif-de-fortifier-les-eglises\\\/\"]}]},{\"@type\":\"BreadcrumbList\",\"@id\":\"https:\\\/\\\/interamerica.org\\\/fr\\\/2005\\\/02\\\/nigeria-des-predicateurs-en-visite-se-donnent-comme-objectif-de-fortifier-les-eglises\\\/#breadcrumb\",\"itemListElement\":[{\"@type\":\"ListItem\",\"position\":1,\"name\":\"Home\",\"item\":\"https:\\\/\\\/interamerica.org\\\/fr\\\/\"},{\"@type\":\"ListItem\",\"position\":2,\"name\":\"Nigeria : Des Pr\u00e9dicateurs en Visite Se Donnent Comme Objectif de Fortifier les \u00c9glises\"}]},{\"@type\":\"WebSite\",\"@id\":\"https:\\\/\\\/interamerica.org\\\/fr\\\/#website\",\"url\":\"https:\\\/\\\/interamerica.org\\\/fr\\\/\",\"name\":\"\u00c9glise Adventiste Du Septieme Jour - Inter Am\u00e9rique Division\",\"description\":\"\",\"potentialAction\":[{\"@type\":\"SearchAction\",\"target\":{\"@type\":\"EntryPoint\",\"urlTemplate\":\"https:\\\/\\\/interamerica.org\\\/fr\\\/?s={search_term_string}\"},\"query-input\":{\"@type\":\"PropertyValueSpecification\",\"valueRequired\":true,\"valueName\":\"search_term_string\"}}],\"inLanguage\":\"fr-FR\"},{\"@type\":\"Person\",\"@id\":\"https:\\\/\\\/interamerica.org\\\/fr\\\/#\\\/schema\\\/person\\\/68ede8bdc292885bb76c1e3810e73c39\",\"name\":\"Lorenzo Verduzco\",\"image\":{\"@type\":\"ImageObject\",\"inLanguage\":\"fr-FR\",\"@id\":\"https:\\\/\\\/secure.gravatar.com\\\/avatar\\\/fb81a55b6218459490a9c1dc841a34909185b81904c5337b4b27f7a6fd60c49e?s=96&d=mm&r=g\",\"url\":\"https:\\\/\\\/secure.gravatar.com\\\/avatar\\\/fb81a55b6218459490a9c1dc841a34909185b81904c5337b4b27f7a6fd60c49e?s=96&d=mm&r=g\",\"contentUrl\":\"https:\\\/\\\/secure.gravatar.com\\\/avatar\\\/fb81a55b6218459490a9c1dc841a34909185b81904c5337b4b27f7a6fd60c49e?s=96&d=mm&r=g\",\"caption\":\"Lorenzo Verduzco\"}}]}<\/script>\n<!-- \/ Yoast SEO plugin. -->","yoast_head_json":{"title":"Nigeria : Des Pr\u00e9dicateurs en Visite Se Donnent Comme Objectif de Fortifier les \u00c9glises - \u00c9glise Adventiste Du Septieme Jour - Inter Am\u00e9rique Division","robots":{"index":"index","follow":"follow","max-snippet":"max-snippet:-1","max-image-preview":"max-image-preview:large","max-video-preview":"max-video-preview:-1"},"canonical":"https:\/\/interamerica.org\/fr\/2005\/02\/nigeria-des-predicateurs-en-visite-se-donnent-comme-objectif-de-fortifier-les-eglises\/","og_locale":"fr_FR","og_type":"article","og_title":"Nigeria : Des Pr\u00e9dicateurs en Visite Se Donnent Comme Objectif de Fortifier les \u00c9glises - \u00c9glise Adventiste Du Septieme Jour - Inter Am\u00e9rique Division","og_description":"Une campagne d'\u00e9vang\u00e9lisation d'un mois destin\u00e9e au public du Nord du Nigeria, r\u00e9cemment pr\u00e9sent\u00e9e dans les m\u00e9dias \u00e0 cause d'un conflit religieux acharn\u00e9 ...","og_url":"https:\/\/interamerica.org\/fr\/2005\/02\/nigeria-des-predicateurs-en-visite-se-donnent-comme-objectif-de-fortifier-les-eglises\/","og_site_name":"\u00c9glise Adventiste Du Septieme Jour - Inter Am\u00e9rique Division","article_published_time":"2005-02-01T04:00:00+00:00","article_modified_time":"2017-06-02T17:20:41+00:00","author":"Lorenzo Verduzco","twitter_card":"summary_large_image","twitter_misc":{"\u00c9crit par":"Lorenzo Verduzco","Dur\u00e9e de lecture estim\u00e9e":"2 minutes"},"schema":{"@context":"https:\/\/schema.org","@graph":[{"@type":"Article","@id":"https:\/\/interamerica.org\/fr\/2005\/02\/nigeria-des-predicateurs-en-visite-se-donnent-comme-objectif-de-fortifier-les-eglises\/#article","isPartOf":{"@id":"https:\/\/interamerica.org\/fr\/2005\/02\/nigeria-des-predicateurs-en-visite-se-donnent-comme-objectif-de-fortifier-les-eglises\/"},"author":{"name":"Lorenzo Verduzco","@id":"https:\/\/interamerica.org\/fr\/#\/schema\/person\/68ede8bdc292885bb76c1e3810e73c39"},"headline":"Nigeria : Des Pr\u00e9dicateurs en Visite Se Donnent Comme Objectif de Fortifier les \u00c9glises","datePublished":"2005-02-01T04:00:00+00:00","dateModified":"2017-06-02T17:20:41+00:00","mainEntityOfPage":{"@id":"https:\/\/interamerica.org\/fr\/2005\/02\/nigeria-des-predicateurs-en-visite-se-donnent-comme-objectif-de-fortifier-les-eglises\/"},"wordCount":495,"articleSection":["Archive"],"inLanguage":"fr-FR"},{"@type":"WebPage","@id":"https:\/\/interamerica.org\/fr\/2005\/02\/nigeria-des-predicateurs-en-visite-se-donnent-comme-objectif-de-fortifier-les-eglises\/","url":"https:\/\/interamerica.org\/fr\/2005\/02\/nigeria-des-predicateurs-en-visite-se-donnent-comme-objectif-de-fortifier-les-eglises\/","name":"Nigeria : Des Pr\u00e9dicateurs en Visite Se Donnent Comme Objectif de Fortifier les \u00c9glises - \u00c9glise Adventiste Du Septieme Jour - Inter Am\u00e9rique Division","isPartOf":{"@id":"https:\/\/interamerica.org\/fr\/#website"},"datePublished":"2005-02-01T04:00:00+00:00","dateModified":"2017-06-02T17:20:41+00:00","author":{"@id":"https:\/\/interamerica.org\/fr\/#\/schema\/person\/68ede8bdc292885bb76c1e3810e73c39"},"breadcrumb":{"@id":"https:\/\/interamerica.org\/fr\/2005\/02\/nigeria-des-predicateurs-en-visite-se-donnent-comme-objectif-de-fortifier-les-eglises\/#breadcrumb"},"inLanguage":"fr-FR","potentialAction":[{"@type":"ReadAction","target":["https:\/\/interamerica.org\/fr\/2005\/02\/nigeria-des-predicateurs-en-visite-se-donnent-comme-objectif-de-fortifier-les-eglises\/"]}]},{"@type":"BreadcrumbList","@id":"https:\/\/interamerica.org\/fr\/2005\/02\/nigeria-des-predicateurs-en-visite-se-donnent-comme-objectif-de-fortifier-les-eglises\/#breadcrumb","itemListElement":[{"@type":"ListItem","position":1,"name":"Home","item":"https:\/\/interamerica.org\/fr\/"},{"@type":"ListItem","position":2,"name":"Nigeria : Des Pr\u00e9dicateurs en Visite Se Donnent Comme Objectif de Fortifier les \u00c9glises"}]},{"@type":"WebSite","@id":"https:\/\/interamerica.org\/fr\/#website","url":"https:\/\/interamerica.org\/fr\/","name":"\u00c9glise Adventiste Du Septieme Jour - Inter Am\u00e9rique Division","description":"","potentialAction":[{"@type":"SearchAction","target":{"@type":"EntryPoint","urlTemplate":"https:\/\/interamerica.org\/fr\/?s={search_term_string}"},"query-input":{"@type":"PropertyValueSpecification","valueRequired":true,"valueName":"search_term_string"}}],"inLanguage":"fr-FR"},{"@type":"Person","@id":"https:\/\/interamerica.org\/fr\/#\/schema\/person\/68ede8bdc292885bb76c1e3810e73c39","name":"Lorenzo Verduzco","image":{"@type":"ImageObject","inLanguage":"fr-FR","@id":"https:\/\/secure.gravatar.com\/avatar\/fb81a55b6218459490a9c1dc841a34909185b81904c5337b4b27f7a6fd60c49e?s=96&d=mm&r=g","url":"https:\/\/secure.gravatar.com\/avatar\/fb81a55b6218459490a9c1dc841a34909185b81904c5337b4b27f7a6fd60c49e?s=96&d=mm&r=g","contentUrl":"https:\/\/secure.gravatar.com\/avatar\/fb81a55b6218459490a9c1dc841a34909185b81904c5337b4b27f7a6fd60c49e?s=96&d=mm&r=g","caption":"Lorenzo Verduzco"}}]}},"_links":{"self":[{"href":"https:\/\/interamerica.org\/fr\/wp-json\/wp\/v2\/posts\/12298","targetHints":{"allow":["GET"]}}],"collection":[{"href":"https:\/\/interamerica.org\/fr\/wp-json\/wp\/v2\/posts"}],"about":[{"href":"https:\/\/interamerica.org\/fr\/wp-json\/wp\/v2\/types\/post"}],"author":[{"embeddable":true,"href":"https:\/\/interamerica.org\/fr\/wp-json\/wp\/v2\/users\/1"}],"replies":[{"embeddable":true,"href":"https:\/\/interamerica.org\/fr\/wp-json\/wp\/v2\/comments?post=12298"}],"version-history":[{"count":0,"href":"https:\/\/interamerica.org\/fr\/wp-json\/wp\/v2\/posts\/12298\/revisions"}],"wp:attachment":[{"href":"https:\/\/interamerica.org\/fr\/wp-json\/wp\/v2\/media?parent=12298"}],"wp:term":[{"taxonomy":"category","embeddable":true,"href":"https:\/\/interamerica.org\/fr\/wp-json\/wp\/v2\/categories?post=12298"},{"taxonomy":"post_tag","embeddable":true,"href":"https:\/\/interamerica.org\/fr\/wp-json\/wp\/v2\/tags?post=12298"}],"curies":[{"name":"wp","href":"https:\/\/api.w.org\/{rel}","templated":true}]}}