{"id":12299,"date":"2005-01-31T00:00:00","date_gmt":"2005-01-31T04:00:00","guid":{"rendered":"http:\/\/192.81.217.108\/interamerica\/2005\/01\/presentation-dun-nouvel-atelier-pour-dirigeants-de-vbs-ebv\/"},"modified":"2017-06-02T13:20:42","modified_gmt":"2017-06-02T17:20:42","slug":"presentation-dun-nouvel-atelier-pour-dirigeants-de-vbs-ebv","status":"publish","type":"post","link":"https:\/\/interamerica.org\/fr\/2005\/01\/presentation-dun-nouvel-atelier-pour-dirigeants-de-vbs-ebv\/","title":{"rendered":"Pr\u00e9sentation d&rsquo;un Nouvel Atelier Pour Dirigeants de VBS (EBV)"},"content":{"rendered":"<p>Miami, Floride, Etats-Unis<\/p>\n<p>Comme le nombre d&rsquo;\u00c9coles Bibliques de Vacances (VBS) est en nette augmentation chaque \u00e9t\u00e9 dans tout le vaste territoire de la Division Interam\u00e9ricaine, un nouvel atelier a \u00e9t\u00e9 tenu le 27 janvier pour plus de 40 dirigeants des minist\u00e8res d&rsquo;enfants des champs espagnols et fran\u00e7ais. L&rsquo;atelier, qui s&rsquo;est tenu au quartier g\u00e9n\u00e9ral de la Division \u00e0 Miami, en Floride, fait partie du plan strat\u00e9gique mis en place au d\u00e9but du quinqu\u00e9nium dans le but de renforcer le D\u00e9partement des Minist\u00e8res D&rsquo;enfants.<\/p>\n<p>L&rsquo;atelier fut en grande partie comme une session de formation pour des \u00e9coles bibliques de vacances ordinaires, avec un nouveau th\u00e8me, \u00ab\u00a0Exalter J\u00e9sus\u00a0\u00bb, a fait remarquer Evelyn Omana, directrice des Minist\u00e8res D&rsquo;enfants pour l&rsquo;\u00e9glise en Inter-Am\u00e9rique.<\/p>\n<p>\u00ab\u00a0C&rsquo;est la premi\u00e8re fois que nous tenons un tel atelier \u00e0 la Division,\u00a0\u00bb dit-elle. \u00ab\u00a0Nous l&rsquo;avons tenu ici [au bureau de la IAD] car il y avait un avantage d&rsquo;avoir tous les directeurs des minist\u00e8res d&rsquo;enfants pr\u00e9sents durant le Sommet de Direction des Minist\u00e8res des Femmes tenu les jours ant\u00e9rieurs,\u00a0\u00bb a-t-elle ajout\u00e9.<\/p>\n<p>Ce nouvel atelier, qui est l&rsquo;un des six, pr\u00e9par\u00e9s par le d\u00e9partement des Minist\u00e8res des enfants de la IAD, est con\u00e7u pour former des leaders des EBV dans la pr\u00e9sentation de la Bible, alors qu&rsquo;ils travaillent avec les communaut\u00e9s de leur territoire.<\/p>\n<p>VBS (EBV) est un programme de Bible de deux semaines en faveur des enfants tenu pendant l&rsquo;\u00e9t\u00e9 dans les \u00e9glises adventistes locales. Il n&rsquo;y a pas de frais pay\u00e9 pour assister au cours, alors que les enfants re\u00e7oivent un jeu de le\u00e7ons de Bible gratuites. Ensuite, VBS se transforme en Club de Voisinage, c&rsquo;est-\u00e0-dire un programme de suivie, \u00e0 travers lequel les dirigeants d&rsquo;\u00e9glise r\u00e9visent les le\u00e7ons \u00e0 la maison, avec les enfants et leurs familles.<\/p>\n<p>\u00ab\u00a0Il est merveilleux de voir l&rsquo;impact que ces programmes de VBS (EBV) ont sur les enfants et le nombre va en augmentant,\u00a0\u00bb dit Omana.<\/p>\n<p>En 2004, il y a eu 10,484 \u00e9coles bibliques de vacances tenues pour 115,457 enfants pr\u00e9sents.<\/p>\n<p>Pour le moment, les nouveaux ateliers sont employ\u00e9s par les champs espagnols et fran\u00e7ais. Les champs anglais recevant le mat\u00e9riel de VBS publi\u00e9 par le d\u00e9partement des enfants de la Division Nord-am\u00e9ricaine.<\/p>\n<p>Ce sont des ateliers, tenus dans tout le territoire avec des programmes de certification pour les directeurs de minist\u00e8res des enfants, donnent une formation continue \u00e0 ceux qui sont enr\u00f4l\u00e9s dans des programmes pour enfants. <\/p>\n<p>Pour plus d&rsquo;information sur les programmes de Minist\u00e8res D&rsquo;enfants et autres, faites parvenir votre courrier \u00e9lectronique \u00e0 : childrensministries@interamerica.org ou appeler au 305.403.4700.<\/p>\n","protected":false},"excerpt":{"rendered":"<p>Comme le nombre d&rsquo;\u00c9coles Bibliques de Vacances (VBS) est en nette augmentation chaque \u00e9t\u00e9 dans tout le vaste territoire de la Division Interam\u00e9ricaine, un nouvel atelier a \u00e9t\u00e9 tenu<\/p>\n","protected":false},"author":1,"featured_media":0,"comment_status":"closed","ping_status":"closed","sticky":false,"template":"","format":"standard","meta":{"_acf_changed":false,"footnotes":""},"categories":[9],"tags":[],"class_list":["post-12299","post","type-post","status-publish","format-standard","hentry","category-archive-fr"],"acf":[],"yoast_head":"<!-- This site is optimized with the Yoast SEO plugin v27.3 - https:\/\/yoast.com\/product\/yoast-seo-wordpress\/ -->\n<title>Pr\u00e9sentation d&#039;un Nouvel Atelier Pour Dirigeants de VBS (EBV) - \u00c9glise Adventiste Du Septieme Jour - Inter Am\u00e9rique Division<\/title>\n<meta name=\"robots\" content=\"index, follow, max-snippet:-1, max-image-preview:large, max-video-preview:-1\" \/>\n<link rel=\"canonical\" href=\"https:\/\/interamerica.org\/fr\/2005\/01\/presentation-dun-nouvel-atelier-pour-dirigeants-de-vbs-ebv\/\" \/>\n<meta property=\"og:locale\" content=\"fr_FR\" \/>\n<meta property=\"og:type\" content=\"article\" \/>\n<meta property=\"og:title\" content=\"Pr\u00e9sentation d&#039;un Nouvel Atelier Pour Dirigeants de VBS (EBV) - \u00c9glise Adventiste Du Septieme Jour - Inter Am\u00e9rique Division\" \/>\n<meta property=\"og:description\" content=\"Comme le nombre d&#039;\u00c9coles Bibliques de Vacances (VBS) est en nette augmentation chaque \u00e9t\u00e9 dans tout le vaste territoire de la Division Interam\u00e9ricaine, un nouvel atelier a \u00e9t\u00e9 tenu\" \/>\n<meta property=\"og:url\" content=\"https:\/\/interamerica.org\/fr\/2005\/01\/presentation-dun-nouvel-atelier-pour-dirigeants-de-vbs-ebv\/\" \/>\n<meta property=\"og:site_name\" content=\"\u00c9glise Adventiste Du Septieme Jour - Inter Am\u00e9rique Division\" \/>\n<meta property=\"article:published_time\" content=\"2005-01-31T04:00:00+00:00\" \/>\n<meta property=\"article:modified_time\" content=\"2017-06-02T17:20:42+00:00\" \/>\n<meta name=\"author\" content=\"Lorenzo Verduzco\" \/>\n<meta name=\"twitter:card\" content=\"summary_large_image\" \/>\n<meta name=\"twitter:label1\" content=\"\u00c9crit par\" \/>\n\t<meta name=\"twitter:data1\" content=\"Lorenzo Verduzco\" \/>\n\t<meta name=\"twitter:label2\" content=\"Dur\u00e9e de lecture estim\u00e9e\" \/>\n\t<meta name=\"twitter:data2\" content=\"2 minutes\" \/>\n<script type=\"application\/ld+json\" class=\"yoast-schema-graph\">{\"@context\":\"https:\\\/\\\/schema.org\",\"@graph\":[{\"@type\":\"Article\",\"@id\":\"https:\\\/\\\/interamerica.org\\\/fr\\\/2005\\\/01\\\/presentation-dun-nouvel-atelier-pour-dirigeants-de-vbs-ebv\\\/#article\",\"isPartOf\":{\"@id\":\"https:\\\/\\\/interamerica.org\\\/fr\\\/2005\\\/01\\\/presentation-dun-nouvel-atelier-pour-dirigeants-de-vbs-ebv\\\/\"},\"author\":{\"name\":\"Lorenzo Verduzco\",\"@id\":\"https:\\\/\\\/interamerica.org\\\/fr\\\/#\\\/schema\\\/person\\\/68ede8bdc292885bb76c1e3810e73c39\"},\"headline\":\"Pr\u00e9sentation d&rsquo;un Nouvel Atelier Pour Dirigeants de VBS (EBV)\",\"datePublished\":\"2005-01-31T04:00:00+00:00\",\"dateModified\":\"2017-06-02T17:20:42+00:00\",\"mainEntityOfPage\":{\"@id\":\"https:\\\/\\\/interamerica.org\\\/fr\\\/2005\\\/01\\\/presentation-dun-nouvel-atelier-pour-dirigeants-de-vbs-ebv\\\/\"},\"wordCount\":482,\"articleSection\":[\"Archive\"],\"inLanguage\":\"fr-FR\"},{\"@type\":\"WebPage\",\"@id\":\"https:\\\/\\\/interamerica.org\\\/fr\\\/2005\\\/01\\\/presentation-dun-nouvel-atelier-pour-dirigeants-de-vbs-ebv\\\/\",\"url\":\"https:\\\/\\\/interamerica.org\\\/fr\\\/2005\\\/01\\\/presentation-dun-nouvel-atelier-pour-dirigeants-de-vbs-ebv\\\/\",\"name\":\"Pr\u00e9sentation d'un Nouvel Atelier Pour Dirigeants de VBS (EBV) - \u00c9glise Adventiste Du Septieme Jour - Inter Am\u00e9rique Division\",\"isPartOf\":{\"@id\":\"https:\\\/\\\/interamerica.org\\\/fr\\\/#website\"},\"datePublished\":\"2005-01-31T04:00:00+00:00\",\"dateModified\":\"2017-06-02T17:20:42+00:00\",\"author\":{\"@id\":\"https:\\\/\\\/interamerica.org\\\/fr\\\/#\\\/schema\\\/person\\\/68ede8bdc292885bb76c1e3810e73c39\"},\"breadcrumb\":{\"@id\":\"https:\\\/\\\/interamerica.org\\\/fr\\\/2005\\\/01\\\/presentation-dun-nouvel-atelier-pour-dirigeants-de-vbs-ebv\\\/#breadcrumb\"},\"inLanguage\":\"fr-FR\",\"potentialAction\":[{\"@type\":\"ReadAction\",\"target\":[\"https:\\\/\\\/interamerica.org\\\/fr\\\/2005\\\/01\\\/presentation-dun-nouvel-atelier-pour-dirigeants-de-vbs-ebv\\\/\"]}]},{\"@type\":\"BreadcrumbList\",\"@id\":\"https:\\\/\\\/interamerica.org\\\/fr\\\/2005\\\/01\\\/presentation-dun-nouvel-atelier-pour-dirigeants-de-vbs-ebv\\\/#breadcrumb\",\"itemListElement\":[{\"@type\":\"ListItem\",\"position\":1,\"name\":\"Home\",\"item\":\"https:\\\/\\\/interamerica.org\\\/fr\\\/\"},{\"@type\":\"ListItem\",\"position\":2,\"name\":\"Pr\u00e9sentation d&rsquo;un Nouvel Atelier Pour Dirigeants de VBS (EBV)\"}]},{\"@type\":\"WebSite\",\"@id\":\"https:\\\/\\\/interamerica.org\\\/fr\\\/#website\",\"url\":\"https:\\\/\\\/interamerica.org\\\/fr\\\/\",\"name\":\"\u00c9glise Adventiste Du Septieme Jour - Inter Am\u00e9rique Division\",\"description\":\"\",\"potentialAction\":[{\"@type\":\"SearchAction\",\"target\":{\"@type\":\"EntryPoint\",\"urlTemplate\":\"https:\\\/\\\/interamerica.org\\\/fr\\\/?s={search_term_string}\"},\"query-input\":{\"@type\":\"PropertyValueSpecification\",\"valueRequired\":true,\"valueName\":\"search_term_string\"}}],\"inLanguage\":\"fr-FR\"},{\"@type\":\"Person\",\"@id\":\"https:\\\/\\\/interamerica.org\\\/fr\\\/#\\\/schema\\\/person\\\/68ede8bdc292885bb76c1e3810e73c39\",\"name\":\"Lorenzo Verduzco\",\"image\":{\"@type\":\"ImageObject\",\"inLanguage\":\"fr-FR\",\"@id\":\"https:\\\/\\\/secure.gravatar.com\\\/avatar\\\/fb81a55b6218459490a9c1dc841a34909185b81904c5337b4b27f7a6fd60c49e?s=96&d=mm&r=g\",\"url\":\"https:\\\/\\\/secure.gravatar.com\\\/avatar\\\/fb81a55b6218459490a9c1dc841a34909185b81904c5337b4b27f7a6fd60c49e?s=96&d=mm&r=g\",\"contentUrl\":\"https:\\\/\\\/secure.gravatar.com\\\/avatar\\\/fb81a55b6218459490a9c1dc841a34909185b81904c5337b4b27f7a6fd60c49e?s=96&d=mm&r=g\",\"caption\":\"Lorenzo Verduzco\"}}]}<\/script>\n<!-- \/ Yoast SEO plugin. -->","yoast_head_json":{"title":"Pr\u00e9sentation d'un Nouvel Atelier Pour Dirigeants de VBS (EBV) - \u00c9glise Adventiste Du Septieme Jour - Inter Am\u00e9rique Division","robots":{"index":"index","follow":"follow","max-snippet":"max-snippet:-1","max-image-preview":"max-image-preview:large","max-video-preview":"max-video-preview:-1"},"canonical":"https:\/\/interamerica.org\/fr\/2005\/01\/presentation-dun-nouvel-atelier-pour-dirigeants-de-vbs-ebv\/","og_locale":"fr_FR","og_type":"article","og_title":"Pr\u00e9sentation d'un Nouvel Atelier Pour Dirigeants de VBS (EBV) - \u00c9glise Adventiste Du Septieme Jour - Inter Am\u00e9rique Division","og_description":"Comme le nombre d'\u00c9coles Bibliques de Vacances (VBS) est en nette augmentation chaque \u00e9t\u00e9 dans tout le vaste territoire de la Division Interam\u00e9ricaine, un nouvel atelier a \u00e9t\u00e9 tenu","og_url":"https:\/\/interamerica.org\/fr\/2005\/01\/presentation-dun-nouvel-atelier-pour-dirigeants-de-vbs-ebv\/","og_site_name":"\u00c9glise Adventiste Du Septieme Jour - Inter Am\u00e9rique Division","article_published_time":"2005-01-31T04:00:00+00:00","article_modified_time":"2017-06-02T17:20:42+00:00","author":"Lorenzo Verduzco","twitter_card":"summary_large_image","twitter_misc":{"\u00c9crit par":"Lorenzo Verduzco","Dur\u00e9e de lecture estim\u00e9e":"2 minutes"},"schema":{"@context":"https:\/\/schema.org","@graph":[{"@type":"Article","@id":"https:\/\/interamerica.org\/fr\/2005\/01\/presentation-dun-nouvel-atelier-pour-dirigeants-de-vbs-ebv\/#article","isPartOf":{"@id":"https:\/\/interamerica.org\/fr\/2005\/01\/presentation-dun-nouvel-atelier-pour-dirigeants-de-vbs-ebv\/"},"author":{"name":"Lorenzo Verduzco","@id":"https:\/\/interamerica.org\/fr\/#\/schema\/person\/68ede8bdc292885bb76c1e3810e73c39"},"headline":"Pr\u00e9sentation d&rsquo;un Nouvel Atelier Pour Dirigeants de VBS (EBV)","datePublished":"2005-01-31T04:00:00+00:00","dateModified":"2017-06-02T17:20:42+00:00","mainEntityOfPage":{"@id":"https:\/\/interamerica.org\/fr\/2005\/01\/presentation-dun-nouvel-atelier-pour-dirigeants-de-vbs-ebv\/"},"wordCount":482,"articleSection":["Archive"],"inLanguage":"fr-FR"},{"@type":"WebPage","@id":"https:\/\/interamerica.org\/fr\/2005\/01\/presentation-dun-nouvel-atelier-pour-dirigeants-de-vbs-ebv\/","url":"https:\/\/interamerica.org\/fr\/2005\/01\/presentation-dun-nouvel-atelier-pour-dirigeants-de-vbs-ebv\/","name":"Pr\u00e9sentation d'un Nouvel Atelier Pour Dirigeants de VBS (EBV) - \u00c9glise Adventiste Du Septieme Jour - Inter Am\u00e9rique Division","isPartOf":{"@id":"https:\/\/interamerica.org\/fr\/#website"},"datePublished":"2005-01-31T04:00:00+00:00","dateModified":"2017-06-02T17:20:42+00:00","author":{"@id":"https:\/\/interamerica.org\/fr\/#\/schema\/person\/68ede8bdc292885bb76c1e3810e73c39"},"breadcrumb":{"@id":"https:\/\/interamerica.org\/fr\/2005\/01\/presentation-dun-nouvel-atelier-pour-dirigeants-de-vbs-ebv\/#breadcrumb"},"inLanguage":"fr-FR","potentialAction":[{"@type":"ReadAction","target":["https:\/\/interamerica.org\/fr\/2005\/01\/presentation-dun-nouvel-atelier-pour-dirigeants-de-vbs-ebv\/"]}]},{"@type":"BreadcrumbList","@id":"https:\/\/interamerica.org\/fr\/2005\/01\/presentation-dun-nouvel-atelier-pour-dirigeants-de-vbs-ebv\/#breadcrumb","itemListElement":[{"@type":"ListItem","position":1,"name":"Home","item":"https:\/\/interamerica.org\/fr\/"},{"@type":"ListItem","position":2,"name":"Pr\u00e9sentation d&rsquo;un Nouvel Atelier Pour Dirigeants de VBS (EBV)"}]},{"@type":"WebSite","@id":"https:\/\/interamerica.org\/fr\/#website","url":"https:\/\/interamerica.org\/fr\/","name":"\u00c9glise Adventiste Du Septieme Jour - Inter Am\u00e9rique Division","description":"","potentialAction":[{"@type":"SearchAction","target":{"@type":"EntryPoint","urlTemplate":"https:\/\/interamerica.org\/fr\/?s={search_term_string}"},"query-input":{"@type":"PropertyValueSpecification","valueRequired":true,"valueName":"search_term_string"}}],"inLanguage":"fr-FR"},{"@type":"Person","@id":"https:\/\/interamerica.org\/fr\/#\/schema\/person\/68ede8bdc292885bb76c1e3810e73c39","name":"Lorenzo Verduzco","image":{"@type":"ImageObject","inLanguage":"fr-FR","@id":"https:\/\/secure.gravatar.com\/avatar\/fb81a55b6218459490a9c1dc841a34909185b81904c5337b4b27f7a6fd60c49e?s=96&d=mm&r=g","url":"https:\/\/secure.gravatar.com\/avatar\/fb81a55b6218459490a9c1dc841a34909185b81904c5337b4b27f7a6fd60c49e?s=96&d=mm&r=g","contentUrl":"https:\/\/secure.gravatar.com\/avatar\/fb81a55b6218459490a9c1dc841a34909185b81904c5337b4b27f7a6fd60c49e?s=96&d=mm&r=g","caption":"Lorenzo Verduzco"}}]}},"_links":{"self":[{"href":"https:\/\/interamerica.org\/fr\/wp-json\/wp\/v2\/posts\/12299","targetHints":{"allow":["GET"]}}],"collection":[{"href":"https:\/\/interamerica.org\/fr\/wp-json\/wp\/v2\/posts"}],"about":[{"href":"https:\/\/interamerica.org\/fr\/wp-json\/wp\/v2\/types\/post"}],"author":[{"embeddable":true,"href":"https:\/\/interamerica.org\/fr\/wp-json\/wp\/v2\/users\/1"}],"replies":[{"embeddable":true,"href":"https:\/\/interamerica.org\/fr\/wp-json\/wp\/v2\/comments?post=12299"}],"version-history":[{"count":0,"href":"https:\/\/interamerica.org\/fr\/wp-json\/wp\/v2\/posts\/12299\/revisions"}],"wp:attachment":[{"href":"https:\/\/interamerica.org\/fr\/wp-json\/wp\/v2\/media?parent=12299"}],"wp:term":[{"taxonomy":"category","embeddable":true,"href":"https:\/\/interamerica.org\/fr\/wp-json\/wp\/v2\/categories?post=12299"},{"taxonomy":"post_tag","embeddable":true,"href":"https:\/\/interamerica.org\/fr\/wp-json\/wp\/v2\/tags?post=12299"}],"curies":[{"name":"wp","href":"https:\/\/api.w.org\/{rel}","templated":true}]}}