{"id":12300,"date":"2005-02-01T00:00:00","date_gmt":"2005-02-01T04:00:00","guid":{"rendered":"http:\/\/192.81.217.108\/interamerica\/2005\/02\/mexique-un-pasteur-adventiste-recoit-une-decoration-nationale\/"},"modified":"2017-06-02T13:20:42","modified_gmt":"2017-06-02T17:20:42","slug":"mexique-un-pasteur-adventiste-recoit-une-decoration-nationale","status":"publish","type":"post","link":"https:\/\/interamerica.org\/fr\/2005\/02\/mexique-un-pasteur-adventiste-recoit-une-decoration-nationale\/","title":{"rendered":"Mexique : un pasteur adventiste re\u00e7oit une d\u00e9coration nationale"},"content":{"rendered":"<p>Un pasteur adventiste faisait partie des 19 personnes \u00e0 qui a \u00e9t\u00e9 d\u00e9cern\u00e9 le \u00ab Microfono de Oro \u00bb (le Microphone d&rsquo;or) par l&rsquo;Association nationale des pr\u00e9sentateurs du Mexique au Centre des Arts Polanco, \u00e0 Mexico, le 25 janvier dernier.<\/p>\n<p>Le pasteur Baruc Lagos, directeur des communications \u00e0 l&rsquo;Union Mexicaine inter-oc\u00e9anique, a re\u00e7u une r\u00e9compense pour sa contribution en organisant le premier Sommet international des directeurs et des responsables de communication, qui a eu lieu en novembre 2003. Le sommet a rassembl\u00e9 plus de 800 responsables d&rsquo;\u00e9glises de diff\u00e9rentes d\u00e9nominations, des journalistes, professionnels et \u00e9tudiants qui ont particip\u00e9 a des ateliers promeuvant des valeurs morales et spirituelles dans les communications.<\/p>\n<p>Plus de 2000 personnes ont assist\u00e9 \u00e0 la c\u00e9r\u00e9monie de d\u00e9coration, qui a \u00e9t\u00e9 retransmise \u00e0 la t\u00e9l\u00e9vision nationale comme un \u00e9v\u00e8nement honorable contribuant au d\u00e9veloppement et \u00e0 l&rsquo;am\u00e9lioration du pays dans diff\u00e9rents secteurs tels que la sant\u00e9, les sports, le gouvernement, l&rsquo;art et les communications.<\/p>\n<p>Aucun pasteur adventiste n&rsquo;avait encore re\u00e7u de distinction aussi \u00e9lev\u00e9e que celle-ci auparavant.<\/p>\n<p>\u00ab Je ne me sens pas digne de cette r\u00e9compense, mais je l&rsquo;accepte avec joie et, par dessus tout, avec une infinie gratitude envers Dieu \u00bb, dit Lagos. \u00ab Il ne fait aucun doute que notre \u00e9glise est en progr\u00e8s \u00bb.<\/p>\n<p>Lagos, originaire du Chili, ajoute qu&rsquo;il est reconnaissant de pouvoir travailler sur le territoire de la Division Inter-am\u00e9ricaine et que cette r\u00e9compense est d\u00e9di\u00e9e \u00e0 cette Division. Il \u00e9tait accompagn\u00e9 des membres officiels de l&rsquo;Union et des employ\u00e9s \u00e0 la c\u00e9r\u00e9monie.<\/p>\n<p>Lagos travaille pour l&rsquo;\u00c9glise au Mexique depuis 2001, et il poss\u00e8de une tr\u00e8s riche exp\u00e9rience dans la radio et la t\u00e9l\u00e9vision.<\/p>\n","protected":false},"excerpt":{"rendered":"<p>Un pasteur adventiste faisait partie des 19 personnes \u00e0 qui a \u00e9t\u00e9 d\u00e9cern\u00e9 le \u00ab Microfono de Oro \u00bb (le Microphone d&rsquo;or) par l&rsquo;Association nationale des pr\u00e9sentateurs du Mexique&#8230;<\/p>\n","protected":false},"author":1,"featured_media":0,"comment_status":"closed","ping_status":"closed","sticky":false,"template":"","format":"standard","meta":{"_acf_changed":false,"footnotes":""},"categories":[9],"tags":[],"class_list":["post-12300","post","type-post","status-publish","format-standard","hentry","category-archive-fr"],"acf":[],"yoast_head":"<!-- This site is optimized with the Yoast SEO plugin v27.3 - https:\/\/yoast.com\/product\/yoast-seo-wordpress\/ -->\n<title>Mexique : un pasteur adventiste re\u00e7oit une d\u00e9coration nationale - \u00c9glise Adventiste Du Septieme Jour - Inter Am\u00e9rique Division<\/title>\n<meta name=\"robots\" content=\"index, follow, max-snippet:-1, max-image-preview:large, max-video-preview:-1\" \/>\n<link rel=\"canonical\" href=\"https:\/\/interamerica.org\/fr\/2005\/02\/mexique-un-pasteur-adventiste-recoit-une-decoration-nationale\/\" \/>\n<meta property=\"og:locale\" content=\"fr_FR\" \/>\n<meta property=\"og:type\" content=\"article\" \/>\n<meta property=\"og:title\" content=\"Mexique : un pasteur adventiste re\u00e7oit une d\u00e9coration nationale - \u00c9glise Adventiste Du Septieme Jour - Inter Am\u00e9rique Division\" \/>\n<meta property=\"og:description\" content=\"Un pasteur adventiste faisait partie des 19 personnes \u00e0 qui a \u00e9t\u00e9 d\u00e9cern\u00e9 le \u00ab Microfono de Oro \u00bb (le Microphone d&#039;or) par l&#039;Association nationale des pr\u00e9sentateurs du Mexique...\" \/>\n<meta property=\"og:url\" content=\"https:\/\/interamerica.org\/fr\/2005\/02\/mexique-un-pasteur-adventiste-recoit-une-decoration-nationale\/\" \/>\n<meta property=\"og:site_name\" content=\"\u00c9glise Adventiste Du Septieme Jour - Inter Am\u00e9rique Division\" \/>\n<meta property=\"article:published_time\" content=\"2005-02-01T04:00:00+00:00\" \/>\n<meta property=\"article:modified_time\" content=\"2017-06-02T17:20:42+00:00\" \/>\n<meta name=\"author\" content=\"Lorenzo Verduzco\" \/>\n<meta name=\"twitter:card\" content=\"summary_large_image\" \/>\n<meta name=\"twitter:label1\" content=\"\u00c9crit par\" \/>\n\t<meta name=\"twitter:data1\" content=\"Lorenzo Verduzco\" \/>\n\t<meta name=\"twitter:label2\" content=\"Dur\u00e9e de lecture estim\u00e9e\" \/>\n\t<meta name=\"twitter:data2\" content=\"1 minute\" \/>\n<script type=\"application\/ld+json\" class=\"yoast-schema-graph\">{\"@context\":\"https:\\\/\\\/schema.org\",\"@graph\":[{\"@type\":\"Article\",\"@id\":\"https:\\\/\\\/interamerica.org\\\/fr\\\/2005\\\/02\\\/mexique-un-pasteur-adventiste-recoit-une-decoration-nationale\\\/#article\",\"isPartOf\":{\"@id\":\"https:\\\/\\\/interamerica.org\\\/fr\\\/2005\\\/02\\\/mexique-un-pasteur-adventiste-recoit-une-decoration-nationale\\\/\"},\"author\":{\"name\":\"Lorenzo Verduzco\",\"@id\":\"https:\\\/\\\/interamerica.org\\\/fr\\\/#\\\/schema\\\/person\\\/68ede8bdc292885bb76c1e3810e73c39\"},\"headline\":\"Mexique : un pasteur adventiste re\u00e7oit une d\u00e9coration nationale\",\"datePublished\":\"2005-02-01T04:00:00+00:00\",\"dateModified\":\"2017-06-02T17:20:42+00:00\",\"mainEntityOfPage\":{\"@id\":\"https:\\\/\\\/interamerica.org\\\/fr\\\/2005\\\/02\\\/mexique-un-pasteur-adventiste-recoit-une-decoration-nationale\\\/\"},\"wordCount\":305,\"articleSection\":[\"Archive\"],\"inLanguage\":\"fr-FR\"},{\"@type\":\"WebPage\",\"@id\":\"https:\\\/\\\/interamerica.org\\\/fr\\\/2005\\\/02\\\/mexique-un-pasteur-adventiste-recoit-une-decoration-nationale\\\/\",\"url\":\"https:\\\/\\\/interamerica.org\\\/fr\\\/2005\\\/02\\\/mexique-un-pasteur-adventiste-recoit-une-decoration-nationale\\\/\",\"name\":\"Mexique : un pasteur adventiste re\u00e7oit une d\u00e9coration nationale - \u00c9glise Adventiste Du Septieme Jour - Inter Am\u00e9rique Division\",\"isPartOf\":{\"@id\":\"https:\\\/\\\/interamerica.org\\\/fr\\\/#website\"},\"datePublished\":\"2005-02-01T04:00:00+00:00\",\"dateModified\":\"2017-06-02T17:20:42+00:00\",\"author\":{\"@id\":\"https:\\\/\\\/interamerica.org\\\/fr\\\/#\\\/schema\\\/person\\\/68ede8bdc292885bb76c1e3810e73c39\"},\"breadcrumb\":{\"@id\":\"https:\\\/\\\/interamerica.org\\\/fr\\\/2005\\\/02\\\/mexique-un-pasteur-adventiste-recoit-une-decoration-nationale\\\/#breadcrumb\"},\"inLanguage\":\"fr-FR\",\"potentialAction\":[{\"@type\":\"ReadAction\",\"target\":[\"https:\\\/\\\/interamerica.org\\\/fr\\\/2005\\\/02\\\/mexique-un-pasteur-adventiste-recoit-une-decoration-nationale\\\/\"]}]},{\"@type\":\"BreadcrumbList\",\"@id\":\"https:\\\/\\\/interamerica.org\\\/fr\\\/2005\\\/02\\\/mexique-un-pasteur-adventiste-recoit-une-decoration-nationale\\\/#breadcrumb\",\"itemListElement\":[{\"@type\":\"ListItem\",\"position\":1,\"name\":\"Home\",\"item\":\"https:\\\/\\\/interamerica.org\\\/fr\\\/\"},{\"@type\":\"ListItem\",\"position\":2,\"name\":\"Mexique : un pasteur adventiste re\u00e7oit une d\u00e9coration nationale\"}]},{\"@type\":\"WebSite\",\"@id\":\"https:\\\/\\\/interamerica.org\\\/fr\\\/#website\",\"url\":\"https:\\\/\\\/interamerica.org\\\/fr\\\/\",\"name\":\"\u00c9glise Adventiste Du Septieme Jour - Inter Am\u00e9rique Division\",\"description\":\"\",\"potentialAction\":[{\"@type\":\"SearchAction\",\"target\":{\"@type\":\"EntryPoint\",\"urlTemplate\":\"https:\\\/\\\/interamerica.org\\\/fr\\\/?s={search_term_string}\"},\"query-input\":{\"@type\":\"PropertyValueSpecification\",\"valueRequired\":true,\"valueName\":\"search_term_string\"}}],\"inLanguage\":\"fr-FR\"},{\"@type\":\"Person\",\"@id\":\"https:\\\/\\\/interamerica.org\\\/fr\\\/#\\\/schema\\\/person\\\/68ede8bdc292885bb76c1e3810e73c39\",\"name\":\"Lorenzo Verduzco\",\"image\":{\"@type\":\"ImageObject\",\"inLanguage\":\"fr-FR\",\"@id\":\"https:\\\/\\\/secure.gravatar.com\\\/avatar\\\/fb81a55b6218459490a9c1dc841a34909185b81904c5337b4b27f7a6fd60c49e?s=96&d=mm&r=g\",\"url\":\"https:\\\/\\\/secure.gravatar.com\\\/avatar\\\/fb81a55b6218459490a9c1dc841a34909185b81904c5337b4b27f7a6fd60c49e?s=96&d=mm&r=g\",\"contentUrl\":\"https:\\\/\\\/secure.gravatar.com\\\/avatar\\\/fb81a55b6218459490a9c1dc841a34909185b81904c5337b4b27f7a6fd60c49e?s=96&d=mm&r=g\",\"caption\":\"Lorenzo Verduzco\"}}]}<\/script>\n<!-- \/ Yoast SEO plugin. -->","yoast_head_json":{"title":"Mexique : un pasteur adventiste re\u00e7oit une d\u00e9coration nationale - \u00c9glise Adventiste Du Septieme Jour - Inter Am\u00e9rique Division","robots":{"index":"index","follow":"follow","max-snippet":"max-snippet:-1","max-image-preview":"max-image-preview:large","max-video-preview":"max-video-preview:-1"},"canonical":"https:\/\/interamerica.org\/fr\/2005\/02\/mexique-un-pasteur-adventiste-recoit-une-decoration-nationale\/","og_locale":"fr_FR","og_type":"article","og_title":"Mexique : un pasteur adventiste re\u00e7oit une d\u00e9coration nationale - \u00c9glise Adventiste Du Septieme Jour - Inter Am\u00e9rique Division","og_description":"Un pasteur adventiste faisait partie des 19 personnes \u00e0 qui a \u00e9t\u00e9 d\u00e9cern\u00e9 le \u00ab Microfono de Oro \u00bb (le Microphone d'or) par l'Association nationale des pr\u00e9sentateurs du Mexique...","og_url":"https:\/\/interamerica.org\/fr\/2005\/02\/mexique-un-pasteur-adventiste-recoit-une-decoration-nationale\/","og_site_name":"\u00c9glise Adventiste Du Septieme Jour - Inter Am\u00e9rique Division","article_published_time":"2005-02-01T04:00:00+00:00","article_modified_time":"2017-06-02T17:20:42+00:00","author":"Lorenzo Verduzco","twitter_card":"summary_large_image","twitter_misc":{"\u00c9crit par":"Lorenzo Verduzco","Dur\u00e9e de lecture estim\u00e9e":"1 minute"},"schema":{"@context":"https:\/\/schema.org","@graph":[{"@type":"Article","@id":"https:\/\/interamerica.org\/fr\/2005\/02\/mexique-un-pasteur-adventiste-recoit-une-decoration-nationale\/#article","isPartOf":{"@id":"https:\/\/interamerica.org\/fr\/2005\/02\/mexique-un-pasteur-adventiste-recoit-une-decoration-nationale\/"},"author":{"name":"Lorenzo Verduzco","@id":"https:\/\/interamerica.org\/fr\/#\/schema\/person\/68ede8bdc292885bb76c1e3810e73c39"},"headline":"Mexique : un pasteur adventiste re\u00e7oit une d\u00e9coration nationale","datePublished":"2005-02-01T04:00:00+00:00","dateModified":"2017-06-02T17:20:42+00:00","mainEntityOfPage":{"@id":"https:\/\/interamerica.org\/fr\/2005\/02\/mexique-un-pasteur-adventiste-recoit-une-decoration-nationale\/"},"wordCount":305,"articleSection":["Archive"],"inLanguage":"fr-FR"},{"@type":"WebPage","@id":"https:\/\/interamerica.org\/fr\/2005\/02\/mexique-un-pasteur-adventiste-recoit-une-decoration-nationale\/","url":"https:\/\/interamerica.org\/fr\/2005\/02\/mexique-un-pasteur-adventiste-recoit-une-decoration-nationale\/","name":"Mexique : un pasteur adventiste re\u00e7oit une d\u00e9coration nationale - \u00c9glise Adventiste Du Septieme Jour - Inter Am\u00e9rique Division","isPartOf":{"@id":"https:\/\/interamerica.org\/fr\/#website"},"datePublished":"2005-02-01T04:00:00+00:00","dateModified":"2017-06-02T17:20:42+00:00","author":{"@id":"https:\/\/interamerica.org\/fr\/#\/schema\/person\/68ede8bdc292885bb76c1e3810e73c39"},"breadcrumb":{"@id":"https:\/\/interamerica.org\/fr\/2005\/02\/mexique-un-pasteur-adventiste-recoit-une-decoration-nationale\/#breadcrumb"},"inLanguage":"fr-FR","potentialAction":[{"@type":"ReadAction","target":["https:\/\/interamerica.org\/fr\/2005\/02\/mexique-un-pasteur-adventiste-recoit-une-decoration-nationale\/"]}]},{"@type":"BreadcrumbList","@id":"https:\/\/interamerica.org\/fr\/2005\/02\/mexique-un-pasteur-adventiste-recoit-une-decoration-nationale\/#breadcrumb","itemListElement":[{"@type":"ListItem","position":1,"name":"Home","item":"https:\/\/interamerica.org\/fr\/"},{"@type":"ListItem","position":2,"name":"Mexique : un pasteur adventiste re\u00e7oit une d\u00e9coration nationale"}]},{"@type":"WebSite","@id":"https:\/\/interamerica.org\/fr\/#website","url":"https:\/\/interamerica.org\/fr\/","name":"\u00c9glise Adventiste Du Septieme Jour - Inter Am\u00e9rique Division","description":"","potentialAction":[{"@type":"SearchAction","target":{"@type":"EntryPoint","urlTemplate":"https:\/\/interamerica.org\/fr\/?s={search_term_string}"},"query-input":{"@type":"PropertyValueSpecification","valueRequired":true,"valueName":"search_term_string"}}],"inLanguage":"fr-FR"},{"@type":"Person","@id":"https:\/\/interamerica.org\/fr\/#\/schema\/person\/68ede8bdc292885bb76c1e3810e73c39","name":"Lorenzo Verduzco","image":{"@type":"ImageObject","inLanguage":"fr-FR","@id":"https:\/\/secure.gravatar.com\/avatar\/fb81a55b6218459490a9c1dc841a34909185b81904c5337b4b27f7a6fd60c49e?s=96&d=mm&r=g","url":"https:\/\/secure.gravatar.com\/avatar\/fb81a55b6218459490a9c1dc841a34909185b81904c5337b4b27f7a6fd60c49e?s=96&d=mm&r=g","contentUrl":"https:\/\/secure.gravatar.com\/avatar\/fb81a55b6218459490a9c1dc841a34909185b81904c5337b4b27f7a6fd60c49e?s=96&d=mm&r=g","caption":"Lorenzo Verduzco"}}]}},"_links":{"self":[{"href":"https:\/\/interamerica.org\/fr\/wp-json\/wp\/v2\/posts\/12300","targetHints":{"allow":["GET"]}}],"collection":[{"href":"https:\/\/interamerica.org\/fr\/wp-json\/wp\/v2\/posts"}],"about":[{"href":"https:\/\/interamerica.org\/fr\/wp-json\/wp\/v2\/types\/post"}],"author":[{"embeddable":true,"href":"https:\/\/interamerica.org\/fr\/wp-json\/wp\/v2\/users\/1"}],"replies":[{"embeddable":true,"href":"https:\/\/interamerica.org\/fr\/wp-json\/wp\/v2\/comments?post=12300"}],"version-history":[{"count":0,"href":"https:\/\/interamerica.org\/fr\/wp-json\/wp\/v2\/posts\/12300\/revisions"}],"wp:attachment":[{"href":"https:\/\/interamerica.org\/fr\/wp-json\/wp\/v2\/media?parent=12300"}],"wp:term":[{"taxonomy":"category","embeddable":true,"href":"https:\/\/interamerica.org\/fr\/wp-json\/wp\/v2\/categories?post=12300"},{"taxonomy":"post_tag","embeddable":true,"href":"https:\/\/interamerica.org\/fr\/wp-json\/wp\/v2\/tags?post=12300"}],"curies":[{"name":"wp","href":"https:\/\/api.w.org\/{rel}","templated":true}]}}