{"id":12302,"date":"2005-02-08T00:00:00","date_gmt":"2005-02-08T04:00:00","guid":{"rendered":"http:\/\/192.81.217.108\/interamerica\/2005\/02\/reagir-face-au-tsunami-appel-a-une-prise-de-conscience-missionnaire-pour-donner-une-impulsion-a-leglise-dans-cette-region-frappee-par-le-tsunami\/"},"modified":"2017-06-02T13:20:38","modified_gmt":"2017-06-02T17:20:38","slug":"reagir-face-au-tsunami-appel-a-une-prise-de-conscience-missionnaire-pour-donner-une-impulsion-a-leglise-dans-cette-region-frappee-par-le-tsunami","status":"publish","type":"post","link":"https:\/\/interamerica.org\/fr\/2005\/02\/reagir-face-au-tsunami-appel-a-une-prise-de-conscience-missionnaire-pour-donner-une-impulsion-a-leglise-dans-cette-region-frappee-par-le-tsunami\/","title":{"rendered":"R\u00e9agir Face au Tsunami : Appel \u00e0 une Prise de Conscience Missionnaire Pour Donner Une Impulsion \u00e0 l&rsquo;\u00c9glise Dans Cette R\u00e9gion Frapp\u00e9e par le Tsunami"},"content":{"rendered":"<p>Silver Spring, Maryland, Etats-Unis.<\/p>\n<p>Une \u00e9mission t\u00e9l\u00e9vis\u00e9e sp\u00e9ciale retransmise en direct par satellite le 11 f\u00e9vrier et anim\u00e9e par l&rsquo;\u00e9vang\u00e9liste Mark Finley aura pour objectif de renforcer la mission de l&rsquo;\u00c9glise Adventiste du Septi\u00e8me Jour dans son plan d&rsquo;aide en faveur d&rsquo;autrui dans les zones du Sud de l&rsquo;Asie ravag\u00e9es par le tsunami, ont annonc\u00e9 les dirigeants de l&rsquo;\u00e9glise.<\/p>\n<p>\u00ab\u00a0En pr\u00e9sentant ce programme, nous voulons cr\u00e9er une prise de conscience des besoins apr\u00e8s le tsunami et aider \u00e0 renforcer l&rsquo;\u00c9glise Adventiste dans ces r\u00e9gions affect\u00e9es par la trag\u00e9die, pour qu&rsquo;elle soit plus efficace dans l&rsquo;aide apport\u00e9e \u00e0 ses communaut\u00e9s &#8211; sur les plans spirituels [et] physiques,\u00a0\u00bb indique Gary Krause, directeur du Bureau de la Conscience Missionnaire, qui assure la production du programme.<\/p>\n<p>Finley, directeur du Bureau d&rsquo;\u00c9vang\u00e9lisation Mondiale de l&rsquo;Eglise, ajoute : \u00ab\u00a0l&rsquo;\u00e9glise se doit d&rsquo;\u00eatre toujours pr\u00eate \u00e0 r\u00e9pondre aux besoins psychologiques, physiques, spirituels et sociaux partout o\u00f9 elle exerce son minist\u00e8re. Aujourd&rsquo;hui, nous devons nous trouver l\u00e0 o\u00f9 la douleur existe, l\u00e0 o\u00f9 les gens se demandent, &lsquo; O\u00f9 est Dieu au milieu de cette souffrance humaine, o\u00f9 est-Il quand j&rsquo;ai mal ? &lsquo; C&rsquo;est pourquoi nous nous engageons \u00e0 r\u00e9pondre \u00e0 ces questions.\u00a0\u00bb<\/p>\n<p>\u00ab\u00a0C&rsquo;est une r\u00e9action de compassion ayant pour but d&rsquo;aider l&rsquo;\u00e9glise dans ces secteurs \u00e0 \u00eatre plus efficace dans ce qu&rsquo;elle fait pour ces communaut\u00e9s,\u00a0\u00bb ajoute Krause. \u00ab\u00a0Le tsunami s&rsquo;est produit dans [une partie du monde] o\u00f9 l&rsquo;\u00e9glise est, \u00e0 la fois, faible et \u00e9conomiquement pauvre. Nous aidons l&rsquo;\u00e9glise de ces r\u00e9gions \u00e0 faire preuve de compassion chr\u00e9tienne envers les communaut\u00e9s, en ce temps de crise.\u00a0\u00bb<\/p>\n<p>Intitul\u00e9 \u00ab\u00a0De l&rsquo;Espoir dans la Trag\u00e9die,\u00a0\u00bb ce programme pr\u00e9sentera un rapport des cons\u00e9quences du tsunami sur l&rsquo;\u00e9glise et sur les efforts de secours en cours. Il pr\u00e9sentera aussi plusieurs dirigeants adventistes, dont le Pasteur Jan Paulsen, pr\u00e9sident de l&rsquo;\u00e9glise mondiale et sera entrecoup\u00e9 par de la musique spirituelle. <\/p>\n<p>\u00ab\u00a0C&rsquo;est une occasion pour l&rsquo;\u00e9glise de se montrer plus efficace dans l&rsquo;aide apport\u00e9e \u00e0 la communaut\u00e9 en g\u00e9n\u00e9ral,\u00a0\u00bb dit Krause, notant que l&rsquo;argent recueilli financera \u00ab\u00a0des r\u00e9alisations telles que des orphelinats, des programmes de sant\u00e9, des projets de cliniques de communaut\u00e9 et d&rsquo;autres entreprises que l&rsquo;\u00e9glise pourrait vouloir mettre en \u0153uvre dans ces secteurs.\u00a0\u00bb<\/p>\n<p>La Cha\u00eene de l&rsquo;Espoir (Hope Channel), r\u00e9seau de communication par satellite de l&rsquo;\u00c9glise Adventiste du Septi\u00e8me Jour, ainsi que 3ABN, un minist\u00e8re priv\u00e9 de soutien \u00e0 l&rsquo;\u00e9glise, feront la retransmission du programme. Les dons peuvent \u00eatre faits sur ce site Internet, <a  href=\"http:\/\/www.adventistmission.org\">www.adventistmission.org<\/a>.<\/p>\n","protected":false},"excerpt":{"rendered":"<p>Une \u00e9mission t\u00e9l\u00e9vis\u00e9e sp\u00e9ciale retransmise en direct par satellite le 11 f\u00e9vrier et anim\u00e9e par l&rsquo;\u00e9vang\u00e9liste Mark Finley aura pour objectif de renforcer la mission de l&rsquo;\u00c9glise Adventiste du Septi\u00e8me Jour<\/p>\n","protected":false},"author":1,"featured_media":0,"comment_status":"closed","ping_status":"closed","sticky":false,"template":"","format":"standard","meta":{"_acf_changed":false,"footnotes":""},"categories":[9],"tags":[],"class_list":["post-12302","post","type-post","status-publish","format-standard","hentry","category-archive-fr"],"acf":[],"yoast_head":"<!-- This site is optimized with the Yoast SEO plugin v27.3 - https:\/\/yoast.com\/product\/yoast-seo-wordpress\/ -->\n<title>R\u00e9agir Face au Tsunami : Appel \u00e0 une Prise de Conscience Missionnaire Pour Donner Une Impulsion \u00e0 l&#039;\u00c9glise Dans Cette R\u00e9gion Frapp\u00e9e par le Tsunami - \u00c9glise Adventiste Du Septieme Jour - Inter Am\u00e9rique Division<\/title>\n<meta name=\"robots\" content=\"index, follow, max-snippet:-1, max-image-preview:large, max-video-preview:-1\" \/>\n<link rel=\"canonical\" href=\"https:\/\/interamerica.org\/fr\/2005\/02\/reagir-face-au-tsunami-appel-a-une-prise-de-conscience-missionnaire-pour-donner-une-impulsion-a-leglise-dans-cette-region-frappee-par-le-tsunami\/\" \/>\n<meta property=\"og:locale\" content=\"fr_FR\" \/>\n<meta property=\"og:type\" content=\"article\" \/>\n<meta property=\"og:title\" content=\"R\u00e9agir Face au Tsunami : Appel \u00e0 une Prise de Conscience Missionnaire Pour Donner Une Impulsion \u00e0 l&#039;\u00c9glise Dans Cette R\u00e9gion Frapp\u00e9e par le Tsunami - \u00c9glise Adventiste Du Septieme Jour - Inter Am\u00e9rique Division\" \/>\n<meta property=\"og:description\" content=\"Une \u00e9mission t\u00e9l\u00e9vis\u00e9e sp\u00e9ciale retransmise en direct par satellite le 11 f\u00e9vrier et anim\u00e9e par l&#039;\u00e9vang\u00e9liste Mark Finley aura pour objectif de renforcer la mission de l&#039;\u00c9glise Adventiste du Septi\u00e8me Jour\" \/>\n<meta property=\"og:url\" content=\"https:\/\/interamerica.org\/fr\/2005\/02\/reagir-face-au-tsunami-appel-a-une-prise-de-conscience-missionnaire-pour-donner-une-impulsion-a-leglise-dans-cette-region-frappee-par-le-tsunami\/\" \/>\n<meta property=\"og:site_name\" content=\"\u00c9glise Adventiste Du Septieme Jour - Inter Am\u00e9rique Division\" \/>\n<meta property=\"article:published_time\" content=\"2005-02-08T04:00:00+00:00\" \/>\n<meta property=\"article:modified_time\" content=\"2017-06-02T17:20:38+00:00\" \/>\n<meta name=\"author\" content=\"Lorenzo Verduzco\" \/>\n<meta name=\"twitter:card\" content=\"summary_large_image\" \/>\n<meta name=\"twitter:label1\" content=\"\u00c9crit par\" \/>\n\t<meta name=\"twitter:data1\" content=\"Lorenzo Verduzco\" \/>\n\t<meta name=\"twitter:label2\" content=\"Dur\u00e9e de lecture estim\u00e9e\" \/>\n\t<meta name=\"twitter:data2\" content=\"2 minutes\" \/>\n<script type=\"application\/ld+json\" class=\"yoast-schema-graph\">{\"@context\":\"https:\\\/\\\/schema.org\",\"@graph\":[{\"@type\":\"Article\",\"@id\":\"https:\\\/\\\/interamerica.org\\\/fr\\\/2005\\\/02\\\/reagir-face-au-tsunami-appel-a-une-prise-de-conscience-missionnaire-pour-donner-une-impulsion-a-leglise-dans-cette-region-frappee-par-le-tsunami\\\/#article\",\"isPartOf\":{\"@id\":\"https:\\\/\\\/interamerica.org\\\/fr\\\/2005\\\/02\\\/reagir-face-au-tsunami-appel-a-une-prise-de-conscience-missionnaire-pour-donner-une-impulsion-a-leglise-dans-cette-region-frappee-par-le-tsunami\\\/\"},\"author\":{\"name\":\"Lorenzo Verduzco\",\"@id\":\"https:\\\/\\\/interamerica.org\\\/fr\\\/#\\\/schema\\\/person\\\/68ede8bdc292885bb76c1e3810e73c39\"},\"headline\":\"R\u00e9agir Face au Tsunami : Appel \u00e0 une Prise de Conscience Missionnaire Pour Donner Une Impulsion \u00e0 l&rsquo;\u00c9glise Dans Cette R\u00e9gion Frapp\u00e9e par le Tsunami\",\"datePublished\":\"2005-02-08T04:00:00+00:00\",\"dateModified\":\"2017-06-02T17:20:38+00:00\",\"mainEntityOfPage\":{\"@id\":\"https:\\\/\\\/interamerica.org\\\/fr\\\/2005\\\/02\\\/reagir-face-au-tsunami-appel-a-une-prise-de-conscience-missionnaire-pour-donner-une-impulsion-a-leglise-dans-cette-region-frappee-par-le-tsunami\\\/\"},\"wordCount\":493,\"articleSection\":[\"Archive\"],\"inLanguage\":\"fr-FR\"},{\"@type\":\"WebPage\",\"@id\":\"https:\\\/\\\/interamerica.org\\\/fr\\\/2005\\\/02\\\/reagir-face-au-tsunami-appel-a-une-prise-de-conscience-missionnaire-pour-donner-une-impulsion-a-leglise-dans-cette-region-frappee-par-le-tsunami\\\/\",\"url\":\"https:\\\/\\\/interamerica.org\\\/fr\\\/2005\\\/02\\\/reagir-face-au-tsunami-appel-a-une-prise-de-conscience-missionnaire-pour-donner-une-impulsion-a-leglise-dans-cette-region-frappee-par-le-tsunami\\\/\",\"name\":\"R\u00e9agir Face au Tsunami : Appel \u00e0 une Prise de Conscience Missionnaire Pour Donner Une Impulsion \u00e0 l'\u00c9glise Dans Cette R\u00e9gion Frapp\u00e9e par le Tsunami - \u00c9glise Adventiste Du Septieme Jour - Inter Am\u00e9rique Division\",\"isPartOf\":{\"@id\":\"https:\\\/\\\/interamerica.org\\\/fr\\\/#website\"},\"datePublished\":\"2005-02-08T04:00:00+00:00\",\"dateModified\":\"2017-06-02T17:20:38+00:00\",\"author\":{\"@id\":\"https:\\\/\\\/interamerica.org\\\/fr\\\/#\\\/schema\\\/person\\\/68ede8bdc292885bb76c1e3810e73c39\"},\"breadcrumb\":{\"@id\":\"https:\\\/\\\/interamerica.org\\\/fr\\\/2005\\\/02\\\/reagir-face-au-tsunami-appel-a-une-prise-de-conscience-missionnaire-pour-donner-une-impulsion-a-leglise-dans-cette-region-frappee-par-le-tsunami\\\/#breadcrumb\"},\"inLanguage\":\"fr-FR\",\"potentialAction\":[{\"@type\":\"ReadAction\",\"target\":[\"https:\\\/\\\/interamerica.org\\\/fr\\\/2005\\\/02\\\/reagir-face-au-tsunami-appel-a-une-prise-de-conscience-missionnaire-pour-donner-une-impulsion-a-leglise-dans-cette-region-frappee-par-le-tsunami\\\/\"]}]},{\"@type\":\"BreadcrumbList\",\"@id\":\"https:\\\/\\\/interamerica.org\\\/fr\\\/2005\\\/02\\\/reagir-face-au-tsunami-appel-a-une-prise-de-conscience-missionnaire-pour-donner-une-impulsion-a-leglise-dans-cette-region-frappee-par-le-tsunami\\\/#breadcrumb\",\"itemListElement\":[{\"@type\":\"ListItem\",\"position\":1,\"name\":\"Home\",\"item\":\"https:\\\/\\\/interamerica.org\\\/fr\\\/\"},{\"@type\":\"ListItem\",\"position\":2,\"name\":\"R\u00e9agir Face au Tsunami : Appel \u00e0 une Prise de Conscience Missionnaire Pour Donner Une Impulsion \u00e0 l&rsquo;\u00c9glise Dans Cette R\u00e9gion Frapp\u00e9e par le Tsunami\"}]},{\"@type\":\"WebSite\",\"@id\":\"https:\\\/\\\/interamerica.org\\\/fr\\\/#website\",\"url\":\"https:\\\/\\\/interamerica.org\\\/fr\\\/\",\"name\":\"\u00c9glise Adventiste Du Septieme Jour - Inter Am\u00e9rique Division\",\"description\":\"\",\"potentialAction\":[{\"@type\":\"SearchAction\",\"target\":{\"@type\":\"EntryPoint\",\"urlTemplate\":\"https:\\\/\\\/interamerica.org\\\/fr\\\/?s={search_term_string}\"},\"query-input\":{\"@type\":\"PropertyValueSpecification\",\"valueRequired\":true,\"valueName\":\"search_term_string\"}}],\"inLanguage\":\"fr-FR\"},{\"@type\":\"Person\",\"@id\":\"https:\\\/\\\/interamerica.org\\\/fr\\\/#\\\/schema\\\/person\\\/68ede8bdc292885bb76c1e3810e73c39\",\"name\":\"Lorenzo Verduzco\",\"image\":{\"@type\":\"ImageObject\",\"inLanguage\":\"fr-FR\",\"@id\":\"https:\\\/\\\/secure.gravatar.com\\\/avatar\\\/fb81a55b6218459490a9c1dc841a34909185b81904c5337b4b27f7a6fd60c49e?s=96&d=mm&r=g\",\"url\":\"https:\\\/\\\/secure.gravatar.com\\\/avatar\\\/fb81a55b6218459490a9c1dc841a34909185b81904c5337b4b27f7a6fd60c49e?s=96&d=mm&r=g\",\"contentUrl\":\"https:\\\/\\\/secure.gravatar.com\\\/avatar\\\/fb81a55b6218459490a9c1dc841a34909185b81904c5337b4b27f7a6fd60c49e?s=96&d=mm&r=g\",\"caption\":\"Lorenzo Verduzco\"}}]}<\/script>\n<!-- \/ Yoast SEO plugin. -->","yoast_head_json":{"title":"R\u00e9agir Face au Tsunami : Appel \u00e0 une Prise de Conscience Missionnaire Pour Donner Une Impulsion \u00e0 l'\u00c9glise Dans Cette R\u00e9gion Frapp\u00e9e par le Tsunami - \u00c9glise Adventiste Du Septieme Jour - Inter Am\u00e9rique Division","robots":{"index":"index","follow":"follow","max-snippet":"max-snippet:-1","max-image-preview":"max-image-preview:large","max-video-preview":"max-video-preview:-1"},"canonical":"https:\/\/interamerica.org\/fr\/2005\/02\/reagir-face-au-tsunami-appel-a-une-prise-de-conscience-missionnaire-pour-donner-une-impulsion-a-leglise-dans-cette-region-frappee-par-le-tsunami\/","og_locale":"fr_FR","og_type":"article","og_title":"R\u00e9agir Face au Tsunami : Appel \u00e0 une Prise de Conscience Missionnaire Pour Donner Une Impulsion \u00e0 l'\u00c9glise Dans Cette R\u00e9gion Frapp\u00e9e par le Tsunami - \u00c9glise Adventiste Du Septieme Jour - Inter Am\u00e9rique Division","og_description":"Une \u00e9mission t\u00e9l\u00e9vis\u00e9e sp\u00e9ciale retransmise en direct par satellite le 11 f\u00e9vrier et anim\u00e9e par l'\u00e9vang\u00e9liste Mark Finley aura pour objectif de renforcer la mission de l'\u00c9glise Adventiste du Septi\u00e8me Jour","og_url":"https:\/\/interamerica.org\/fr\/2005\/02\/reagir-face-au-tsunami-appel-a-une-prise-de-conscience-missionnaire-pour-donner-une-impulsion-a-leglise-dans-cette-region-frappee-par-le-tsunami\/","og_site_name":"\u00c9glise Adventiste Du Septieme Jour - Inter Am\u00e9rique Division","article_published_time":"2005-02-08T04:00:00+00:00","article_modified_time":"2017-06-02T17:20:38+00:00","author":"Lorenzo Verduzco","twitter_card":"summary_large_image","twitter_misc":{"\u00c9crit par":"Lorenzo Verduzco","Dur\u00e9e de lecture estim\u00e9e":"2 minutes"},"schema":{"@context":"https:\/\/schema.org","@graph":[{"@type":"Article","@id":"https:\/\/interamerica.org\/fr\/2005\/02\/reagir-face-au-tsunami-appel-a-une-prise-de-conscience-missionnaire-pour-donner-une-impulsion-a-leglise-dans-cette-region-frappee-par-le-tsunami\/#article","isPartOf":{"@id":"https:\/\/interamerica.org\/fr\/2005\/02\/reagir-face-au-tsunami-appel-a-une-prise-de-conscience-missionnaire-pour-donner-une-impulsion-a-leglise-dans-cette-region-frappee-par-le-tsunami\/"},"author":{"name":"Lorenzo Verduzco","@id":"https:\/\/interamerica.org\/fr\/#\/schema\/person\/68ede8bdc292885bb76c1e3810e73c39"},"headline":"R\u00e9agir Face au Tsunami : Appel \u00e0 une Prise de Conscience Missionnaire Pour Donner Une Impulsion \u00e0 l&rsquo;\u00c9glise Dans Cette R\u00e9gion Frapp\u00e9e par le Tsunami","datePublished":"2005-02-08T04:00:00+00:00","dateModified":"2017-06-02T17:20:38+00:00","mainEntityOfPage":{"@id":"https:\/\/interamerica.org\/fr\/2005\/02\/reagir-face-au-tsunami-appel-a-une-prise-de-conscience-missionnaire-pour-donner-une-impulsion-a-leglise-dans-cette-region-frappee-par-le-tsunami\/"},"wordCount":493,"articleSection":["Archive"],"inLanguage":"fr-FR"},{"@type":"WebPage","@id":"https:\/\/interamerica.org\/fr\/2005\/02\/reagir-face-au-tsunami-appel-a-une-prise-de-conscience-missionnaire-pour-donner-une-impulsion-a-leglise-dans-cette-region-frappee-par-le-tsunami\/","url":"https:\/\/interamerica.org\/fr\/2005\/02\/reagir-face-au-tsunami-appel-a-une-prise-de-conscience-missionnaire-pour-donner-une-impulsion-a-leglise-dans-cette-region-frappee-par-le-tsunami\/","name":"R\u00e9agir Face au Tsunami : Appel \u00e0 une Prise de Conscience Missionnaire Pour Donner Une Impulsion \u00e0 l'\u00c9glise Dans Cette R\u00e9gion Frapp\u00e9e par le Tsunami - \u00c9glise Adventiste Du Septieme Jour - Inter Am\u00e9rique Division","isPartOf":{"@id":"https:\/\/interamerica.org\/fr\/#website"},"datePublished":"2005-02-08T04:00:00+00:00","dateModified":"2017-06-02T17:20:38+00:00","author":{"@id":"https:\/\/interamerica.org\/fr\/#\/schema\/person\/68ede8bdc292885bb76c1e3810e73c39"},"breadcrumb":{"@id":"https:\/\/interamerica.org\/fr\/2005\/02\/reagir-face-au-tsunami-appel-a-une-prise-de-conscience-missionnaire-pour-donner-une-impulsion-a-leglise-dans-cette-region-frappee-par-le-tsunami\/#breadcrumb"},"inLanguage":"fr-FR","potentialAction":[{"@type":"ReadAction","target":["https:\/\/interamerica.org\/fr\/2005\/02\/reagir-face-au-tsunami-appel-a-une-prise-de-conscience-missionnaire-pour-donner-une-impulsion-a-leglise-dans-cette-region-frappee-par-le-tsunami\/"]}]},{"@type":"BreadcrumbList","@id":"https:\/\/interamerica.org\/fr\/2005\/02\/reagir-face-au-tsunami-appel-a-une-prise-de-conscience-missionnaire-pour-donner-une-impulsion-a-leglise-dans-cette-region-frappee-par-le-tsunami\/#breadcrumb","itemListElement":[{"@type":"ListItem","position":1,"name":"Home","item":"https:\/\/interamerica.org\/fr\/"},{"@type":"ListItem","position":2,"name":"R\u00e9agir Face au Tsunami : Appel \u00e0 une Prise de Conscience Missionnaire Pour Donner Une Impulsion \u00e0 l&rsquo;\u00c9glise Dans Cette R\u00e9gion Frapp\u00e9e par le Tsunami"}]},{"@type":"WebSite","@id":"https:\/\/interamerica.org\/fr\/#website","url":"https:\/\/interamerica.org\/fr\/","name":"\u00c9glise Adventiste Du Septieme Jour - Inter Am\u00e9rique Division","description":"","potentialAction":[{"@type":"SearchAction","target":{"@type":"EntryPoint","urlTemplate":"https:\/\/interamerica.org\/fr\/?s={search_term_string}"},"query-input":{"@type":"PropertyValueSpecification","valueRequired":true,"valueName":"search_term_string"}}],"inLanguage":"fr-FR"},{"@type":"Person","@id":"https:\/\/interamerica.org\/fr\/#\/schema\/person\/68ede8bdc292885bb76c1e3810e73c39","name":"Lorenzo Verduzco","image":{"@type":"ImageObject","inLanguage":"fr-FR","@id":"https:\/\/secure.gravatar.com\/avatar\/fb81a55b6218459490a9c1dc841a34909185b81904c5337b4b27f7a6fd60c49e?s=96&d=mm&r=g","url":"https:\/\/secure.gravatar.com\/avatar\/fb81a55b6218459490a9c1dc841a34909185b81904c5337b4b27f7a6fd60c49e?s=96&d=mm&r=g","contentUrl":"https:\/\/secure.gravatar.com\/avatar\/fb81a55b6218459490a9c1dc841a34909185b81904c5337b4b27f7a6fd60c49e?s=96&d=mm&r=g","caption":"Lorenzo Verduzco"}}]}},"_links":{"self":[{"href":"https:\/\/interamerica.org\/fr\/wp-json\/wp\/v2\/posts\/12302","targetHints":{"allow":["GET"]}}],"collection":[{"href":"https:\/\/interamerica.org\/fr\/wp-json\/wp\/v2\/posts"}],"about":[{"href":"https:\/\/interamerica.org\/fr\/wp-json\/wp\/v2\/types\/post"}],"author":[{"embeddable":true,"href":"https:\/\/interamerica.org\/fr\/wp-json\/wp\/v2\/users\/1"}],"replies":[{"embeddable":true,"href":"https:\/\/interamerica.org\/fr\/wp-json\/wp\/v2\/comments?post=12302"}],"version-history":[{"count":0,"href":"https:\/\/interamerica.org\/fr\/wp-json\/wp\/v2\/posts\/12302\/revisions"}],"wp:attachment":[{"href":"https:\/\/interamerica.org\/fr\/wp-json\/wp\/v2\/media?parent=12302"}],"wp:term":[{"taxonomy":"category","embeddable":true,"href":"https:\/\/interamerica.org\/fr\/wp-json\/wp\/v2\/categories?post=12302"},{"taxonomy":"post_tag","embeddable":true,"href":"https:\/\/interamerica.org\/fr\/wp-json\/wp\/v2\/tags?post=12302"}],"curies":[{"name":"wp","href":"https:\/\/api.w.org\/{rel}","templated":true}]}}