{"id":12306,"date":"2005-02-15T00:00:00","date_gmt":"2005-02-15T04:00:00","guid":{"rendered":"http:\/\/192.81.217.108\/interamerica\/2005\/02\/eglise-mondial-emission-satellite-souleve-une-aide-tsunami\/"},"modified":"2017-06-02T13:20:37","modified_gmt":"2017-06-02T17:20:37","slug":"eglise-mondial-emission-satellite-souleve-une-aide-tsunami","status":"publish","type":"post","link":"https:\/\/interamerica.org\/fr\/2005\/02\/eglise-mondial-emission-satellite-souleve-une-aide-tsunami\/","title":{"rendered":"\u00c9glise Mondial : \u00c9mission Satellite Soul\u00e8ve une Aide Tsunami"},"content":{"rendered":"<p>Silver Spring, Maryland, \u00c9tats-Unis &#8230;. [R\u00e9daction ANN]<\/p>\n<p>Une gamme sans pr\u00e9c\u00e9dent des m\u00e9dias Adventistes du Septi\u00e8me jour et des minist\u00e8res ont joints leurs forces le 11 f\u00e9vrier pour produire une \u00e9mission satellite pour soutenir l&rsquo;\u00e9glise dans les r\u00e9gions tsunami-affect\u00e9es de l&rsquo;Asie m\u00e9ridionale. <\/p>\n<p>Le Canal de l&rsquo;Esp\u00e9rance et le r\u00e9seau Trois Anges annon\u00e7ent chacun qu&rsquo;ils ont \u00e9mis l&rsquo;\u00e9mission sp\u00e9ciale de deux heures, \u00ab\u00a0espoir dans la trag\u00e9die,\u00a0\u00bb en direct depuis le si\u00e8ge social mondial des Adventistes \u00e0 Silver Spring, Maryland. Produit par le bureau de la mission de conscience qui ont accueilli l&rsquo; \u00e9vang\u00e9liste Mark Finley, le programme a combin\u00e9 un entretien spirituel, de la musique, des entrevues, et des messages visuels de partout dans le monde. <\/p>\n<p>\u00ab\u00a0le but principal du programme du ce soir \u00e9tait de partager un message spirituel d&rsquo;espoir m\u00eame au milieu de la trag\u00e9die,\u00a0\u00bb Finley, directeur du bureau de l&rsquo;\u00e9glise de l&rsquo;\u00c9vang\u00e9lisation globale, a dit pendant le programme. \u00ab\u00a0deuxi\u00e8mement, nous avons voulu aider \u00e0 renforcer l&rsquo;\u00e9glise dans les pays affect\u00e9s par le tsunami, ainsi ils peuvent \u00eatre plus efficaces dans leur t\u00e9moignage chr\u00e9tien en ces jours.\u00a0\u00bb <\/p>\n<p>Pendant le programme, Finley a invit\u00e9 des t\u00e9l\u00e9spectateurs \u00e0 soutenir le travail de mission des pays ou les \u00e9glises Adventistes ont \u00e9t\u00e9es affect\u00e9 par le tsunami. Vers la fin du programme, environ 500 appels t\u00e9l\u00e9phoniques avaient eu comme cons\u00e9quence des dons des \u00c9tats-Unis.<\/p>\n<p>88.000 dollars am\u00e9ricains et 12.000 par Internet de donations ont \u00e9t\u00e9 totalis\u00e9. Plus des dons sont pr\u00e9vues par le courrier au cours des semaines \u00e0 venir. <\/p>\n<p>Le programme a \u00e9galement inclus deux entrevues avec le pasteur Jan Paulsen, pr\u00e9sident de l&rsquo;\u00e9glise mondial Adventiste. Parlant directement aux Adventistes vivant dans les secteurs affect\u00e9s par le tsunamy, il les a d\u00e9fi\u00e9s de partager leur espoir \u00e0 l&rsquo;avenir avec d&rsquo;autres : \u00ab\u00a0vous \u00eates un peuple vivant dans la partie du monde o\u00f9 il y a tellement des dommages r\u00e9pandus, destruction et traumatismes,\u00a0\u00bb avez dit Paulsen. \u00ab\u00a0laissez Dieu parler par vous, employez-vous, prenez soin, employez votre temps et \u00e9nergie \u00e0 communiquer \u00e0 ces gens qui souffrent. Aidez-les \u00e0 comprendre qu&rsquo;il y a Dieu. Oui, il y a un besoin de soulager la douleur physique, mais il y a en particulier une profondeur de valeur et de force spirituelles que l&rsquo;espoir peut apporter aux gens. Faites-vous les instruments de l&rsquo;espoir.\u00a0\u00bb <\/p>\n<p>Le programme a partag\u00e9 des messages courts d&rsquo;espoir d&rsquo;une gamme diverse d&rsquo;Adventistes bien connus, y compris Dr. Ben Carson, directeur de la neurochirurgie p\u00e9diatrique \u00e0 l&rsquo;h\u00f4pital de Johns Hopkins aux Etats-Unis ; Del Delker, chanteuse de minist\u00e8re du m\u00e9dia \u00ab\u00a0La Voix de la Proph\u00e9tie\u00a0\u00bb ; et Heather-Dawn Small, directeur d&rsquo;int\u00e9rim des minist\u00e8res des femmes de l&rsquo;\u00e9glise du monde. <\/p>\n<p>\u00ab\u00a0Les donations re\u00e7ues seront creus\u00e9es des rigoles par un comit\u00e9 sp\u00e9cial au si\u00e8ge social mondial des Adventistes,\u00a0\u00bb a dit Gary Krause, directeur du Bureau de la conscience missionnaire de l&rsquo;\u00c9glise. \u00ab\u00a0les directives soigneuses sont en place pour s&rsquo;assurer que tout l&rsquo;argent appara\u00eet comme indiqu\u00e9 pour aider la mission Adventiste dans son holistique dans les pays affect\u00e9s par le tsunami.\u00a0\u00bb <\/p>\n<p>Pendant l&rsquo;\u00e9mission, des appels t\u00e9l\u00e9phoniques des donateurs ont \u00e9t\u00e9 manipul\u00e9s a appeler par le centre aux minist\u00e8res de l&rsquo;information d&rsquo;Adventiste (AIM), situ\u00e9s \u00e0 Berrien Springs, Michigan. Krause a rendu hommage aux 20 employ\u00e9s de AIM &#8212; tous les \u00e9tudiants de l&rsquo;universit\u00e9 voisine d&rsquo;Andrews &#8212; qui ont offert leur temps et \u00e0 l&rsquo;appui de l&rsquo;\u00e9mission. <\/p>\n<p>Le programme sera re-difuus\u00e9e par Safe TV un minist\u00e8re support\u00e9 par l&rsquo;\u00e9glise d&rsquo;Adventiste. <\/p>\n<p>Copyright ? 2005 par le r\u00e9seau d&rsquo;Adventist News.<\/p>\n","protected":false},"excerpt":{"rendered":"<p>Une gamme sans pr\u00e9c\u00e9dent des m\u00e9dias Adventistes du Septi\u00e8me jour et des minist\u00e8res ont joints leurs forces le 11 f\u00e9vrier pour produire une \u00e9mission satellite pour soutenir l&rsquo;\u00e9glise dans les r\u00e9gions tsunami-affect\u00e9es de l&rsquo;Asie m\u00e9ridionale.<\/p>\n","protected":false},"author":1,"featured_media":0,"comment_status":"closed","ping_status":"closed","sticky":false,"template":"","format":"standard","meta":{"_acf_changed":false,"footnotes":""},"categories":[9],"tags":[],"class_list":["post-12306","post","type-post","status-publish","format-standard","hentry","category-archive-fr"],"acf":[],"yoast_head":"<!-- This site is optimized with the Yoast SEO plugin v27.3 - https:\/\/yoast.com\/product\/yoast-seo-wordpress\/ -->\n<title>\u00c9glise Mondial : \u00c9mission Satellite Soul\u00e8ve une Aide Tsunami - \u00c9glise Adventiste Du Septieme Jour - Inter Am\u00e9rique Division<\/title>\n<meta name=\"robots\" content=\"index, follow, max-snippet:-1, max-image-preview:large, max-video-preview:-1\" \/>\n<link rel=\"canonical\" href=\"https:\/\/interamerica.org\/fr\/2005\/02\/eglise-mondial-emission-satellite-souleve-une-aide-tsunami\/\" \/>\n<meta property=\"og:locale\" content=\"fr_FR\" \/>\n<meta property=\"og:type\" content=\"article\" \/>\n<meta property=\"og:title\" content=\"\u00c9glise Mondial : \u00c9mission Satellite Soul\u00e8ve une Aide Tsunami - \u00c9glise Adventiste Du Septieme Jour - Inter Am\u00e9rique Division\" \/>\n<meta property=\"og:description\" content=\"Une gamme sans pr\u00e9c\u00e9dent des m\u00e9dias Adventistes du Septi\u00e8me jour et des minist\u00e8res ont joints leurs forces le 11 f\u00e9vrier pour produire une \u00e9mission satellite pour soutenir l&#039;\u00e9glise dans les r\u00e9gions tsunami-affect\u00e9es de l&#039;Asie m\u00e9ridionale.\" \/>\n<meta property=\"og:url\" content=\"https:\/\/interamerica.org\/fr\/2005\/02\/eglise-mondial-emission-satellite-souleve-une-aide-tsunami\/\" \/>\n<meta property=\"og:site_name\" content=\"\u00c9glise Adventiste Du Septieme Jour - Inter Am\u00e9rique Division\" \/>\n<meta property=\"article:published_time\" content=\"2005-02-15T04:00:00+00:00\" \/>\n<meta property=\"article:modified_time\" content=\"2017-06-02T17:20:37+00:00\" \/>\n<meta name=\"author\" content=\"Lorenzo Verduzco\" \/>\n<meta name=\"twitter:card\" content=\"summary_large_image\" \/>\n<meta name=\"twitter:label1\" content=\"\u00c9crit par\" \/>\n\t<meta name=\"twitter:data1\" content=\"Lorenzo Verduzco\" \/>\n\t<meta name=\"twitter:label2\" content=\"Dur\u00e9e de lecture estim\u00e9e\" \/>\n\t<meta name=\"twitter:data2\" content=\"3 minutes\" \/>\n<script type=\"application\/ld+json\" class=\"yoast-schema-graph\">{\"@context\":\"https:\\\/\\\/schema.org\",\"@graph\":[{\"@type\":\"Article\",\"@id\":\"https:\\\/\\\/interamerica.org\\\/fr\\\/2005\\\/02\\\/eglise-mondial-emission-satellite-souleve-une-aide-tsunami\\\/#article\",\"isPartOf\":{\"@id\":\"https:\\\/\\\/interamerica.org\\\/fr\\\/2005\\\/02\\\/eglise-mondial-emission-satellite-souleve-une-aide-tsunami\\\/\"},\"author\":{\"name\":\"Lorenzo Verduzco\",\"@id\":\"https:\\\/\\\/interamerica.org\\\/fr\\\/#\\\/schema\\\/person\\\/68ede8bdc292885bb76c1e3810e73c39\"},\"headline\":\"\u00c9glise Mondial : \u00c9mission Satellite Soul\u00e8ve une Aide Tsunami\",\"datePublished\":\"2005-02-15T04:00:00+00:00\",\"dateModified\":\"2017-06-02T17:20:37+00:00\",\"mainEntityOfPage\":{\"@id\":\"https:\\\/\\\/interamerica.org\\\/fr\\\/2005\\\/02\\\/eglise-mondial-emission-satellite-souleve-une-aide-tsunami\\\/\"},\"wordCount\":648,\"articleSection\":[\"Archive\"],\"inLanguage\":\"fr-FR\"},{\"@type\":\"WebPage\",\"@id\":\"https:\\\/\\\/interamerica.org\\\/fr\\\/2005\\\/02\\\/eglise-mondial-emission-satellite-souleve-une-aide-tsunami\\\/\",\"url\":\"https:\\\/\\\/interamerica.org\\\/fr\\\/2005\\\/02\\\/eglise-mondial-emission-satellite-souleve-une-aide-tsunami\\\/\",\"name\":\"\u00c9glise Mondial : \u00c9mission Satellite Soul\u00e8ve une Aide Tsunami - \u00c9glise Adventiste Du Septieme Jour - Inter Am\u00e9rique Division\",\"isPartOf\":{\"@id\":\"https:\\\/\\\/interamerica.org\\\/fr\\\/#website\"},\"datePublished\":\"2005-02-15T04:00:00+00:00\",\"dateModified\":\"2017-06-02T17:20:37+00:00\",\"author\":{\"@id\":\"https:\\\/\\\/interamerica.org\\\/fr\\\/#\\\/schema\\\/person\\\/68ede8bdc292885bb76c1e3810e73c39\"},\"breadcrumb\":{\"@id\":\"https:\\\/\\\/interamerica.org\\\/fr\\\/2005\\\/02\\\/eglise-mondial-emission-satellite-souleve-une-aide-tsunami\\\/#breadcrumb\"},\"inLanguage\":\"fr-FR\",\"potentialAction\":[{\"@type\":\"ReadAction\",\"target\":[\"https:\\\/\\\/interamerica.org\\\/fr\\\/2005\\\/02\\\/eglise-mondial-emission-satellite-souleve-une-aide-tsunami\\\/\"]}]},{\"@type\":\"BreadcrumbList\",\"@id\":\"https:\\\/\\\/interamerica.org\\\/fr\\\/2005\\\/02\\\/eglise-mondial-emission-satellite-souleve-une-aide-tsunami\\\/#breadcrumb\",\"itemListElement\":[{\"@type\":\"ListItem\",\"position\":1,\"name\":\"Home\",\"item\":\"https:\\\/\\\/interamerica.org\\\/fr\\\/\"},{\"@type\":\"ListItem\",\"position\":2,\"name\":\"\u00c9glise Mondial : \u00c9mission Satellite Soul\u00e8ve une Aide Tsunami\"}]},{\"@type\":\"WebSite\",\"@id\":\"https:\\\/\\\/interamerica.org\\\/fr\\\/#website\",\"url\":\"https:\\\/\\\/interamerica.org\\\/fr\\\/\",\"name\":\"\u00c9glise Adventiste Du Septieme Jour - Inter Am\u00e9rique Division\",\"description\":\"\",\"potentialAction\":[{\"@type\":\"SearchAction\",\"target\":{\"@type\":\"EntryPoint\",\"urlTemplate\":\"https:\\\/\\\/interamerica.org\\\/fr\\\/?s={search_term_string}\"},\"query-input\":{\"@type\":\"PropertyValueSpecification\",\"valueRequired\":true,\"valueName\":\"search_term_string\"}}],\"inLanguage\":\"fr-FR\"},{\"@type\":\"Person\",\"@id\":\"https:\\\/\\\/interamerica.org\\\/fr\\\/#\\\/schema\\\/person\\\/68ede8bdc292885bb76c1e3810e73c39\",\"name\":\"Lorenzo Verduzco\",\"image\":{\"@type\":\"ImageObject\",\"inLanguage\":\"fr-FR\",\"@id\":\"https:\\\/\\\/secure.gravatar.com\\\/avatar\\\/fb81a55b6218459490a9c1dc841a34909185b81904c5337b4b27f7a6fd60c49e?s=96&d=mm&r=g\",\"url\":\"https:\\\/\\\/secure.gravatar.com\\\/avatar\\\/fb81a55b6218459490a9c1dc841a34909185b81904c5337b4b27f7a6fd60c49e?s=96&d=mm&r=g\",\"contentUrl\":\"https:\\\/\\\/secure.gravatar.com\\\/avatar\\\/fb81a55b6218459490a9c1dc841a34909185b81904c5337b4b27f7a6fd60c49e?s=96&d=mm&r=g\",\"caption\":\"Lorenzo Verduzco\"}}]}<\/script>\n<!-- \/ Yoast SEO plugin. -->","yoast_head_json":{"title":"\u00c9glise Mondial : \u00c9mission Satellite Soul\u00e8ve une Aide Tsunami - \u00c9glise Adventiste Du Septieme Jour - Inter Am\u00e9rique Division","robots":{"index":"index","follow":"follow","max-snippet":"max-snippet:-1","max-image-preview":"max-image-preview:large","max-video-preview":"max-video-preview:-1"},"canonical":"https:\/\/interamerica.org\/fr\/2005\/02\/eglise-mondial-emission-satellite-souleve-une-aide-tsunami\/","og_locale":"fr_FR","og_type":"article","og_title":"\u00c9glise Mondial : \u00c9mission Satellite Soul\u00e8ve une Aide Tsunami - \u00c9glise Adventiste Du Septieme Jour - Inter Am\u00e9rique Division","og_description":"Une gamme sans pr\u00e9c\u00e9dent des m\u00e9dias Adventistes du Septi\u00e8me jour et des minist\u00e8res ont joints leurs forces le 11 f\u00e9vrier pour produire une \u00e9mission satellite pour soutenir l'\u00e9glise dans les r\u00e9gions tsunami-affect\u00e9es de l'Asie m\u00e9ridionale.","og_url":"https:\/\/interamerica.org\/fr\/2005\/02\/eglise-mondial-emission-satellite-souleve-une-aide-tsunami\/","og_site_name":"\u00c9glise Adventiste Du Septieme Jour - Inter Am\u00e9rique Division","article_published_time":"2005-02-15T04:00:00+00:00","article_modified_time":"2017-06-02T17:20:37+00:00","author":"Lorenzo Verduzco","twitter_card":"summary_large_image","twitter_misc":{"\u00c9crit par":"Lorenzo Verduzco","Dur\u00e9e de lecture estim\u00e9e":"3 minutes"},"schema":{"@context":"https:\/\/schema.org","@graph":[{"@type":"Article","@id":"https:\/\/interamerica.org\/fr\/2005\/02\/eglise-mondial-emission-satellite-souleve-une-aide-tsunami\/#article","isPartOf":{"@id":"https:\/\/interamerica.org\/fr\/2005\/02\/eglise-mondial-emission-satellite-souleve-une-aide-tsunami\/"},"author":{"name":"Lorenzo Verduzco","@id":"https:\/\/interamerica.org\/fr\/#\/schema\/person\/68ede8bdc292885bb76c1e3810e73c39"},"headline":"\u00c9glise Mondial : \u00c9mission Satellite Soul\u00e8ve une Aide Tsunami","datePublished":"2005-02-15T04:00:00+00:00","dateModified":"2017-06-02T17:20:37+00:00","mainEntityOfPage":{"@id":"https:\/\/interamerica.org\/fr\/2005\/02\/eglise-mondial-emission-satellite-souleve-une-aide-tsunami\/"},"wordCount":648,"articleSection":["Archive"],"inLanguage":"fr-FR"},{"@type":"WebPage","@id":"https:\/\/interamerica.org\/fr\/2005\/02\/eglise-mondial-emission-satellite-souleve-une-aide-tsunami\/","url":"https:\/\/interamerica.org\/fr\/2005\/02\/eglise-mondial-emission-satellite-souleve-une-aide-tsunami\/","name":"\u00c9glise Mondial : \u00c9mission Satellite Soul\u00e8ve une Aide Tsunami - \u00c9glise Adventiste Du Septieme Jour - Inter Am\u00e9rique Division","isPartOf":{"@id":"https:\/\/interamerica.org\/fr\/#website"},"datePublished":"2005-02-15T04:00:00+00:00","dateModified":"2017-06-02T17:20:37+00:00","author":{"@id":"https:\/\/interamerica.org\/fr\/#\/schema\/person\/68ede8bdc292885bb76c1e3810e73c39"},"breadcrumb":{"@id":"https:\/\/interamerica.org\/fr\/2005\/02\/eglise-mondial-emission-satellite-souleve-une-aide-tsunami\/#breadcrumb"},"inLanguage":"fr-FR","potentialAction":[{"@type":"ReadAction","target":["https:\/\/interamerica.org\/fr\/2005\/02\/eglise-mondial-emission-satellite-souleve-une-aide-tsunami\/"]}]},{"@type":"BreadcrumbList","@id":"https:\/\/interamerica.org\/fr\/2005\/02\/eglise-mondial-emission-satellite-souleve-une-aide-tsunami\/#breadcrumb","itemListElement":[{"@type":"ListItem","position":1,"name":"Home","item":"https:\/\/interamerica.org\/fr\/"},{"@type":"ListItem","position":2,"name":"\u00c9glise Mondial : \u00c9mission Satellite Soul\u00e8ve une Aide Tsunami"}]},{"@type":"WebSite","@id":"https:\/\/interamerica.org\/fr\/#website","url":"https:\/\/interamerica.org\/fr\/","name":"\u00c9glise Adventiste Du Septieme Jour - Inter Am\u00e9rique Division","description":"","potentialAction":[{"@type":"SearchAction","target":{"@type":"EntryPoint","urlTemplate":"https:\/\/interamerica.org\/fr\/?s={search_term_string}"},"query-input":{"@type":"PropertyValueSpecification","valueRequired":true,"valueName":"search_term_string"}}],"inLanguage":"fr-FR"},{"@type":"Person","@id":"https:\/\/interamerica.org\/fr\/#\/schema\/person\/68ede8bdc292885bb76c1e3810e73c39","name":"Lorenzo Verduzco","image":{"@type":"ImageObject","inLanguage":"fr-FR","@id":"https:\/\/secure.gravatar.com\/avatar\/fb81a55b6218459490a9c1dc841a34909185b81904c5337b4b27f7a6fd60c49e?s=96&d=mm&r=g","url":"https:\/\/secure.gravatar.com\/avatar\/fb81a55b6218459490a9c1dc841a34909185b81904c5337b4b27f7a6fd60c49e?s=96&d=mm&r=g","contentUrl":"https:\/\/secure.gravatar.com\/avatar\/fb81a55b6218459490a9c1dc841a34909185b81904c5337b4b27f7a6fd60c49e?s=96&d=mm&r=g","caption":"Lorenzo Verduzco"}}]}},"_links":{"self":[{"href":"https:\/\/interamerica.org\/fr\/wp-json\/wp\/v2\/posts\/12306","targetHints":{"allow":["GET"]}}],"collection":[{"href":"https:\/\/interamerica.org\/fr\/wp-json\/wp\/v2\/posts"}],"about":[{"href":"https:\/\/interamerica.org\/fr\/wp-json\/wp\/v2\/types\/post"}],"author":[{"embeddable":true,"href":"https:\/\/interamerica.org\/fr\/wp-json\/wp\/v2\/users\/1"}],"replies":[{"embeddable":true,"href":"https:\/\/interamerica.org\/fr\/wp-json\/wp\/v2\/comments?post=12306"}],"version-history":[{"count":0,"href":"https:\/\/interamerica.org\/fr\/wp-json\/wp\/v2\/posts\/12306\/revisions"}],"wp:attachment":[{"href":"https:\/\/interamerica.org\/fr\/wp-json\/wp\/v2\/media?parent=12306"}],"wp:term":[{"taxonomy":"category","embeddable":true,"href":"https:\/\/interamerica.org\/fr\/wp-json\/wp\/v2\/categories?post=12306"},{"taxonomy":"post_tag","embeddable":true,"href":"https:\/\/interamerica.org\/fr\/wp-json\/wp\/v2\/tags?post=12306"}],"curies":[{"name":"wp","href":"https:\/\/api.w.org\/{rel}","templated":true}]}}