{"id":12307,"date":"2005-02-15T00:00:00","date_gmt":"2005-02-15T04:00:00","guid":{"rendered":"http:\/\/192.81.217.108\/interamerica\/2005\/02\/asie-du-sud-formation-de-pasteurs-et-daumoniers-pour-conseiller-les-survivants-du-tsunami\/"},"modified":"2017-06-02T13:20:37","modified_gmt":"2017-06-02T17:20:37","slug":"asie-du-sud-formation-de-pasteurs-et-daumoniers-pour-conseiller-les-survivants-du-tsunami","status":"publish","type":"post","link":"https:\/\/interamerica.org\/fr\/2005\/02\/asie-du-sud-formation-de-pasteurs-et-daumoniers-pour-conseiller-les-survivants-du-tsunami\/","title":{"rendered":"Asie du Sud : Formation de Pasteurs et d&rsquo;Aum\u00f4niers pour Conseiller Les Survivants du Tsunami"},"content":{"rendered":"<p>Penang, Malaisie&#8230;. <\/p>\n<p>En reconnaissant que les survivants du tsunami souffrent non seulement physiquement, mais \u00e9motivement aussi, Les membres de l&rsquo;\u00c9glise Adventiste du Septi\u00e8me Jour ont offert un s\u00e9minaire de formation, d&rsquo;une dur\u00e9e de deux jours pour aider dans les cas de choc \u00e9motionnel, aux pasteurs et aux aum\u00f4niers dans quatre pays de l&rsquo;Asie m\u00e9ridionale, \u00e0 partir du 19 janvier. <\/p>\n<p>Martin Feldbush, directeur des Minist\u00e8res de l&rsquo;Aum\u00f4nerie Adventiste de l&rsquo;\u00e9glise mondiale (ACM), \u00e9tait accompagn\u00e9 de sa femme Martha, responsable de th\u00e9rapie scolaire, travaillant avec des enfants et Jonathan Catolico, directeur d&rsquo;ACM pour l&rsquo;\u00e9glise en Asie m\u00e9ridionale. <\/p>\n<p>\u00ab\u00a0Dans ces pays, les pasteurs font face \u00e0 l&rsquo;\u00e9norme t\u00e2che de prendre soin d&rsquo;un grand nombre de personnes traumatis\u00e9es dans les h\u00f4pitaux et les \u00e9coles,\u00a0\u00bb a dit Feldbush. <\/p>\n<p>Il est entr\u00e9 en contact avec Catolico sit\u00f4t apr\u00e8s que le tsunami ait frapp\u00e9 et a discut\u00e9 du besoin \u00e9vident d&rsquo;avoir un s\u00e9minaire de formation en \u00ab\u00a0assistance Pastorale pour personnes traumatis\u00e9es et endeuill\u00e9es\u00a0\u00bb. <\/p>\n<p>Il souligne qu&rsquo;un pasteur lui a dit que cette formation ne serait pas seulement pour les personnes qu&rsquo;on aiderait, mais aussi pour eux-m\u00eames, pasteurs, parce qu&rsquo;ils avaient surv\u00e9cu \u00e0 la m\u00eame trag\u00e9die. <\/p>\n<p>\u00ab\u00a0Soixante pour cent des morts par le tsunami \u00e9taient des adultes,\u00a0\u00bb fait-il remarquer, \u00ab\u00a0ce qui signifie que des milliers d&rsquo;enfants sont devenus orphelins, souffrant la perte de fr\u00e8res et s\u0153urs, et de parents.\u00a0\u00bb<\/p>\n<p>Les participants \u00e0 cet atelier ont discut\u00e9 sur la nature d&rsquo;un choc \u00e9motionnel, la nature d&rsquo;une perte et du chagrin, de la mani\u00e8re que \u00ab\u00a0des souvenirs apr\u00e8s un choc \u00e9motionnel\u00a0\u00bb peuvent durer pendant des ann\u00e9es; et ont appris des m\u00e9thodologies pastorales pour conseiller les victimes de trauma.<\/p>\n<p>Les m\u00e9thodes apprises dans les ateliers ont \u00e9t\u00e9 pr\u00e9par\u00e9es par l&rsquo;Organisation Nationale pour l&rsquo;Aide aux Victimes et sont \u00e9galement applicables pour les personnes du clerg\u00e9 de n&rsquo;importe quel groupe de foi, a dit Feldbush. \u00ab\u00a0La forme que cela prend sera toujours transmise avec la foi de la personne soignant spirituellement, parce qu&rsquo;elle reconna\u00eet la valeur de la foi de chaque personne comme une partie des facult\u00e9s d&rsquo;adaptation et de choix,\u00a0\u00bb a-t-il dit. <\/p>\n<p>Les quatre ateliers ont donn\u00e9 de l&rsquo;entra\u00eenement \u00e0 un total approximatif de 200 personnes en Indon\u00e9sie, au Sri Lanka, \u00e0 Singapour et en Malaisie. \u00c0 Penang, en Malaisie, les formations ont \u00e9t\u00e9 dispens\u00e9es \u00e0 des pasteurs baptistes et m\u00e9thodistes, \u00e0 des pr\u00eatres catholiques. Tandis qu&rsquo;\u00e0 Singapour qui n&rsquo;a pas \u00e9t\u00e9 affect\u00e9e par le tsunami, les Services Communautaires Adventistes locaux ont fourni de l&rsquo;aide aux victimes dans d&rsquo;autres pays.<\/p>\n<p>Les ateliers \u00e9taient le fruit d&rsquo;une collaboration entre les d\u00e9partements d&rsquo;aum\u00f4nerie des \u00e9glises locales et de l&rsquo;\u00e9glise mondiale, des \u00e9glises locales et de l&rsquo;H\u00f4pital Adventiste de Penang.<\/p>\n","protected":false},"excerpt":{"rendered":"<p>Les membres de l&rsquo;\u00c9glise Adventiste du Septi\u00e8me Jour ont offert un s\u00e9minaire de formation, d&rsquo;une dur\u00e9e de deux jours pour aider dans les cas de choc \u00e9motionnel, aux pasteurs et aux aum\u00f4niers dans quatre pays de l&rsquo;Asie m\u00e9ridionale, \u00e0 partir<\/p>\n","protected":false},"author":1,"featured_media":0,"comment_status":"closed","ping_status":"closed","sticky":false,"template":"","format":"standard","meta":{"_acf_changed":false,"footnotes":""},"categories":[9],"tags":[],"class_list":["post-12307","post","type-post","status-publish","format-standard","hentry","category-archive-fr"],"acf":[],"yoast_head":"<!-- This site is optimized with the Yoast SEO plugin v27.3 - https:\/\/yoast.com\/product\/yoast-seo-wordpress\/ -->\n<title>Asie du Sud : Formation de Pasteurs et d&#039;Aum\u00f4niers pour Conseiller Les Survivants du Tsunami - \u00c9glise Adventiste Du Septieme Jour - Inter Am\u00e9rique Division<\/title>\n<meta name=\"robots\" content=\"index, follow, max-snippet:-1, max-image-preview:large, max-video-preview:-1\" \/>\n<link rel=\"canonical\" href=\"https:\/\/interamerica.org\/fr\/2005\/02\/asie-du-sud-formation-de-pasteurs-et-daumoniers-pour-conseiller-les-survivants-du-tsunami\/\" \/>\n<meta property=\"og:locale\" content=\"fr_FR\" \/>\n<meta property=\"og:type\" content=\"article\" \/>\n<meta property=\"og:title\" content=\"Asie du Sud : Formation de Pasteurs et d&#039;Aum\u00f4niers pour Conseiller Les Survivants du Tsunami - \u00c9glise Adventiste Du Septieme Jour - Inter Am\u00e9rique Division\" \/>\n<meta property=\"og:description\" content=\"Les membres de l&#039;\u00c9glise Adventiste du Septi\u00e8me Jour ont offert un s\u00e9minaire de formation, d&#039;une dur\u00e9e de deux jours pour aider dans les cas de choc \u00e9motionnel, aux pasteurs et aux aum\u00f4niers dans quatre pays de l&#039;Asie m\u00e9ridionale, \u00e0 partir\" \/>\n<meta property=\"og:url\" content=\"https:\/\/interamerica.org\/fr\/2005\/02\/asie-du-sud-formation-de-pasteurs-et-daumoniers-pour-conseiller-les-survivants-du-tsunami\/\" \/>\n<meta property=\"og:site_name\" content=\"\u00c9glise Adventiste Du Septieme Jour - Inter Am\u00e9rique Division\" \/>\n<meta property=\"article:published_time\" content=\"2005-02-15T04:00:00+00:00\" \/>\n<meta property=\"article:modified_time\" content=\"2017-06-02T17:20:37+00:00\" \/>\n<meta name=\"author\" content=\"Lorenzo Verduzco\" \/>\n<meta name=\"twitter:card\" content=\"summary_large_image\" \/>\n<meta name=\"twitter:label1\" content=\"\u00c9crit par\" \/>\n\t<meta name=\"twitter:data1\" content=\"Lorenzo Verduzco\" \/>\n\t<meta name=\"twitter:label2\" content=\"Dur\u00e9e de lecture estim\u00e9e\" \/>\n\t<meta name=\"twitter:data2\" content=\"2 minutes\" \/>\n<script type=\"application\/ld+json\" class=\"yoast-schema-graph\">{\"@context\":\"https:\\\/\\\/schema.org\",\"@graph\":[{\"@type\":\"Article\",\"@id\":\"https:\\\/\\\/interamerica.org\\\/fr\\\/2005\\\/02\\\/asie-du-sud-formation-de-pasteurs-et-daumoniers-pour-conseiller-les-survivants-du-tsunami\\\/#article\",\"isPartOf\":{\"@id\":\"https:\\\/\\\/interamerica.org\\\/fr\\\/2005\\\/02\\\/asie-du-sud-formation-de-pasteurs-et-daumoniers-pour-conseiller-les-survivants-du-tsunami\\\/\"},\"author\":{\"name\":\"Lorenzo Verduzco\",\"@id\":\"https:\\\/\\\/interamerica.org\\\/fr\\\/#\\\/schema\\\/person\\\/68ede8bdc292885bb76c1e3810e73c39\"},\"headline\":\"Asie du Sud : Formation de Pasteurs et d&rsquo;Aum\u00f4niers pour Conseiller Les Survivants du Tsunami\",\"datePublished\":\"2005-02-15T04:00:00+00:00\",\"dateModified\":\"2017-06-02T17:20:37+00:00\",\"mainEntityOfPage\":{\"@id\":\"https:\\\/\\\/interamerica.org\\\/fr\\\/2005\\\/02\\\/asie-du-sud-formation-de-pasteurs-et-daumoniers-pour-conseiller-les-survivants-du-tsunami\\\/\"},\"wordCount\":510,\"articleSection\":[\"Archive\"],\"inLanguage\":\"fr-FR\"},{\"@type\":\"WebPage\",\"@id\":\"https:\\\/\\\/interamerica.org\\\/fr\\\/2005\\\/02\\\/asie-du-sud-formation-de-pasteurs-et-daumoniers-pour-conseiller-les-survivants-du-tsunami\\\/\",\"url\":\"https:\\\/\\\/interamerica.org\\\/fr\\\/2005\\\/02\\\/asie-du-sud-formation-de-pasteurs-et-daumoniers-pour-conseiller-les-survivants-du-tsunami\\\/\",\"name\":\"Asie du Sud : Formation de Pasteurs et d'Aum\u00f4niers pour Conseiller Les Survivants du Tsunami - \u00c9glise Adventiste Du Septieme Jour - Inter Am\u00e9rique Division\",\"isPartOf\":{\"@id\":\"https:\\\/\\\/interamerica.org\\\/fr\\\/#website\"},\"datePublished\":\"2005-02-15T04:00:00+00:00\",\"dateModified\":\"2017-06-02T17:20:37+00:00\",\"author\":{\"@id\":\"https:\\\/\\\/interamerica.org\\\/fr\\\/#\\\/schema\\\/person\\\/68ede8bdc292885bb76c1e3810e73c39\"},\"breadcrumb\":{\"@id\":\"https:\\\/\\\/interamerica.org\\\/fr\\\/2005\\\/02\\\/asie-du-sud-formation-de-pasteurs-et-daumoniers-pour-conseiller-les-survivants-du-tsunami\\\/#breadcrumb\"},\"inLanguage\":\"fr-FR\",\"potentialAction\":[{\"@type\":\"ReadAction\",\"target\":[\"https:\\\/\\\/interamerica.org\\\/fr\\\/2005\\\/02\\\/asie-du-sud-formation-de-pasteurs-et-daumoniers-pour-conseiller-les-survivants-du-tsunami\\\/\"]}]},{\"@type\":\"BreadcrumbList\",\"@id\":\"https:\\\/\\\/interamerica.org\\\/fr\\\/2005\\\/02\\\/asie-du-sud-formation-de-pasteurs-et-daumoniers-pour-conseiller-les-survivants-du-tsunami\\\/#breadcrumb\",\"itemListElement\":[{\"@type\":\"ListItem\",\"position\":1,\"name\":\"Home\",\"item\":\"https:\\\/\\\/interamerica.org\\\/fr\\\/\"},{\"@type\":\"ListItem\",\"position\":2,\"name\":\"Asie du Sud : Formation de Pasteurs et d&rsquo;Aum\u00f4niers pour Conseiller Les Survivants du Tsunami\"}]},{\"@type\":\"WebSite\",\"@id\":\"https:\\\/\\\/interamerica.org\\\/fr\\\/#website\",\"url\":\"https:\\\/\\\/interamerica.org\\\/fr\\\/\",\"name\":\"\u00c9glise Adventiste Du Septieme Jour - Inter Am\u00e9rique Division\",\"description\":\"\",\"potentialAction\":[{\"@type\":\"SearchAction\",\"target\":{\"@type\":\"EntryPoint\",\"urlTemplate\":\"https:\\\/\\\/interamerica.org\\\/fr\\\/?s={search_term_string}\"},\"query-input\":{\"@type\":\"PropertyValueSpecification\",\"valueRequired\":true,\"valueName\":\"search_term_string\"}}],\"inLanguage\":\"fr-FR\"},{\"@type\":\"Person\",\"@id\":\"https:\\\/\\\/interamerica.org\\\/fr\\\/#\\\/schema\\\/person\\\/68ede8bdc292885bb76c1e3810e73c39\",\"name\":\"Lorenzo Verduzco\",\"image\":{\"@type\":\"ImageObject\",\"inLanguage\":\"fr-FR\",\"@id\":\"https:\\\/\\\/secure.gravatar.com\\\/avatar\\\/fb81a55b6218459490a9c1dc841a34909185b81904c5337b4b27f7a6fd60c49e?s=96&d=mm&r=g\",\"url\":\"https:\\\/\\\/secure.gravatar.com\\\/avatar\\\/fb81a55b6218459490a9c1dc841a34909185b81904c5337b4b27f7a6fd60c49e?s=96&d=mm&r=g\",\"contentUrl\":\"https:\\\/\\\/secure.gravatar.com\\\/avatar\\\/fb81a55b6218459490a9c1dc841a34909185b81904c5337b4b27f7a6fd60c49e?s=96&d=mm&r=g\",\"caption\":\"Lorenzo Verduzco\"}}]}<\/script>\n<!-- \/ Yoast SEO plugin. -->","yoast_head_json":{"title":"Asie du Sud : Formation de Pasteurs et d'Aum\u00f4niers pour Conseiller Les Survivants du Tsunami - \u00c9glise Adventiste Du Septieme Jour - Inter Am\u00e9rique Division","robots":{"index":"index","follow":"follow","max-snippet":"max-snippet:-1","max-image-preview":"max-image-preview:large","max-video-preview":"max-video-preview:-1"},"canonical":"https:\/\/interamerica.org\/fr\/2005\/02\/asie-du-sud-formation-de-pasteurs-et-daumoniers-pour-conseiller-les-survivants-du-tsunami\/","og_locale":"fr_FR","og_type":"article","og_title":"Asie du Sud : Formation de Pasteurs et d'Aum\u00f4niers pour Conseiller Les Survivants du Tsunami - \u00c9glise Adventiste Du Septieme Jour - Inter Am\u00e9rique Division","og_description":"Les membres de l'\u00c9glise Adventiste du Septi\u00e8me Jour ont offert un s\u00e9minaire de formation, d'une dur\u00e9e de deux jours pour aider dans les cas de choc \u00e9motionnel, aux pasteurs et aux aum\u00f4niers dans quatre pays de l'Asie m\u00e9ridionale, \u00e0 partir","og_url":"https:\/\/interamerica.org\/fr\/2005\/02\/asie-du-sud-formation-de-pasteurs-et-daumoniers-pour-conseiller-les-survivants-du-tsunami\/","og_site_name":"\u00c9glise Adventiste Du Septieme Jour - Inter Am\u00e9rique Division","article_published_time":"2005-02-15T04:00:00+00:00","article_modified_time":"2017-06-02T17:20:37+00:00","author":"Lorenzo Verduzco","twitter_card":"summary_large_image","twitter_misc":{"\u00c9crit par":"Lorenzo Verduzco","Dur\u00e9e de lecture estim\u00e9e":"2 minutes"},"schema":{"@context":"https:\/\/schema.org","@graph":[{"@type":"Article","@id":"https:\/\/interamerica.org\/fr\/2005\/02\/asie-du-sud-formation-de-pasteurs-et-daumoniers-pour-conseiller-les-survivants-du-tsunami\/#article","isPartOf":{"@id":"https:\/\/interamerica.org\/fr\/2005\/02\/asie-du-sud-formation-de-pasteurs-et-daumoniers-pour-conseiller-les-survivants-du-tsunami\/"},"author":{"name":"Lorenzo Verduzco","@id":"https:\/\/interamerica.org\/fr\/#\/schema\/person\/68ede8bdc292885bb76c1e3810e73c39"},"headline":"Asie du Sud : Formation de Pasteurs et d&rsquo;Aum\u00f4niers pour Conseiller Les Survivants du Tsunami","datePublished":"2005-02-15T04:00:00+00:00","dateModified":"2017-06-02T17:20:37+00:00","mainEntityOfPage":{"@id":"https:\/\/interamerica.org\/fr\/2005\/02\/asie-du-sud-formation-de-pasteurs-et-daumoniers-pour-conseiller-les-survivants-du-tsunami\/"},"wordCount":510,"articleSection":["Archive"],"inLanguage":"fr-FR"},{"@type":"WebPage","@id":"https:\/\/interamerica.org\/fr\/2005\/02\/asie-du-sud-formation-de-pasteurs-et-daumoniers-pour-conseiller-les-survivants-du-tsunami\/","url":"https:\/\/interamerica.org\/fr\/2005\/02\/asie-du-sud-formation-de-pasteurs-et-daumoniers-pour-conseiller-les-survivants-du-tsunami\/","name":"Asie du Sud : Formation de Pasteurs et d'Aum\u00f4niers pour Conseiller Les Survivants du Tsunami - \u00c9glise Adventiste Du Septieme Jour - Inter Am\u00e9rique Division","isPartOf":{"@id":"https:\/\/interamerica.org\/fr\/#website"},"datePublished":"2005-02-15T04:00:00+00:00","dateModified":"2017-06-02T17:20:37+00:00","author":{"@id":"https:\/\/interamerica.org\/fr\/#\/schema\/person\/68ede8bdc292885bb76c1e3810e73c39"},"breadcrumb":{"@id":"https:\/\/interamerica.org\/fr\/2005\/02\/asie-du-sud-formation-de-pasteurs-et-daumoniers-pour-conseiller-les-survivants-du-tsunami\/#breadcrumb"},"inLanguage":"fr-FR","potentialAction":[{"@type":"ReadAction","target":["https:\/\/interamerica.org\/fr\/2005\/02\/asie-du-sud-formation-de-pasteurs-et-daumoniers-pour-conseiller-les-survivants-du-tsunami\/"]}]},{"@type":"BreadcrumbList","@id":"https:\/\/interamerica.org\/fr\/2005\/02\/asie-du-sud-formation-de-pasteurs-et-daumoniers-pour-conseiller-les-survivants-du-tsunami\/#breadcrumb","itemListElement":[{"@type":"ListItem","position":1,"name":"Home","item":"https:\/\/interamerica.org\/fr\/"},{"@type":"ListItem","position":2,"name":"Asie du Sud : Formation de Pasteurs et d&rsquo;Aum\u00f4niers pour Conseiller Les Survivants du Tsunami"}]},{"@type":"WebSite","@id":"https:\/\/interamerica.org\/fr\/#website","url":"https:\/\/interamerica.org\/fr\/","name":"\u00c9glise Adventiste Du Septieme Jour - Inter Am\u00e9rique Division","description":"","potentialAction":[{"@type":"SearchAction","target":{"@type":"EntryPoint","urlTemplate":"https:\/\/interamerica.org\/fr\/?s={search_term_string}"},"query-input":{"@type":"PropertyValueSpecification","valueRequired":true,"valueName":"search_term_string"}}],"inLanguage":"fr-FR"},{"@type":"Person","@id":"https:\/\/interamerica.org\/fr\/#\/schema\/person\/68ede8bdc292885bb76c1e3810e73c39","name":"Lorenzo Verduzco","image":{"@type":"ImageObject","inLanguage":"fr-FR","@id":"https:\/\/secure.gravatar.com\/avatar\/fb81a55b6218459490a9c1dc841a34909185b81904c5337b4b27f7a6fd60c49e?s=96&d=mm&r=g","url":"https:\/\/secure.gravatar.com\/avatar\/fb81a55b6218459490a9c1dc841a34909185b81904c5337b4b27f7a6fd60c49e?s=96&d=mm&r=g","contentUrl":"https:\/\/secure.gravatar.com\/avatar\/fb81a55b6218459490a9c1dc841a34909185b81904c5337b4b27f7a6fd60c49e?s=96&d=mm&r=g","caption":"Lorenzo Verduzco"}}]}},"_links":{"self":[{"href":"https:\/\/interamerica.org\/fr\/wp-json\/wp\/v2\/posts\/12307","targetHints":{"allow":["GET"]}}],"collection":[{"href":"https:\/\/interamerica.org\/fr\/wp-json\/wp\/v2\/posts"}],"about":[{"href":"https:\/\/interamerica.org\/fr\/wp-json\/wp\/v2\/types\/post"}],"author":[{"embeddable":true,"href":"https:\/\/interamerica.org\/fr\/wp-json\/wp\/v2\/users\/1"}],"replies":[{"embeddable":true,"href":"https:\/\/interamerica.org\/fr\/wp-json\/wp\/v2\/comments?post=12307"}],"version-history":[{"count":0,"href":"https:\/\/interamerica.org\/fr\/wp-json\/wp\/v2\/posts\/12307\/revisions"}],"wp:attachment":[{"href":"https:\/\/interamerica.org\/fr\/wp-json\/wp\/v2\/media?parent=12307"}],"wp:term":[{"taxonomy":"category","embeddable":true,"href":"https:\/\/interamerica.org\/fr\/wp-json\/wp\/v2\/categories?post=12307"},{"taxonomy":"post_tag","embeddable":true,"href":"https:\/\/interamerica.org\/fr\/wp-json\/wp\/v2\/tags?post=12307"}],"curies":[{"name":"wp","href":"https:\/\/api.w.org\/{rel}","templated":true}]}}