{"id":12309,"date":"2005-02-16T00:00:00","date_gmt":"2005-02-16T04:00:00","guid":{"rendered":"http:\/\/192.81.217.108\/interamerica\/2005\/02\/iad-les-responsables-de-communications-de-leglise-se-sont-rencontres-pour-un-atelier\/"},"modified":"2017-06-02T13:20:36","modified_gmt":"2017-06-02T17:20:36","slug":"iad-les-responsables-de-communications-de-leglise-se-sont-rencontres-pour-un-atelier","status":"publish","type":"post","link":"https:\/\/interamerica.org\/fr\/2005\/02\/iad-les-responsables-de-communications-de-leglise-se-sont-rencontres-pour-un-atelier\/","title":{"rendered":"IAD : les Responsables de Communications de l&rsquo;\u00c9glise Se Sont Rencontr\u00e9s Pour un Atelier"},"content":{"rendered":"<p>Miami, Floride, Etats-Unis<\/p>\n<p>Les directeurs de communication du territoire de la Division Interam\u00e9ricaine se sont rencontr\u00e9s pour un atelier de communications au bureau central, \u00e0 Miami, Floride, les 9 et 10 f\u00e9vrier. \u00a0Cet atelier, qui \u00e9tait le deuxi\u00e8me du genre au cours de ce quinqu\u00e9nium, comprenait des sujets tels que les relations de l&rsquo;\u00e9glise avec les mass m\u00e9dias, la communication en temps de crise et les relations avec le public.<\/p>\n<p>\u00ab\u00a0Cet [atelier] \u00e9tait devenu n\u00e9cessaire \u00e0 cause des nombreuses activit\u00e9s, circonstances et \u00e9v\u00e9nements, en constante \u00e9volution ; \u00ab\u00a0il \u00e9tait imp\u00e9ratif pour nous de penser \u00e0 d&rsquo;autres strat\u00e9gies pour accomplir notre mission en tant que directeurs de communications,\u00a0\u00bb a dit le Pasteur L\u00e9on B. Wellington, vice-pr\u00e9sident et directeur de communications pour l&rsquo;\u00e9glise en Inter-Am\u00e9rique.<\/p>\n<p>Parmi les orateurs, il y avait Ray Dabrowski, directeur de Communications \u00e0 l&rsquo;\u00c9glise Mondiale : il a replac\u00e9 dans son contexte, la d\u00e9claration de mission, strat\u00e9gique et rationnelle du d\u00e9partement de communications et les principes directeurs qui assurent que des plans appropri\u00e9s sont mis en oeuvre. Il a aussi fait une analyse des attentes d&rsquo;un directeur de communications et le reportage des nouvelles dans le contexte de l&rsquo;\u00e9glise.<\/p>\n<p>De son c\u00f4t\u00e9, John Banks, directeur adjoint de communications pour l&rsquo;\u00c9glise Mondiale a parl\u00e9 aux directeurs de communications de l&rsquo;importance de leur r\u00f4le dans les relations de l&rsquo;\u00e9glise avec les m\u00e9dias, dans les relations publiques et dans la communication en temps de crise, \u00e0 l&rsquo;int\u00e9rieur de leurs communaut\u00e9s et de leur territoire.<\/p>\n<p>Les repr\u00e9sentants de R\u00e9seau de T\u00e9l\u00e9vision Adventiste et de Radio Mondiale Adventiste ont parl\u00e9 des programmes, des mises \u00e0 jour et des particularit\u00e9s de leurs minist\u00e8res respectifs.<\/p>\n<p>Les participants \u00e0 cet atelier eurent l&rsquo;opportunit\u00e9 de pr\u00e9senter un rapport sur les progr\u00e8s de leurs efforts dans leur relation avec les m\u00e9dias en tant que repr\u00e9sentant de l&rsquo;\u00e9glise dans leur territoire respectif.<\/p>\n<p>\u00c0 la fin de l&rsquo;atelier, le Pasteur Wellington encouragea tous les participants \u00e0 partager leur connaissance acquise avec les directeurs de communications de leur Union respective et de continuer \u00e0 se passionner dans l&rsquo;utilisation de la technologie actuelle pour un travail plus performant au profit de l&rsquo;\u00e9glise.<\/p>\n<p>\u00ab\u00a0C&rsquo;est notre espoir que cet atelier aura accru vos comp\u00e9tences, augment\u00e9 vos connaissance et enrichi la communication entre vous, entre nous, entre les agences et les individus dont le d\u00e9sir commun est de voir J\u00e9sus revenir,\u00a0\u00bb a conclu le pasteur Wellington face aux responsables des communications. \u00ab\u00a0Comme des directeurs de communications vous \u00eates donc des \u00e9l\u00e9ments essentiels pour le succ\u00e8s de toute strat\u00e9gie permettant de faire avancer le Royaume de Dieu,\u00a0\u00bb a-t-il ajout\u00e9.\u00a0<\/p>\n","protected":false},"excerpt":{"rendered":"<p>Les directeurs de communication du territoire de la Division Interam\u00e9ricaine se sont rencontr\u00e9s pour un atelier de communications au bureau central, \u00e0 Miami, Floride, les 9 et 10 f\u00e9vrier.<\/p>\n","protected":false},"author":1,"featured_media":0,"comment_status":"closed","ping_status":"closed","sticky":false,"template":"","format":"standard","meta":{"_acf_changed":false,"footnotes":""},"categories":[9],"tags":[],"class_list":["post-12309","post","type-post","status-publish","format-standard","hentry","category-archive-fr"],"acf":[],"yoast_head":"<!-- This site is optimized with the Yoast SEO plugin v27.3 - https:\/\/yoast.com\/product\/yoast-seo-wordpress\/ -->\n<title>IAD : les Responsables de Communications de l&#039;\u00c9glise Se Sont Rencontr\u00e9s Pour un Atelier - \u00c9glise Adventiste Du Septieme Jour - Inter Am\u00e9rique Division<\/title>\n<meta name=\"robots\" content=\"index, follow, max-snippet:-1, max-image-preview:large, max-video-preview:-1\" \/>\n<link rel=\"canonical\" href=\"https:\/\/interamerica.org\/fr\/2005\/02\/iad-les-responsables-de-communications-de-leglise-se-sont-rencontres-pour-un-atelier\/\" \/>\n<meta property=\"og:locale\" content=\"fr_FR\" \/>\n<meta property=\"og:type\" content=\"article\" \/>\n<meta property=\"og:title\" content=\"IAD : les Responsables de Communications de l&#039;\u00c9glise Se Sont Rencontr\u00e9s Pour un Atelier - \u00c9glise Adventiste Du Septieme Jour - Inter Am\u00e9rique Division\" \/>\n<meta property=\"og:description\" content=\"Les directeurs de communication du territoire de la Division Interam\u00e9ricaine se sont rencontr\u00e9s pour un atelier de communications au bureau central, \u00e0 Miami, Floride, les 9 et 10 f\u00e9vrier.\" \/>\n<meta property=\"og:url\" content=\"https:\/\/interamerica.org\/fr\/2005\/02\/iad-les-responsables-de-communications-de-leglise-se-sont-rencontres-pour-un-atelier\/\" \/>\n<meta property=\"og:site_name\" content=\"\u00c9glise Adventiste Du Septieme Jour - Inter Am\u00e9rique Division\" \/>\n<meta property=\"article:published_time\" content=\"2005-02-16T04:00:00+00:00\" \/>\n<meta property=\"article:modified_time\" content=\"2017-06-02T17:20:36+00:00\" \/>\n<meta name=\"author\" content=\"Lorenzo Verduzco\" \/>\n<meta name=\"twitter:card\" content=\"summary_large_image\" \/>\n<meta name=\"twitter:label1\" content=\"\u00c9crit par\" \/>\n\t<meta name=\"twitter:data1\" content=\"Lorenzo Verduzco\" \/>\n\t<meta name=\"twitter:label2\" content=\"Dur\u00e9e de lecture estim\u00e9e\" \/>\n\t<meta name=\"twitter:data2\" content=\"2 minutes\" \/>\n<script type=\"application\/ld+json\" class=\"yoast-schema-graph\">{\"@context\":\"https:\\\/\\\/schema.org\",\"@graph\":[{\"@type\":\"Article\",\"@id\":\"https:\\\/\\\/interamerica.org\\\/fr\\\/2005\\\/02\\\/iad-les-responsables-de-communications-de-leglise-se-sont-rencontres-pour-un-atelier\\\/#article\",\"isPartOf\":{\"@id\":\"https:\\\/\\\/interamerica.org\\\/fr\\\/2005\\\/02\\\/iad-les-responsables-de-communications-de-leglise-se-sont-rencontres-pour-un-atelier\\\/\"},\"author\":{\"name\":\"Lorenzo Verduzco\",\"@id\":\"https:\\\/\\\/interamerica.org\\\/fr\\\/#\\\/schema\\\/person\\\/68ede8bdc292885bb76c1e3810e73c39\"},\"headline\":\"IAD : les Responsables de Communications de l&rsquo;\u00c9glise Se Sont Rencontr\u00e9s Pour un Atelier\",\"datePublished\":\"2005-02-16T04:00:00+00:00\",\"dateModified\":\"2017-06-02T17:20:36+00:00\",\"mainEntityOfPage\":{\"@id\":\"https:\\\/\\\/interamerica.org\\\/fr\\\/2005\\\/02\\\/iad-les-responsables-de-communications-de-leglise-se-sont-rencontres-pour-un-atelier\\\/\"},\"wordCount\":478,\"articleSection\":[\"Archive\"],\"inLanguage\":\"fr-FR\"},{\"@type\":\"WebPage\",\"@id\":\"https:\\\/\\\/interamerica.org\\\/fr\\\/2005\\\/02\\\/iad-les-responsables-de-communications-de-leglise-se-sont-rencontres-pour-un-atelier\\\/\",\"url\":\"https:\\\/\\\/interamerica.org\\\/fr\\\/2005\\\/02\\\/iad-les-responsables-de-communications-de-leglise-se-sont-rencontres-pour-un-atelier\\\/\",\"name\":\"IAD : les Responsables de Communications de l'\u00c9glise Se Sont Rencontr\u00e9s Pour un Atelier - \u00c9glise Adventiste Du Septieme Jour - Inter Am\u00e9rique Division\",\"isPartOf\":{\"@id\":\"https:\\\/\\\/interamerica.org\\\/fr\\\/#website\"},\"datePublished\":\"2005-02-16T04:00:00+00:00\",\"dateModified\":\"2017-06-02T17:20:36+00:00\",\"author\":{\"@id\":\"https:\\\/\\\/interamerica.org\\\/fr\\\/#\\\/schema\\\/person\\\/68ede8bdc292885bb76c1e3810e73c39\"},\"breadcrumb\":{\"@id\":\"https:\\\/\\\/interamerica.org\\\/fr\\\/2005\\\/02\\\/iad-les-responsables-de-communications-de-leglise-se-sont-rencontres-pour-un-atelier\\\/#breadcrumb\"},\"inLanguage\":\"fr-FR\",\"potentialAction\":[{\"@type\":\"ReadAction\",\"target\":[\"https:\\\/\\\/interamerica.org\\\/fr\\\/2005\\\/02\\\/iad-les-responsables-de-communications-de-leglise-se-sont-rencontres-pour-un-atelier\\\/\"]}]},{\"@type\":\"BreadcrumbList\",\"@id\":\"https:\\\/\\\/interamerica.org\\\/fr\\\/2005\\\/02\\\/iad-les-responsables-de-communications-de-leglise-se-sont-rencontres-pour-un-atelier\\\/#breadcrumb\",\"itemListElement\":[{\"@type\":\"ListItem\",\"position\":1,\"name\":\"Home\",\"item\":\"https:\\\/\\\/interamerica.org\\\/fr\\\/\"},{\"@type\":\"ListItem\",\"position\":2,\"name\":\"IAD : les Responsables de Communications de l&rsquo;\u00c9glise Se Sont Rencontr\u00e9s Pour un Atelier\"}]},{\"@type\":\"WebSite\",\"@id\":\"https:\\\/\\\/interamerica.org\\\/fr\\\/#website\",\"url\":\"https:\\\/\\\/interamerica.org\\\/fr\\\/\",\"name\":\"\u00c9glise Adventiste Du Septieme Jour - Inter Am\u00e9rique Division\",\"description\":\"\",\"potentialAction\":[{\"@type\":\"SearchAction\",\"target\":{\"@type\":\"EntryPoint\",\"urlTemplate\":\"https:\\\/\\\/interamerica.org\\\/fr\\\/?s={search_term_string}\"},\"query-input\":{\"@type\":\"PropertyValueSpecification\",\"valueRequired\":true,\"valueName\":\"search_term_string\"}}],\"inLanguage\":\"fr-FR\"},{\"@type\":\"Person\",\"@id\":\"https:\\\/\\\/interamerica.org\\\/fr\\\/#\\\/schema\\\/person\\\/68ede8bdc292885bb76c1e3810e73c39\",\"name\":\"Lorenzo Verduzco\",\"image\":{\"@type\":\"ImageObject\",\"inLanguage\":\"fr-FR\",\"@id\":\"https:\\\/\\\/secure.gravatar.com\\\/avatar\\\/fb81a55b6218459490a9c1dc841a34909185b81904c5337b4b27f7a6fd60c49e?s=96&d=mm&r=g\",\"url\":\"https:\\\/\\\/secure.gravatar.com\\\/avatar\\\/fb81a55b6218459490a9c1dc841a34909185b81904c5337b4b27f7a6fd60c49e?s=96&d=mm&r=g\",\"contentUrl\":\"https:\\\/\\\/secure.gravatar.com\\\/avatar\\\/fb81a55b6218459490a9c1dc841a34909185b81904c5337b4b27f7a6fd60c49e?s=96&d=mm&r=g\",\"caption\":\"Lorenzo Verduzco\"}}]}<\/script>\n<!-- \/ Yoast SEO plugin. -->","yoast_head_json":{"title":"IAD : les Responsables de Communications de l'\u00c9glise Se Sont Rencontr\u00e9s Pour un Atelier - \u00c9glise Adventiste Du Septieme Jour - Inter Am\u00e9rique Division","robots":{"index":"index","follow":"follow","max-snippet":"max-snippet:-1","max-image-preview":"max-image-preview:large","max-video-preview":"max-video-preview:-1"},"canonical":"https:\/\/interamerica.org\/fr\/2005\/02\/iad-les-responsables-de-communications-de-leglise-se-sont-rencontres-pour-un-atelier\/","og_locale":"fr_FR","og_type":"article","og_title":"IAD : les Responsables de Communications de l'\u00c9glise Se Sont Rencontr\u00e9s Pour un Atelier - \u00c9glise Adventiste Du Septieme Jour - Inter Am\u00e9rique Division","og_description":"Les directeurs de communication du territoire de la Division Interam\u00e9ricaine se sont rencontr\u00e9s pour un atelier de communications au bureau central, \u00e0 Miami, Floride, les 9 et 10 f\u00e9vrier.","og_url":"https:\/\/interamerica.org\/fr\/2005\/02\/iad-les-responsables-de-communications-de-leglise-se-sont-rencontres-pour-un-atelier\/","og_site_name":"\u00c9glise Adventiste Du Septieme Jour - Inter Am\u00e9rique Division","article_published_time":"2005-02-16T04:00:00+00:00","article_modified_time":"2017-06-02T17:20:36+00:00","author":"Lorenzo Verduzco","twitter_card":"summary_large_image","twitter_misc":{"\u00c9crit par":"Lorenzo Verduzco","Dur\u00e9e de lecture estim\u00e9e":"2 minutes"},"schema":{"@context":"https:\/\/schema.org","@graph":[{"@type":"Article","@id":"https:\/\/interamerica.org\/fr\/2005\/02\/iad-les-responsables-de-communications-de-leglise-se-sont-rencontres-pour-un-atelier\/#article","isPartOf":{"@id":"https:\/\/interamerica.org\/fr\/2005\/02\/iad-les-responsables-de-communications-de-leglise-se-sont-rencontres-pour-un-atelier\/"},"author":{"name":"Lorenzo Verduzco","@id":"https:\/\/interamerica.org\/fr\/#\/schema\/person\/68ede8bdc292885bb76c1e3810e73c39"},"headline":"IAD : les Responsables de Communications de l&rsquo;\u00c9glise Se Sont Rencontr\u00e9s Pour un Atelier","datePublished":"2005-02-16T04:00:00+00:00","dateModified":"2017-06-02T17:20:36+00:00","mainEntityOfPage":{"@id":"https:\/\/interamerica.org\/fr\/2005\/02\/iad-les-responsables-de-communications-de-leglise-se-sont-rencontres-pour-un-atelier\/"},"wordCount":478,"articleSection":["Archive"],"inLanguage":"fr-FR"},{"@type":"WebPage","@id":"https:\/\/interamerica.org\/fr\/2005\/02\/iad-les-responsables-de-communications-de-leglise-se-sont-rencontres-pour-un-atelier\/","url":"https:\/\/interamerica.org\/fr\/2005\/02\/iad-les-responsables-de-communications-de-leglise-se-sont-rencontres-pour-un-atelier\/","name":"IAD : les Responsables de Communications de l'\u00c9glise Se Sont Rencontr\u00e9s Pour un Atelier - \u00c9glise Adventiste Du Septieme Jour - Inter Am\u00e9rique Division","isPartOf":{"@id":"https:\/\/interamerica.org\/fr\/#website"},"datePublished":"2005-02-16T04:00:00+00:00","dateModified":"2017-06-02T17:20:36+00:00","author":{"@id":"https:\/\/interamerica.org\/fr\/#\/schema\/person\/68ede8bdc292885bb76c1e3810e73c39"},"breadcrumb":{"@id":"https:\/\/interamerica.org\/fr\/2005\/02\/iad-les-responsables-de-communications-de-leglise-se-sont-rencontres-pour-un-atelier\/#breadcrumb"},"inLanguage":"fr-FR","potentialAction":[{"@type":"ReadAction","target":["https:\/\/interamerica.org\/fr\/2005\/02\/iad-les-responsables-de-communications-de-leglise-se-sont-rencontres-pour-un-atelier\/"]}]},{"@type":"BreadcrumbList","@id":"https:\/\/interamerica.org\/fr\/2005\/02\/iad-les-responsables-de-communications-de-leglise-se-sont-rencontres-pour-un-atelier\/#breadcrumb","itemListElement":[{"@type":"ListItem","position":1,"name":"Home","item":"https:\/\/interamerica.org\/fr\/"},{"@type":"ListItem","position":2,"name":"IAD : les Responsables de Communications de l&rsquo;\u00c9glise Se Sont Rencontr\u00e9s Pour un Atelier"}]},{"@type":"WebSite","@id":"https:\/\/interamerica.org\/fr\/#website","url":"https:\/\/interamerica.org\/fr\/","name":"\u00c9glise Adventiste Du Septieme Jour - Inter Am\u00e9rique Division","description":"","potentialAction":[{"@type":"SearchAction","target":{"@type":"EntryPoint","urlTemplate":"https:\/\/interamerica.org\/fr\/?s={search_term_string}"},"query-input":{"@type":"PropertyValueSpecification","valueRequired":true,"valueName":"search_term_string"}}],"inLanguage":"fr-FR"},{"@type":"Person","@id":"https:\/\/interamerica.org\/fr\/#\/schema\/person\/68ede8bdc292885bb76c1e3810e73c39","name":"Lorenzo Verduzco","image":{"@type":"ImageObject","inLanguage":"fr-FR","@id":"https:\/\/secure.gravatar.com\/avatar\/fb81a55b6218459490a9c1dc841a34909185b81904c5337b4b27f7a6fd60c49e?s=96&d=mm&r=g","url":"https:\/\/secure.gravatar.com\/avatar\/fb81a55b6218459490a9c1dc841a34909185b81904c5337b4b27f7a6fd60c49e?s=96&d=mm&r=g","contentUrl":"https:\/\/secure.gravatar.com\/avatar\/fb81a55b6218459490a9c1dc841a34909185b81904c5337b4b27f7a6fd60c49e?s=96&d=mm&r=g","caption":"Lorenzo Verduzco"}}]}},"_links":{"self":[{"href":"https:\/\/interamerica.org\/fr\/wp-json\/wp\/v2\/posts\/12309","targetHints":{"allow":["GET"]}}],"collection":[{"href":"https:\/\/interamerica.org\/fr\/wp-json\/wp\/v2\/posts"}],"about":[{"href":"https:\/\/interamerica.org\/fr\/wp-json\/wp\/v2\/types\/post"}],"author":[{"embeddable":true,"href":"https:\/\/interamerica.org\/fr\/wp-json\/wp\/v2\/users\/1"}],"replies":[{"embeddable":true,"href":"https:\/\/interamerica.org\/fr\/wp-json\/wp\/v2\/comments?post=12309"}],"version-history":[{"count":0,"href":"https:\/\/interamerica.org\/fr\/wp-json\/wp\/v2\/posts\/12309\/revisions"}],"wp:attachment":[{"href":"https:\/\/interamerica.org\/fr\/wp-json\/wp\/v2\/media?parent=12309"}],"wp:term":[{"taxonomy":"category","embeddable":true,"href":"https:\/\/interamerica.org\/fr\/wp-json\/wp\/v2\/categories?post=12309"},{"taxonomy":"post_tag","embeddable":true,"href":"https:\/\/interamerica.org\/fr\/wp-json\/wp\/v2\/tags?post=12309"}],"curies":[{"name":"wp","href":"https:\/\/api.w.org\/{rel}","templated":true}]}}