{"id":12313,"date":"2005-03-06T00:00:00","date_gmt":"2005-03-06T04:00:00","guid":{"rendered":"http:\/\/192.81.217.108\/interamerica\/2005\/03\/le-quartier-general-mondial-de-leglise-adventiste-accueille-le-programme-international-net-2005-retransmis-par-satellite\/"},"modified":"2017-06-02T13:20:31","modified_gmt":"2017-06-02T17:20:31","slug":"le-quartier-general-mondial-de-leglise-adventiste-accueille-le-programme-international-net-2005-retransmis-par-satellite","status":"publish","type":"post","link":"https:\/\/interamerica.org\/fr\/2005\/03\/le-quartier-general-mondial-de-leglise-adventiste-accueille-le-programme-international-net-2005-retransmis-par-satellite\/","title":{"rendered":"Le Quartier g\u00e9n\u00e9ral Mondial de l&rsquo;Eglise Adventiste Accueille Le Programme International NET 2005 retransmis par Satellite"},"content":{"rendered":"<p>Le 6 mars 2005, Silver Springs, Maryland, Etats-Unis.<\/p>\n<p>Un auditoire alerte et attentif de plus de 1,000 personnes a fait salle comble au quartier g\u00e9n\u00e9ral mondial de l&rsquo;\u00c9glise Adventiste du Septi\u00e8me Jour le 4 mars jour du lancement du programme \u00ab\u00a0The Prophecy Code\u00a0\u00bb (La Proph\u00e9tie), r\u00e9unions \u00e9vang\u00e9liques retransmises par t\u00e9l\u00e9vision et par satellite, conduites par le Pasteur Doug Batchelor, directeur\/orateur de Amazing Facts (Faits \u00c9tonnants). Ces r\u00e9unions font partie de la campagne NET 2005, en parall\u00e8le avec des r\u00e9unions d\u2019appui qui ont commenc\u00e9 le m\u00eame jour \u00e0 Kiev, en Ukraine, dirig\u00e9es par le Pasteur Mark Finley et sponsoris\u00e9es par Il Est Ecrit (It Is Written). <\/p>\n<p>Cette s\u00e9rie de 20 r\u00e9unions, qui se tient en ce mois de mars, est la premi\u00e8re campagne d\u2019\u00e9vang\u00e9lisation tenue au quartier g\u00e9n\u00e9ral mondial. Elle est retransmise par plusieurs cha\u00eenes de t\u00e9l\u00e9vision et par satellite, dont la Cha\u00eene de l\u2019Esp\u00e9rance (The Hope Channel), Esperanza, Advenir et 3ABN, en direction de 225 pays. <\/p>\n<p>Dans le m\u00eame temps, un ensemble de 1841 sites de r\u00e9ception par satellite a \u00e9t\u00e9 \u00e9tabli aux Etats-Unis, dont 1542 sont ouverts au public. Plus de deux tiers des sites sont plac\u00e9s dans des \u00e9glises, et le tiers restant est en grande partie des petits groupes. 217 sites outre-mer additionnels enregistr\u00e9s pr\u00e9senteront aussi l&rsquo;\u00e9mission. <\/p>\n<p>\u00ab\u00a0Je crois que vous \u00eates ici, ce soir, parce que le Seigneur vous a attir\u00e9s,\u00a0\u00bb a d\u00e9clar\u00e9 Batchelor \u00e0 son auditoire. \u00ab\u00a0Ce s\u00e9minaire aura de l\u2019effet sur vos familles, vos finances, vos relations et votre avenir. Il aura de l\u2019effet sur chaque secteur de votre vie.\u00a0\u00bb <\/p>\n<p>Le s\u00e9minaire d\u2019\u00e9vang\u00e9lisation est con\u00e7u pour r\u00e9v\u00e9ler la proph\u00e9tie biblique, \u00e0 ceux qui mettent en doute ce sujet rendu populaire par des livres fameux comme le roman \u00ab\u00a0Laiss\u00e9s Pour Compte\u00a0\u00bb, ainsi que les meilleurs livres vendus comme \u00ab\u00a0le Code de DaVinci\u00a0\u00bb et \u00ab\u00a0le Code de la Bible.\u00a0\u00bb <\/p>\n<p>Il ajoute que l&rsquo;un des buts de la campagne est de mettre entre les mains des auditeurs, la clef de la proph\u00e9tie et de souligner que \u00ab\u00a0plusieurs des proph\u00e9ties dans la Bible ont \u00e0 voir avec de bonnes choses,\u00a0\u00bb et que toute la proph\u00e9tie, dans son ensemble, a J\u00e9sus Christ comme point central. <\/p>\n<p>Batchelor dit qu&rsquo;il a \u00e9t\u00e9 impressionn\u00e9 de voir comment la technologie permet une si large diffusion des r\u00e9unions : \u00ab\u00a0par l\u2019interm\u00e9diaire de cette technologie incroyable, l&rsquo;\u00e9glise a pu se r\u00e9unir comme une grande famille, ce soir.\u00a0\u00bb <\/p>\n<p>Bien que ces r\u00e9unions de NET soient les premi\u00e8res \u00e0 \u00eatre tenues au quartier g\u00e9n\u00e9ral mondial, \u00ab\u00a0la Pens\u00e9e Proph\u00e9tique\u00a0\u00bb a lieu au dixi\u00e8me anniversaire de l\u2019\u00e9vang\u00e9lisation par satellite. L&rsquo;\u00c9glise d&rsquo;Adventiste du septi\u00e8me jour a \u00e9t\u00e9 une pionni\u00e8re dans l&rsquo;utilisation de la technologie pour des \u00e9missions par satellite, mettant \u00e0 la port\u00e9e de toute la plan\u00e8te de tels \u00e9v\u00e9nements, car de nombreuses \u00e9glises du globe ont la possibilit\u00e9 de recevoir le signal et de partager le message avec leur propre auditoire. <\/p>\n<p>Comme lors de la plupart des \u00e9v\u00e9nements de NET, il y a des traducteurs qui interpr\u00e8tent simultan\u00e9ment les sermons du Pasteur Batchelor en espagnol, fran\u00e7ais et autres langues. <\/p>\n<p>Un site Internet, www.prophecycode.com, existe. On y trouvera des notes sur chacune des r\u00e9unions, aussi bien que des archives vid\u00e9o de chaque message.<\/p>\n<p><strong>Liaisons<\/strong> <\/p>\n<p>Le Site officiel pour le s\u00e9minaire sur la Proph\u00e9tie (Prophecy Code Seminar), avec des commentaires, des sujets pratiques et des enregistrements vid\u00e9o et audio de la s\u00e9rie 20 sermons du soir.<\/p>\n<p>Reportage sur la campagne d&rsquo;\u00e9vang\u00e9lisation NET2005 de Mark Finley, directeur du programme t\u00e9l\u00e9vis\u00e9 \u00ab\u00a0It Is Written\u00a0\u00bb (Il Est \u00c9crit), \u00e0 Kiev.<\/p>\n","protected":false},"excerpt":{"rendered":"<p>Un auditoire plein de vie, attentif de plus de 1,000 personnes remplit la salle du quartier g\u00e9n\u00e9ral mondial de l&rsquo;\u00c9glise Adventiste du Septi\u00e8me Jour le 4 mars pour le lancement de \u00ab\u00a0L&rsquo;Etude de la Proph\u00e9tie,\u00a0\u00bb (Prophecy Code)<\/p>\n","protected":false},"author":1,"featured_media":0,"comment_status":"closed","ping_status":"closed","sticky":false,"template":"","format":"standard","meta":{"_acf_changed":false,"footnotes":""},"categories":[9],"tags":[],"class_list":["post-12313","post","type-post","status-publish","format-standard","hentry","category-archive-fr"],"acf":[],"yoast_head":"<!-- This site is optimized with the Yoast SEO plugin v27.3 - https:\/\/yoast.com\/product\/yoast-seo-wordpress\/ -->\n<title>Le Quartier g\u00e9n\u00e9ral Mondial de l&#039;Eglise Adventiste Accueille Le Programme International NET 2005 retransmis par Satellite - \u00c9glise Adventiste Du Septieme Jour - Inter Am\u00e9rique Division<\/title>\n<meta name=\"robots\" content=\"index, follow, max-snippet:-1, max-image-preview:large, max-video-preview:-1\" \/>\n<link rel=\"canonical\" href=\"https:\/\/interamerica.org\/fr\/2005\/03\/le-quartier-general-mondial-de-leglise-adventiste-accueille-le-programme-international-net-2005-retransmis-par-satellite\/\" \/>\n<meta property=\"og:locale\" content=\"fr_FR\" \/>\n<meta property=\"og:type\" content=\"article\" \/>\n<meta property=\"og:title\" content=\"Le Quartier g\u00e9n\u00e9ral Mondial de l&#039;Eglise Adventiste Accueille Le Programme International NET 2005 retransmis par Satellite - \u00c9glise Adventiste Du Septieme Jour - Inter Am\u00e9rique Division\" \/>\n<meta property=\"og:description\" content=\"Un auditoire plein de vie, attentif de plus de 1,000 personnes remplit la salle du quartier g\u00e9n\u00e9ral mondial de l&#039;\u00c9glise Adventiste du Septi\u00e8me Jour le 4 mars pour le lancement de &quot;L&#039;Etude de la Proph\u00e9tie,&quot; (Prophecy Code)\" \/>\n<meta property=\"og:url\" content=\"https:\/\/interamerica.org\/fr\/2005\/03\/le-quartier-general-mondial-de-leglise-adventiste-accueille-le-programme-international-net-2005-retransmis-par-satellite\/\" \/>\n<meta property=\"og:site_name\" content=\"\u00c9glise Adventiste Du Septieme Jour - Inter Am\u00e9rique Division\" \/>\n<meta property=\"article:published_time\" content=\"2005-03-06T04:00:00+00:00\" \/>\n<meta property=\"article:modified_time\" content=\"2017-06-02T17:20:31+00:00\" \/>\n<meta name=\"author\" content=\"Lorenzo Verduzco\" \/>\n<meta name=\"twitter:card\" content=\"summary_large_image\" \/>\n<meta name=\"twitter:label1\" content=\"\u00c9crit par\" \/>\n\t<meta name=\"twitter:data1\" content=\"Lorenzo Verduzco\" \/>\n\t<meta name=\"twitter:label2\" content=\"Dur\u00e9e de lecture estim\u00e9e\" \/>\n\t<meta name=\"twitter:data2\" content=\"3 minutes\" \/>\n<script type=\"application\/ld+json\" class=\"yoast-schema-graph\">{\"@context\":\"https:\\\/\\\/schema.org\",\"@graph\":[{\"@type\":\"Article\",\"@id\":\"https:\\\/\\\/interamerica.org\\\/fr\\\/2005\\\/03\\\/le-quartier-general-mondial-de-leglise-adventiste-accueille-le-programme-international-net-2005-retransmis-par-satellite\\\/#article\",\"isPartOf\":{\"@id\":\"https:\\\/\\\/interamerica.org\\\/fr\\\/2005\\\/03\\\/le-quartier-general-mondial-de-leglise-adventiste-accueille-le-programme-international-net-2005-retransmis-par-satellite\\\/\"},\"author\":{\"name\":\"Lorenzo Verduzco\",\"@id\":\"https:\\\/\\\/interamerica.org\\\/fr\\\/#\\\/schema\\\/person\\\/68ede8bdc292885bb76c1e3810e73c39\"},\"headline\":\"Le Quartier g\u00e9n\u00e9ral Mondial de l&rsquo;Eglise Adventiste Accueille Le Programme International NET 2005 retransmis par Satellite\",\"datePublished\":\"2005-03-06T04:00:00+00:00\",\"dateModified\":\"2017-06-02T17:20:31+00:00\",\"mainEntityOfPage\":{\"@id\":\"https:\\\/\\\/interamerica.org\\\/fr\\\/2005\\\/03\\\/le-quartier-general-mondial-de-leglise-adventiste-accueille-le-programme-international-net-2005-retransmis-par-satellite\\\/\"},\"wordCount\":668,\"articleSection\":[\"Archive\"],\"inLanguage\":\"fr-FR\"},{\"@type\":\"WebPage\",\"@id\":\"https:\\\/\\\/interamerica.org\\\/fr\\\/2005\\\/03\\\/le-quartier-general-mondial-de-leglise-adventiste-accueille-le-programme-international-net-2005-retransmis-par-satellite\\\/\",\"url\":\"https:\\\/\\\/interamerica.org\\\/fr\\\/2005\\\/03\\\/le-quartier-general-mondial-de-leglise-adventiste-accueille-le-programme-international-net-2005-retransmis-par-satellite\\\/\",\"name\":\"Le Quartier g\u00e9n\u00e9ral Mondial de l'Eglise Adventiste Accueille Le Programme International NET 2005 retransmis par Satellite - \u00c9glise Adventiste Du Septieme Jour - Inter Am\u00e9rique Division\",\"isPartOf\":{\"@id\":\"https:\\\/\\\/interamerica.org\\\/fr\\\/#website\"},\"datePublished\":\"2005-03-06T04:00:00+00:00\",\"dateModified\":\"2017-06-02T17:20:31+00:00\",\"author\":{\"@id\":\"https:\\\/\\\/interamerica.org\\\/fr\\\/#\\\/schema\\\/person\\\/68ede8bdc292885bb76c1e3810e73c39\"},\"breadcrumb\":{\"@id\":\"https:\\\/\\\/interamerica.org\\\/fr\\\/2005\\\/03\\\/le-quartier-general-mondial-de-leglise-adventiste-accueille-le-programme-international-net-2005-retransmis-par-satellite\\\/#breadcrumb\"},\"inLanguage\":\"fr-FR\",\"potentialAction\":[{\"@type\":\"ReadAction\",\"target\":[\"https:\\\/\\\/interamerica.org\\\/fr\\\/2005\\\/03\\\/le-quartier-general-mondial-de-leglise-adventiste-accueille-le-programme-international-net-2005-retransmis-par-satellite\\\/\"]}]},{\"@type\":\"BreadcrumbList\",\"@id\":\"https:\\\/\\\/interamerica.org\\\/fr\\\/2005\\\/03\\\/le-quartier-general-mondial-de-leglise-adventiste-accueille-le-programme-international-net-2005-retransmis-par-satellite\\\/#breadcrumb\",\"itemListElement\":[{\"@type\":\"ListItem\",\"position\":1,\"name\":\"Home\",\"item\":\"https:\\\/\\\/interamerica.org\\\/fr\\\/\"},{\"@type\":\"ListItem\",\"position\":2,\"name\":\"Le Quartier g\u00e9n\u00e9ral Mondial de l&rsquo;Eglise Adventiste Accueille Le Programme International NET 2005 retransmis par Satellite\"}]},{\"@type\":\"WebSite\",\"@id\":\"https:\\\/\\\/interamerica.org\\\/fr\\\/#website\",\"url\":\"https:\\\/\\\/interamerica.org\\\/fr\\\/\",\"name\":\"\u00c9glise Adventiste Du Septieme Jour - Inter Am\u00e9rique Division\",\"description\":\"\",\"potentialAction\":[{\"@type\":\"SearchAction\",\"target\":{\"@type\":\"EntryPoint\",\"urlTemplate\":\"https:\\\/\\\/interamerica.org\\\/fr\\\/?s={search_term_string}\"},\"query-input\":{\"@type\":\"PropertyValueSpecification\",\"valueRequired\":true,\"valueName\":\"search_term_string\"}}],\"inLanguage\":\"fr-FR\"},{\"@type\":\"Person\",\"@id\":\"https:\\\/\\\/interamerica.org\\\/fr\\\/#\\\/schema\\\/person\\\/68ede8bdc292885bb76c1e3810e73c39\",\"name\":\"Lorenzo Verduzco\",\"image\":{\"@type\":\"ImageObject\",\"inLanguage\":\"fr-FR\",\"@id\":\"https:\\\/\\\/secure.gravatar.com\\\/avatar\\\/fb81a55b6218459490a9c1dc841a34909185b81904c5337b4b27f7a6fd60c49e?s=96&d=mm&r=g\",\"url\":\"https:\\\/\\\/secure.gravatar.com\\\/avatar\\\/fb81a55b6218459490a9c1dc841a34909185b81904c5337b4b27f7a6fd60c49e?s=96&d=mm&r=g\",\"contentUrl\":\"https:\\\/\\\/secure.gravatar.com\\\/avatar\\\/fb81a55b6218459490a9c1dc841a34909185b81904c5337b4b27f7a6fd60c49e?s=96&d=mm&r=g\",\"caption\":\"Lorenzo Verduzco\"}}]}<\/script>\n<!-- \/ Yoast SEO plugin. -->","yoast_head_json":{"title":"Le Quartier g\u00e9n\u00e9ral Mondial de l'Eglise Adventiste Accueille Le Programme International NET 2005 retransmis par Satellite - \u00c9glise Adventiste Du Septieme Jour - Inter Am\u00e9rique Division","robots":{"index":"index","follow":"follow","max-snippet":"max-snippet:-1","max-image-preview":"max-image-preview:large","max-video-preview":"max-video-preview:-1"},"canonical":"https:\/\/interamerica.org\/fr\/2005\/03\/le-quartier-general-mondial-de-leglise-adventiste-accueille-le-programme-international-net-2005-retransmis-par-satellite\/","og_locale":"fr_FR","og_type":"article","og_title":"Le Quartier g\u00e9n\u00e9ral Mondial de l'Eglise Adventiste Accueille Le Programme International NET 2005 retransmis par Satellite - \u00c9glise Adventiste Du Septieme Jour - Inter Am\u00e9rique Division","og_description":"Un auditoire plein de vie, attentif de plus de 1,000 personnes remplit la salle du quartier g\u00e9n\u00e9ral mondial de l'\u00c9glise Adventiste du Septi\u00e8me Jour le 4 mars pour le lancement de \"L'Etude de la Proph\u00e9tie,\" (Prophecy Code)","og_url":"https:\/\/interamerica.org\/fr\/2005\/03\/le-quartier-general-mondial-de-leglise-adventiste-accueille-le-programme-international-net-2005-retransmis-par-satellite\/","og_site_name":"\u00c9glise Adventiste Du Septieme Jour - Inter Am\u00e9rique Division","article_published_time":"2005-03-06T04:00:00+00:00","article_modified_time":"2017-06-02T17:20:31+00:00","author":"Lorenzo Verduzco","twitter_card":"summary_large_image","twitter_misc":{"\u00c9crit par":"Lorenzo Verduzco","Dur\u00e9e de lecture estim\u00e9e":"3 minutes"},"schema":{"@context":"https:\/\/schema.org","@graph":[{"@type":"Article","@id":"https:\/\/interamerica.org\/fr\/2005\/03\/le-quartier-general-mondial-de-leglise-adventiste-accueille-le-programme-international-net-2005-retransmis-par-satellite\/#article","isPartOf":{"@id":"https:\/\/interamerica.org\/fr\/2005\/03\/le-quartier-general-mondial-de-leglise-adventiste-accueille-le-programme-international-net-2005-retransmis-par-satellite\/"},"author":{"name":"Lorenzo Verduzco","@id":"https:\/\/interamerica.org\/fr\/#\/schema\/person\/68ede8bdc292885bb76c1e3810e73c39"},"headline":"Le Quartier g\u00e9n\u00e9ral Mondial de l&rsquo;Eglise Adventiste Accueille Le Programme International NET 2005 retransmis par Satellite","datePublished":"2005-03-06T04:00:00+00:00","dateModified":"2017-06-02T17:20:31+00:00","mainEntityOfPage":{"@id":"https:\/\/interamerica.org\/fr\/2005\/03\/le-quartier-general-mondial-de-leglise-adventiste-accueille-le-programme-international-net-2005-retransmis-par-satellite\/"},"wordCount":668,"articleSection":["Archive"],"inLanguage":"fr-FR"},{"@type":"WebPage","@id":"https:\/\/interamerica.org\/fr\/2005\/03\/le-quartier-general-mondial-de-leglise-adventiste-accueille-le-programme-international-net-2005-retransmis-par-satellite\/","url":"https:\/\/interamerica.org\/fr\/2005\/03\/le-quartier-general-mondial-de-leglise-adventiste-accueille-le-programme-international-net-2005-retransmis-par-satellite\/","name":"Le Quartier g\u00e9n\u00e9ral Mondial de l'Eglise Adventiste Accueille Le Programme International NET 2005 retransmis par Satellite - \u00c9glise Adventiste Du Septieme Jour - Inter Am\u00e9rique Division","isPartOf":{"@id":"https:\/\/interamerica.org\/fr\/#website"},"datePublished":"2005-03-06T04:00:00+00:00","dateModified":"2017-06-02T17:20:31+00:00","author":{"@id":"https:\/\/interamerica.org\/fr\/#\/schema\/person\/68ede8bdc292885bb76c1e3810e73c39"},"breadcrumb":{"@id":"https:\/\/interamerica.org\/fr\/2005\/03\/le-quartier-general-mondial-de-leglise-adventiste-accueille-le-programme-international-net-2005-retransmis-par-satellite\/#breadcrumb"},"inLanguage":"fr-FR","potentialAction":[{"@type":"ReadAction","target":["https:\/\/interamerica.org\/fr\/2005\/03\/le-quartier-general-mondial-de-leglise-adventiste-accueille-le-programme-international-net-2005-retransmis-par-satellite\/"]}]},{"@type":"BreadcrumbList","@id":"https:\/\/interamerica.org\/fr\/2005\/03\/le-quartier-general-mondial-de-leglise-adventiste-accueille-le-programme-international-net-2005-retransmis-par-satellite\/#breadcrumb","itemListElement":[{"@type":"ListItem","position":1,"name":"Home","item":"https:\/\/interamerica.org\/fr\/"},{"@type":"ListItem","position":2,"name":"Le Quartier g\u00e9n\u00e9ral Mondial de l&rsquo;Eglise Adventiste Accueille Le Programme International NET 2005 retransmis par Satellite"}]},{"@type":"WebSite","@id":"https:\/\/interamerica.org\/fr\/#website","url":"https:\/\/interamerica.org\/fr\/","name":"\u00c9glise Adventiste Du Septieme Jour - Inter Am\u00e9rique Division","description":"","potentialAction":[{"@type":"SearchAction","target":{"@type":"EntryPoint","urlTemplate":"https:\/\/interamerica.org\/fr\/?s={search_term_string}"},"query-input":{"@type":"PropertyValueSpecification","valueRequired":true,"valueName":"search_term_string"}}],"inLanguage":"fr-FR"},{"@type":"Person","@id":"https:\/\/interamerica.org\/fr\/#\/schema\/person\/68ede8bdc292885bb76c1e3810e73c39","name":"Lorenzo Verduzco","image":{"@type":"ImageObject","inLanguage":"fr-FR","@id":"https:\/\/secure.gravatar.com\/avatar\/fb81a55b6218459490a9c1dc841a34909185b81904c5337b4b27f7a6fd60c49e?s=96&d=mm&r=g","url":"https:\/\/secure.gravatar.com\/avatar\/fb81a55b6218459490a9c1dc841a34909185b81904c5337b4b27f7a6fd60c49e?s=96&d=mm&r=g","contentUrl":"https:\/\/secure.gravatar.com\/avatar\/fb81a55b6218459490a9c1dc841a34909185b81904c5337b4b27f7a6fd60c49e?s=96&d=mm&r=g","caption":"Lorenzo Verduzco"}}]}},"_links":{"self":[{"href":"https:\/\/interamerica.org\/fr\/wp-json\/wp\/v2\/posts\/12313","targetHints":{"allow":["GET"]}}],"collection":[{"href":"https:\/\/interamerica.org\/fr\/wp-json\/wp\/v2\/posts"}],"about":[{"href":"https:\/\/interamerica.org\/fr\/wp-json\/wp\/v2\/types\/post"}],"author":[{"embeddable":true,"href":"https:\/\/interamerica.org\/fr\/wp-json\/wp\/v2\/users\/1"}],"replies":[{"embeddable":true,"href":"https:\/\/interamerica.org\/fr\/wp-json\/wp\/v2\/comments?post=12313"}],"version-history":[{"count":0,"href":"https:\/\/interamerica.org\/fr\/wp-json\/wp\/v2\/posts\/12313\/revisions"}],"wp:attachment":[{"href":"https:\/\/interamerica.org\/fr\/wp-json\/wp\/v2\/media?parent=12313"}],"wp:term":[{"taxonomy":"category","embeddable":true,"href":"https:\/\/interamerica.org\/fr\/wp-json\/wp\/v2\/categories?post=12313"},{"taxonomy":"post_tag","embeddable":true,"href":"https:\/\/interamerica.org\/fr\/wp-json\/wp\/v2\/tags?post=12313"}],"curies":[{"name":"wp","href":"https:\/\/api.w.org\/{rel}","templated":true}]}}