{"id":12315,"date":"2005-03-08T00:00:00","date_gmt":"2005-03-08T04:00:00","guid":{"rendered":"http:\/\/192.81.217.108\/interamerica\/2005\/03\/philippines-paulsen-rend-hommage-a-leglise-au-cours-de-son-centenaire-il-visite-le-pays\/"},"modified":"2017-06-02T13:20:30","modified_gmt":"2017-06-02T17:20:30","slug":"philippines-paulsen-rend-hommage-a-leglise-au-cours-de-son-centenaire-il-visite-le-pays","status":"publish","type":"post","link":"https:\/\/interamerica.org\/fr\/2005\/03\/philippines-paulsen-rend-hommage-a-leglise-au-cours-de-son-centenaire-il-visite-le-pays\/","title":{"rendered":"Philippines:\u00a0 Paulsen rend hommage \u00e0 L&rsquo;\u00c9glise au cours de son Centenaire, il visite le Pays"},"content":{"rendered":"<p>Manille, Philippines &#8230; (Jonathan Catolico\/Ann Staff)<\/p>\n<p>Les Adventistes du Septi\u00e8me jour des\u00a0Philippines &#8211;\u00a0comptant plus de 1.3 million de\u00a0personnes-\u00a0c\u00e9l\u00e9bra\u00a0le centenaire de l&rsquo;\u00e9glise dans la r\u00e9publique des 7,100 iles du 2 au 5 mars.\u00a0\u00a0La Pr\u00e9sidente\u00a0des Philippines Gloria Macapagal-Arroyo accueilla le Pasteur Jan Paulsen, pr\u00e9sident de l&rsquo;Eglise des Adventistes et\u00a0f\u00e9licita les Adventistes pour leur engagement dans le syst\u00e8me social et leur support \u00e0 un gouvernement cr\u00e9dible.<\/p>\n<p>\u00a0\u00bb Sans l&rsquo;armure\u00a0de la foi, nous sommes vuln\u00e9rables.\u00a0 Il nous est tr\u00e8s difficile de vivre dans l&rsquo;isolement,\u00a0mais quand nous travaillons ensemble nous devenons forts,\u00a0\u00bb\u00a0 avan\u00e7a Paulsen en pr\u00e9sence d&rsquo;une\u00a0foule de 30.000 mille personnes au Parc Rizal.\u00a0 C&rsquo;\u00e9tait au cours de cette c\u00e9r\u00e9monie, qui\u00a0d\u00e9buta par une parade de la plus ancienne congr\u00e9gation Adventiste, l&rsquo;\u00c9glise de Santa Ana, que la\u00a0Pr\u00e9sidente de l&rsquo;\u00c9tat le\u00a0rencontra.<\/p>\n<p>Pastor Paulsen f\u00e9licita l&rsquo;\u00e9glise locale pour avoir choisi le th\u00e8me \u00ab\u00a0Comm\u00e9morer les Bienfaits de Dieu,\u00a0\u00bb qui attire l&rsquo;attention sur la fondement de la puissance de\u00a0l&rsquo;Adventisme.<\/p>\n<p>\u00ab\u00a0En tant qu&rsquo;adorateurs d&rsquo;un mouvement missionaire,\u00a0la c\u00e9l\u00e9bration de notre existence et de notre exp\u00e9rience, ne doit pas \u00eatre une comm\u00e9moration de \u00ab\u00a0n&rsquo;avions-nous pas bien r\u00e9ussi\u00a0\u00bb,\u00a0qui serait une satisfaction personnelle, mais (qu&rsquo;au contraire) elle soit un acte d&rsquo;adoration, qui c\u00e9l\u00e8bre une marche en avant, tout en nous rappelant comment nous avons \u00e9t\u00e9 guid\u00e9s par le pass\u00e9, dit-il.\u00a0 \u00ab\u00a0Nous vivons, pensons, planifions, \u00e9tablissons des buts et des priorit\u00e9s et prenons des d\u00e9cisions pour savoir ce que nous devons faire sit\u00f4t la comm\u00e9moration achev\u00e9e.\u00a0\u00bb<\/p>\n<p>Un membre\u00a0de l&rsquo;\u00e9glise, Rose Salazar, a \u00e9t\u00e9 parmi ceux qui ont r\u00e9pondu\u00a0\u00e0 la remarque de Paulsen.<\/p>\n<p>\u00ab\u00a0(Son) message stipule que nous ne marchons\u00a0jamais seuls.\u00a0 Nous devons continuer notre marche et tout en \u00e9tant assur\u00e9s que Dieu est toujours pr\u00e9sent, a rappel\u00e9 Salazar.<\/p>\n<p>Don Leo Pepito a ajout\u00e9, \u00ab\u00a0J&rsquo;ai d\u00e9j\u00e0 fix\u00e9 mes priorit\u00e9s, de faire&#8230;<\/p>\n<p>ce que l&rsquo;Eternel me demande de faire&#8230; c&rsquo;est de r\u00e9pandre l&rsquo;\u00e9vangile.\u00a0\u00bb\u00a0\u00a0<\/p>\n<p>\u00a0Et le membre Myjiley Namoyes\u00a0r\u00e9suma le message du jour d&rsquo;une fa\u00e7on plus directe:\u00a0 \u00ab\u00a0Nous devons doubler nos efforts pour gagner des \u00e2mes \u00e0 Dieu.\u00a0\u00bb\u00a0<\/p>\n<p>Un peu plus t\u00f4t, \u00e0 Manille, Paulsen\u00a0avan\u00e7a au cours d&rsquo;une conf\u00e9rence de presse que les Adventistes partagent les soucis des Chr\u00e9tiens du monde entier pour ceux qui sont pauvres.<\/p>\n<p>\u00a0\u00a0\u00bb\u00a0Je pense que\u00a0les Chr\u00e9tiens du monde\u00a0 entier devraient imiter le Christ qui a tant souffert et est mort pour le pauvre, a-t-il dit, d&rsquo;apres un rapport du Bulletin de Manille.\u00a0 Les Philippins ont les possibilit\u00e9s pour aider les n\u00e9cessiteux et le pouvoir\u00a0d&rsquo;adresser cette situation critique,\u00a0\u00bb ajouta-t-il.<\/p>\n<p>En m\u00eame temps des activit\u00e9s comm\u00e9moratives ont eu lieu dans les trois plus grandes iles de la nation:\u00a0 Luzon, Visayas, et Mindanao.\u00a0<\/p>\n<p>Ted N.C. Wilson, l&rsquo;un des vice-pr\u00e9sidents de l&rsquo;Eglise Adventiste Mondiale, dirigea les comm\u00e9morations dans la Ville de Cebu au Centre des Philippines.\u00a0\u00a0 Dans cette ville l\u00e0, Wilson felicita l&rsquo;\u00e9glise pour avoir\u00a0pers\u00e9v\u00e9r\u00e9 \u00e0 mener la vie de sacrifice de\u00a0soi des pionniers.<\/p>\n<p>A Mindanao, au Coll\u00e8ge de\u00a0Montain View, une foule estim\u00e9e\u00a0\u00e0 15,000\u00a0personnes\u00a0assist\u00e8rent \u00e0 la comm\u00e9moration pr\u00e9sid\u00e9e par le vice-pr\u00e9sident de l&rsquo;\u00c9glise Adventiste Mondiale et le directeur adjoint des Publications Howard Faigao comme invit\u00e9 d&rsquo;honneur.<\/p>\n<p>\u00a0Pasteur Cooper encouragea son audience \u00e0 comm\u00e9morer les Bienfaits de Dieu.\u00a0 Il ajouta, \u00ab\u00a0100 ann\u00e9es est un cadeau imm\u00e9rit\u00e9 de Dieu.\u00a0 Grace aux pionniers (et) \u00e0 leur service d\u00e9sint\u00e9ress\u00e9, nous r\u00e9coltons le triomphe\u00a0du message.\u00a0\u00bb\u00a0\u00a0<\/p>\n<p>L&rsquo;\u00c9glise Adventiste a \u00e9t\u00e9 introduite aux Philippines par un Australien, et des missionaires Am\u00e9ricains, dont Robert Caldwell fut le premier colporteur \u00e0 Manille\u00a0et qui donna aussi\u00a0des \u00e9tudes bibliques dans les maisons\u00a0<\/p>\n<p>Le 6 Mars, un banquet a \u00e9t\u00e9 organis\u00e9 pour les dirigeants d&rsquo;\u00e9glise et les laiques engag\u00e9s.\u00a0 Les \u00e9vang\u00e9listes philippins de partout qui avaient dirig\u00e9 des efforts \u00e9vang\u00e9liques \u00e0 l&rsquo;occasion du centenaire ont \u00e9t\u00e9 parmi les personnes honor\u00e9es et\u00a0 re\u00e7urent des plaques.\u00a0 Les colporteurs \u00e9vang\u00e9listes qui r\u00e9alis\u00e8rent des ventes extraordinaires re\u00e7urent des d\u00e9corations.\u00a0 Le banquet couronna l&rsquo;\u00e9v\u00e8nement de ces trois jours, mais les festivit\u00e9s du centenaire continuent.\u00a0\u00a0\u00a0\u00a0\u00a0\u00a0<\/p>\n<p>Au cours des 100 ann\u00e9es de l&rsquo;oeuvre aux Philippines, l&rsquo;\u00c9glise des Adventistes du Septi\u00e8me jour a institu\u00e9 4,190 \u00e9glises, sept hopitaux, des centaines d&rsquo;\u00e9coles, y compris une universit\u00e9, la pla\u00e7ant en toute premi\u00e8re rang\u00e9e sur le plan \u00e9ducationnel aux Philippines.<\/p>\n<p>L&rsquo;une de ces principales institutions m\u00e9dicales est le Centre M\u00e9dical Adventiste de Manille, pr\u00e9c\u00e9demment Sanatorium et Hopital de Manille, dans la ville de Pasay, qui est \u00e0 l&rsquo;avant garde de la m\u00e9decine pr\u00e9ventive et alternative.\u00a0<\/p>\n","protected":false},"excerpt":{"rendered":"<p>L&rsquo;\u00c9glise des Adventistes du Septi\u00e8me jour des Philippines &#8212; comptant plus de 1.3 million de personnes&#8211; c\u00e9l\u00e9bra le centenaire de l&rsquo;oeuvre dans la r\u00e9publique des 7,100 iles du 2 au 5 Mars.<\/p>\n","protected":false},"author":1,"featured_media":0,"comment_status":"closed","ping_status":"closed","sticky":false,"template":"","format":"standard","meta":{"_acf_changed":false,"footnotes":""},"categories":[9],"tags":[],"class_list":["post-12315","post","type-post","status-publish","format-standard","hentry","category-archive-fr"],"acf":[],"yoast_head":"<!-- This site is optimized with the Yoast SEO plugin v27.3 - https:\/\/yoast.com\/product\/yoast-seo-wordpress\/ -->\n<title>Philippines:\u00a0 Paulsen rend hommage \u00e0 L&#039;\u00c9glise au cours de son Centenaire, il visite le Pays - \u00c9glise Adventiste Du Septieme Jour - Inter Am\u00e9rique Division<\/title>\n<meta name=\"robots\" content=\"index, follow, max-snippet:-1, max-image-preview:large, max-video-preview:-1\" \/>\n<link rel=\"canonical\" href=\"https:\/\/interamerica.org\/fr\/2005\/03\/philippines-paulsen-rend-hommage-a-leglise-au-cours-de-son-centenaire-il-visite-le-pays\/\" \/>\n<meta property=\"og:locale\" content=\"fr_FR\" \/>\n<meta property=\"og:type\" content=\"article\" \/>\n<meta property=\"og:title\" content=\"Philippines:\u00a0 Paulsen rend hommage \u00e0 L&#039;\u00c9glise au cours de son Centenaire, il visite le Pays - \u00c9glise Adventiste Du Septieme Jour - Inter Am\u00e9rique Division\" \/>\n<meta property=\"og:description\" content=\"L&#039;\u00c9glise des Adventistes du Septi\u00e8me jour des Philippines -- comptant plus de 1.3 million de personnes-- c\u00e9l\u00e9bra le centenaire de l&#039;oeuvre dans la r\u00e9publique des 7,100 iles du 2 au 5 Mars.\" \/>\n<meta property=\"og:url\" content=\"https:\/\/interamerica.org\/fr\/2005\/03\/philippines-paulsen-rend-hommage-a-leglise-au-cours-de-son-centenaire-il-visite-le-pays\/\" \/>\n<meta property=\"og:site_name\" content=\"\u00c9glise Adventiste Du Septieme Jour - Inter Am\u00e9rique Division\" \/>\n<meta property=\"article:published_time\" content=\"2005-03-08T04:00:00+00:00\" \/>\n<meta property=\"article:modified_time\" content=\"2017-06-02T17:20:30+00:00\" \/>\n<meta name=\"author\" content=\"Lorenzo Verduzco\" \/>\n<meta name=\"twitter:card\" content=\"summary_large_image\" \/>\n<meta name=\"twitter:label1\" content=\"\u00c9crit par\" \/>\n\t<meta name=\"twitter:data1\" content=\"Lorenzo Verduzco\" \/>\n\t<meta name=\"twitter:label2\" content=\"Dur\u00e9e de lecture estim\u00e9e\" \/>\n\t<meta name=\"twitter:data2\" content=\"4 minutes\" \/>\n<script type=\"application\/ld+json\" class=\"yoast-schema-graph\">{\"@context\":\"https:\\\/\\\/schema.org\",\"@graph\":[{\"@type\":\"Article\",\"@id\":\"https:\\\/\\\/interamerica.org\\\/fr\\\/2005\\\/03\\\/philippines-paulsen-rend-hommage-a-leglise-au-cours-de-son-centenaire-il-visite-le-pays\\\/#article\",\"isPartOf\":{\"@id\":\"https:\\\/\\\/interamerica.org\\\/fr\\\/2005\\\/03\\\/philippines-paulsen-rend-hommage-a-leglise-au-cours-de-son-centenaire-il-visite-le-pays\\\/\"},\"author\":{\"name\":\"Lorenzo Verduzco\",\"@id\":\"https:\\\/\\\/interamerica.org\\\/fr\\\/#\\\/schema\\\/person\\\/68ede8bdc292885bb76c1e3810e73c39\"},\"headline\":\"Philippines:\u00a0 Paulsen rend hommage \u00e0 L&rsquo;\u00c9glise au cours de son Centenaire, il visite le Pays\",\"datePublished\":\"2005-03-08T04:00:00+00:00\",\"dateModified\":\"2017-06-02T17:20:30+00:00\",\"mainEntityOfPage\":{\"@id\":\"https:\\\/\\\/interamerica.org\\\/fr\\\/2005\\\/03\\\/philippines-paulsen-rend-hommage-a-leglise-au-cours-de-son-centenaire-il-visite-le-pays\\\/\"},\"wordCount\":852,\"articleSection\":[\"Archive\"],\"inLanguage\":\"fr-FR\"},{\"@type\":\"WebPage\",\"@id\":\"https:\\\/\\\/interamerica.org\\\/fr\\\/2005\\\/03\\\/philippines-paulsen-rend-hommage-a-leglise-au-cours-de-son-centenaire-il-visite-le-pays\\\/\",\"url\":\"https:\\\/\\\/interamerica.org\\\/fr\\\/2005\\\/03\\\/philippines-paulsen-rend-hommage-a-leglise-au-cours-de-son-centenaire-il-visite-le-pays\\\/\",\"name\":\"Philippines:\u00a0 Paulsen rend hommage \u00e0 L'\u00c9glise au cours de son Centenaire, il visite le Pays - \u00c9glise Adventiste Du Septieme Jour - Inter Am\u00e9rique Division\",\"isPartOf\":{\"@id\":\"https:\\\/\\\/interamerica.org\\\/fr\\\/#website\"},\"datePublished\":\"2005-03-08T04:00:00+00:00\",\"dateModified\":\"2017-06-02T17:20:30+00:00\",\"author\":{\"@id\":\"https:\\\/\\\/interamerica.org\\\/fr\\\/#\\\/schema\\\/person\\\/68ede8bdc292885bb76c1e3810e73c39\"},\"breadcrumb\":{\"@id\":\"https:\\\/\\\/interamerica.org\\\/fr\\\/2005\\\/03\\\/philippines-paulsen-rend-hommage-a-leglise-au-cours-de-son-centenaire-il-visite-le-pays\\\/#breadcrumb\"},\"inLanguage\":\"fr-FR\",\"potentialAction\":[{\"@type\":\"ReadAction\",\"target\":[\"https:\\\/\\\/interamerica.org\\\/fr\\\/2005\\\/03\\\/philippines-paulsen-rend-hommage-a-leglise-au-cours-de-son-centenaire-il-visite-le-pays\\\/\"]}]},{\"@type\":\"BreadcrumbList\",\"@id\":\"https:\\\/\\\/interamerica.org\\\/fr\\\/2005\\\/03\\\/philippines-paulsen-rend-hommage-a-leglise-au-cours-de-son-centenaire-il-visite-le-pays\\\/#breadcrumb\",\"itemListElement\":[{\"@type\":\"ListItem\",\"position\":1,\"name\":\"Home\",\"item\":\"https:\\\/\\\/interamerica.org\\\/fr\\\/\"},{\"@type\":\"ListItem\",\"position\":2,\"name\":\"Philippines:\u00a0 Paulsen rend hommage \u00e0 L&rsquo;\u00c9glise au cours de son Centenaire, il visite le Pays\"}]},{\"@type\":\"WebSite\",\"@id\":\"https:\\\/\\\/interamerica.org\\\/fr\\\/#website\",\"url\":\"https:\\\/\\\/interamerica.org\\\/fr\\\/\",\"name\":\"\u00c9glise Adventiste Du Septieme Jour - Inter Am\u00e9rique Division\",\"description\":\"\",\"potentialAction\":[{\"@type\":\"SearchAction\",\"target\":{\"@type\":\"EntryPoint\",\"urlTemplate\":\"https:\\\/\\\/interamerica.org\\\/fr\\\/?s={search_term_string}\"},\"query-input\":{\"@type\":\"PropertyValueSpecification\",\"valueRequired\":true,\"valueName\":\"search_term_string\"}}],\"inLanguage\":\"fr-FR\"},{\"@type\":\"Person\",\"@id\":\"https:\\\/\\\/interamerica.org\\\/fr\\\/#\\\/schema\\\/person\\\/68ede8bdc292885bb76c1e3810e73c39\",\"name\":\"Lorenzo Verduzco\",\"image\":{\"@type\":\"ImageObject\",\"inLanguage\":\"fr-FR\",\"@id\":\"https:\\\/\\\/secure.gravatar.com\\\/avatar\\\/fb81a55b6218459490a9c1dc841a34909185b81904c5337b4b27f7a6fd60c49e?s=96&d=mm&r=g\",\"url\":\"https:\\\/\\\/secure.gravatar.com\\\/avatar\\\/fb81a55b6218459490a9c1dc841a34909185b81904c5337b4b27f7a6fd60c49e?s=96&d=mm&r=g\",\"contentUrl\":\"https:\\\/\\\/secure.gravatar.com\\\/avatar\\\/fb81a55b6218459490a9c1dc841a34909185b81904c5337b4b27f7a6fd60c49e?s=96&d=mm&r=g\",\"caption\":\"Lorenzo Verduzco\"}}]}<\/script>\n<!-- \/ Yoast SEO plugin. -->","yoast_head_json":{"title":"Philippines:\u00a0 Paulsen rend hommage \u00e0 L'\u00c9glise au cours de son Centenaire, il visite le Pays - \u00c9glise Adventiste Du Septieme Jour - Inter Am\u00e9rique Division","robots":{"index":"index","follow":"follow","max-snippet":"max-snippet:-1","max-image-preview":"max-image-preview:large","max-video-preview":"max-video-preview:-1"},"canonical":"https:\/\/interamerica.org\/fr\/2005\/03\/philippines-paulsen-rend-hommage-a-leglise-au-cours-de-son-centenaire-il-visite-le-pays\/","og_locale":"fr_FR","og_type":"article","og_title":"Philippines:\u00a0 Paulsen rend hommage \u00e0 L'\u00c9glise au cours de son Centenaire, il visite le Pays - \u00c9glise Adventiste Du Septieme Jour - Inter Am\u00e9rique Division","og_description":"L'\u00c9glise des Adventistes du Septi\u00e8me jour des Philippines -- comptant plus de 1.3 million de personnes-- c\u00e9l\u00e9bra le centenaire de l'oeuvre dans la r\u00e9publique des 7,100 iles du 2 au 5 Mars.","og_url":"https:\/\/interamerica.org\/fr\/2005\/03\/philippines-paulsen-rend-hommage-a-leglise-au-cours-de-son-centenaire-il-visite-le-pays\/","og_site_name":"\u00c9glise Adventiste Du Septieme Jour - Inter Am\u00e9rique Division","article_published_time":"2005-03-08T04:00:00+00:00","article_modified_time":"2017-06-02T17:20:30+00:00","author":"Lorenzo Verduzco","twitter_card":"summary_large_image","twitter_misc":{"\u00c9crit par":"Lorenzo Verduzco","Dur\u00e9e de lecture estim\u00e9e":"4 minutes"},"schema":{"@context":"https:\/\/schema.org","@graph":[{"@type":"Article","@id":"https:\/\/interamerica.org\/fr\/2005\/03\/philippines-paulsen-rend-hommage-a-leglise-au-cours-de-son-centenaire-il-visite-le-pays\/#article","isPartOf":{"@id":"https:\/\/interamerica.org\/fr\/2005\/03\/philippines-paulsen-rend-hommage-a-leglise-au-cours-de-son-centenaire-il-visite-le-pays\/"},"author":{"name":"Lorenzo Verduzco","@id":"https:\/\/interamerica.org\/fr\/#\/schema\/person\/68ede8bdc292885bb76c1e3810e73c39"},"headline":"Philippines:\u00a0 Paulsen rend hommage \u00e0 L&rsquo;\u00c9glise au cours de son Centenaire, il visite le Pays","datePublished":"2005-03-08T04:00:00+00:00","dateModified":"2017-06-02T17:20:30+00:00","mainEntityOfPage":{"@id":"https:\/\/interamerica.org\/fr\/2005\/03\/philippines-paulsen-rend-hommage-a-leglise-au-cours-de-son-centenaire-il-visite-le-pays\/"},"wordCount":852,"articleSection":["Archive"],"inLanguage":"fr-FR"},{"@type":"WebPage","@id":"https:\/\/interamerica.org\/fr\/2005\/03\/philippines-paulsen-rend-hommage-a-leglise-au-cours-de-son-centenaire-il-visite-le-pays\/","url":"https:\/\/interamerica.org\/fr\/2005\/03\/philippines-paulsen-rend-hommage-a-leglise-au-cours-de-son-centenaire-il-visite-le-pays\/","name":"Philippines:\u00a0 Paulsen rend hommage \u00e0 L'\u00c9glise au cours de son Centenaire, il visite le Pays - \u00c9glise Adventiste Du Septieme Jour - Inter Am\u00e9rique Division","isPartOf":{"@id":"https:\/\/interamerica.org\/fr\/#website"},"datePublished":"2005-03-08T04:00:00+00:00","dateModified":"2017-06-02T17:20:30+00:00","author":{"@id":"https:\/\/interamerica.org\/fr\/#\/schema\/person\/68ede8bdc292885bb76c1e3810e73c39"},"breadcrumb":{"@id":"https:\/\/interamerica.org\/fr\/2005\/03\/philippines-paulsen-rend-hommage-a-leglise-au-cours-de-son-centenaire-il-visite-le-pays\/#breadcrumb"},"inLanguage":"fr-FR","potentialAction":[{"@type":"ReadAction","target":["https:\/\/interamerica.org\/fr\/2005\/03\/philippines-paulsen-rend-hommage-a-leglise-au-cours-de-son-centenaire-il-visite-le-pays\/"]}]},{"@type":"BreadcrumbList","@id":"https:\/\/interamerica.org\/fr\/2005\/03\/philippines-paulsen-rend-hommage-a-leglise-au-cours-de-son-centenaire-il-visite-le-pays\/#breadcrumb","itemListElement":[{"@type":"ListItem","position":1,"name":"Home","item":"https:\/\/interamerica.org\/fr\/"},{"@type":"ListItem","position":2,"name":"Philippines:\u00a0 Paulsen rend hommage \u00e0 L&rsquo;\u00c9glise au cours de son Centenaire, il visite le Pays"}]},{"@type":"WebSite","@id":"https:\/\/interamerica.org\/fr\/#website","url":"https:\/\/interamerica.org\/fr\/","name":"\u00c9glise Adventiste Du Septieme Jour - Inter Am\u00e9rique Division","description":"","potentialAction":[{"@type":"SearchAction","target":{"@type":"EntryPoint","urlTemplate":"https:\/\/interamerica.org\/fr\/?s={search_term_string}"},"query-input":{"@type":"PropertyValueSpecification","valueRequired":true,"valueName":"search_term_string"}}],"inLanguage":"fr-FR"},{"@type":"Person","@id":"https:\/\/interamerica.org\/fr\/#\/schema\/person\/68ede8bdc292885bb76c1e3810e73c39","name":"Lorenzo Verduzco","image":{"@type":"ImageObject","inLanguage":"fr-FR","@id":"https:\/\/secure.gravatar.com\/avatar\/fb81a55b6218459490a9c1dc841a34909185b81904c5337b4b27f7a6fd60c49e?s=96&d=mm&r=g","url":"https:\/\/secure.gravatar.com\/avatar\/fb81a55b6218459490a9c1dc841a34909185b81904c5337b4b27f7a6fd60c49e?s=96&d=mm&r=g","contentUrl":"https:\/\/secure.gravatar.com\/avatar\/fb81a55b6218459490a9c1dc841a34909185b81904c5337b4b27f7a6fd60c49e?s=96&d=mm&r=g","caption":"Lorenzo Verduzco"}}]}},"_links":{"self":[{"href":"https:\/\/interamerica.org\/fr\/wp-json\/wp\/v2\/posts\/12315","targetHints":{"allow":["GET"]}}],"collection":[{"href":"https:\/\/interamerica.org\/fr\/wp-json\/wp\/v2\/posts"}],"about":[{"href":"https:\/\/interamerica.org\/fr\/wp-json\/wp\/v2\/types\/post"}],"author":[{"embeddable":true,"href":"https:\/\/interamerica.org\/fr\/wp-json\/wp\/v2\/users\/1"}],"replies":[{"embeddable":true,"href":"https:\/\/interamerica.org\/fr\/wp-json\/wp\/v2\/comments?post=12315"}],"version-history":[{"count":0,"href":"https:\/\/interamerica.org\/fr\/wp-json\/wp\/v2\/posts\/12315\/revisions"}],"wp:attachment":[{"href":"https:\/\/interamerica.org\/fr\/wp-json\/wp\/v2\/media?parent=12315"}],"wp:term":[{"taxonomy":"category","embeddable":true,"href":"https:\/\/interamerica.org\/fr\/wp-json\/wp\/v2\/categories?post=12315"},{"taxonomy":"post_tag","embeddable":true,"href":"https:\/\/interamerica.org\/fr\/wp-json\/wp\/v2\/tags?post=12315"}],"curies":[{"name":"wp","href":"https:\/\/api.w.org\/{rel}","templated":true}]}}