{"id":12318,"date":"2005-03-22T00:00:00","date_gmt":"2005-03-22T04:00:00","guid":{"rendered":"http:\/\/192.81.217.108\/interamerica\/2005\/03\/turkmenistan-leglise-adventiste-est-autorisee-a-reprendre-ses-activites\/"},"modified":"2017-06-02T13:20:28","modified_gmt":"2017-06-02T17:20:28","slug":"turkmenistan-leglise-adventiste-est-autorisee-a-reprendre-ses-activites","status":"publish","type":"post","link":"https:\/\/interamerica.org\/fr\/2005\/03\/turkmenistan-leglise-adventiste-est-autorisee-a-reprendre-ses-activites\/","title":{"rendered":"Turkm\u00e9nistan : L&rsquo;\u00c9glise Adventiste Est Autoris\u00e9e \u00e0 Reprendre ses Activit\u00e9s"},"content":{"rendered":"<p>Ashkhabad, Turkm\u00e9nistan <\/p>\n<p>Cinq ans et quatre mois apr\u00e8s qu&rsquo;il ait d\u00e9moli l&rsquo;un des \u00e9difices religieux de l&rsquo;\u00e9glise adventiste du septi\u00e8me jour, le gouvernement du Turkm\u00e9nistan a permis \u00e0 la congr\u00e9gation locale d&rsquo;avoir leur service d&rsquo;adoration, le jour du Sabbat ou samedi.<\/p>\n<p>Les informations re\u00e7ues de l&rsquo;\u00e9glise annoncent qu&rsquo;entre 75 et 80 \u00e9taient pr\u00e9sentes au d\u00e9but du service, avec parmi eux, des officiels de la ville d&rsquo;Ashkhabad.<\/p>\n<p>\u00ab\u00a0Nous avons re\u00e7u l&rsquo;autorisation de louer une salle [de r\u00e9union] et [cela] pour une p\u00e9riode allant jusqu&rsquo;\u00e0 la fin de cette ann\u00e9e,\u00a0\u00bb a d\u00e9clar\u00e9 Pavel Fedotov, pr\u00e9sident de l&rsquo;\u00c9glise Adventiste au Turkm\u00e9nistan, dans un message aux dirigeants de l&rsquo;\u00e9glise. <\/p>\n<p>\u00ab\u00a0\u00c9taient aussi pr\u00e9sents, des invit\u00e9s officiels de l&rsquo;administration de la ville, qui ont f\u00e9licit\u00e9 notre \u00e9glise [pour] sa premi\u00e8re rencontre dans ce hall,\u00a0\u00bb a ajout\u00e9 Fedotov.<\/p>\n<p>La r\u00e9action des membres \u00e9tait encourageante : \u00ab\u00a0tous ont appr\u00e9ci\u00e9 cette place, parce que nous soupirions avec nostalgie d&rsquo;avoir de telles r\u00e9unions et cela a \u00e9t\u00e9 un grand jour de f\u00eate pour nous tous.\u00a0\u00bb<\/p>\n<p>La reprise des services d&rsquo;adoration hebdomadaire en public par l&rsquo;\u00c9glise Adventiste au Turkm\u00e9nistan peut \u00eatre consid\u00e9r\u00e9e comme un \u00e9v\u00e9nement important pour la libert\u00e9 religieuse dans ce pays. Ce qui est consid\u00e9r\u00e9 comme allant de soi dans diff\u00e9rents pays du monde &#8211; le droit de se r\u00e9unir paisiblement pour adorer et d&rsquo;\u00eatre propri\u00e9taire d&rsquo;un \u00e9difice religieux &#8211; a \u00e9t\u00e9 un sujet de grande difficult\u00e9 dans cette partie de l&rsquo;ancien \u00e9tat Sovi\u00e9tique, maintenant une r\u00e9publique, situ\u00e9e en Asie Centrale, au bord de la Mer Caspienne, entre l&rsquo;Iran et le Kazakhstan.<\/p>\n<p>En novembre 1999, un bulldozer avait d\u00e9moli l&rsquo;\u00c9glise Adventiste du Septi\u00e8me Jour \u00e0 Ashkhabad. <\/p>\n<p>L&rsquo;ann\u00e9e derni\u00e8re, cependant, les choses ont commenc\u00e9 \u00e0 changer. En juin, l&rsquo;\u00c9glise Adventiste a re\u00e7u le certificat d&rsquo;enregistrement num\u00e9ro 0001 : la premi\u00e8re congr\u00e9gation Protestante \u00e0 \u00eatre enregistr\u00e9e par le Minist\u00e8re de la Justice du pays, ont annonc\u00e9 les dirigeants de notre \u00e9glise. <\/p>\n<p>\u00ab\u00a0Nous continuons \u00e0 prier pour que toutes les personnes vivant dans les 12 pays de notre&#8230; territoire aient l&rsquo;occasion d&rsquo;entendre parler de l&rsquo;amour de Dieu et de prendre leur d\u00e9cision en toute conscience,\u00a0\u00bb a dit pasteur Billy Biaggi, tr\u00e9sorier de l&rsquo;\u00c9glise Adventiste dans la r\u00e9gion de l&rsquo;EurAsie. \u00ab\u00a0Nous remercions les D\u00e9partements des Affaires Publiques et de la Libert\u00e9 Religieuse, ainsi que l&rsquo;Association Internationale de la Libert\u00e9 Religieuse, pour les efforts et [l&rsquo;aide] prodigu\u00e9s dans la r\u00e9solution de cette affaire des droits de l&rsquo;homme dans plusieurs pays \u00e0 travers le monde.\u00a0\u00bb<\/p>\n<p>John Graz, directeur des Affaires Publiques et de la Libert\u00e9 Religieuse pour l&rsquo;\u00e9glise mondiale, souligne que \u00ab\u00a0c&rsquo;est une d\u00e9cision historique qui confirme l&rsquo;enregistrement de l&rsquo;\u00e9glise, l&rsquo;ann\u00e9e derni\u00e8re. Cela vient apr\u00e8s une longue s\u00e9rie d&rsquo;interventions de notre bureau et de la bonne coop\u00e9ration entre l&rsquo;\u00e9glise en Euro Asie et les organisations internationales.\u00a0\u00bb\u00a0<\/p>\n","protected":false},"excerpt":{"rendered":"<p>Cinq ans et quatre mois apr\u00e8s qu&rsquo;il ait d\u00e9moli l&rsquo;un des \u00e9difices religieux de l&rsquo;\u00e9glise adventiste du septi\u00e8me jour&#8230;<\/p>\n","protected":false},"author":1,"featured_media":0,"comment_status":"closed","ping_status":"closed","sticky":false,"template":"","format":"standard","meta":{"_acf_changed":false,"footnotes":""},"categories":[9],"tags":[],"class_list":["post-12318","post","type-post","status-publish","format-standard","hentry","category-archive-fr"],"acf":[],"yoast_head":"<!-- This site is optimized with the Yoast SEO plugin v27.3 - https:\/\/yoast.com\/product\/yoast-seo-wordpress\/ -->\n<title>Turkm\u00e9nistan : L&#039;\u00c9glise Adventiste Est Autoris\u00e9e \u00e0 Reprendre ses Activit\u00e9s - \u00c9glise Adventiste Du Septieme Jour - Inter Am\u00e9rique Division<\/title>\n<meta name=\"robots\" content=\"index, follow, max-snippet:-1, max-image-preview:large, max-video-preview:-1\" \/>\n<link rel=\"canonical\" href=\"https:\/\/interamerica.org\/fr\/2005\/03\/turkmenistan-leglise-adventiste-est-autorisee-a-reprendre-ses-activites\/\" \/>\n<meta property=\"og:locale\" content=\"fr_FR\" \/>\n<meta property=\"og:type\" content=\"article\" \/>\n<meta property=\"og:title\" content=\"Turkm\u00e9nistan : L&#039;\u00c9glise Adventiste Est Autoris\u00e9e \u00e0 Reprendre ses Activit\u00e9s - \u00c9glise Adventiste Du Septieme Jour - Inter Am\u00e9rique Division\" \/>\n<meta property=\"og:description\" content=\"Cinq ans et quatre mois apr\u00e8s qu&#039;il ait d\u00e9moli l&#039;un des \u00e9difices religieux de l&#039;\u00e9glise adventiste du septi\u00e8me jour...\" \/>\n<meta property=\"og:url\" content=\"https:\/\/interamerica.org\/fr\/2005\/03\/turkmenistan-leglise-adventiste-est-autorisee-a-reprendre-ses-activites\/\" \/>\n<meta property=\"og:site_name\" content=\"\u00c9glise Adventiste Du Septieme Jour - Inter Am\u00e9rique Division\" \/>\n<meta property=\"article:published_time\" content=\"2005-03-22T04:00:00+00:00\" \/>\n<meta property=\"article:modified_time\" content=\"2017-06-02T17:20:28+00:00\" \/>\n<meta name=\"author\" content=\"Lorenzo Verduzco\" \/>\n<meta name=\"twitter:card\" content=\"summary_large_image\" \/>\n<meta name=\"twitter:label1\" content=\"\u00c9crit par\" \/>\n\t<meta name=\"twitter:data1\" content=\"Lorenzo Verduzco\" \/>\n\t<meta name=\"twitter:label2\" content=\"Dur\u00e9e de lecture estim\u00e9e\" \/>\n\t<meta name=\"twitter:data2\" content=\"3 minutes\" \/>\n<script type=\"application\/ld+json\" class=\"yoast-schema-graph\">{\"@context\":\"https:\\\/\\\/schema.org\",\"@graph\":[{\"@type\":\"Article\",\"@id\":\"https:\\\/\\\/interamerica.org\\\/fr\\\/2005\\\/03\\\/turkmenistan-leglise-adventiste-est-autorisee-a-reprendre-ses-activites\\\/#article\",\"isPartOf\":{\"@id\":\"https:\\\/\\\/interamerica.org\\\/fr\\\/2005\\\/03\\\/turkmenistan-leglise-adventiste-est-autorisee-a-reprendre-ses-activites\\\/\"},\"author\":{\"name\":\"Lorenzo Verduzco\",\"@id\":\"https:\\\/\\\/interamerica.org\\\/fr\\\/#\\\/schema\\\/person\\\/68ede8bdc292885bb76c1e3810e73c39\"},\"headline\":\"Turkm\u00e9nistan : L&rsquo;\u00c9glise Adventiste Est Autoris\u00e9e \u00e0 Reprendre ses Activit\u00e9s\",\"datePublished\":\"2005-03-22T04:00:00+00:00\",\"dateModified\":\"2017-06-02T17:20:28+00:00\",\"mainEntityOfPage\":{\"@id\":\"https:\\\/\\\/interamerica.org\\\/fr\\\/2005\\\/03\\\/turkmenistan-leglise-adventiste-est-autorisee-a-reprendre-ses-activites\\\/\"},\"wordCount\":545,\"articleSection\":[\"Archive\"],\"inLanguage\":\"fr-FR\"},{\"@type\":\"WebPage\",\"@id\":\"https:\\\/\\\/interamerica.org\\\/fr\\\/2005\\\/03\\\/turkmenistan-leglise-adventiste-est-autorisee-a-reprendre-ses-activites\\\/\",\"url\":\"https:\\\/\\\/interamerica.org\\\/fr\\\/2005\\\/03\\\/turkmenistan-leglise-adventiste-est-autorisee-a-reprendre-ses-activites\\\/\",\"name\":\"Turkm\u00e9nistan : L'\u00c9glise Adventiste Est Autoris\u00e9e \u00e0 Reprendre ses Activit\u00e9s - \u00c9glise Adventiste Du Septieme Jour - Inter Am\u00e9rique Division\",\"isPartOf\":{\"@id\":\"https:\\\/\\\/interamerica.org\\\/fr\\\/#website\"},\"datePublished\":\"2005-03-22T04:00:00+00:00\",\"dateModified\":\"2017-06-02T17:20:28+00:00\",\"author\":{\"@id\":\"https:\\\/\\\/interamerica.org\\\/fr\\\/#\\\/schema\\\/person\\\/68ede8bdc292885bb76c1e3810e73c39\"},\"breadcrumb\":{\"@id\":\"https:\\\/\\\/interamerica.org\\\/fr\\\/2005\\\/03\\\/turkmenistan-leglise-adventiste-est-autorisee-a-reprendre-ses-activites\\\/#breadcrumb\"},\"inLanguage\":\"fr-FR\",\"potentialAction\":[{\"@type\":\"ReadAction\",\"target\":[\"https:\\\/\\\/interamerica.org\\\/fr\\\/2005\\\/03\\\/turkmenistan-leglise-adventiste-est-autorisee-a-reprendre-ses-activites\\\/\"]}]},{\"@type\":\"BreadcrumbList\",\"@id\":\"https:\\\/\\\/interamerica.org\\\/fr\\\/2005\\\/03\\\/turkmenistan-leglise-adventiste-est-autorisee-a-reprendre-ses-activites\\\/#breadcrumb\",\"itemListElement\":[{\"@type\":\"ListItem\",\"position\":1,\"name\":\"Home\",\"item\":\"https:\\\/\\\/interamerica.org\\\/fr\\\/\"},{\"@type\":\"ListItem\",\"position\":2,\"name\":\"Turkm\u00e9nistan : L&#8217;\u00c9glise Adventiste Est Autoris\u00e9e \u00e0 Reprendre ses Activit\u00e9s\"}]},{\"@type\":\"WebSite\",\"@id\":\"https:\\\/\\\/interamerica.org\\\/fr\\\/#website\",\"url\":\"https:\\\/\\\/interamerica.org\\\/fr\\\/\",\"name\":\"\u00c9glise Adventiste Du Septieme Jour - Inter Am\u00e9rique Division\",\"description\":\"\",\"potentialAction\":[{\"@type\":\"SearchAction\",\"target\":{\"@type\":\"EntryPoint\",\"urlTemplate\":\"https:\\\/\\\/interamerica.org\\\/fr\\\/?s={search_term_string}\"},\"query-input\":{\"@type\":\"PropertyValueSpecification\",\"valueRequired\":true,\"valueName\":\"search_term_string\"}}],\"inLanguage\":\"fr-FR\"},{\"@type\":\"Person\",\"@id\":\"https:\\\/\\\/interamerica.org\\\/fr\\\/#\\\/schema\\\/person\\\/68ede8bdc292885bb76c1e3810e73c39\",\"name\":\"Lorenzo Verduzco\",\"image\":{\"@type\":\"ImageObject\",\"inLanguage\":\"fr-FR\",\"@id\":\"https:\\\/\\\/secure.gravatar.com\\\/avatar\\\/fb81a55b6218459490a9c1dc841a34909185b81904c5337b4b27f7a6fd60c49e?s=96&d=mm&r=g\",\"url\":\"https:\\\/\\\/secure.gravatar.com\\\/avatar\\\/fb81a55b6218459490a9c1dc841a34909185b81904c5337b4b27f7a6fd60c49e?s=96&d=mm&r=g\",\"contentUrl\":\"https:\\\/\\\/secure.gravatar.com\\\/avatar\\\/fb81a55b6218459490a9c1dc841a34909185b81904c5337b4b27f7a6fd60c49e?s=96&d=mm&r=g\",\"caption\":\"Lorenzo Verduzco\"}}]}<\/script>\n<!-- \/ Yoast SEO plugin. -->","yoast_head_json":{"title":"Turkm\u00e9nistan : L'\u00c9glise Adventiste Est Autoris\u00e9e \u00e0 Reprendre ses Activit\u00e9s - \u00c9glise Adventiste Du Septieme Jour - Inter Am\u00e9rique Division","robots":{"index":"index","follow":"follow","max-snippet":"max-snippet:-1","max-image-preview":"max-image-preview:large","max-video-preview":"max-video-preview:-1"},"canonical":"https:\/\/interamerica.org\/fr\/2005\/03\/turkmenistan-leglise-adventiste-est-autorisee-a-reprendre-ses-activites\/","og_locale":"fr_FR","og_type":"article","og_title":"Turkm\u00e9nistan : L'\u00c9glise Adventiste Est Autoris\u00e9e \u00e0 Reprendre ses Activit\u00e9s - \u00c9glise Adventiste Du Septieme Jour - Inter Am\u00e9rique Division","og_description":"Cinq ans et quatre mois apr\u00e8s qu'il ait d\u00e9moli l'un des \u00e9difices religieux de l'\u00e9glise adventiste du septi\u00e8me jour...","og_url":"https:\/\/interamerica.org\/fr\/2005\/03\/turkmenistan-leglise-adventiste-est-autorisee-a-reprendre-ses-activites\/","og_site_name":"\u00c9glise Adventiste Du Septieme Jour - Inter Am\u00e9rique Division","article_published_time":"2005-03-22T04:00:00+00:00","article_modified_time":"2017-06-02T17:20:28+00:00","author":"Lorenzo Verduzco","twitter_card":"summary_large_image","twitter_misc":{"\u00c9crit par":"Lorenzo Verduzco","Dur\u00e9e de lecture estim\u00e9e":"3 minutes"},"schema":{"@context":"https:\/\/schema.org","@graph":[{"@type":"Article","@id":"https:\/\/interamerica.org\/fr\/2005\/03\/turkmenistan-leglise-adventiste-est-autorisee-a-reprendre-ses-activites\/#article","isPartOf":{"@id":"https:\/\/interamerica.org\/fr\/2005\/03\/turkmenistan-leglise-adventiste-est-autorisee-a-reprendre-ses-activites\/"},"author":{"name":"Lorenzo Verduzco","@id":"https:\/\/interamerica.org\/fr\/#\/schema\/person\/68ede8bdc292885bb76c1e3810e73c39"},"headline":"Turkm\u00e9nistan : L&rsquo;\u00c9glise Adventiste Est Autoris\u00e9e \u00e0 Reprendre ses Activit\u00e9s","datePublished":"2005-03-22T04:00:00+00:00","dateModified":"2017-06-02T17:20:28+00:00","mainEntityOfPage":{"@id":"https:\/\/interamerica.org\/fr\/2005\/03\/turkmenistan-leglise-adventiste-est-autorisee-a-reprendre-ses-activites\/"},"wordCount":545,"articleSection":["Archive"],"inLanguage":"fr-FR"},{"@type":"WebPage","@id":"https:\/\/interamerica.org\/fr\/2005\/03\/turkmenistan-leglise-adventiste-est-autorisee-a-reprendre-ses-activites\/","url":"https:\/\/interamerica.org\/fr\/2005\/03\/turkmenistan-leglise-adventiste-est-autorisee-a-reprendre-ses-activites\/","name":"Turkm\u00e9nistan : L'\u00c9glise Adventiste Est Autoris\u00e9e \u00e0 Reprendre ses Activit\u00e9s - \u00c9glise Adventiste Du Septieme Jour - Inter Am\u00e9rique Division","isPartOf":{"@id":"https:\/\/interamerica.org\/fr\/#website"},"datePublished":"2005-03-22T04:00:00+00:00","dateModified":"2017-06-02T17:20:28+00:00","author":{"@id":"https:\/\/interamerica.org\/fr\/#\/schema\/person\/68ede8bdc292885bb76c1e3810e73c39"},"breadcrumb":{"@id":"https:\/\/interamerica.org\/fr\/2005\/03\/turkmenistan-leglise-adventiste-est-autorisee-a-reprendre-ses-activites\/#breadcrumb"},"inLanguage":"fr-FR","potentialAction":[{"@type":"ReadAction","target":["https:\/\/interamerica.org\/fr\/2005\/03\/turkmenistan-leglise-adventiste-est-autorisee-a-reprendre-ses-activites\/"]}]},{"@type":"BreadcrumbList","@id":"https:\/\/interamerica.org\/fr\/2005\/03\/turkmenistan-leglise-adventiste-est-autorisee-a-reprendre-ses-activites\/#breadcrumb","itemListElement":[{"@type":"ListItem","position":1,"name":"Home","item":"https:\/\/interamerica.org\/fr\/"},{"@type":"ListItem","position":2,"name":"Turkm\u00e9nistan : L&#8217;\u00c9glise Adventiste Est Autoris\u00e9e \u00e0 Reprendre ses Activit\u00e9s"}]},{"@type":"WebSite","@id":"https:\/\/interamerica.org\/fr\/#website","url":"https:\/\/interamerica.org\/fr\/","name":"\u00c9glise Adventiste Du Septieme Jour - Inter Am\u00e9rique Division","description":"","potentialAction":[{"@type":"SearchAction","target":{"@type":"EntryPoint","urlTemplate":"https:\/\/interamerica.org\/fr\/?s={search_term_string}"},"query-input":{"@type":"PropertyValueSpecification","valueRequired":true,"valueName":"search_term_string"}}],"inLanguage":"fr-FR"},{"@type":"Person","@id":"https:\/\/interamerica.org\/fr\/#\/schema\/person\/68ede8bdc292885bb76c1e3810e73c39","name":"Lorenzo Verduzco","image":{"@type":"ImageObject","inLanguage":"fr-FR","@id":"https:\/\/secure.gravatar.com\/avatar\/fb81a55b6218459490a9c1dc841a34909185b81904c5337b4b27f7a6fd60c49e?s=96&d=mm&r=g","url":"https:\/\/secure.gravatar.com\/avatar\/fb81a55b6218459490a9c1dc841a34909185b81904c5337b4b27f7a6fd60c49e?s=96&d=mm&r=g","contentUrl":"https:\/\/secure.gravatar.com\/avatar\/fb81a55b6218459490a9c1dc841a34909185b81904c5337b4b27f7a6fd60c49e?s=96&d=mm&r=g","caption":"Lorenzo Verduzco"}}]}},"_links":{"self":[{"href":"https:\/\/interamerica.org\/fr\/wp-json\/wp\/v2\/posts\/12318","targetHints":{"allow":["GET"]}}],"collection":[{"href":"https:\/\/interamerica.org\/fr\/wp-json\/wp\/v2\/posts"}],"about":[{"href":"https:\/\/interamerica.org\/fr\/wp-json\/wp\/v2\/types\/post"}],"author":[{"embeddable":true,"href":"https:\/\/interamerica.org\/fr\/wp-json\/wp\/v2\/users\/1"}],"replies":[{"embeddable":true,"href":"https:\/\/interamerica.org\/fr\/wp-json\/wp\/v2\/comments?post=12318"}],"version-history":[{"count":0,"href":"https:\/\/interamerica.org\/fr\/wp-json\/wp\/v2\/posts\/12318\/revisions"}],"wp:attachment":[{"href":"https:\/\/interamerica.org\/fr\/wp-json\/wp\/v2\/media?parent=12318"}],"wp:term":[{"taxonomy":"category","embeddable":true,"href":"https:\/\/interamerica.org\/fr\/wp-json\/wp\/v2\/categories?post=12318"},{"taxonomy":"post_tag","embeddable":true,"href":"https:\/\/interamerica.org\/fr\/wp-json\/wp\/v2\/tags?post=12318"}],"curies":[{"name":"wp","href":"https:\/\/api.w.org\/{rel}","templated":true}]}}