{"id":12319,"date":"2005-03-22T00:00:00","date_gmt":"2005-03-22T04:00:00","guid":{"rendered":"http:\/\/192.81.217.108\/interamerica\/2005\/03\/guam-paulsen-et-les-dirigeants-reconsacrent-les-studios-de-la-radio-adventiste-mondiale\/"},"modified":"2017-06-02T13:20:28","modified_gmt":"2017-06-02T17:20:28","slug":"guam-paulsen-et-les-dirigeants-reconsacrent-les-studios-de-la-radio-adventiste-mondiale","status":"publish","type":"post","link":"https:\/\/interamerica.org\/fr\/2005\/03\/guam-paulsen-et-les-dirigeants-reconsacrent-les-studios-de-la-radio-adventiste-mondiale\/","title":{"rendered":"Guam:\u00a0 Paulsen, et les Dirigeants Reconsacrent les Studios de la Radio Adventiste Mondiale\u00a0"},"content":{"rendered":"<p>Des douzaines de supporteurs de la Radio Adventiste\u00a0Mondiale s&rsquo;\u00e9taient joints au Pr\u00e9sident de l&rsquo;Eglise des Adventistes du Septi\u00e8me jour, le Pasteur Jan Paulsen et aux dirigeants de la Radio Adventiste Mondiale (AWR) pour une c\u00e9r\u00e9monie de recons\u00e9cration des services r\u00e9nov\u00e9s de la station \u00e0 ondes courtes\u00a0\u00e0 Guam, le 26 f\u00e9vrier.<\/p>\n<p>\u00ab\u00a0Le Minist\u00e8re de la AWR&#8230;s&rsquo;est engag\u00e9 \u00e0 r\u00e9pandre un t\u00e9moignage et un message qui ne doit\u00a0\u00eatre soumis \u00e0 aucun contr\u00f4le de passeport d&rsquo;aucune fronti\u00e8re,\u00a0\u00bb a d\u00e9clar\u00e9 le Pasteur Paulsen.\u00a0 \u00ab\u00a0Ce (signal) peut \u00eatre transmis dans n&rsquo;importe quel pays, et n&rsquo;importe quelle partie du monde et y laisser un message.\u00a0\u00bb\u00a0\u00a0<\/p>\n<p>Il ajouta, \u00ab\u00a0AWR est un partenaire inestimable\u00a0de la mission de l&rsquo;oeuvre.\u00a0\u00bb<\/p>\n<p>L&rsquo;Eglise des Adventistes du Septi\u00e8me jour&#8230; ne pourrait nullement d\u00e9buter\u00a0 l&rsquo;ach\u00e8vement du travail qui nous est assign\u00e9 sans le concours, sans le minist\u00e8re de la AWR.\u00a0\u00bb<\/p>\n<p>Actuellement, des \u00e9missions sont retransmises dans plus d&rsquo;une douzaine de langues \u00e0 partir de la station de Guam\u00a0\u00e0 travers\u00a0plusieures parties du monde.\u00a0 \u00ab\u00a0Guam est notre principale station de relais \u00e0\u00a0 travers le monde,\u00a0\u00bb\u00a0 a pr\u00e9cis\u00e9 Benjamin Schoun, pr\u00e9sident de la AWR.<\/p>\n<p>Schoun d\u00e9clara \u00e0 ceux qui\u00a0assistaient \u00e0 la recons\u00e9cration, \u00ab\u00a0Au cours de l&rsquo;ann\u00e9e prochaine ou de la suivante, nous voulons commencer \u00e0 \u00e9mettre dans 15 autres langues.\u00a0 La plupart d&rsquo;entre elles seront retransmises \u00e0 partir de Guam.<\/p>\n<p>A l&rsquo;occasion d&rsquo;un service de cl\u00f4ture, pr\u00e9sid\u00e9 par l&rsquo;Eglise des Adventistes du Septi\u00e8me jour de\u00a0Agana Heights,\u00a0dirig\u00e9 par le pasteur local Kyran John,\u00a0 en r\u00e9ponse au vibrant message de recons\u00e9cration\u00a0adress\u00e9 par Paulsen, les assistants ont exprim\u00e9 leur appr\u00e9ciation en voyant tant de\u00a0repr\u00e9sentants de l&rsquo;oeuvre, \u00e0 diff\u00e9rents \u00e9chelons,\u00a0assist\u00e9s \u00e0 plusieurs programmes tenus \u00e0 l&rsquo;occasion de cette fin de semaine.\u00a0<\/p>\n<p>L&rsquo;Eglise de Guam-Micron\u00e9sie anima un service pour toutes les \u00e9glises de l&rsquo;ile, service qui incluait des morceaux musicaux ex\u00e9cut\u00e9s par le D\u00e9partement de Correction du Groupe de Louange de l&rsquo;\u00e9glise locale ainsi que des pr\u00e9sentations par les dirigeants de l&rsquo;\u00e9glise r\u00e9gionale Adventiste de Sud de l&rsquo;Asie Pacifique, Alberto Gulfan Jr., pr\u00e9sident, et Jonathan Catolico, directeur des communications.\u00a0\u00a0\u00a0\u00a0<\/p>\n<p>Un point fort du programme de recons\u00e9cration fut celui du pr\u00e9sentateur Djoko Soewarso, un ancien Musulman de l&rsquo;Indon\u00e9sie qui,\u00a0\u00e0 pr\u00e9sent, est le directeur des communications et le porte-parole de AWR pour l&rsquo;Eglise Adventiste de l&rsquo;Ouest de\u00a0l&rsquo;Indon\u00e9sie.\u00a0 Il a d\u00e9crit l&rsquo;efficacit\u00e9 de l&rsquo;approche du travail de la AWR, ou les repr\u00e9sentants locaux &#8211;natifs parlant la langue et comprenant la culture et la mentalit\u00e9 des auditeurs \u00e0 qui ils s&rsquo;adressent&#8211; pr\u00e9parent des programmes.\u00a0<\/p>\n<p>\u00ab\u00a0A propos de cette merveilleuse station, qui est une construction de briques et de mortier\u00a0\u00bb, a\u00a0remarqu\u00e9 Ted N.C. Wilson, un des vice-pr\u00e9sidents de l&rsquo;Eglise Adventiste Mondiale.\u00a0 \u00ab\u00a0C&rsquo;est une masse tr\u00e8s sophistiqu\u00e9e, d&rsquo;appareil electronique complexe et d&rsquo;installation.\u00a0 C&rsquo;est beaucoup de cables, de tours, d&rsquo;antennes, et qui pourtant n&rsquo;ont qu&rsquo;un seul but.\u00a0\u00a0Et ce but, c&rsquo;est celui de glorifier J\u00e9sus et\u00a0proclamer le message de son second retour&#8230; Ce n&rsquo;est pas simplement un bel equipement m\u00e9canique, mais\u00a0pr\u00e9sentement il transmet \u00e0 tous le message\u00a0d&rsquo;espoir que nous avons en J\u00e9sus.\u00a0\u00bb\u00a0\u00a0\u00a0\u00a0<\/p>\n<p>A pr\u00e9sent, AWR\u00a0 retransmet des programmes dans 64 langues \u00e0 travers le monde.\u00a0 Ces \u00e9missions\u00a0parcourent des milliers de miles par ondes courtes, atteignant les auditeurs dans les pays tels que la Chine, la Cambode et les Philippines , et jusqu&rsquo;en Inde.\u00a0<\/p>\n<p>\u00a0\u00a0<\/p>\n<p>\u00a0\u00a0\u00a0\u00a0\u00a0\u00a0<\/p>\n","protected":false},"excerpt":{"rendered":"<p>Des douzaines de supporteurs de la Radio Adventiste Mondiale s&rsquo;\u00e9taient joints au Pr\u00e9sident de l&rsquo;Eglise des Adventistes du Septi\u00e8me jour, le Pasteur Jan Paulsen et aux dirigeants de la\u00a0Radio Adventiste Mondiale (AWR) pour une c\u00e9r\u00e9monie de recons\u00e9cra<\/p>\n","protected":false},"author":1,"featured_media":0,"comment_status":"closed","ping_status":"closed","sticky":false,"template":"","format":"standard","meta":{"_acf_changed":false,"footnotes":""},"categories":[9],"tags":[],"class_list":["post-12319","post","type-post","status-publish","format-standard","hentry","category-archive-fr"],"acf":[],"yoast_head":"<!-- This site is optimized with the Yoast SEO plugin v27.3 - https:\/\/yoast.com\/product\/yoast-seo-wordpress\/ -->\n<title>Guam:\u00a0 Paulsen, et les Dirigeants Reconsacrent les Studios de la Radio Adventiste Mondiale\u00a0 - \u00c9glise Adventiste Du Septieme Jour - Inter Am\u00e9rique Division<\/title>\n<meta name=\"robots\" content=\"index, follow, max-snippet:-1, max-image-preview:large, max-video-preview:-1\" \/>\n<link rel=\"canonical\" href=\"https:\/\/interamerica.org\/fr\/2005\/03\/guam-paulsen-et-les-dirigeants-reconsacrent-les-studios-de-la-radio-adventiste-mondiale\/\" \/>\n<meta property=\"og:locale\" content=\"fr_FR\" \/>\n<meta property=\"og:type\" content=\"article\" \/>\n<meta property=\"og:title\" content=\"Guam:\u00a0 Paulsen, et les Dirigeants Reconsacrent les Studios de la Radio Adventiste Mondiale\u00a0 - \u00c9glise Adventiste Du Septieme Jour - Inter Am\u00e9rique Division\" \/>\n<meta property=\"og:description\" content=\"Des douzaines de supporteurs de la Radio Adventiste Mondiale s&#039;\u00e9taient joints au Pr\u00e9sident de l&#039;Eglise des Adventistes du Septi\u00e8me jour, le Pasteur Jan Paulsen et aux dirigeants de la\u00a0Radio Adventiste Mondiale (AWR) pour une c\u00e9r\u00e9monie de recons\u00e9cra\" \/>\n<meta property=\"og:url\" content=\"https:\/\/interamerica.org\/fr\/2005\/03\/guam-paulsen-et-les-dirigeants-reconsacrent-les-studios-de-la-radio-adventiste-mondiale\/\" \/>\n<meta property=\"og:site_name\" content=\"\u00c9glise Adventiste Du Septieme Jour - Inter Am\u00e9rique Division\" \/>\n<meta property=\"article:published_time\" content=\"2005-03-22T04:00:00+00:00\" \/>\n<meta property=\"article:modified_time\" content=\"2017-06-02T17:20:28+00:00\" \/>\n<meta name=\"author\" content=\"Lorenzo Verduzco\" \/>\n<meta name=\"twitter:card\" content=\"summary_large_image\" \/>\n<meta name=\"twitter:label1\" content=\"\u00c9crit par\" \/>\n\t<meta name=\"twitter:data1\" content=\"Lorenzo Verduzco\" \/>\n\t<meta name=\"twitter:label2\" content=\"Dur\u00e9e de lecture estim\u00e9e\" \/>\n\t<meta name=\"twitter:data2\" content=\"3 minutes\" \/>\n<script type=\"application\/ld+json\" class=\"yoast-schema-graph\">{\"@context\":\"https:\\\/\\\/schema.org\",\"@graph\":[{\"@type\":\"Article\",\"@id\":\"https:\\\/\\\/interamerica.org\\\/fr\\\/2005\\\/03\\\/guam-paulsen-et-les-dirigeants-reconsacrent-les-studios-de-la-radio-adventiste-mondiale\\\/#article\",\"isPartOf\":{\"@id\":\"https:\\\/\\\/interamerica.org\\\/fr\\\/2005\\\/03\\\/guam-paulsen-et-les-dirigeants-reconsacrent-les-studios-de-la-radio-adventiste-mondiale\\\/\"},\"author\":{\"name\":\"Lorenzo Verduzco\",\"@id\":\"https:\\\/\\\/interamerica.org\\\/fr\\\/#\\\/schema\\\/person\\\/68ede8bdc292885bb76c1e3810e73c39\"},\"headline\":\"Guam:\u00a0 Paulsen, et les Dirigeants Reconsacrent les Studios de la Radio Adventiste Mondiale\u00a0\",\"datePublished\":\"2005-03-22T04:00:00+00:00\",\"dateModified\":\"2017-06-02T17:20:28+00:00\",\"mainEntityOfPage\":{\"@id\":\"https:\\\/\\\/interamerica.org\\\/fr\\\/2005\\\/03\\\/guam-paulsen-et-les-dirigeants-reconsacrent-les-studios-de-la-radio-adventiste-mondiale\\\/\"},\"wordCount\":632,\"articleSection\":[\"Archive\"],\"inLanguage\":\"fr-FR\"},{\"@type\":\"WebPage\",\"@id\":\"https:\\\/\\\/interamerica.org\\\/fr\\\/2005\\\/03\\\/guam-paulsen-et-les-dirigeants-reconsacrent-les-studios-de-la-radio-adventiste-mondiale\\\/\",\"url\":\"https:\\\/\\\/interamerica.org\\\/fr\\\/2005\\\/03\\\/guam-paulsen-et-les-dirigeants-reconsacrent-les-studios-de-la-radio-adventiste-mondiale\\\/\",\"name\":\"Guam:\u00a0 Paulsen, et les Dirigeants Reconsacrent les Studios de la Radio Adventiste Mondiale\u00a0 - \u00c9glise Adventiste Du Septieme Jour - Inter Am\u00e9rique Division\",\"isPartOf\":{\"@id\":\"https:\\\/\\\/interamerica.org\\\/fr\\\/#website\"},\"datePublished\":\"2005-03-22T04:00:00+00:00\",\"dateModified\":\"2017-06-02T17:20:28+00:00\",\"author\":{\"@id\":\"https:\\\/\\\/interamerica.org\\\/fr\\\/#\\\/schema\\\/person\\\/68ede8bdc292885bb76c1e3810e73c39\"},\"breadcrumb\":{\"@id\":\"https:\\\/\\\/interamerica.org\\\/fr\\\/2005\\\/03\\\/guam-paulsen-et-les-dirigeants-reconsacrent-les-studios-de-la-radio-adventiste-mondiale\\\/#breadcrumb\"},\"inLanguage\":\"fr-FR\",\"potentialAction\":[{\"@type\":\"ReadAction\",\"target\":[\"https:\\\/\\\/interamerica.org\\\/fr\\\/2005\\\/03\\\/guam-paulsen-et-les-dirigeants-reconsacrent-les-studios-de-la-radio-adventiste-mondiale\\\/\"]}]},{\"@type\":\"BreadcrumbList\",\"@id\":\"https:\\\/\\\/interamerica.org\\\/fr\\\/2005\\\/03\\\/guam-paulsen-et-les-dirigeants-reconsacrent-les-studios-de-la-radio-adventiste-mondiale\\\/#breadcrumb\",\"itemListElement\":[{\"@type\":\"ListItem\",\"position\":1,\"name\":\"Home\",\"item\":\"https:\\\/\\\/interamerica.org\\\/fr\\\/\"},{\"@type\":\"ListItem\",\"position\":2,\"name\":\"Guam:\u00a0 Paulsen, et les Dirigeants Reconsacrent les Studios de la Radio Adventiste Mondiale\u00a0\"}]},{\"@type\":\"WebSite\",\"@id\":\"https:\\\/\\\/interamerica.org\\\/fr\\\/#website\",\"url\":\"https:\\\/\\\/interamerica.org\\\/fr\\\/\",\"name\":\"\u00c9glise Adventiste Du Septieme Jour - Inter Am\u00e9rique Division\",\"description\":\"\",\"potentialAction\":[{\"@type\":\"SearchAction\",\"target\":{\"@type\":\"EntryPoint\",\"urlTemplate\":\"https:\\\/\\\/interamerica.org\\\/fr\\\/?s={search_term_string}\"},\"query-input\":{\"@type\":\"PropertyValueSpecification\",\"valueRequired\":true,\"valueName\":\"search_term_string\"}}],\"inLanguage\":\"fr-FR\"},{\"@type\":\"Person\",\"@id\":\"https:\\\/\\\/interamerica.org\\\/fr\\\/#\\\/schema\\\/person\\\/68ede8bdc292885bb76c1e3810e73c39\",\"name\":\"Lorenzo Verduzco\",\"image\":{\"@type\":\"ImageObject\",\"inLanguage\":\"fr-FR\",\"@id\":\"https:\\\/\\\/secure.gravatar.com\\\/avatar\\\/fb81a55b6218459490a9c1dc841a34909185b81904c5337b4b27f7a6fd60c49e?s=96&d=mm&r=g\",\"url\":\"https:\\\/\\\/secure.gravatar.com\\\/avatar\\\/fb81a55b6218459490a9c1dc841a34909185b81904c5337b4b27f7a6fd60c49e?s=96&d=mm&r=g\",\"contentUrl\":\"https:\\\/\\\/secure.gravatar.com\\\/avatar\\\/fb81a55b6218459490a9c1dc841a34909185b81904c5337b4b27f7a6fd60c49e?s=96&d=mm&r=g\",\"caption\":\"Lorenzo Verduzco\"}}]}<\/script>\n<!-- \/ Yoast SEO plugin. -->","yoast_head_json":{"title":"Guam:\u00a0 Paulsen, et les Dirigeants Reconsacrent les Studios de la Radio Adventiste Mondiale\u00a0 - \u00c9glise Adventiste Du Septieme Jour - Inter Am\u00e9rique Division","robots":{"index":"index","follow":"follow","max-snippet":"max-snippet:-1","max-image-preview":"max-image-preview:large","max-video-preview":"max-video-preview:-1"},"canonical":"https:\/\/interamerica.org\/fr\/2005\/03\/guam-paulsen-et-les-dirigeants-reconsacrent-les-studios-de-la-radio-adventiste-mondiale\/","og_locale":"fr_FR","og_type":"article","og_title":"Guam:\u00a0 Paulsen, et les Dirigeants Reconsacrent les Studios de la Radio Adventiste Mondiale\u00a0 - \u00c9glise Adventiste Du Septieme Jour - Inter Am\u00e9rique Division","og_description":"Des douzaines de supporteurs de la Radio Adventiste Mondiale s'\u00e9taient joints au Pr\u00e9sident de l'Eglise des Adventistes du Septi\u00e8me jour, le Pasteur Jan Paulsen et aux dirigeants de la\u00a0Radio Adventiste Mondiale (AWR) pour une c\u00e9r\u00e9monie de recons\u00e9cra","og_url":"https:\/\/interamerica.org\/fr\/2005\/03\/guam-paulsen-et-les-dirigeants-reconsacrent-les-studios-de-la-radio-adventiste-mondiale\/","og_site_name":"\u00c9glise Adventiste Du Septieme Jour - Inter Am\u00e9rique Division","article_published_time":"2005-03-22T04:00:00+00:00","article_modified_time":"2017-06-02T17:20:28+00:00","author":"Lorenzo Verduzco","twitter_card":"summary_large_image","twitter_misc":{"\u00c9crit par":"Lorenzo Verduzco","Dur\u00e9e de lecture estim\u00e9e":"3 minutes"},"schema":{"@context":"https:\/\/schema.org","@graph":[{"@type":"Article","@id":"https:\/\/interamerica.org\/fr\/2005\/03\/guam-paulsen-et-les-dirigeants-reconsacrent-les-studios-de-la-radio-adventiste-mondiale\/#article","isPartOf":{"@id":"https:\/\/interamerica.org\/fr\/2005\/03\/guam-paulsen-et-les-dirigeants-reconsacrent-les-studios-de-la-radio-adventiste-mondiale\/"},"author":{"name":"Lorenzo Verduzco","@id":"https:\/\/interamerica.org\/fr\/#\/schema\/person\/68ede8bdc292885bb76c1e3810e73c39"},"headline":"Guam:\u00a0 Paulsen, et les Dirigeants Reconsacrent les Studios de la Radio Adventiste Mondiale\u00a0","datePublished":"2005-03-22T04:00:00+00:00","dateModified":"2017-06-02T17:20:28+00:00","mainEntityOfPage":{"@id":"https:\/\/interamerica.org\/fr\/2005\/03\/guam-paulsen-et-les-dirigeants-reconsacrent-les-studios-de-la-radio-adventiste-mondiale\/"},"wordCount":632,"articleSection":["Archive"],"inLanguage":"fr-FR"},{"@type":"WebPage","@id":"https:\/\/interamerica.org\/fr\/2005\/03\/guam-paulsen-et-les-dirigeants-reconsacrent-les-studios-de-la-radio-adventiste-mondiale\/","url":"https:\/\/interamerica.org\/fr\/2005\/03\/guam-paulsen-et-les-dirigeants-reconsacrent-les-studios-de-la-radio-adventiste-mondiale\/","name":"Guam:\u00a0 Paulsen, et les Dirigeants Reconsacrent les Studios de la Radio Adventiste Mondiale\u00a0 - \u00c9glise Adventiste Du Septieme Jour - Inter Am\u00e9rique Division","isPartOf":{"@id":"https:\/\/interamerica.org\/fr\/#website"},"datePublished":"2005-03-22T04:00:00+00:00","dateModified":"2017-06-02T17:20:28+00:00","author":{"@id":"https:\/\/interamerica.org\/fr\/#\/schema\/person\/68ede8bdc292885bb76c1e3810e73c39"},"breadcrumb":{"@id":"https:\/\/interamerica.org\/fr\/2005\/03\/guam-paulsen-et-les-dirigeants-reconsacrent-les-studios-de-la-radio-adventiste-mondiale\/#breadcrumb"},"inLanguage":"fr-FR","potentialAction":[{"@type":"ReadAction","target":["https:\/\/interamerica.org\/fr\/2005\/03\/guam-paulsen-et-les-dirigeants-reconsacrent-les-studios-de-la-radio-adventiste-mondiale\/"]}]},{"@type":"BreadcrumbList","@id":"https:\/\/interamerica.org\/fr\/2005\/03\/guam-paulsen-et-les-dirigeants-reconsacrent-les-studios-de-la-radio-adventiste-mondiale\/#breadcrumb","itemListElement":[{"@type":"ListItem","position":1,"name":"Home","item":"https:\/\/interamerica.org\/fr\/"},{"@type":"ListItem","position":2,"name":"Guam:\u00a0 Paulsen, et les Dirigeants Reconsacrent les Studios de la Radio Adventiste Mondiale\u00a0"}]},{"@type":"WebSite","@id":"https:\/\/interamerica.org\/fr\/#website","url":"https:\/\/interamerica.org\/fr\/","name":"\u00c9glise Adventiste Du Septieme Jour - Inter Am\u00e9rique Division","description":"","potentialAction":[{"@type":"SearchAction","target":{"@type":"EntryPoint","urlTemplate":"https:\/\/interamerica.org\/fr\/?s={search_term_string}"},"query-input":{"@type":"PropertyValueSpecification","valueRequired":true,"valueName":"search_term_string"}}],"inLanguage":"fr-FR"},{"@type":"Person","@id":"https:\/\/interamerica.org\/fr\/#\/schema\/person\/68ede8bdc292885bb76c1e3810e73c39","name":"Lorenzo Verduzco","image":{"@type":"ImageObject","inLanguage":"fr-FR","@id":"https:\/\/secure.gravatar.com\/avatar\/fb81a55b6218459490a9c1dc841a34909185b81904c5337b4b27f7a6fd60c49e?s=96&d=mm&r=g","url":"https:\/\/secure.gravatar.com\/avatar\/fb81a55b6218459490a9c1dc841a34909185b81904c5337b4b27f7a6fd60c49e?s=96&d=mm&r=g","contentUrl":"https:\/\/secure.gravatar.com\/avatar\/fb81a55b6218459490a9c1dc841a34909185b81904c5337b4b27f7a6fd60c49e?s=96&d=mm&r=g","caption":"Lorenzo Verduzco"}}]}},"_links":{"self":[{"href":"https:\/\/interamerica.org\/fr\/wp-json\/wp\/v2\/posts\/12319","targetHints":{"allow":["GET"]}}],"collection":[{"href":"https:\/\/interamerica.org\/fr\/wp-json\/wp\/v2\/posts"}],"about":[{"href":"https:\/\/interamerica.org\/fr\/wp-json\/wp\/v2\/types\/post"}],"author":[{"embeddable":true,"href":"https:\/\/interamerica.org\/fr\/wp-json\/wp\/v2\/users\/1"}],"replies":[{"embeddable":true,"href":"https:\/\/interamerica.org\/fr\/wp-json\/wp\/v2\/comments?post=12319"}],"version-history":[{"count":0,"href":"https:\/\/interamerica.org\/fr\/wp-json\/wp\/v2\/posts\/12319\/revisions"}],"wp:attachment":[{"href":"https:\/\/interamerica.org\/fr\/wp-json\/wp\/v2\/media?parent=12319"}],"wp:term":[{"taxonomy":"category","embeddable":true,"href":"https:\/\/interamerica.org\/fr\/wp-json\/wp\/v2\/categories?post=12319"},{"taxonomy":"post_tag","embeddable":true,"href":"https:\/\/interamerica.org\/fr\/wp-json\/wp\/v2\/tags?post=12319"}],"curies":[{"name":"wp","href":"https:\/\/api.w.org\/{rel}","templated":true}]}}