{"id":12320,"date":"2005-03-22T00:00:00","date_gmt":"2005-03-22T04:00:00","guid":{"rendered":"http:\/\/192.81.217.108\/interamerica\/2005\/03\/portugal-plusieurs-sont-touches-grace-a-un-nouveau-media\/"},"modified":"2017-06-02T13:20:29","modified_gmt":"2017-06-02T17:20:29","slug":"portugal-plusieurs-sont-touches-grace-a-un-nouveau-media","status":"publish","type":"post","link":"https:\/\/interamerica.org\/fr\/2005\/03\/portugal-plusieurs-sont-touches-grace-a-un-nouveau-media\/","title":{"rendered":"Portugal:\u00a0 Plusieurs Sont\u00a0Touch\u00e9s Gr\u00e2ce A Un Nouveau Media"},"content":{"rendered":"<p>Lisbonne, Portugal&#8230; Ray Dabrowski\/ANN<\/p>\n<p>Le concept a d\u00e9but\u00e9 avec une personne.\u00a0 Peu apr\u00e8s d&rsquo;autres s&rsquo;y sont joints et maintenant le disque compact (CD-Rom) de la Bible Universelle a \u00e9t\u00e9 acclam\u00e9 sur la sc\u00e8ne portuguaise chr\u00e9tienne, rapporte Arthur Machado, directeur des communications de l&rsquo;Eglise des Adventistes du Septi\u00e8me jour au Portugal.<\/p>\n<p>Distribu\u00e9 gratuitement, le\u00a0disque compact\u00a0 (CD-Rom) permet une liaison avec le Web et comporte un texte de la Bible, un commentaire biblique, des photos relatives aux\u00a0lieux bibliques, ainsi que des mat\u00e9riels de vid\u00e9os concernant des sites de la Bible, de l&rsquo;antiquit\u00e9 et de la culture.<\/p>\n<p>\u00ab\u00a0Ceci a \u00e9t\u00e9 une initiative de Joao Miguel d&rsquo;une compagnie d&rsquo;ordinateur, Ideias Sem Fim (Id\u00e9es Sans Fronti\u00e8re), qui a r\u00e9uni plusieurs organisations, incluant une Soci\u00e9t\u00e9 de la Bible, l&rsquo;Ambassade\u00a0d&rsquo;Israel et notre \u00e9glise.\u00a0 Aujourd&rsquo;hui, nous travaillons sur une nouvelle version comportant plusieurs options de recherches,\u00a0\u00bb relata Machado.<\/p>\n<p>Le mat\u00e9riel m\u00e9diatique a \u00e9t\u00e9 con\u00e7u par des producteurs Isra\u00e9liens et fourni gr\u00e2ce au partenariat de l&rsquo;Ambassade d&rsquo;Israel \u00e0 Lisbonne.\u00a0 Machado rapporta que\u00a0plusieurs milliers de copies ont d\u00e9j\u00e0 \u00e9t\u00e9 distribu\u00e9es, maintenant ils \u00e9laborent des plans pour la prochaine version du CD qui incluera des mat\u00e9riels supl\u00e9mentaires, y compris une encyclop\u00e9die de la Bible et plusieurs versions des Ecritures. \u00a0\u00a0\u00a0\u00a0\u00a0<\/p>\n<p>L&rsquo;initiative a d\u00e9but\u00e9 comme un projet missionnaire pour \u00ab\u00a0remercier Dieu d&rsquo;avoir permis aux propri\u00e9taires d&rsquo;une compagnie d&rsquo;ordinateur de succ\u00e9der dans leur entreprise,\u00a0\u00bb raporta Machado. <\/p>\n<p>Le projet re\u00e7ut l&rsquo;attention des media, y compris un programme \u00e0 la chaine de t\u00e9l\u00e9vision nationale, et est disponible \u00e0 travers l&rsquo;Internet, et les assembl\u00e9es religieuses.<\/p>\n<p>Au Portugal, le projet est la toute\u00a0derni\u00e8re des\u00a0nouvelles initiatives entreprises par l&rsquo;Eglise Adventiste \u00e0 travers l&rsquo;Europe.<\/p>\n<p>A cause des d\u00e9fis auxquels fait face la mission Chr\u00e9tienne dans ce pays, Mario Brito, pr\u00e9sident de l&rsquo;Eglise Adventiste au Portugal, pr\u00e9cisa que la mission Chr\u00e9tienne d&rsquo;aujourd&rsquo;hui doit d\u00e9veloper une nouvelle m\u00e9thodologie.<\/p>\n<p>Pour rendre le Christianisme attrayant et convaincant pour la population moderne actuelle \u00ab\u00a0nous devons utiliser d&rsquo;autres m\u00e9thodes que celles employ\u00e9es par le pass\u00e9.\u00a0\u00a0Autrefois, les r\u00e9unions publiques et l&rsquo;\u00e9vang\u00e9lisation avaient une diff\u00e9rente approche.\u00a0 Maintenant, la technologie dispose d&rsquo;un champ d&rsquo;action moderne\u00a0o\u00f9 les gens cherchent des r\u00e9ponses \u00e0 leurs probl\u00e8mes, et en tant qu&rsquo;\u00e9glise nous devons occuper ce champ d&rsquo;action,\u00a0\u00bb pr\u00e9cisa Brito.\u00a0\u00a0<\/p>\n","protected":false},"excerpt":{"rendered":"<p>Le concept a d\u00e9but\u00e9 avec une personne.\u00a0 Peu apr\u00e8s\u00a0d&rsquo;autres s&rsquo;y sont joints et maintenant le\u00a0disque\u00a0compact de\u00a0la Bible Universelle (CD-Rom) a \u00e9t\u00e9 acclam\u00e9 sur la sc\u00e8ne Chr\u00e9tienne Portuguaise&#8230;\u00a0<\/p>\n","protected":false},"author":1,"featured_media":0,"comment_status":"closed","ping_status":"closed","sticky":false,"template":"","format":"standard","meta":{"_acf_changed":false,"footnotes":""},"categories":[9],"tags":[],"class_list":["post-12320","post","type-post","status-publish","format-standard","hentry","category-archive-fr"],"acf":[],"yoast_head":"<!-- This site is optimized with the Yoast SEO plugin v27.3 - https:\/\/yoast.com\/product\/yoast-seo-wordpress\/ -->\n<title>Portugal:\u00a0 Plusieurs Sont\u00a0Touch\u00e9s Gr\u00e2ce A Un Nouveau Media - \u00c9glise Adventiste Du Septieme Jour - Inter Am\u00e9rique Division<\/title>\n<meta name=\"robots\" content=\"index, follow, max-snippet:-1, max-image-preview:large, max-video-preview:-1\" \/>\n<link rel=\"canonical\" href=\"https:\/\/interamerica.org\/fr\/2005\/03\/portugal-plusieurs-sont-touches-grace-a-un-nouveau-media\/\" \/>\n<meta property=\"og:locale\" content=\"fr_FR\" \/>\n<meta property=\"og:type\" content=\"article\" \/>\n<meta property=\"og:title\" content=\"Portugal:\u00a0 Plusieurs Sont\u00a0Touch\u00e9s Gr\u00e2ce A Un Nouveau Media - \u00c9glise Adventiste Du Septieme Jour - Inter Am\u00e9rique Division\" \/>\n<meta property=\"og:description\" content=\"Le concept a d\u00e9but\u00e9 avec une personne.\u00a0 Peu apr\u00e8s\u00a0d&#039;autres s&#039;y sont joints et maintenant le\u00a0disque\u00a0compact de\u00a0la Bible Universelle (CD-Rom) a \u00e9t\u00e9 acclam\u00e9 sur la sc\u00e8ne Chr\u00e9tienne Portuguaise...\u00a0\" \/>\n<meta property=\"og:url\" content=\"https:\/\/interamerica.org\/fr\/2005\/03\/portugal-plusieurs-sont-touches-grace-a-un-nouveau-media\/\" \/>\n<meta property=\"og:site_name\" content=\"\u00c9glise Adventiste Du Septieme Jour - Inter Am\u00e9rique Division\" \/>\n<meta property=\"article:published_time\" content=\"2005-03-22T04:00:00+00:00\" \/>\n<meta property=\"article:modified_time\" content=\"2017-06-02T17:20:29+00:00\" \/>\n<meta name=\"author\" content=\"Lorenzo Verduzco\" \/>\n<meta name=\"twitter:card\" content=\"summary_large_image\" \/>\n<meta name=\"twitter:label1\" content=\"\u00c9crit par\" \/>\n\t<meta name=\"twitter:data1\" content=\"Lorenzo Verduzco\" \/>\n\t<meta name=\"twitter:label2\" content=\"Dur\u00e9e de lecture estim\u00e9e\" \/>\n\t<meta name=\"twitter:data2\" content=\"2 minutes\" \/>\n<script type=\"application\/ld+json\" class=\"yoast-schema-graph\">{\"@context\":\"https:\\\/\\\/schema.org\",\"@graph\":[{\"@type\":\"Article\",\"@id\":\"https:\\\/\\\/interamerica.org\\\/fr\\\/2005\\\/03\\\/portugal-plusieurs-sont-touches-grace-a-un-nouveau-media\\\/#article\",\"isPartOf\":{\"@id\":\"https:\\\/\\\/interamerica.org\\\/fr\\\/2005\\\/03\\\/portugal-plusieurs-sont-touches-grace-a-un-nouveau-media\\\/\"},\"author\":{\"name\":\"Lorenzo Verduzco\",\"@id\":\"https:\\\/\\\/interamerica.org\\\/fr\\\/#\\\/schema\\\/person\\\/68ede8bdc292885bb76c1e3810e73c39\"},\"headline\":\"Portugal:\u00a0 Plusieurs Sont\u00a0Touch\u00e9s Gr\u00e2ce A Un Nouveau Media\",\"datePublished\":\"2005-03-22T04:00:00+00:00\",\"dateModified\":\"2017-06-02T17:20:29+00:00\",\"mainEntityOfPage\":{\"@id\":\"https:\\\/\\\/interamerica.org\\\/fr\\\/2005\\\/03\\\/portugal-plusieurs-sont-touches-grace-a-un-nouveau-media\\\/\"},\"wordCount\":443,\"articleSection\":[\"Archive\"],\"inLanguage\":\"fr-FR\"},{\"@type\":\"WebPage\",\"@id\":\"https:\\\/\\\/interamerica.org\\\/fr\\\/2005\\\/03\\\/portugal-plusieurs-sont-touches-grace-a-un-nouveau-media\\\/\",\"url\":\"https:\\\/\\\/interamerica.org\\\/fr\\\/2005\\\/03\\\/portugal-plusieurs-sont-touches-grace-a-un-nouveau-media\\\/\",\"name\":\"Portugal:\u00a0 Plusieurs Sont\u00a0Touch\u00e9s Gr\u00e2ce A Un Nouveau Media - \u00c9glise Adventiste Du Septieme Jour - Inter Am\u00e9rique Division\",\"isPartOf\":{\"@id\":\"https:\\\/\\\/interamerica.org\\\/fr\\\/#website\"},\"datePublished\":\"2005-03-22T04:00:00+00:00\",\"dateModified\":\"2017-06-02T17:20:29+00:00\",\"author\":{\"@id\":\"https:\\\/\\\/interamerica.org\\\/fr\\\/#\\\/schema\\\/person\\\/68ede8bdc292885bb76c1e3810e73c39\"},\"breadcrumb\":{\"@id\":\"https:\\\/\\\/interamerica.org\\\/fr\\\/2005\\\/03\\\/portugal-plusieurs-sont-touches-grace-a-un-nouveau-media\\\/#breadcrumb\"},\"inLanguage\":\"fr-FR\",\"potentialAction\":[{\"@type\":\"ReadAction\",\"target\":[\"https:\\\/\\\/interamerica.org\\\/fr\\\/2005\\\/03\\\/portugal-plusieurs-sont-touches-grace-a-un-nouveau-media\\\/\"]}]},{\"@type\":\"BreadcrumbList\",\"@id\":\"https:\\\/\\\/interamerica.org\\\/fr\\\/2005\\\/03\\\/portugal-plusieurs-sont-touches-grace-a-un-nouveau-media\\\/#breadcrumb\",\"itemListElement\":[{\"@type\":\"ListItem\",\"position\":1,\"name\":\"Home\",\"item\":\"https:\\\/\\\/interamerica.org\\\/fr\\\/\"},{\"@type\":\"ListItem\",\"position\":2,\"name\":\"Portugal:\u00a0 Plusieurs Sont\u00a0Touch\u00e9s Gr\u00e2ce A Un Nouveau Media\"}]},{\"@type\":\"WebSite\",\"@id\":\"https:\\\/\\\/interamerica.org\\\/fr\\\/#website\",\"url\":\"https:\\\/\\\/interamerica.org\\\/fr\\\/\",\"name\":\"\u00c9glise Adventiste Du Septieme Jour - Inter Am\u00e9rique Division\",\"description\":\"\",\"potentialAction\":[{\"@type\":\"SearchAction\",\"target\":{\"@type\":\"EntryPoint\",\"urlTemplate\":\"https:\\\/\\\/interamerica.org\\\/fr\\\/?s={search_term_string}\"},\"query-input\":{\"@type\":\"PropertyValueSpecification\",\"valueRequired\":true,\"valueName\":\"search_term_string\"}}],\"inLanguage\":\"fr-FR\"},{\"@type\":\"Person\",\"@id\":\"https:\\\/\\\/interamerica.org\\\/fr\\\/#\\\/schema\\\/person\\\/68ede8bdc292885bb76c1e3810e73c39\",\"name\":\"Lorenzo Verduzco\",\"image\":{\"@type\":\"ImageObject\",\"inLanguage\":\"fr-FR\",\"@id\":\"https:\\\/\\\/secure.gravatar.com\\\/avatar\\\/fb81a55b6218459490a9c1dc841a34909185b81904c5337b4b27f7a6fd60c49e?s=96&d=mm&r=g\",\"url\":\"https:\\\/\\\/secure.gravatar.com\\\/avatar\\\/fb81a55b6218459490a9c1dc841a34909185b81904c5337b4b27f7a6fd60c49e?s=96&d=mm&r=g\",\"contentUrl\":\"https:\\\/\\\/secure.gravatar.com\\\/avatar\\\/fb81a55b6218459490a9c1dc841a34909185b81904c5337b4b27f7a6fd60c49e?s=96&d=mm&r=g\",\"caption\":\"Lorenzo Verduzco\"}}]}<\/script>\n<!-- \/ Yoast SEO plugin. -->","yoast_head_json":{"title":"Portugal:\u00a0 Plusieurs Sont\u00a0Touch\u00e9s Gr\u00e2ce A Un Nouveau Media - \u00c9glise Adventiste Du Septieme Jour - Inter Am\u00e9rique Division","robots":{"index":"index","follow":"follow","max-snippet":"max-snippet:-1","max-image-preview":"max-image-preview:large","max-video-preview":"max-video-preview:-1"},"canonical":"https:\/\/interamerica.org\/fr\/2005\/03\/portugal-plusieurs-sont-touches-grace-a-un-nouveau-media\/","og_locale":"fr_FR","og_type":"article","og_title":"Portugal:\u00a0 Plusieurs Sont\u00a0Touch\u00e9s Gr\u00e2ce A Un Nouveau Media - \u00c9glise Adventiste Du Septieme Jour - Inter Am\u00e9rique Division","og_description":"Le concept a d\u00e9but\u00e9 avec une personne.\u00a0 Peu apr\u00e8s\u00a0d'autres s'y sont joints et maintenant le\u00a0disque\u00a0compact de\u00a0la Bible Universelle (CD-Rom) a \u00e9t\u00e9 acclam\u00e9 sur la sc\u00e8ne Chr\u00e9tienne Portuguaise...\u00a0","og_url":"https:\/\/interamerica.org\/fr\/2005\/03\/portugal-plusieurs-sont-touches-grace-a-un-nouveau-media\/","og_site_name":"\u00c9glise Adventiste Du Septieme Jour - Inter Am\u00e9rique Division","article_published_time":"2005-03-22T04:00:00+00:00","article_modified_time":"2017-06-02T17:20:29+00:00","author":"Lorenzo Verduzco","twitter_card":"summary_large_image","twitter_misc":{"\u00c9crit par":"Lorenzo Verduzco","Dur\u00e9e de lecture estim\u00e9e":"2 minutes"},"schema":{"@context":"https:\/\/schema.org","@graph":[{"@type":"Article","@id":"https:\/\/interamerica.org\/fr\/2005\/03\/portugal-plusieurs-sont-touches-grace-a-un-nouveau-media\/#article","isPartOf":{"@id":"https:\/\/interamerica.org\/fr\/2005\/03\/portugal-plusieurs-sont-touches-grace-a-un-nouveau-media\/"},"author":{"name":"Lorenzo Verduzco","@id":"https:\/\/interamerica.org\/fr\/#\/schema\/person\/68ede8bdc292885bb76c1e3810e73c39"},"headline":"Portugal:\u00a0 Plusieurs Sont\u00a0Touch\u00e9s Gr\u00e2ce A Un Nouveau Media","datePublished":"2005-03-22T04:00:00+00:00","dateModified":"2017-06-02T17:20:29+00:00","mainEntityOfPage":{"@id":"https:\/\/interamerica.org\/fr\/2005\/03\/portugal-plusieurs-sont-touches-grace-a-un-nouveau-media\/"},"wordCount":443,"articleSection":["Archive"],"inLanguage":"fr-FR"},{"@type":"WebPage","@id":"https:\/\/interamerica.org\/fr\/2005\/03\/portugal-plusieurs-sont-touches-grace-a-un-nouveau-media\/","url":"https:\/\/interamerica.org\/fr\/2005\/03\/portugal-plusieurs-sont-touches-grace-a-un-nouveau-media\/","name":"Portugal:\u00a0 Plusieurs Sont\u00a0Touch\u00e9s Gr\u00e2ce A Un Nouveau Media - \u00c9glise Adventiste Du Septieme Jour - Inter Am\u00e9rique Division","isPartOf":{"@id":"https:\/\/interamerica.org\/fr\/#website"},"datePublished":"2005-03-22T04:00:00+00:00","dateModified":"2017-06-02T17:20:29+00:00","author":{"@id":"https:\/\/interamerica.org\/fr\/#\/schema\/person\/68ede8bdc292885bb76c1e3810e73c39"},"breadcrumb":{"@id":"https:\/\/interamerica.org\/fr\/2005\/03\/portugal-plusieurs-sont-touches-grace-a-un-nouveau-media\/#breadcrumb"},"inLanguage":"fr-FR","potentialAction":[{"@type":"ReadAction","target":["https:\/\/interamerica.org\/fr\/2005\/03\/portugal-plusieurs-sont-touches-grace-a-un-nouveau-media\/"]}]},{"@type":"BreadcrumbList","@id":"https:\/\/interamerica.org\/fr\/2005\/03\/portugal-plusieurs-sont-touches-grace-a-un-nouveau-media\/#breadcrumb","itemListElement":[{"@type":"ListItem","position":1,"name":"Home","item":"https:\/\/interamerica.org\/fr\/"},{"@type":"ListItem","position":2,"name":"Portugal:\u00a0 Plusieurs Sont\u00a0Touch\u00e9s Gr\u00e2ce A Un Nouveau Media"}]},{"@type":"WebSite","@id":"https:\/\/interamerica.org\/fr\/#website","url":"https:\/\/interamerica.org\/fr\/","name":"\u00c9glise Adventiste Du Septieme Jour - Inter Am\u00e9rique Division","description":"","potentialAction":[{"@type":"SearchAction","target":{"@type":"EntryPoint","urlTemplate":"https:\/\/interamerica.org\/fr\/?s={search_term_string}"},"query-input":{"@type":"PropertyValueSpecification","valueRequired":true,"valueName":"search_term_string"}}],"inLanguage":"fr-FR"},{"@type":"Person","@id":"https:\/\/interamerica.org\/fr\/#\/schema\/person\/68ede8bdc292885bb76c1e3810e73c39","name":"Lorenzo Verduzco","image":{"@type":"ImageObject","inLanguage":"fr-FR","@id":"https:\/\/secure.gravatar.com\/avatar\/fb81a55b6218459490a9c1dc841a34909185b81904c5337b4b27f7a6fd60c49e?s=96&d=mm&r=g","url":"https:\/\/secure.gravatar.com\/avatar\/fb81a55b6218459490a9c1dc841a34909185b81904c5337b4b27f7a6fd60c49e?s=96&d=mm&r=g","contentUrl":"https:\/\/secure.gravatar.com\/avatar\/fb81a55b6218459490a9c1dc841a34909185b81904c5337b4b27f7a6fd60c49e?s=96&d=mm&r=g","caption":"Lorenzo Verduzco"}}]}},"_links":{"self":[{"href":"https:\/\/interamerica.org\/fr\/wp-json\/wp\/v2\/posts\/12320","targetHints":{"allow":["GET"]}}],"collection":[{"href":"https:\/\/interamerica.org\/fr\/wp-json\/wp\/v2\/posts"}],"about":[{"href":"https:\/\/interamerica.org\/fr\/wp-json\/wp\/v2\/types\/post"}],"author":[{"embeddable":true,"href":"https:\/\/interamerica.org\/fr\/wp-json\/wp\/v2\/users\/1"}],"replies":[{"embeddable":true,"href":"https:\/\/interamerica.org\/fr\/wp-json\/wp\/v2\/comments?post=12320"}],"version-history":[{"count":0,"href":"https:\/\/interamerica.org\/fr\/wp-json\/wp\/v2\/posts\/12320\/revisions"}],"wp:attachment":[{"href":"https:\/\/interamerica.org\/fr\/wp-json\/wp\/v2\/media?parent=12320"}],"wp:term":[{"taxonomy":"category","embeddable":true,"href":"https:\/\/interamerica.org\/fr\/wp-json\/wp\/v2\/categories?post=12320"},{"taxonomy":"post_tag","embeddable":true,"href":"https:\/\/interamerica.org\/fr\/wp-json\/wp\/v2\/tags?post=12320"}],"curies":[{"name":"wp","href":"https:\/\/api.w.org\/{rel}","templated":true}]}}