{"id":12321,"date":"2005-03-29T00:00:00","date_gmt":"2005-03-29T04:00:00","guid":{"rendered":"http:\/\/192.81.217.108\/interamerica\/2005\/03\/kiribati-le-directeur-de-lecole-adventiste-secouru-apres-22-jours-de-derive-en-mer\/"},"modified":"2017-06-02T13:20:27","modified_gmt":"2017-06-02T17:20:27","slug":"kiribati-le-directeur-de-lecole-adventiste-secouru-apres-22-jours-de-derive-en-mer","status":"publish","type":"post","link":"https:\/\/interamerica.org\/fr\/2005\/03\/kiribati-le-directeur-de-lecole-adventiste-secouru-apres-22-jours-de-derive-en-mer\/","title":{"rendered":"Kiribati : Le Directeur de l&rsquo;\u00c9cole Adventiste Secouru Apr\u00e8s 22 Jours de D\u00e9rive en Mer"},"content":{"rendered":"<p>Kauma, Kiribati&#8230;. <\/p>\n<p>Se Consacrant \u00e0 leur mission consistant \u00e0 fournir une \u00e9ducation de qualit\u00e9, des directeurs d&rsquo;\u00e9coles vont souvent au-del\u00e0 de leurs obligations normales pour atteindre les populations susceptibles d&rsquo;en b\u00e9n\u00e9ficier. <\/p>\n<p>Tekemau Ribabaiti est vraiment, dans ce domaine un cas particulier : pour la deuxi\u00e8me fois, le principal du Coll\u00e8ge Adventiste de Kauma a \u00e9t\u00e9 sauv\u00e9 apr\u00e8s des semaines de d\u00e9rive en mer.<\/p>\n<p>Ribabaiti \u00e9tait port\u00e9 disparu depuis le 16 f\u00e9vrier, alors qu&rsquo;il se rendait d&rsquo;atoll en atoll pour recruter des \u00e9l\u00e8ves pour l&rsquo;\u00e9cole. Il voyageait \u00e0 l&rsquo;\u00e9troit, dans un canot dinghy en aluminium, de quatre m\u00e8tres quand il fut recueilli par le Volt Venture, un bateau de p\u00eache \u00e9tranger. Il a \u00e9t\u00e9 transf\u00e9r\u00e9 ensuite sur un navire appartenant au gouvernement de Kiribati et r\u00e9uni \u00e0 sa famille le jour suivant.<\/p>\n<p>\u00ab\u00a0On nous a assur\u00e9 que M. Ribabaiti, quoique tr\u00e8s faible, \u00e9tait n\u00e9anmoins en tr\u00e8s bonne sant\u00e9 morale et physique quand le Volt Venture l&rsquo;a rescap\u00e9 des eaux de Kiribati,\u00a0\u00bb a d\u00e9clar\u00e9 Kevin Brown, pr\u00e9sident de l&rsquo;\u00c9glise Adventiste du Septi\u00e8me Jour de Kiribati et Nauru.<\/p>\n<p>C&rsquo;est la deuxi\u00e8me fois que Ribabaiti, un p\u00eacheur confirm\u00e9, a \u00e9t\u00e9 sauv\u00e9 apr\u00e8s s&rsquo;\u00eatre perdu en mer. Mais sa confiance dans l&rsquo;\u00e9ducation chr\u00e9tienne continue de l&rsquo;inciter \u00e0 recruter des \u00e9l\u00e8ves dans les \u00eeles, en employant le seul bateau qu&rsquo;il poss\u00e8de, comme en t\u00e9moignent ceux qui le connaissent.<\/p>\n<p>\u00ab\u00a0Cet homme est un vrai h\u00e9ros,\u00a0\u00bb dit Brown. \u00ab\u00a0Combien de gens ont d\u00e9montr\u00e9 tant d&rsquo;habilet\u00e9 et de t\u00e9nacit\u00e9, d&rsquo;un esprit aussi imbattable et d&rsquo;une confiance en Dieu d\u00e9montr\u00e9e par sa survie contre toute attente comme cet homme ? Louons le Seigneur pour un homme comme Tekemau.\u00a0\u00bb<\/p>\n","protected":false},"excerpt":{"rendered":"<p>Se Consacrant \u00e0 leur mission consistant \u00e0 fournir une \u00e9ducation de qualit\u00e9, des directeurs d&rsquo;\u00e9coles vont souvent au-del\u00e0 de leurs obligations normales pour atteindre les populations susceptibles d&rsquo;en b\u00e9n\u00e9ficier.<\/p>\n","protected":false},"author":1,"featured_media":0,"comment_status":"closed","ping_status":"closed","sticky":false,"template":"","format":"standard","meta":{"_acf_changed":false,"footnotes":""},"categories":[9],"tags":[],"class_list":["post-12321","post","type-post","status-publish","format-standard","hentry","category-archive-fr"],"acf":[],"yoast_head":"<!-- This site is optimized with the Yoast SEO plugin v27.3 - https:\/\/yoast.com\/product\/yoast-seo-wordpress\/ -->\n<title>Kiribati : Le Directeur de l&#039;\u00c9cole Adventiste Secouru Apr\u00e8s 22 Jours de D\u00e9rive en Mer - \u00c9glise Adventiste Du Septieme Jour - Inter Am\u00e9rique Division<\/title>\n<meta name=\"robots\" content=\"index, follow, max-snippet:-1, max-image-preview:large, max-video-preview:-1\" \/>\n<link rel=\"canonical\" href=\"https:\/\/interamerica.org\/fr\/2005\/03\/kiribati-le-directeur-de-lecole-adventiste-secouru-apres-22-jours-de-derive-en-mer\/\" \/>\n<meta property=\"og:locale\" content=\"fr_FR\" \/>\n<meta property=\"og:type\" content=\"article\" \/>\n<meta property=\"og:title\" content=\"Kiribati : Le Directeur de l&#039;\u00c9cole Adventiste Secouru Apr\u00e8s 22 Jours de D\u00e9rive en Mer - \u00c9glise Adventiste Du Septieme Jour - Inter Am\u00e9rique Division\" \/>\n<meta property=\"og:description\" content=\"Se Consacrant \u00e0 leur mission consistant \u00e0 fournir une \u00e9ducation de qualit\u00e9, des directeurs d&#039;\u00e9coles vont souvent au-del\u00e0 de leurs obligations normales pour atteindre les populations susceptibles d&#039;en b\u00e9n\u00e9ficier.\" \/>\n<meta property=\"og:url\" content=\"https:\/\/interamerica.org\/fr\/2005\/03\/kiribati-le-directeur-de-lecole-adventiste-secouru-apres-22-jours-de-derive-en-mer\/\" \/>\n<meta property=\"og:site_name\" content=\"\u00c9glise Adventiste Du Septieme Jour - Inter Am\u00e9rique Division\" \/>\n<meta property=\"article:published_time\" content=\"2005-03-29T04:00:00+00:00\" \/>\n<meta property=\"article:modified_time\" content=\"2017-06-02T17:20:27+00:00\" \/>\n<meta name=\"author\" content=\"Lorenzo Verduzco\" \/>\n<meta name=\"twitter:card\" content=\"summary_large_image\" \/>\n<meta name=\"twitter:label1\" content=\"\u00c9crit par\" \/>\n\t<meta name=\"twitter:data1\" content=\"Lorenzo Verduzco\" \/>\n\t<meta name=\"twitter:label2\" content=\"Dur\u00e9e de lecture estim\u00e9e\" \/>\n\t<meta name=\"twitter:data2\" content=\"1 minute\" \/>\n<script type=\"application\/ld+json\" class=\"yoast-schema-graph\">{\"@context\":\"https:\\\/\\\/schema.org\",\"@graph\":[{\"@type\":\"Article\",\"@id\":\"https:\\\/\\\/interamerica.org\\\/fr\\\/2005\\\/03\\\/kiribati-le-directeur-de-lecole-adventiste-secouru-apres-22-jours-de-derive-en-mer\\\/#article\",\"isPartOf\":{\"@id\":\"https:\\\/\\\/interamerica.org\\\/fr\\\/2005\\\/03\\\/kiribati-le-directeur-de-lecole-adventiste-secouru-apres-22-jours-de-derive-en-mer\\\/\"},\"author\":{\"name\":\"Lorenzo Verduzco\",\"@id\":\"https:\\\/\\\/interamerica.org\\\/fr\\\/#\\\/schema\\\/person\\\/68ede8bdc292885bb76c1e3810e73c39\"},\"headline\":\"Kiribati : Le Directeur de l&rsquo;\u00c9cole Adventiste Secouru Apr\u00e8s 22 Jours de D\u00e9rive en Mer\",\"datePublished\":\"2005-03-29T04:00:00+00:00\",\"dateModified\":\"2017-06-02T17:20:27+00:00\",\"mainEntityOfPage\":{\"@id\":\"https:\\\/\\\/interamerica.org\\\/fr\\\/2005\\\/03\\\/kiribati-le-directeur-de-lecole-adventiste-secouru-apres-22-jours-de-derive-en-mer\\\/\"},\"wordCount\":322,\"articleSection\":[\"Archive\"],\"inLanguage\":\"fr-FR\"},{\"@type\":\"WebPage\",\"@id\":\"https:\\\/\\\/interamerica.org\\\/fr\\\/2005\\\/03\\\/kiribati-le-directeur-de-lecole-adventiste-secouru-apres-22-jours-de-derive-en-mer\\\/\",\"url\":\"https:\\\/\\\/interamerica.org\\\/fr\\\/2005\\\/03\\\/kiribati-le-directeur-de-lecole-adventiste-secouru-apres-22-jours-de-derive-en-mer\\\/\",\"name\":\"Kiribati : Le Directeur de l'\u00c9cole Adventiste Secouru Apr\u00e8s 22 Jours de D\u00e9rive en Mer - \u00c9glise Adventiste Du Septieme Jour - Inter Am\u00e9rique Division\",\"isPartOf\":{\"@id\":\"https:\\\/\\\/interamerica.org\\\/fr\\\/#website\"},\"datePublished\":\"2005-03-29T04:00:00+00:00\",\"dateModified\":\"2017-06-02T17:20:27+00:00\",\"author\":{\"@id\":\"https:\\\/\\\/interamerica.org\\\/fr\\\/#\\\/schema\\\/person\\\/68ede8bdc292885bb76c1e3810e73c39\"},\"breadcrumb\":{\"@id\":\"https:\\\/\\\/interamerica.org\\\/fr\\\/2005\\\/03\\\/kiribati-le-directeur-de-lecole-adventiste-secouru-apres-22-jours-de-derive-en-mer\\\/#breadcrumb\"},\"inLanguage\":\"fr-FR\",\"potentialAction\":[{\"@type\":\"ReadAction\",\"target\":[\"https:\\\/\\\/interamerica.org\\\/fr\\\/2005\\\/03\\\/kiribati-le-directeur-de-lecole-adventiste-secouru-apres-22-jours-de-derive-en-mer\\\/\"]}]},{\"@type\":\"BreadcrumbList\",\"@id\":\"https:\\\/\\\/interamerica.org\\\/fr\\\/2005\\\/03\\\/kiribati-le-directeur-de-lecole-adventiste-secouru-apres-22-jours-de-derive-en-mer\\\/#breadcrumb\",\"itemListElement\":[{\"@type\":\"ListItem\",\"position\":1,\"name\":\"Home\",\"item\":\"https:\\\/\\\/interamerica.org\\\/fr\\\/\"},{\"@type\":\"ListItem\",\"position\":2,\"name\":\"Kiribati : Le Directeur de l&rsquo;\u00c9cole Adventiste Secouru Apr\u00e8s 22 Jours de D\u00e9rive en Mer\"}]},{\"@type\":\"WebSite\",\"@id\":\"https:\\\/\\\/interamerica.org\\\/fr\\\/#website\",\"url\":\"https:\\\/\\\/interamerica.org\\\/fr\\\/\",\"name\":\"\u00c9glise Adventiste Du Septieme Jour - Inter Am\u00e9rique Division\",\"description\":\"\",\"potentialAction\":[{\"@type\":\"SearchAction\",\"target\":{\"@type\":\"EntryPoint\",\"urlTemplate\":\"https:\\\/\\\/interamerica.org\\\/fr\\\/?s={search_term_string}\"},\"query-input\":{\"@type\":\"PropertyValueSpecification\",\"valueRequired\":true,\"valueName\":\"search_term_string\"}}],\"inLanguage\":\"fr-FR\"},{\"@type\":\"Person\",\"@id\":\"https:\\\/\\\/interamerica.org\\\/fr\\\/#\\\/schema\\\/person\\\/68ede8bdc292885bb76c1e3810e73c39\",\"name\":\"Lorenzo Verduzco\",\"image\":{\"@type\":\"ImageObject\",\"inLanguage\":\"fr-FR\",\"@id\":\"https:\\\/\\\/secure.gravatar.com\\\/avatar\\\/fb81a55b6218459490a9c1dc841a34909185b81904c5337b4b27f7a6fd60c49e?s=96&d=mm&r=g\",\"url\":\"https:\\\/\\\/secure.gravatar.com\\\/avatar\\\/fb81a55b6218459490a9c1dc841a34909185b81904c5337b4b27f7a6fd60c49e?s=96&d=mm&r=g\",\"contentUrl\":\"https:\\\/\\\/secure.gravatar.com\\\/avatar\\\/fb81a55b6218459490a9c1dc841a34909185b81904c5337b4b27f7a6fd60c49e?s=96&d=mm&r=g\",\"caption\":\"Lorenzo Verduzco\"}}]}<\/script>\n<!-- \/ Yoast SEO plugin. -->","yoast_head_json":{"title":"Kiribati : Le Directeur de l'\u00c9cole Adventiste Secouru Apr\u00e8s 22 Jours de D\u00e9rive en Mer - \u00c9glise Adventiste Du Septieme Jour - Inter Am\u00e9rique Division","robots":{"index":"index","follow":"follow","max-snippet":"max-snippet:-1","max-image-preview":"max-image-preview:large","max-video-preview":"max-video-preview:-1"},"canonical":"https:\/\/interamerica.org\/fr\/2005\/03\/kiribati-le-directeur-de-lecole-adventiste-secouru-apres-22-jours-de-derive-en-mer\/","og_locale":"fr_FR","og_type":"article","og_title":"Kiribati : Le Directeur de l'\u00c9cole Adventiste Secouru Apr\u00e8s 22 Jours de D\u00e9rive en Mer - \u00c9glise Adventiste Du Septieme Jour - Inter Am\u00e9rique Division","og_description":"Se Consacrant \u00e0 leur mission consistant \u00e0 fournir une \u00e9ducation de qualit\u00e9, des directeurs d'\u00e9coles vont souvent au-del\u00e0 de leurs obligations normales pour atteindre les populations susceptibles d'en b\u00e9n\u00e9ficier.","og_url":"https:\/\/interamerica.org\/fr\/2005\/03\/kiribati-le-directeur-de-lecole-adventiste-secouru-apres-22-jours-de-derive-en-mer\/","og_site_name":"\u00c9glise Adventiste Du Septieme Jour - Inter Am\u00e9rique Division","article_published_time":"2005-03-29T04:00:00+00:00","article_modified_time":"2017-06-02T17:20:27+00:00","author":"Lorenzo Verduzco","twitter_card":"summary_large_image","twitter_misc":{"\u00c9crit par":"Lorenzo Verduzco","Dur\u00e9e de lecture estim\u00e9e":"1 minute"},"schema":{"@context":"https:\/\/schema.org","@graph":[{"@type":"Article","@id":"https:\/\/interamerica.org\/fr\/2005\/03\/kiribati-le-directeur-de-lecole-adventiste-secouru-apres-22-jours-de-derive-en-mer\/#article","isPartOf":{"@id":"https:\/\/interamerica.org\/fr\/2005\/03\/kiribati-le-directeur-de-lecole-adventiste-secouru-apres-22-jours-de-derive-en-mer\/"},"author":{"name":"Lorenzo Verduzco","@id":"https:\/\/interamerica.org\/fr\/#\/schema\/person\/68ede8bdc292885bb76c1e3810e73c39"},"headline":"Kiribati : Le Directeur de l&rsquo;\u00c9cole Adventiste Secouru Apr\u00e8s 22 Jours de D\u00e9rive en Mer","datePublished":"2005-03-29T04:00:00+00:00","dateModified":"2017-06-02T17:20:27+00:00","mainEntityOfPage":{"@id":"https:\/\/interamerica.org\/fr\/2005\/03\/kiribati-le-directeur-de-lecole-adventiste-secouru-apres-22-jours-de-derive-en-mer\/"},"wordCount":322,"articleSection":["Archive"],"inLanguage":"fr-FR"},{"@type":"WebPage","@id":"https:\/\/interamerica.org\/fr\/2005\/03\/kiribati-le-directeur-de-lecole-adventiste-secouru-apres-22-jours-de-derive-en-mer\/","url":"https:\/\/interamerica.org\/fr\/2005\/03\/kiribati-le-directeur-de-lecole-adventiste-secouru-apres-22-jours-de-derive-en-mer\/","name":"Kiribati : Le Directeur de l'\u00c9cole Adventiste Secouru Apr\u00e8s 22 Jours de D\u00e9rive en Mer - \u00c9glise Adventiste Du Septieme Jour - Inter Am\u00e9rique Division","isPartOf":{"@id":"https:\/\/interamerica.org\/fr\/#website"},"datePublished":"2005-03-29T04:00:00+00:00","dateModified":"2017-06-02T17:20:27+00:00","author":{"@id":"https:\/\/interamerica.org\/fr\/#\/schema\/person\/68ede8bdc292885bb76c1e3810e73c39"},"breadcrumb":{"@id":"https:\/\/interamerica.org\/fr\/2005\/03\/kiribati-le-directeur-de-lecole-adventiste-secouru-apres-22-jours-de-derive-en-mer\/#breadcrumb"},"inLanguage":"fr-FR","potentialAction":[{"@type":"ReadAction","target":["https:\/\/interamerica.org\/fr\/2005\/03\/kiribati-le-directeur-de-lecole-adventiste-secouru-apres-22-jours-de-derive-en-mer\/"]}]},{"@type":"BreadcrumbList","@id":"https:\/\/interamerica.org\/fr\/2005\/03\/kiribati-le-directeur-de-lecole-adventiste-secouru-apres-22-jours-de-derive-en-mer\/#breadcrumb","itemListElement":[{"@type":"ListItem","position":1,"name":"Home","item":"https:\/\/interamerica.org\/fr\/"},{"@type":"ListItem","position":2,"name":"Kiribati : Le Directeur de l&rsquo;\u00c9cole Adventiste Secouru Apr\u00e8s 22 Jours de D\u00e9rive en Mer"}]},{"@type":"WebSite","@id":"https:\/\/interamerica.org\/fr\/#website","url":"https:\/\/interamerica.org\/fr\/","name":"\u00c9glise Adventiste Du Septieme Jour - Inter Am\u00e9rique Division","description":"","potentialAction":[{"@type":"SearchAction","target":{"@type":"EntryPoint","urlTemplate":"https:\/\/interamerica.org\/fr\/?s={search_term_string}"},"query-input":{"@type":"PropertyValueSpecification","valueRequired":true,"valueName":"search_term_string"}}],"inLanguage":"fr-FR"},{"@type":"Person","@id":"https:\/\/interamerica.org\/fr\/#\/schema\/person\/68ede8bdc292885bb76c1e3810e73c39","name":"Lorenzo Verduzco","image":{"@type":"ImageObject","inLanguage":"fr-FR","@id":"https:\/\/secure.gravatar.com\/avatar\/fb81a55b6218459490a9c1dc841a34909185b81904c5337b4b27f7a6fd60c49e?s=96&d=mm&r=g","url":"https:\/\/secure.gravatar.com\/avatar\/fb81a55b6218459490a9c1dc841a34909185b81904c5337b4b27f7a6fd60c49e?s=96&d=mm&r=g","contentUrl":"https:\/\/secure.gravatar.com\/avatar\/fb81a55b6218459490a9c1dc841a34909185b81904c5337b4b27f7a6fd60c49e?s=96&d=mm&r=g","caption":"Lorenzo Verduzco"}}]}},"_links":{"self":[{"href":"https:\/\/interamerica.org\/fr\/wp-json\/wp\/v2\/posts\/12321","targetHints":{"allow":["GET"]}}],"collection":[{"href":"https:\/\/interamerica.org\/fr\/wp-json\/wp\/v2\/posts"}],"about":[{"href":"https:\/\/interamerica.org\/fr\/wp-json\/wp\/v2\/types\/post"}],"author":[{"embeddable":true,"href":"https:\/\/interamerica.org\/fr\/wp-json\/wp\/v2\/users\/1"}],"replies":[{"embeddable":true,"href":"https:\/\/interamerica.org\/fr\/wp-json\/wp\/v2\/comments?post=12321"}],"version-history":[{"count":0,"href":"https:\/\/interamerica.org\/fr\/wp-json\/wp\/v2\/posts\/12321\/revisions"}],"wp:attachment":[{"href":"https:\/\/interamerica.org\/fr\/wp-json\/wp\/v2\/media?parent=12321"}],"wp:term":[{"taxonomy":"category","embeddable":true,"href":"https:\/\/interamerica.org\/fr\/wp-json\/wp\/v2\/categories?post=12321"},{"taxonomy":"post_tag","embeddable":true,"href":"https:\/\/interamerica.org\/fr\/wp-json\/wp\/v2\/tags?post=12321"}],"curies":[{"name":"wp","href":"https:\/\/api.w.org\/{rel}","templated":true}]}}