{"id":12322,"date":"2005-03-29T00:00:00","date_gmt":"2005-03-29T04:00:00","guid":{"rendered":"http:\/\/192.81.217.108\/interamerica\/2005\/03\/un-garcon-afghan-obtient-une-seconde-chance-de-vie-grace-aux-chirurgiens-de-luniversite-de-loma-linda-llu\/"},"modified":"2017-06-02T13:20:27","modified_gmt":"2017-06-02T17:20:27","slug":"un-garcon-afghan-obtient-une-seconde-chance-de-vie-grace-aux-chirurgiens-de-luniversite-de-loma-linda-llu","status":"publish","type":"post","link":"https:\/\/interamerica.org\/fr\/2005\/03\/un-garcon-afghan-obtient-une-seconde-chance-de-vie-grace-aux-chirurgiens-de-luniversite-de-loma-linda-llu\/","title":{"rendered":"Un Garcon Afghan Obtient une Seconde Chance de Vie Gr\u00e2ce Aux\u00a0Chirurgiens de l&rsquo;Universit\u00e9 de Loma Linda (LLU)\u00a0"},"content":{"rendered":"<p>Loma Linda, California, Etats-Unis d&rsquo;Am\u00e9rique (Richard, B. Weismeyer\/ANN Staff)<\/p>\n<p>Asadullah, un garcon\u00a0de douze ans, d\u00e9sire tout ce qu&rsquo;un adolescent peut r\u00eaver&#8211;la libert\u00e9. La libert\u00e9 de courir et de jouer avec ses amis sans s&rsquo;inqui\u00e9ter, des factions en guerre de son pays d&rsquo;origine l&rsquo;Afghanistan, ni du fait\u00a0que le trou de la grosseur d&rsquo;un nickel\u00a0qu&rsquo;il a au coeur,\u00a0ne\u00a0lui permettra de courir\u00a0que quelques pas \u00e0 la fois.<\/p>\n<p>Gr\u00e2ce en\u00a0grande partie \u00e0 Layne Pace, un adjudant en chef\u00a0de la Garde Nationale de Utah aux Etats-Unis, Asadullah a l&rsquo;opportunit\u00e9 de mener une vie plus longue et plus saine.\u00a0 Pace, qui utilise ses heures de libert\u00e9 \u00e0 transporter des villageois Afghans malades aux hopitaux de la Base A\u00e9rienne de Bagram \u00e0 Kaboul,\u00a0d\u00e9couvrit le gar\u00e7on dans le village de Jegdalek, \u00e0 50 miles de Kaboul.<\/p>\n<p>Il \u00e9tait tout bleu. Il \u00e9tait toujours pench\u00e9 en avant,\u00a0essayant de respirer.\u00a0 Il aurait pu s&rsquo;effondrer,\u00a0\u00bb se rappelle Pace.\u00a0<\/p>\n<p>En tant que pilote d&rsquo;un helicopt\u00e8re Apache, Pace\u00a0voulait garder \u00e0 la m\u00e9moire un peu plus que ses\u00a0missions d&rsquo;attaque pendant son temps pass\u00e9 en Aghanistan.\u00a0 La ville de Jegdalek, qui porte encore les cicatrices de l&rsquo;invasion Sovi\u00e9tique, il y a plus de 25 ans, parraissait \u00eatre l&rsquo;endroit id\u00e9al pour conduire des missions humanitaires.\u00a0 Pace rencontra Asadullah peu apr\u00e8s avoir commenc\u00e9 ses missions de vols au village l&rsquo;automne dernier.<\/p>\n<p>Je n&rsquo;avais vraiment la moindre id\u00e9e de la fa\u00e7on d&rsquo;aider,\u00a0\u00bb\u00a0rapporte Pace.\u00a0 Le cardiologue de l&rsquo;Arm\u00e9e, le Colonel Steven Jones pouvait diagnostiquer ou bien une\u00a0d\u00e9faillance valvulaire\u00a0ou une condition occasionn\u00e9e par le m\u00e9lange du sang riche en oxyg\u00e8ne et de celui d\u00e9pourvu d&rsquo;oxyg\u00e8ne \u00e0 travers\u00a0le syst\u00e8me sanguin.\u00a0 Les examens\u00a0ont confirm\u00e9 que le gar\u00e7on avait un trou au coeur qui occasione le sang qui y p\u00e9n\u00e8tre\u00a0de se m\u00e9langer au sang sortant.\u00a0 Le probl\u00e8me cardiaque d&rsquo;Asadullah\u00a0prive son syst\u00e8me sanguin d&rsquo;un\u00a0tiers\u00a0de l&rsquo;oxyg\u00e8ne qui lui est n\u00e9cessaire.<\/p>\n<p>Ce probl\u00e8me n\u00e9cessite\u00a0un \u00e9quipement m\u00e9dical tr\u00e8s avanc\u00e9 pour r\u00e9aliser une op\u00e9ration si d\u00e9licate au coeur,\u00a0et cet \u00e9quipement n&rsquo;est pas disponible en Afghanistan.<\/p>\n<p>Pace commen\u00e7a \u00e0 exp\u00e9dier des messages \u00e9lectroniques \u00e0 sa famille et ses amis \u00e0 Utah.\u00a0Il n&rsquo;avait pu imaginer la grande port\u00e9e de ce petit message \u00e9lectronique.<\/p>\n<p>Shelby Everett appartient \u00e0 un groupe de support \u00e0 l&rsquo;Afghanistan et, apr\u00e8s avoir re\u00e7u la correspondance de Pace, elle comprit que le gar\u00e7on devrait \u00eatre transport\u00e9 \u00e0 l&rsquo;Hopital pour Enfants de Loma Linda.\u00a0 Les services de soins de sant\u00e9 des Adventistes du Septi\u00e8me jour jouissent d&rsquo;une r\u00e9putation mondiale en ce qui a trait aux soins\u00a0m\u00e9dicaux fournis\u00a0aux enfants.\u00a0\u00a0Son mari, l&rsquo;acteur de t\u00e9l\u00e9vision\u00a0Chad Everett, est le porte-parole du\u00a0 (Don de la Vie) \u00ab\u00a0Gift of Live\u00a0\u00bb, un programme patronn\u00e9 par le Rotary International, qui aide au financement des soins m\u00e9dicaux aux enfants \u00e0\u00a0 travers le monde.\u00a0 Le\u00a0programme \u00ab\u00a0Gift of Life\u00a0\u00bb avait aid\u00e9 un jeune gar\u00e7on des Philippines \u00e0 voyager \u00e0 Loma Linda pour une op\u00e9ration \u00e0 coeur ouvert, en Aout 2004.<\/p>\n<p>Le programme souleva de l&rsquo;int\u00earet sur\u00a0la situation d&rsquo;Asadullah, et bient\u00f4t Jet Blue et\u00a0Pakistani Airlines ( 2 lignes a\u00e9riennes) s&rsquo;entendirent pour faciliter le voyage de 25 heures qui devait conduire\u00a0au Sud de la Californie gratuitement.\u00a0 Sur place, l&rsquo;hopital et les autres groupes de charit\u00e9 pourvurent aux autres d\u00e9penses du gar\u00e7on, et \u00e0 celles de son p\u00e8re.\u00a0\u00a0<\/p>\n<p>\u00a0\u00ab\u00a0Je d\u00e9sire qu&rsquo;ils r\u00e9parent\u00a0mon coeur,\u00a0\u00bb dit Asadullah\u00a0avant l&rsquo;intervention par l&rsquo;interm\u00e9diaire d&rsquo;un interpr\u00eate, Mohd Auib, directeur du projet pour l&rsquo;Afghanistan du Centre de l&rsquo;Universit\u00e9 de\u00a0Loma Linda \u00e0 Kaboul.\u00a0\u00a0<\/p>\n<p>\u00ab\u00a0Il ne peut pas\u00a0marcher,\u00a0\u00bb dit le p\u00e8re, Sarbazkhan.\u00a0 \u00ab\u00a0Il aurait voulu jouer. Je pense qu&rsquo;ils peuvent r\u00e9parer le coeur de mon fils.\u00a0 Puis il pourra mener une vie normale.\u00a0\u00bb\u00a0\u00a0\u00a0\u00a0<\/p>\n<p>Le 4 f&rsquo;\u00e9vrier, un groupe m\u00e9dical dirig\u00e9\u00a0par le Professeur de Chirurgie Leonard L. Bailely, M.D., r\u00e9para avec succ\u00e8s le trou au coeur d&rsquo;Asadullah.\u00a0 La semaine derni\u00e8re, Asadullah retourna \u00e0 son pays d&rsquo;origine l&rsquo;Afghanistan ou il rejoignit sa m\u00e8re et ses huit fr\u00e8res et soeurs.\u00a0<\/p>\n<p>\u00a0\u00a0<\/p>\n<p>\u00a0\u00a0\u00a0<\/p>\n","protected":false},"excerpt":{"rendered":"<p>Asadullah, ag\u00e9\u00a0de douze ans, d\u00e9sire tout ce qu&rsquo;un adolescent peut r\u00eaver &#8212; la libert\u00e9\u00a0\u00a0<\/p>\n","protected":false},"author":1,"featured_media":0,"comment_status":"closed","ping_status":"closed","sticky":false,"template":"","format":"standard","meta":{"_acf_changed":false,"footnotes":""},"categories":[9],"tags":[],"class_list":["post-12322","post","type-post","status-publish","format-standard","hentry","category-archive-fr"],"acf":[],"yoast_head":"<!-- This site is optimized with the Yoast SEO plugin v27.3 - https:\/\/yoast.com\/product\/yoast-seo-wordpress\/ -->\n<title>Un Garcon Afghan Obtient une Seconde Chance de Vie Gr\u00e2ce Aux\u00a0Chirurgiens de l&#039;Universit\u00e9 de Loma Linda (LLU)\u00a0 - \u00c9glise Adventiste Du Septieme Jour - Inter Am\u00e9rique Division<\/title>\n<meta name=\"robots\" content=\"index, follow, max-snippet:-1, max-image-preview:large, max-video-preview:-1\" \/>\n<link rel=\"canonical\" href=\"https:\/\/interamerica.org\/fr\/2005\/03\/un-garcon-afghan-obtient-une-seconde-chance-de-vie-grace-aux-chirurgiens-de-luniversite-de-loma-linda-llu\/\" \/>\n<meta property=\"og:locale\" content=\"fr_FR\" \/>\n<meta property=\"og:type\" content=\"article\" \/>\n<meta property=\"og:title\" content=\"Un Garcon Afghan Obtient une Seconde Chance de Vie Gr\u00e2ce Aux\u00a0Chirurgiens de l&#039;Universit\u00e9 de Loma Linda (LLU)\u00a0 - \u00c9glise Adventiste Du Septieme Jour - Inter Am\u00e9rique Division\" \/>\n<meta property=\"og:description\" content=\"Asadullah, ag\u00e9\u00a0de douze ans, d\u00e9sire tout ce qu&#039;un adolescent peut r\u00eaver -- la libert\u00e9\u00a0\u00a0\" \/>\n<meta property=\"og:url\" content=\"https:\/\/interamerica.org\/fr\/2005\/03\/un-garcon-afghan-obtient-une-seconde-chance-de-vie-grace-aux-chirurgiens-de-luniversite-de-loma-linda-llu\/\" \/>\n<meta property=\"og:site_name\" content=\"\u00c9glise Adventiste Du Septieme Jour - Inter Am\u00e9rique Division\" \/>\n<meta property=\"article:published_time\" content=\"2005-03-29T04:00:00+00:00\" \/>\n<meta property=\"article:modified_time\" content=\"2017-06-02T17:20:27+00:00\" \/>\n<meta name=\"author\" content=\"Lorenzo Verduzco\" \/>\n<meta name=\"twitter:card\" content=\"summary_large_image\" \/>\n<meta name=\"twitter:label1\" content=\"\u00c9crit par\" \/>\n\t<meta name=\"twitter:data1\" content=\"Lorenzo Verduzco\" \/>\n\t<meta name=\"twitter:label2\" content=\"Dur\u00e9e de lecture estim\u00e9e\" \/>\n\t<meta name=\"twitter:data2\" content=\"3 minutes\" \/>\n<script type=\"application\/ld+json\" class=\"yoast-schema-graph\">{\"@context\":\"https:\\\/\\\/schema.org\",\"@graph\":[{\"@type\":\"Article\",\"@id\":\"https:\\\/\\\/interamerica.org\\\/fr\\\/2005\\\/03\\\/un-garcon-afghan-obtient-une-seconde-chance-de-vie-grace-aux-chirurgiens-de-luniversite-de-loma-linda-llu\\\/#article\",\"isPartOf\":{\"@id\":\"https:\\\/\\\/interamerica.org\\\/fr\\\/2005\\\/03\\\/un-garcon-afghan-obtient-une-seconde-chance-de-vie-grace-aux-chirurgiens-de-luniversite-de-loma-linda-llu\\\/\"},\"author\":{\"name\":\"Lorenzo Verduzco\",\"@id\":\"https:\\\/\\\/interamerica.org\\\/fr\\\/#\\\/schema\\\/person\\\/68ede8bdc292885bb76c1e3810e73c39\"},\"headline\":\"Un Garcon Afghan Obtient une Seconde Chance de Vie Gr\u00e2ce Aux\u00a0Chirurgiens de l&rsquo;Universit\u00e9 de Loma Linda (LLU)\u00a0\",\"datePublished\":\"2005-03-29T04:00:00+00:00\",\"dateModified\":\"2017-06-02T17:20:27+00:00\",\"mainEntityOfPage\":{\"@id\":\"https:\\\/\\\/interamerica.org\\\/fr\\\/2005\\\/03\\\/un-garcon-afghan-obtient-une-seconde-chance-de-vie-grace-aux-chirurgiens-de-luniversite-de-loma-linda-llu\\\/\"},\"wordCount\":760,\"articleSection\":[\"Archive\"],\"inLanguage\":\"fr-FR\"},{\"@type\":\"WebPage\",\"@id\":\"https:\\\/\\\/interamerica.org\\\/fr\\\/2005\\\/03\\\/un-garcon-afghan-obtient-une-seconde-chance-de-vie-grace-aux-chirurgiens-de-luniversite-de-loma-linda-llu\\\/\",\"url\":\"https:\\\/\\\/interamerica.org\\\/fr\\\/2005\\\/03\\\/un-garcon-afghan-obtient-une-seconde-chance-de-vie-grace-aux-chirurgiens-de-luniversite-de-loma-linda-llu\\\/\",\"name\":\"Un Garcon Afghan Obtient une Seconde Chance de Vie Gr\u00e2ce Aux\u00a0Chirurgiens de l'Universit\u00e9 de Loma Linda (LLU)\u00a0 - \u00c9glise Adventiste Du Septieme Jour - Inter Am\u00e9rique Division\",\"isPartOf\":{\"@id\":\"https:\\\/\\\/interamerica.org\\\/fr\\\/#website\"},\"datePublished\":\"2005-03-29T04:00:00+00:00\",\"dateModified\":\"2017-06-02T17:20:27+00:00\",\"author\":{\"@id\":\"https:\\\/\\\/interamerica.org\\\/fr\\\/#\\\/schema\\\/person\\\/68ede8bdc292885bb76c1e3810e73c39\"},\"breadcrumb\":{\"@id\":\"https:\\\/\\\/interamerica.org\\\/fr\\\/2005\\\/03\\\/un-garcon-afghan-obtient-une-seconde-chance-de-vie-grace-aux-chirurgiens-de-luniversite-de-loma-linda-llu\\\/#breadcrumb\"},\"inLanguage\":\"fr-FR\",\"potentialAction\":[{\"@type\":\"ReadAction\",\"target\":[\"https:\\\/\\\/interamerica.org\\\/fr\\\/2005\\\/03\\\/un-garcon-afghan-obtient-une-seconde-chance-de-vie-grace-aux-chirurgiens-de-luniversite-de-loma-linda-llu\\\/\"]}]},{\"@type\":\"BreadcrumbList\",\"@id\":\"https:\\\/\\\/interamerica.org\\\/fr\\\/2005\\\/03\\\/un-garcon-afghan-obtient-une-seconde-chance-de-vie-grace-aux-chirurgiens-de-luniversite-de-loma-linda-llu\\\/#breadcrumb\",\"itemListElement\":[{\"@type\":\"ListItem\",\"position\":1,\"name\":\"Home\",\"item\":\"https:\\\/\\\/interamerica.org\\\/fr\\\/\"},{\"@type\":\"ListItem\",\"position\":2,\"name\":\"Un Garcon Afghan Obtient une Seconde Chance de Vie Gr\u00e2ce Aux\u00a0Chirurgiens de l&rsquo;Universit\u00e9 de Loma Linda (LLU)\u00a0\"}]},{\"@type\":\"WebSite\",\"@id\":\"https:\\\/\\\/interamerica.org\\\/fr\\\/#website\",\"url\":\"https:\\\/\\\/interamerica.org\\\/fr\\\/\",\"name\":\"\u00c9glise Adventiste Du Septieme Jour - Inter Am\u00e9rique Division\",\"description\":\"\",\"potentialAction\":[{\"@type\":\"SearchAction\",\"target\":{\"@type\":\"EntryPoint\",\"urlTemplate\":\"https:\\\/\\\/interamerica.org\\\/fr\\\/?s={search_term_string}\"},\"query-input\":{\"@type\":\"PropertyValueSpecification\",\"valueRequired\":true,\"valueName\":\"search_term_string\"}}],\"inLanguage\":\"fr-FR\"},{\"@type\":\"Person\",\"@id\":\"https:\\\/\\\/interamerica.org\\\/fr\\\/#\\\/schema\\\/person\\\/68ede8bdc292885bb76c1e3810e73c39\",\"name\":\"Lorenzo Verduzco\",\"image\":{\"@type\":\"ImageObject\",\"inLanguage\":\"fr-FR\",\"@id\":\"https:\\\/\\\/secure.gravatar.com\\\/avatar\\\/fb81a55b6218459490a9c1dc841a34909185b81904c5337b4b27f7a6fd60c49e?s=96&d=mm&r=g\",\"url\":\"https:\\\/\\\/secure.gravatar.com\\\/avatar\\\/fb81a55b6218459490a9c1dc841a34909185b81904c5337b4b27f7a6fd60c49e?s=96&d=mm&r=g\",\"contentUrl\":\"https:\\\/\\\/secure.gravatar.com\\\/avatar\\\/fb81a55b6218459490a9c1dc841a34909185b81904c5337b4b27f7a6fd60c49e?s=96&d=mm&r=g\",\"caption\":\"Lorenzo Verduzco\"}}]}<\/script>\n<!-- \/ Yoast SEO plugin. -->","yoast_head_json":{"title":"Un Garcon Afghan Obtient une Seconde Chance de Vie Gr\u00e2ce Aux\u00a0Chirurgiens de l'Universit\u00e9 de Loma Linda (LLU)\u00a0 - \u00c9glise Adventiste Du Septieme Jour - Inter Am\u00e9rique Division","robots":{"index":"index","follow":"follow","max-snippet":"max-snippet:-1","max-image-preview":"max-image-preview:large","max-video-preview":"max-video-preview:-1"},"canonical":"https:\/\/interamerica.org\/fr\/2005\/03\/un-garcon-afghan-obtient-une-seconde-chance-de-vie-grace-aux-chirurgiens-de-luniversite-de-loma-linda-llu\/","og_locale":"fr_FR","og_type":"article","og_title":"Un Garcon Afghan Obtient une Seconde Chance de Vie Gr\u00e2ce Aux\u00a0Chirurgiens de l'Universit\u00e9 de Loma Linda (LLU)\u00a0 - \u00c9glise Adventiste Du Septieme Jour - Inter Am\u00e9rique Division","og_description":"Asadullah, ag\u00e9\u00a0de douze ans, d\u00e9sire tout ce qu'un adolescent peut r\u00eaver -- la libert\u00e9\u00a0\u00a0","og_url":"https:\/\/interamerica.org\/fr\/2005\/03\/un-garcon-afghan-obtient-une-seconde-chance-de-vie-grace-aux-chirurgiens-de-luniversite-de-loma-linda-llu\/","og_site_name":"\u00c9glise Adventiste Du Septieme Jour - Inter Am\u00e9rique Division","article_published_time":"2005-03-29T04:00:00+00:00","article_modified_time":"2017-06-02T17:20:27+00:00","author":"Lorenzo Verduzco","twitter_card":"summary_large_image","twitter_misc":{"\u00c9crit par":"Lorenzo Verduzco","Dur\u00e9e de lecture estim\u00e9e":"3 minutes"},"schema":{"@context":"https:\/\/schema.org","@graph":[{"@type":"Article","@id":"https:\/\/interamerica.org\/fr\/2005\/03\/un-garcon-afghan-obtient-une-seconde-chance-de-vie-grace-aux-chirurgiens-de-luniversite-de-loma-linda-llu\/#article","isPartOf":{"@id":"https:\/\/interamerica.org\/fr\/2005\/03\/un-garcon-afghan-obtient-une-seconde-chance-de-vie-grace-aux-chirurgiens-de-luniversite-de-loma-linda-llu\/"},"author":{"name":"Lorenzo Verduzco","@id":"https:\/\/interamerica.org\/fr\/#\/schema\/person\/68ede8bdc292885bb76c1e3810e73c39"},"headline":"Un Garcon Afghan Obtient une Seconde Chance de Vie Gr\u00e2ce Aux\u00a0Chirurgiens de l&rsquo;Universit\u00e9 de Loma Linda (LLU)\u00a0","datePublished":"2005-03-29T04:00:00+00:00","dateModified":"2017-06-02T17:20:27+00:00","mainEntityOfPage":{"@id":"https:\/\/interamerica.org\/fr\/2005\/03\/un-garcon-afghan-obtient-une-seconde-chance-de-vie-grace-aux-chirurgiens-de-luniversite-de-loma-linda-llu\/"},"wordCount":760,"articleSection":["Archive"],"inLanguage":"fr-FR"},{"@type":"WebPage","@id":"https:\/\/interamerica.org\/fr\/2005\/03\/un-garcon-afghan-obtient-une-seconde-chance-de-vie-grace-aux-chirurgiens-de-luniversite-de-loma-linda-llu\/","url":"https:\/\/interamerica.org\/fr\/2005\/03\/un-garcon-afghan-obtient-une-seconde-chance-de-vie-grace-aux-chirurgiens-de-luniversite-de-loma-linda-llu\/","name":"Un Garcon Afghan Obtient une Seconde Chance de Vie Gr\u00e2ce Aux\u00a0Chirurgiens de l'Universit\u00e9 de Loma Linda (LLU)\u00a0 - \u00c9glise Adventiste Du Septieme Jour - Inter Am\u00e9rique Division","isPartOf":{"@id":"https:\/\/interamerica.org\/fr\/#website"},"datePublished":"2005-03-29T04:00:00+00:00","dateModified":"2017-06-02T17:20:27+00:00","author":{"@id":"https:\/\/interamerica.org\/fr\/#\/schema\/person\/68ede8bdc292885bb76c1e3810e73c39"},"breadcrumb":{"@id":"https:\/\/interamerica.org\/fr\/2005\/03\/un-garcon-afghan-obtient-une-seconde-chance-de-vie-grace-aux-chirurgiens-de-luniversite-de-loma-linda-llu\/#breadcrumb"},"inLanguage":"fr-FR","potentialAction":[{"@type":"ReadAction","target":["https:\/\/interamerica.org\/fr\/2005\/03\/un-garcon-afghan-obtient-une-seconde-chance-de-vie-grace-aux-chirurgiens-de-luniversite-de-loma-linda-llu\/"]}]},{"@type":"BreadcrumbList","@id":"https:\/\/interamerica.org\/fr\/2005\/03\/un-garcon-afghan-obtient-une-seconde-chance-de-vie-grace-aux-chirurgiens-de-luniversite-de-loma-linda-llu\/#breadcrumb","itemListElement":[{"@type":"ListItem","position":1,"name":"Home","item":"https:\/\/interamerica.org\/fr\/"},{"@type":"ListItem","position":2,"name":"Un Garcon Afghan Obtient une Seconde Chance de Vie Gr\u00e2ce Aux\u00a0Chirurgiens de l&rsquo;Universit\u00e9 de Loma Linda (LLU)\u00a0"}]},{"@type":"WebSite","@id":"https:\/\/interamerica.org\/fr\/#website","url":"https:\/\/interamerica.org\/fr\/","name":"\u00c9glise Adventiste Du Septieme Jour - Inter Am\u00e9rique Division","description":"","potentialAction":[{"@type":"SearchAction","target":{"@type":"EntryPoint","urlTemplate":"https:\/\/interamerica.org\/fr\/?s={search_term_string}"},"query-input":{"@type":"PropertyValueSpecification","valueRequired":true,"valueName":"search_term_string"}}],"inLanguage":"fr-FR"},{"@type":"Person","@id":"https:\/\/interamerica.org\/fr\/#\/schema\/person\/68ede8bdc292885bb76c1e3810e73c39","name":"Lorenzo Verduzco","image":{"@type":"ImageObject","inLanguage":"fr-FR","@id":"https:\/\/secure.gravatar.com\/avatar\/fb81a55b6218459490a9c1dc841a34909185b81904c5337b4b27f7a6fd60c49e?s=96&d=mm&r=g","url":"https:\/\/secure.gravatar.com\/avatar\/fb81a55b6218459490a9c1dc841a34909185b81904c5337b4b27f7a6fd60c49e?s=96&d=mm&r=g","contentUrl":"https:\/\/secure.gravatar.com\/avatar\/fb81a55b6218459490a9c1dc841a34909185b81904c5337b4b27f7a6fd60c49e?s=96&d=mm&r=g","caption":"Lorenzo Verduzco"}}]}},"_links":{"self":[{"href":"https:\/\/interamerica.org\/fr\/wp-json\/wp\/v2\/posts\/12322","targetHints":{"allow":["GET"]}}],"collection":[{"href":"https:\/\/interamerica.org\/fr\/wp-json\/wp\/v2\/posts"}],"about":[{"href":"https:\/\/interamerica.org\/fr\/wp-json\/wp\/v2\/types\/post"}],"author":[{"embeddable":true,"href":"https:\/\/interamerica.org\/fr\/wp-json\/wp\/v2\/users\/1"}],"replies":[{"embeddable":true,"href":"https:\/\/interamerica.org\/fr\/wp-json\/wp\/v2\/comments?post=12322"}],"version-history":[{"count":0,"href":"https:\/\/interamerica.org\/fr\/wp-json\/wp\/v2\/posts\/12322\/revisions"}],"wp:attachment":[{"href":"https:\/\/interamerica.org\/fr\/wp-json\/wp\/v2\/media?parent=12322"}],"wp:term":[{"taxonomy":"category","embeddable":true,"href":"https:\/\/interamerica.org\/fr\/wp-json\/wp\/v2\/categories?post=12322"},{"taxonomy":"post_tag","embeddable":true,"href":"https:\/\/interamerica.org\/fr\/wp-json\/wp\/v2\/tags?post=12322"}],"curies":[{"name":"wp","href":"https:\/\/api.w.org\/{rel}","templated":true}]}}