{"id":12323,"date":"2005-03-30T00:00:00","date_gmt":"2005-03-30T04:00:00","guid":{"rendered":"http:\/\/192.81.217.108\/interamerica\/2005\/03\/un-tremblement-frappe-lile-nias-qui-avait-ete-prealablement-devastee-par-le-tsunami\/"},"modified":"2017-06-02T13:20:26","modified_gmt":"2017-06-02T17:20:26","slug":"un-tremblement-frappe-lile-nias-qui-avait-ete-prealablement-devastee-par-le-tsunami","status":"publish","type":"post","link":"https:\/\/interamerica.org\/fr\/2005\/03\/un-tremblement-frappe-lile-nias-qui-avait-ete-prealablement-devastee-par-le-tsunami\/","title":{"rendered":"Un Tremblement Frappe l&rsquo;\u00cele Nias Qui Avait \u00c9t\u00e9 pr\u00e9alablement D\u00e9vast\u00e9e Par le Tsunami"},"content":{"rendered":"<p>Jakarta, Indon\u00e9sie&#8230;. <\/p>\n<p>Trois mois apr\u00e8s le tsunami du 26 d\u00e9cembre, qui avait frapp\u00e9 le Nord de Sumatra, l&rsquo;\u00cele Nias, avec presque 1 million d&rsquo;habitants, a \u00e9t\u00e9 d\u00e9vast\u00e9e par un tremblement de terre lundi soir, 28 mars, d&rsquo;une amplitude de 8.7 sur l&rsquo;\u00c9chelle de Richter. L&rsquo;\u00e9picentre \u00e9tait \u00e0 18.6 milles (environ 30 000 m\u00e8tres), sous la mer. <\/p>\n<p>Le gouverneur de Nord de Sumatra a d\u00e9clar\u00e9 que plus de 1,000 personnes avaient p\u00e9ri \u00e0 la date du 29 mars. Il a, par ailleurs, annonc\u00e9 que 90 pour cent des habitants avaient souffert du d\u00e9sastre et que 80 pour cent des maisons et des immeubles de Gunung Sitoli, capitale de l&rsquo;\u00cele de Nias, avaient \u00e9t\u00e9 d\u00e9truits. <\/p>\n<p>Jannus Hutapea et Stefanus Suwandi, membres de familles de responsables la\u00efques adventistes du septi\u00e8me jour, ont \u00e9t\u00e9 ensevelis sous des d\u00e9combres, leurs maisons comptant parmi celles d\u00e9truites par le s\u00e9isme, selon Djoko Suwarso, directeur de communication de l&rsquo;\u00c9glise adventiste \u00e0 l&rsquo;Ouest de l&rsquo;Indon\u00e9sie. <\/p>\n<p>Semblable \u00e0 la r\u00e9action humanitaire pour aider les victimes du tsunami \u00e0 Aceh, le tremblement de terre \u00e0 Nias a apport\u00e9 le visage humain du christianisme \u00e0 tous ceux qui se sont trouv\u00e9s affect\u00e9s par la trag\u00e9die. Imm\u00e9diatement apr\u00e8s que les nouvelles aient atteint Jakarta, les dirigeants la\u00efques de l&rsquo;\u00e9glise adventiste de la capitale du pays ont r\u00e9agi promptement en lan\u00e7ant un appel \u00e0 l&rsquo;aide aupr\u00e8s des 10,000 membres d&rsquo;\u00e9glise. <\/p>\n<p>\u00ab\u00a0Nous ne devons pas seulement prier, mais aussi aider concr\u00e8tement, pratiquement en offrant de la nourriture et de l&rsquo;aide mat\u00e9rielle,\u00a0\u00bb a dit Tourisman Siahaan, responsable la\u00efque \u00e0 Jakarta. <\/p>\n<p>L&rsquo;\u00c9glise adventiste de Sumatra Central, dans le district de Sibolga, est devenue le centre des op\u00e9rations de secours pour aider les survivants au d\u00e9sastre. <\/p>\n<p>L&rsquo;Indon\u00e9sie a la plus grande population Musulmane du monde. Quant aux d\u00e9nominations chr\u00e9tiennes, il y a pr\u00e8s de 210,000 adventistes du septi\u00e8me jour adorant dans 1,700 congr\u00e9gations.\u00a0<\/p>\n","protected":false},"excerpt":{"rendered":"<p>Trois mois apr\u00e8s le tsunami du 26 d\u00e9cembre, qui avait frapp\u00e9 le Nord de Sumatra, l&rsquo;\u00cele Nias, avec presque 1 million d&rsquo;habitants, a \u00e9t\u00e9 d\u00e9vast\u00e9e par un tremblement de terre lundi soir&#8230;<\/p>\n","protected":false},"author":1,"featured_media":0,"comment_status":"closed","ping_status":"closed","sticky":false,"template":"","format":"standard","meta":{"_acf_changed":false,"footnotes":""},"categories":[9],"tags":[],"class_list":["post-12323","post","type-post","status-publish","format-standard","hentry","category-archive-fr"],"acf":[],"yoast_head":"<!-- This site is optimized with the Yoast SEO plugin v27.3 - https:\/\/yoast.com\/product\/yoast-seo-wordpress\/ -->\n<title>Un Tremblement Frappe l&#039;\u00cele Nias Qui Avait \u00c9t\u00e9 pr\u00e9alablement D\u00e9vast\u00e9e Par le Tsunami - \u00c9glise Adventiste Du Septieme Jour - Inter Am\u00e9rique Division<\/title>\n<meta name=\"robots\" content=\"index, follow, max-snippet:-1, max-image-preview:large, max-video-preview:-1\" \/>\n<link rel=\"canonical\" href=\"https:\/\/interamerica.org\/fr\/2005\/03\/un-tremblement-frappe-lile-nias-qui-avait-ete-prealablement-devastee-par-le-tsunami\/\" \/>\n<meta property=\"og:locale\" content=\"fr_FR\" \/>\n<meta property=\"og:type\" content=\"article\" \/>\n<meta property=\"og:title\" content=\"Un Tremblement Frappe l&#039;\u00cele Nias Qui Avait \u00c9t\u00e9 pr\u00e9alablement D\u00e9vast\u00e9e Par le Tsunami - \u00c9glise Adventiste Du Septieme Jour - Inter Am\u00e9rique Division\" \/>\n<meta property=\"og:description\" content=\"Trois mois apr\u00e8s le tsunami du 26 d\u00e9cembre, qui avait frapp\u00e9 le Nord de Sumatra, l&#039;\u00cele Nias, avec presque 1 million d&#039;habitants, a \u00e9t\u00e9 d\u00e9vast\u00e9e par un tremblement de terre lundi soir...\" \/>\n<meta property=\"og:url\" content=\"https:\/\/interamerica.org\/fr\/2005\/03\/un-tremblement-frappe-lile-nias-qui-avait-ete-prealablement-devastee-par-le-tsunami\/\" \/>\n<meta property=\"og:site_name\" content=\"\u00c9glise Adventiste Du Septieme Jour - Inter Am\u00e9rique Division\" \/>\n<meta property=\"article:published_time\" content=\"2005-03-30T04:00:00+00:00\" \/>\n<meta property=\"article:modified_time\" content=\"2017-06-02T17:20:26+00:00\" \/>\n<meta name=\"author\" content=\"Lorenzo Verduzco\" \/>\n<meta name=\"twitter:card\" content=\"summary_large_image\" \/>\n<meta name=\"twitter:label1\" content=\"\u00c9crit par\" \/>\n\t<meta name=\"twitter:data1\" content=\"Lorenzo Verduzco\" \/>\n\t<meta name=\"twitter:label2\" content=\"Dur\u00e9e de lecture estim\u00e9e\" \/>\n\t<meta name=\"twitter:data2\" content=\"2 minutes\" \/>\n<script type=\"application\/ld+json\" class=\"yoast-schema-graph\">{\"@context\":\"https:\\\/\\\/schema.org\",\"@graph\":[{\"@type\":\"Article\",\"@id\":\"https:\\\/\\\/interamerica.org\\\/fr\\\/2005\\\/03\\\/un-tremblement-frappe-lile-nias-qui-avait-ete-prealablement-devastee-par-le-tsunami\\\/#article\",\"isPartOf\":{\"@id\":\"https:\\\/\\\/interamerica.org\\\/fr\\\/2005\\\/03\\\/un-tremblement-frappe-lile-nias-qui-avait-ete-prealablement-devastee-par-le-tsunami\\\/\"},\"author\":{\"name\":\"Lorenzo Verduzco\",\"@id\":\"https:\\\/\\\/interamerica.org\\\/fr\\\/#\\\/schema\\\/person\\\/68ede8bdc292885bb76c1e3810e73c39\"},\"headline\":\"Un Tremblement Frappe l&rsquo;\u00cele Nias Qui Avait \u00c9t\u00e9 pr\u00e9alablement D\u00e9vast\u00e9e Par le Tsunami\",\"datePublished\":\"2005-03-30T04:00:00+00:00\",\"dateModified\":\"2017-06-02T17:20:26+00:00\",\"mainEntityOfPage\":{\"@id\":\"https:\\\/\\\/interamerica.org\\\/fr\\\/2005\\\/03\\\/un-tremblement-frappe-lile-nias-qui-avait-ete-prealablement-devastee-par-le-tsunami\\\/\"},\"wordCount\":351,\"articleSection\":[\"Archive\"],\"inLanguage\":\"fr-FR\"},{\"@type\":\"WebPage\",\"@id\":\"https:\\\/\\\/interamerica.org\\\/fr\\\/2005\\\/03\\\/un-tremblement-frappe-lile-nias-qui-avait-ete-prealablement-devastee-par-le-tsunami\\\/\",\"url\":\"https:\\\/\\\/interamerica.org\\\/fr\\\/2005\\\/03\\\/un-tremblement-frappe-lile-nias-qui-avait-ete-prealablement-devastee-par-le-tsunami\\\/\",\"name\":\"Un Tremblement Frappe l'\u00cele Nias Qui Avait \u00c9t\u00e9 pr\u00e9alablement D\u00e9vast\u00e9e Par le Tsunami - \u00c9glise Adventiste Du Septieme Jour - Inter Am\u00e9rique Division\",\"isPartOf\":{\"@id\":\"https:\\\/\\\/interamerica.org\\\/fr\\\/#website\"},\"datePublished\":\"2005-03-30T04:00:00+00:00\",\"dateModified\":\"2017-06-02T17:20:26+00:00\",\"author\":{\"@id\":\"https:\\\/\\\/interamerica.org\\\/fr\\\/#\\\/schema\\\/person\\\/68ede8bdc292885bb76c1e3810e73c39\"},\"breadcrumb\":{\"@id\":\"https:\\\/\\\/interamerica.org\\\/fr\\\/2005\\\/03\\\/un-tremblement-frappe-lile-nias-qui-avait-ete-prealablement-devastee-par-le-tsunami\\\/#breadcrumb\"},\"inLanguage\":\"fr-FR\",\"potentialAction\":[{\"@type\":\"ReadAction\",\"target\":[\"https:\\\/\\\/interamerica.org\\\/fr\\\/2005\\\/03\\\/un-tremblement-frappe-lile-nias-qui-avait-ete-prealablement-devastee-par-le-tsunami\\\/\"]}]},{\"@type\":\"BreadcrumbList\",\"@id\":\"https:\\\/\\\/interamerica.org\\\/fr\\\/2005\\\/03\\\/un-tremblement-frappe-lile-nias-qui-avait-ete-prealablement-devastee-par-le-tsunami\\\/#breadcrumb\",\"itemListElement\":[{\"@type\":\"ListItem\",\"position\":1,\"name\":\"Home\",\"item\":\"https:\\\/\\\/interamerica.org\\\/fr\\\/\"},{\"@type\":\"ListItem\",\"position\":2,\"name\":\"Un Tremblement Frappe l&rsquo;\u00cele Nias Qui Avait \u00c9t\u00e9 pr\u00e9alablement D\u00e9vast\u00e9e Par le Tsunami\"}]},{\"@type\":\"WebSite\",\"@id\":\"https:\\\/\\\/interamerica.org\\\/fr\\\/#website\",\"url\":\"https:\\\/\\\/interamerica.org\\\/fr\\\/\",\"name\":\"\u00c9glise Adventiste Du Septieme Jour - Inter Am\u00e9rique Division\",\"description\":\"\",\"potentialAction\":[{\"@type\":\"SearchAction\",\"target\":{\"@type\":\"EntryPoint\",\"urlTemplate\":\"https:\\\/\\\/interamerica.org\\\/fr\\\/?s={search_term_string}\"},\"query-input\":{\"@type\":\"PropertyValueSpecification\",\"valueRequired\":true,\"valueName\":\"search_term_string\"}}],\"inLanguage\":\"fr-FR\"},{\"@type\":\"Person\",\"@id\":\"https:\\\/\\\/interamerica.org\\\/fr\\\/#\\\/schema\\\/person\\\/68ede8bdc292885bb76c1e3810e73c39\",\"name\":\"Lorenzo Verduzco\",\"image\":{\"@type\":\"ImageObject\",\"inLanguage\":\"fr-FR\",\"@id\":\"https:\\\/\\\/secure.gravatar.com\\\/avatar\\\/fb81a55b6218459490a9c1dc841a34909185b81904c5337b4b27f7a6fd60c49e?s=96&d=mm&r=g\",\"url\":\"https:\\\/\\\/secure.gravatar.com\\\/avatar\\\/fb81a55b6218459490a9c1dc841a34909185b81904c5337b4b27f7a6fd60c49e?s=96&d=mm&r=g\",\"contentUrl\":\"https:\\\/\\\/secure.gravatar.com\\\/avatar\\\/fb81a55b6218459490a9c1dc841a34909185b81904c5337b4b27f7a6fd60c49e?s=96&d=mm&r=g\",\"caption\":\"Lorenzo Verduzco\"}}]}<\/script>\n<!-- \/ Yoast SEO plugin. -->","yoast_head_json":{"title":"Un Tremblement Frappe l'\u00cele Nias Qui Avait \u00c9t\u00e9 pr\u00e9alablement D\u00e9vast\u00e9e Par le Tsunami - \u00c9glise Adventiste Du Septieme Jour - Inter Am\u00e9rique Division","robots":{"index":"index","follow":"follow","max-snippet":"max-snippet:-1","max-image-preview":"max-image-preview:large","max-video-preview":"max-video-preview:-1"},"canonical":"https:\/\/interamerica.org\/fr\/2005\/03\/un-tremblement-frappe-lile-nias-qui-avait-ete-prealablement-devastee-par-le-tsunami\/","og_locale":"fr_FR","og_type":"article","og_title":"Un Tremblement Frappe l'\u00cele Nias Qui Avait \u00c9t\u00e9 pr\u00e9alablement D\u00e9vast\u00e9e Par le Tsunami - \u00c9glise Adventiste Du Septieme Jour - Inter Am\u00e9rique Division","og_description":"Trois mois apr\u00e8s le tsunami du 26 d\u00e9cembre, qui avait frapp\u00e9 le Nord de Sumatra, l'\u00cele Nias, avec presque 1 million d'habitants, a \u00e9t\u00e9 d\u00e9vast\u00e9e par un tremblement de terre lundi soir...","og_url":"https:\/\/interamerica.org\/fr\/2005\/03\/un-tremblement-frappe-lile-nias-qui-avait-ete-prealablement-devastee-par-le-tsunami\/","og_site_name":"\u00c9glise Adventiste Du Septieme Jour - Inter Am\u00e9rique Division","article_published_time":"2005-03-30T04:00:00+00:00","article_modified_time":"2017-06-02T17:20:26+00:00","author":"Lorenzo Verduzco","twitter_card":"summary_large_image","twitter_misc":{"\u00c9crit par":"Lorenzo Verduzco","Dur\u00e9e de lecture estim\u00e9e":"2 minutes"},"schema":{"@context":"https:\/\/schema.org","@graph":[{"@type":"Article","@id":"https:\/\/interamerica.org\/fr\/2005\/03\/un-tremblement-frappe-lile-nias-qui-avait-ete-prealablement-devastee-par-le-tsunami\/#article","isPartOf":{"@id":"https:\/\/interamerica.org\/fr\/2005\/03\/un-tremblement-frappe-lile-nias-qui-avait-ete-prealablement-devastee-par-le-tsunami\/"},"author":{"name":"Lorenzo Verduzco","@id":"https:\/\/interamerica.org\/fr\/#\/schema\/person\/68ede8bdc292885bb76c1e3810e73c39"},"headline":"Un Tremblement Frappe l&rsquo;\u00cele Nias Qui Avait \u00c9t\u00e9 pr\u00e9alablement D\u00e9vast\u00e9e Par le Tsunami","datePublished":"2005-03-30T04:00:00+00:00","dateModified":"2017-06-02T17:20:26+00:00","mainEntityOfPage":{"@id":"https:\/\/interamerica.org\/fr\/2005\/03\/un-tremblement-frappe-lile-nias-qui-avait-ete-prealablement-devastee-par-le-tsunami\/"},"wordCount":351,"articleSection":["Archive"],"inLanguage":"fr-FR"},{"@type":"WebPage","@id":"https:\/\/interamerica.org\/fr\/2005\/03\/un-tremblement-frappe-lile-nias-qui-avait-ete-prealablement-devastee-par-le-tsunami\/","url":"https:\/\/interamerica.org\/fr\/2005\/03\/un-tremblement-frappe-lile-nias-qui-avait-ete-prealablement-devastee-par-le-tsunami\/","name":"Un Tremblement Frappe l'\u00cele Nias Qui Avait \u00c9t\u00e9 pr\u00e9alablement D\u00e9vast\u00e9e Par le Tsunami - \u00c9glise Adventiste Du Septieme Jour - Inter Am\u00e9rique Division","isPartOf":{"@id":"https:\/\/interamerica.org\/fr\/#website"},"datePublished":"2005-03-30T04:00:00+00:00","dateModified":"2017-06-02T17:20:26+00:00","author":{"@id":"https:\/\/interamerica.org\/fr\/#\/schema\/person\/68ede8bdc292885bb76c1e3810e73c39"},"breadcrumb":{"@id":"https:\/\/interamerica.org\/fr\/2005\/03\/un-tremblement-frappe-lile-nias-qui-avait-ete-prealablement-devastee-par-le-tsunami\/#breadcrumb"},"inLanguage":"fr-FR","potentialAction":[{"@type":"ReadAction","target":["https:\/\/interamerica.org\/fr\/2005\/03\/un-tremblement-frappe-lile-nias-qui-avait-ete-prealablement-devastee-par-le-tsunami\/"]}]},{"@type":"BreadcrumbList","@id":"https:\/\/interamerica.org\/fr\/2005\/03\/un-tremblement-frappe-lile-nias-qui-avait-ete-prealablement-devastee-par-le-tsunami\/#breadcrumb","itemListElement":[{"@type":"ListItem","position":1,"name":"Home","item":"https:\/\/interamerica.org\/fr\/"},{"@type":"ListItem","position":2,"name":"Un Tremblement Frappe l&rsquo;\u00cele Nias Qui Avait \u00c9t\u00e9 pr\u00e9alablement D\u00e9vast\u00e9e Par le Tsunami"}]},{"@type":"WebSite","@id":"https:\/\/interamerica.org\/fr\/#website","url":"https:\/\/interamerica.org\/fr\/","name":"\u00c9glise Adventiste Du Septieme Jour - Inter Am\u00e9rique Division","description":"","potentialAction":[{"@type":"SearchAction","target":{"@type":"EntryPoint","urlTemplate":"https:\/\/interamerica.org\/fr\/?s={search_term_string}"},"query-input":{"@type":"PropertyValueSpecification","valueRequired":true,"valueName":"search_term_string"}}],"inLanguage":"fr-FR"},{"@type":"Person","@id":"https:\/\/interamerica.org\/fr\/#\/schema\/person\/68ede8bdc292885bb76c1e3810e73c39","name":"Lorenzo Verduzco","image":{"@type":"ImageObject","inLanguage":"fr-FR","@id":"https:\/\/secure.gravatar.com\/avatar\/fb81a55b6218459490a9c1dc841a34909185b81904c5337b4b27f7a6fd60c49e?s=96&d=mm&r=g","url":"https:\/\/secure.gravatar.com\/avatar\/fb81a55b6218459490a9c1dc841a34909185b81904c5337b4b27f7a6fd60c49e?s=96&d=mm&r=g","contentUrl":"https:\/\/secure.gravatar.com\/avatar\/fb81a55b6218459490a9c1dc841a34909185b81904c5337b4b27f7a6fd60c49e?s=96&d=mm&r=g","caption":"Lorenzo Verduzco"}}]}},"_links":{"self":[{"href":"https:\/\/interamerica.org\/fr\/wp-json\/wp\/v2\/posts\/12323","targetHints":{"allow":["GET"]}}],"collection":[{"href":"https:\/\/interamerica.org\/fr\/wp-json\/wp\/v2\/posts"}],"about":[{"href":"https:\/\/interamerica.org\/fr\/wp-json\/wp\/v2\/types\/post"}],"author":[{"embeddable":true,"href":"https:\/\/interamerica.org\/fr\/wp-json\/wp\/v2\/users\/1"}],"replies":[{"embeddable":true,"href":"https:\/\/interamerica.org\/fr\/wp-json\/wp\/v2\/comments?post=12323"}],"version-history":[{"count":0,"href":"https:\/\/interamerica.org\/fr\/wp-json\/wp\/v2\/posts\/12323\/revisions"}],"wp:attachment":[{"href":"https:\/\/interamerica.org\/fr\/wp-json\/wp\/v2\/media?parent=12323"}],"wp:term":[{"taxonomy":"category","embeddable":true,"href":"https:\/\/interamerica.org\/fr\/wp-json\/wp\/v2\/categories?post=12323"},{"taxonomy":"post_tag","embeddable":true,"href":"https:\/\/interamerica.org\/fr\/wp-json\/wp\/v2\/tags?post=12323"}],"curies":[{"name":"wp","href":"https:\/\/api.w.org\/{rel}","templated":true}]}}