{"id":12324,"date":"2005-04-05T00:00:00","date_gmt":"2005-04-05T04:00:00","guid":{"rendered":"http:\/\/192.81.217.108\/interamerica\/2005\/04\/etats-unis-damerique-un-marin-adventiste-emprisonne-pour-avoir-formule-une-demande-de-statut-de-non-combattants-libere-de-prison-plus-tot-que-prevu\/"},"modified":"2017-06-02T13:20:24","modified_gmt":"2017-06-02T17:20:24","slug":"etats-unis-damerique-un-marin-adventiste-emprisonne-pour-avoir-formule-une-demande-de-statut-de-non-combattants-libere-de-prison-plus-tot-que-prevu","status":"publish","type":"post","link":"https:\/\/interamerica.org\/fr\/2005\/04\/etats-unis-damerique-un-marin-adventiste-emprisonne-pour-avoir-formule-une-demande-de-statut-de-non-combattants-libere-de-prison-plus-tot-que-prevu\/","title":{"rendered":"Etats-Unis d&rsquo;Am\u00e9rique:\u00a0 Un Marin Adventiste,\u00a0Emprisonn\u00e9 Pour Avoir Formul\u00e9 Une Demande De Statut De Non-Combattants, Lib\u00e9r\u00e9 de Prison Plus T\u00f4t Que Pr\u00e9vu"},"content":{"rendered":"<p>Un soldat de la Marine Joel David Klimkewicz, qui avait comparu devant une cour martiale \u00e0 propos d&rsquo;une dispute sur sa demande de statut de non-combattant, sera rel\u00e2ch\u00e9 aujourd&rsquo;hui,\u00a0d&rsquo;une prison de la base du Corps de la Marine Am\u00e9ricaine du Camp Lejeune en Caroline du Nord, d&rsquo;apr\u00e8s ce que rapporte Mitchell Tyner, avocat de l&rsquo;\u00e9glise Adventiste.<\/p>\n<p>Klimkewicz, \u00e2g\u00e9 de 24 ans, fut un ing\u00e9nieur attach\u00e9 au deuxi\u00e8me Batallion du Corps d&rsquo;Ing\u00e9nierie, au quartier g\u00e9n\u00e9ral du Camp Lejeune, et il fut condamn\u00e9 pour avoir refus\u00e9 d&rsquo;ob\u00e9ir \u00e0 l&rsquo;ordre d&rsquo;un officier sup\u00e9rieur qui\u00a0avait demand\u00e9 au Marin de porter une arme.\u00a0 Klimkewicz, dont la carri\u00e8re militaire et la vie priv\u00e9e avaient connu un changement drastique et positif apr\u00e8s sa conversion, joignit l&rsquo;Eglise des Adventistes du Septi\u00e8me jour en octobre 2002, puis s&rsquo;enrolla\u00a0une fois de plus au service militaire.\u00a0 Par la suite, alors qu&rsquo;il \u00e9tait lance caporal il\u00a0apprit que\u00a0l&rsquo;\u00e9glise adventiste recommandait la participation non-combative, et, apr\u00e8s y avoir r\u00e9fl\u00e9chi, arriva \u00e0 la conclusion qu&rsquo;il ne pouvait pas porter une arme pour tuer quelqu&rsquo;un.\u00a0 Alors il\u00a0demanda d&rsquo;\u00eatre mut\u00e9 \u00e0 d&rsquo;autre postes ou il pourrait servir sans porter une arme,\u00a0s&rsquo;offrant, par exemple, \u00e0 travailler au\u00a0d\u00e9blayage des mines en Iraq.<\/p>\n<p>Le Corps de la Marine\u00a0rejeta sa demande,\u00a0aboutissant \u00e0 la\u00a0comparution de Klimkewicz par devant la cour martiale et de sa d\u00e9gradation,\u00a0puis il\u00a0fut cong\u00e9di\u00e9 pour mauvaise conduite, et une\u00a0sentence de dossier criminel entrainant la d\u00e9tention.\u00a0 En g\u00e9n\u00e9ral le service militaire ne\u00a0prend pas de pareilles mesures, qui le plus souvent \u00e9carteraient un membre du service dans le cas ou une demande ne pourrait \u00eatre approuv\u00e9e.<\/p>\n<p>La d\u00e9cision contre Klimkewicz attira l&rsquo;attention internationale ainsi que celle des principaux medias des Etats-Unis et de l&rsquo;\u00e9tranger.\u00a0 Deux membres du Congr\u00e8s des Etats-Unis intervinrent en faveur du Marin\u00a0 &#8211;Rep. Dale E. Kildee du Michigan, et Rep. Roscoe G. Bartlett du Maryland\u00a0<\/p>\n<p>Rep. Bartlett tint plusieurs r\u00e9unions avec les officiels du Corps de la Marine concernant le probl\u00e8me.\u00a0 Un assistant rapporta \u00e0 ANN que Rep. Bartlett se r\u00e9jouit\u00a0d&rsquo;apprendre que\u00a0Klimkewicz sera\u00a0relach\u00e9 plus t\u00f4t que pr\u00e9vu.<\/p>\n<p>Parall\u00e8lement, l&rsquo;avocat de Klimkewicz travaillera \u00e0 faire renverser le verdict de la cour martiale, affranchissant le nom du jeune homme ainsi que son dossier permanant.<\/p>\n<p>\u00ab\u00a0Nous nous r\u00e9jouissons du fait\u00a0que Joel a \u00e9t\u00e9 lib\u00e9r\u00e9 de prison, et continuons \u00e0 oeuvrer pour que cette d\u00e9cision injuste soit renvers\u00e9e,\u00a0\u00bb rapporte Tyner.<\/p>\n<p>\u00ab\u00a0Ce cas a besoin d&rsquo;\u00eatre suivi de tr\u00e8s pr\u00e8s pour emp\u00eacher au Corps de la Marine de ternir sa r\u00e9putation,\u00a0\u00bb rapporte Richard O. Stenbakken, un aumonier retrait\u00e9 de l&rsquo;Arm\u00e9e Am\u00e9ricaine et Pasteur de l&rsquo;\u00c9glise des Adventistes du Septi\u00e8me jour qui,\u00a0encore r\u00e9cemment, dirigeait le Minist\u00e8re des aumoniers de l&rsquo;\u00e9glise mondiale.<\/p>\n<p>Avec environ 13.4 millions de membres et approximativement 114,000 \u00e9glises dans 203 pays et r\u00e9gions du monde, l&rsquo;Eglise des Adventistes du Septi\u00e8me\u00a0jour a toujours pr\u00f4n\u00e9 la non violence et les solutions pacifiques aux conflits.\u00a0 L&rsquo;\u00e9glise soutient la particpation non-combative de ses membres qui servent dans le service militaire, mais laisse \u00e0 chacun le droit de prendre sa propre d\u00e9cision.\u00a0\u00a0<\/p>\n<p>\u00a0\u00a0\u00a0<\/p>\n","protected":false},"excerpt":{"rendered":"<p>Un Soldat de la Marine\u00a0David Klimkewicz, qui avait comparu devant la cour martiale en D\u00e9cembre 2004 au sujet d&rsquo;une dispute sur sa demande de statut de non-combattant, sera rel\u00e2ch\u00e9 aujourd&rsquo;hui,\u00a0d&rsquo;une\u00a0prison de la Base Navale de la Marine des Etats-Unis du<\/p>\n","protected":false},"author":1,"featured_media":0,"comment_status":"closed","ping_status":"closed","sticky":false,"template":"","format":"standard","meta":{"_acf_changed":false,"footnotes":""},"categories":[9],"tags":[],"class_list":["post-12324","post","type-post","status-publish","format-standard","hentry","category-archive-fr"],"acf":[],"yoast_head":"<!-- This site is optimized with the Yoast SEO plugin v27.3 - https:\/\/yoast.com\/product\/yoast-seo-wordpress\/ -->\n<title>Etats-Unis d&#039;Am\u00e9rique:\u00a0 Un Marin Adventiste,\u00a0Emprisonn\u00e9 Pour Avoir Formul\u00e9 Une Demande De Statut De Non-Combattants, Lib\u00e9r\u00e9 de Prison Plus T\u00f4t Que Pr\u00e9vu - \u00c9glise Adventiste Du Septieme Jour - Inter Am\u00e9rique Division<\/title>\n<meta name=\"robots\" content=\"index, follow, max-snippet:-1, max-image-preview:large, max-video-preview:-1\" \/>\n<link rel=\"canonical\" href=\"https:\/\/interamerica.org\/fr\/2005\/04\/etats-unis-damerique-un-marin-adventiste-emprisonne-pour-avoir-formule-une-demande-de-statut-de-non-combattants-libere-de-prison-plus-tot-que-prevu\/\" \/>\n<meta property=\"og:locale\" content=\"fr_FR\" \/>\n<meta property=\"og:type\" content=\"article\" \/>\n<meta property=\"og:title\" content=\"Etats-Unis d&#039;Am\u00e9rique:\u00a0 Un Marin Adventiste,\u00a0Emprisonn\u00e9 Pour Avoir Formul\u00e9 Une Demande De Statut De Non-Combattants, Lib\u00e9r\u00e9 de Prison Plus T\u00f4t Que Pr\u00e9vu - \u00c9glise Adventiste Du Septieme Jour - Inter Am\u00e9rique Division\" \/>\n<meta property=\"og:description\" content=\"Un Soldat de la Marine\u00a0David Klimkewicz, qui avait comparu devant la cour martiale en D\u00e9cembre 2004 au sujet d&#039;une dispute sur sa demande de statut de non-combattant, sera rel\u00e2ch\u00e9 aujourd&#039;hui,\u00a0d&#039;une\u00a0prison de la Base Navale de la Marine des Etats-Unis du\" \/>\n<meta property=\"og:url\" content=\"https:\/\/interamerica.org\/fr\/2005\/04\/etats-unis-damerique-un-marin-adventiste-emprisonne-pour-avoir-formule-une-demande-de-statut-de-non-combattants-libere-de-prison-plus-tot-que-prevu\/\" \/>\n<meta property=\"og:site_name\" content=\"\u00c9glise Adventiste Du Septieme Jour - Inter Am\u00e9rique Division\" \/>\n<meta property=\"article:published_time\" content=\"2005-04-05T04:00:00+00:00\" \/>\n<meta property=\"article:modified_time\" content=\"2017-06-02T17:20:24+00:00\" \/>\n<meta name=\"author\" content=\"Lorenzo Verduzco\" \/>\n<meta name=\"twitter:card\" content=\"summary_large_image\" \/>\n<meta name=\"twitter:label1\" content=\"\u00c9crit par\" \/>\n\t<meta name=\"twitter:data1\" content=\"Lorenzo Verduzco\" \/>\n\t<meta name=\"twitter:label2\" content=\"Dur\u00e9e de lecture estim\u00e9e\" \/>\n\t<meta name=\"twitter:data2\" content=\"3 minutes\" \/>\n<script type=\"application\/ld+json\" class=\"yoast-schema-graph\">{\"@context\":\"https:\\\/\\\/schema.org\",\"@graph\":[{\"@type\":\"Article\",\"@id\":\"https:\\\/\\\/interamerica.org\\\/fr\\\/2005\\\/04\\\/etats-unis-damerique-un-marin-adventiste-emprisonne-pour-avoir-formule-une-demande-de-statut-de-non-combattants-libere-de-prison-plus-tot-que-prevu\\\/#article\",\"isPartOf\":{\"@id\":\"https:\\\/\\\/interamerica.org\\\/fr\\\/2005\\\/04\\\/etats-unis-damerique-un-marin-adventiste-emprisonne-pour-avoir-formule-une-demande-de-statut-de-non-combattants-libere-de-prison-plus-tot-que-prevu\\\/\"},\"author\":{\"name\":\"Lorenzo Verduzco\",\"@id\":\"https:\\\/\\\/interamerica.org\\\/fr\\\/#\\\/schema\\\/person\\\/68ede8bdc292885bb76c1e3810e73c39\"},\"headline\":\"Etats-Unis d&rsquo;Am\u00e9rique:\u00a0 Un Marin Adventiste,\u00a0Emprisonn\u00e9 Pour Avoir Formul\u00e9 Une Demande De Statut De Non-Combattants, Lib\u00e9r\u00e9 de Prison Plus T\u00f4t Que Pr\u00e9vu\",\"datePublished\":\"2005-04-05T04:00:00+00:00\",\"dateModified\":\"2017-06-02T17:20:24+00:00\",\"mainEntityOfPage\":{\"@id\":\"https:\\\/\\\/interamerica.org\\\/fr\\\/2005\\\/04\\\/etats-unis-damerique-un-marin-adventiste-emprisonne-pour-avoir-formule-une-demande-de-statut-de-non-combattants-libere-de-prison-plus-tot-que-prevu\\\/\"},\"wordCount\":596,\"articleSection\":[\"Archive\"],\"inLanguage\":\"fr-FR\"},{\"@type\":\"WebPage\",\"@id\":\"https:\\\/\\\/interamerica.org\\\/fr\\\/2005\\\/04\\\/etats-unis-damerique-un-marin-adventiste-emprisonne-pour-avoir-formule-une-demande-de-statut-de-non-combattants-libere-de-prison-plus-tot-que-prevu\\\/\",\"url\":\"https:\\\/\\\/interamerica.org\\\/fr\\\/2005\\\/04\\\/etats-unis-damerique-un-marin-adventiste-emprisonne-pour-avoir-formule-une-demande-de-statut-de-non-combattants-libere-de-prison-plus-tot-que-prevu\\\/\",\"name\":\"Etats-Unis d'Am\u00e9rique:\u00a0 Un Marin Adventiste,\u00a0Emprisonn\u00e9 Pour Avoir Formul\u00e9 Une Demande De Statut De Non-Combattants, Lib\u00e9r\u00e9 de Prison Plus T\u00f4t Que Pr\u00e9vu - \u00c9glise Adventiste Du Septieme Jour - Inter Am\u00e9rique Division\",\"isPartOf\":{\"@id\":\"https:\\\/\\\/interamerica.org\\\/fr\\\/#website\"},\"datePublished\":\"2005-04-05T04:00:00+00:00\",\"dateModified\":\"2017-06-02T17:20:24+00:00\",\"author\":{\"@id\":\"https:\\\/\\\/interamerica.org\\\/fr\\\/#\\\/schema\\\/person\\\/68ede8bdc292885bb76c1e3810e73c39\"},\"breadcrumb\":{\"@id\":\"https:\\\/\\\/interamerica.org\\\/fr\\\/2005\\\/04\\\/etats-unis-damerique-un-marin-adventiste-emprisonne-pour-avoir-formule-une-demande-de-statut-de-non-combattants-libere-de-prison-plus-tot-que-prevu\\\/#breadcrumb\"},\"inLanguage\":\"fr-FR\",\"potentialAction\":[{\"@type\":\"ReadAction\",\"target\":[\"https:\\\/\\\/interamerica.org\\\/fr\\\/2005\\\/04\\\/etats-unis-damerique-un-marin-adventiste-emprisonne-pour-avoir-formule-une-demande-de-statut-de-non-combattants-libere-de-prison-plus-tot-que-prevu\\\/\"]}]},{\"@type\":\"BreadcrumbList\",\"@id\":\"https:\\\/\\\/interamerica.org\\\/fr\\\/2005\\\/04\\\/etats-unis-damerique-un-marin-adventiste-emprisonne-pour-avoir-formule-une-demande-de-statut-de-non-combattants-libere-de-prison-plus-tot-que-prevu\\\/#breadcrumb\",\"itemListElement\":[{\"@type\":\"ListItem\",\"position\":1,\"name\":\"Home\",\"item\":\"https:\\\/\\\/interamerica.org\\\/fr\\\/\"},{\"@type\":\"ListItem\",\"position\":2,\"name\":\"Etats-Unis d&rsquo;Am\u00e9rique:\u00a0 Un Marin Adventiste,\u00a0Emprisonn\u00e9 Pour Avoir Formul\u00e9 Une Demande De Statut De Non-Combattants, Lib\u00e9r\u00e9 de Prison Plus T\u00f4t Que Pr\u00e9vu\"}]},{\"@type\":\"WebSite\",\"@id\":\"https:\\\/\\\/interamerica.org\\\/fr\\\/#website\",\"url\":\"https:\\\/\\\/interamerica.org\\\/fr\\\/\",\"name\":\"\u00c9glise Adventiste Du Septieme Jour - Inter Am\u00e9rique Division\",\"description\":\"\",\"potentialAction\":[{\"@type\":\"SearchAction\",\"target\":{\"@type\":\"EntryPoint\",\"urlTemplate\":\"https:\\\/\\\/interamerica.org\\\/fr\\\/?s={search_term_string}\"},\"query-input\":{\"@type\":\"PropertyValueSpecification\",\"valueRequired\":true,\"valueName\":\"search_term_string\"}}],\"inLanguage\":\"fr-FR\"},{\"@type\":\"Person\",\"@id\":\"https:\\\/\\\/interamerica.org\\\/fr\\\/#\\\/schema\\\/person\\\/68ede8bdc292885bb76c1e3810e73c39\",\"name\":\"Lorenzo Verduzco\",\"image\":{\"@type\":\"ImageObject\",\"inLanguage\":\"fr-FR\",\"@id\":\"https:\\\/\\\/secure.gravatar.com\\\/avatar\\\/fb81a55b6218459490a9c1dc841a34909185b81904c5337b4b27f7a6fd60c49e?s=96&d=mm&r=g\",\"url\":\"https:\\\/\\\/secure.gravatar.com\\\/avatar\\\/fb81a55b6218459490a9c1dc841a34909185b81904c5337b4b27f7a6fd60c49e?s=96&d=mm&r=g\",\"contentUrl\":\"https:\\\/\\\/secure.gravatar.com\\\/avatar\\\/fb81a55b6218459490a9c1dc841a34909185b81904c5337b4b27f7a6fd60c49e?s=96&d=mm&r=g\",\"caption\":\"Lorenzo Verduzco\"}}]}<\/script>\n<!-- \/ Yoast SEO plugin. -->","yoast_head_json":{"title":"Etats-Unis d'Am\u00e9rique:\u00a0 Un Marin Adventiste,\u00a0Emprisonn\u00e9 Pour Avoir Formul\u00e9 Une Demande De Statut De Non-Combattants, Lib\u00e9r\u00e9 de Prison Plus T\u00f4t Que Pr\u00e9vu - \u00c9glise Adventiste Du Septieme Jour - Inter Am\u00e9rique Division","robots":{"index":"index","follow":"follow","max-snippet":"max-snippet:-1","max-image-preview":"max-image-preview:large","max-video-preview":"max-video-preview:-1"},"canonical":"https:\/\/interamerica.org\/fr\/2005\/04\/etats-unis-damerique-un-marin-adventiste-emprisonne-pour-avoir-formule-une-demande-de-statut-de-non-combattants-libere-de-prison-plus-tot-que-prevu\/","og_locale":"fr_FR","og_type":"article","og_title":"Etats-Unis d'Am\u00e9rique:\u00a0 Un Marin Adventiste,\u00a0Emprisonn\u00e9 Pour Avoir Formul\u00e9 Une Demande De Statut De Non-Combattants, Lib\u00e9r\u00e9 de Prison Plus T\u00f4t Que Pr\u00e9vu - \u00c9glise Adventiste Du Septieme Jour - Inter Am\u00e9rique Division","og_description":"Un Soldat de la Marine\u00a0David Klimkewicz, qui avait comparu devant la cour martiale en D\u00e9cembre 2004 au sujet d'une dispute sur sa demande de statut de non-combattant, sera rel\u00e2ch\u00e9 aujourd'hui,\u00a0d'une\u00a0prison de la Base Navale de la Marine des Etats-Unis du","og_url":"https:\/\/interamerica.org\/fr\/2005\/04\/etats-unis-damerique-un-marin-adventiste-emprisonne-pour-avoir-formule-une-demande-de-statut-de-non-combattants-libere-de-prison-plus-tot-que-prevu\/","og_site_name":"\u00c9glise Adventiste Du Septieme Jour - Inter Am\u00e9rique Division","article_published_time":"2005-04-05T04:00:00+00:00","article_modified_time":"2017-06-02T17:20:24+00:00","author":"Lorenzo Verduzco","twitter_card":"summary_large_image","twitter_misc":{"\u00c9crit par":"Lorenzo Verduzco","Dur\u00e9e de lecture estim\u00e9e":"3 minutes"},"schema":{"@context":"https:\/\/schema.org","@graph":[{"@type":"Article","@id":"https:\/\/interamerica.org\/fr\/2005\/04\/etats-unis-damerique-un-marin-adventiste-emprisonne-pour-avoir-formule-une-demande-de-statut-de-non-combattants-libere-de-prison-plus-tot-que-prevu\/#article","isPartOf":{"@id":"https:\/\/interamerica.org\/fr\/2005\/04\/etats-unis-damerique-un-marin-adventiste-emprisonne-pour-avoir-formule-une-demande-de-statut-de-non-combattants-libere-de-prison-plus-tot-que-prevu\/"},"author":{"name":"Lorenzo Verduzco","@id":"https:\/\/interamerica.org\/fr\/#\/schema\/person\/68ede8bdc292885bb76c1e3810e73c39"},"headline":"Etats-Unis d&rsquo;Am\u00e9rique:\u00a0 Un Marin Adventiste,\u00a0Emprisonn\u00e9 Pour Avoir Formul\u00e9 Une Demande De Statut De Non-Combattants, Lib\u00e9r\u00e9 de Prison Plus T\u00f4t Que Pr\u00e9vu","datePublished":"2005-04-05T04:00:00+00:00","dateModified":"2017-06-02T17:20:24+00:00","mainEntityOfPage":{"@id":"https:\/\/interamerica.org\/fr\/2005\/04\/etats-unis-damerique-un-marin-adventiste-emprisonne-pour-avoir-formule-une-demande-de-statut-de-non-combattants-libere-de-prison-plus-tot-que-prevu\/"},"wordCount":596,"articleSection":["Archive"],"inLanguage":"fr-FR"},{"@type":"WebPage","@id":"https:\/\/interamerica.org\/fr\/2005\/04\/etats-unis-damerique-un-marin-adventiste-emprisonne-pour-avoir-formule-une-demande-de-statut-de-non-combattants-libere-de-prison-plus-tot-que-prevu\/","url":"https:\/\/interamerica.org\/fr\/2005\/04\/etats-unis-damerique-un-marin-adventiste-emprisonne-pour-avoir-formule-une-demande-de-statut-de-non-combattants-libere-de-prison-plus-tot-que-prevu\/","name":"Etats-Unis d'Am\u00e9rique:\u00a0 Un Marin Adventiste,\u00a0Emprisonn\u00e9 Pour Avoir Formul\u00e9 Une Demande De Statut De Non-Combattants, Lib\u00e9r\u00e9 de Prison Plus T\u00f4t Que Pr\u00e9vu - \u00c9glise Adventiste Du Septieme Jour - Inter Am\u00e9rique Division","isPartOf":{"@id":"https:\/\/interamerica.org\/fr\/#website"},"datePublished":"2005-04-05T04:00:00+00:00","dateModified":"2017-06-02T17:20:24+00:00","author":{"@id":"https:\/\/interamerica.org\/fr\/#\/schema\/person\/68ede8bdc292885bb76c1e3810e73c39"},"breadcrumb":{"@id":"https:\/\/interamerica.org\/fr\/2005\/04\/etats-unis-damerique-un-marin-adventiste-emprisonne-pour-avoir-formule-une-demande-de-statut-de-non-combattants-libere-de-prison-plus-tot-que-prevu\/#breadcrumb"},"inLanguage":"fr-FR","potentialAction":[{"@type":"ReadAction","target":["https:\/\/interamerica.org\/fr\/2005\/04\/etats-unis-damerique-un-marin-adventiste-emprisonne-pour-avoir-formule-une-demande-de-statut-de-non-combattants-libere-de-prison-plus-tot-que-prevu\/"]}]},{"@type":"BreadcrumbList","@id":"https:\/\/interamerica.org\/fr\/2005\/04\/etats-unis-damerique-un-marin-adventiste-emprisonne-pour-avoir-formule-une-demande-de-statut-de-non-combattants-libere-de-prison-plus-tot-que-prevu\/#breadcrumb","itemListElement":[{"@type":"ListItem","position":1,"name":"Home","item":"https:\/\/interamerica.org\/fr\/"},{"@type":"ListItem","position":2,"name":"Etats-Unis d&rsquo;Am\u00e9rique:\u00a0 Un Marin Adventiste,\u00a0Emprisonn\u00e9 Pour Avoir Formul\u00e9 Une Demande De Statut De Non-Combattants, Lib\u00e9r\u00e9 de Prison Plus T\u00f4t Que Pr\u00e9vu"}]},{"@type":"WebSite","@id":"https:\/\/interamerica.org\/fr\/#website","url":"https:\/\/interamerica.org\/fr\/","name":"\u00c9glise Adventiste Du Septieme Jour - Inter Am\u00e9rique Division","description":"","potentialAction":[{"@type":"SearchAction","target":{"@type":"EntryPoint","urlTemplate":"https:\/\/interamerica.org\/fr\/?s={search_term_string}"},"query-input":{"@type":"PropertyValueSpecification","valueRequired":true,"valueName":"search_term_string"}}],"inLanguage":"fr-FR"},{"@type":"Person","@id":"https:\/\/interamerica.org\/fr\/#\/schema\/person\/68ede8bdc292885bb76c1e3810e73c39","name":"Lorenzo Verduzco","image":{"@type":"ImageObject","inLanguage":"fr-FR","@id":"https:\/\/secure.gravatar.com\/avatar\/fb81a55b6218459490a9c1dc841a34909185b81904c5337b4b27f7a6fd60c49e?s=96&d=mm&r=g","url":"https:\/\/secure.gravatar.com\/avatar\/fb81a55b6218459490a9c1dc841a34909185b81904c5337b4b27f7a6fd60c49e?s=96&d=mm&r=g","contentUrl":"https:\/\/secure.gravatar.com\/avatar\/fb81a55b6218459490a9c1dc841a34909185b81904c5337b4b27f7a6fd60c49e?s=96&d=mm&r=g","caption":"Lorenzo Verduzco"}}]}},"_links":{"self":[{"href":"https:\/\/interamerica.org\/fr\/wp-json\/wp\/v2\/posts\/12324","targetHints":{"allow":["GET"]}}],"collection":[{"href":"https:\/\/interamerica.org\/fr\/wp-json\/wp\/v2\/posts"}],"about":[{"href":"https:\/\/interamerica.org\/fr\/wp-json\/wp\/v2\/types\/post"}],"author":[{"embeddable":true,"href":"https:\/\/interamerica.org\/fr\/wp-json\/wp\/v2\/users\/1"}],"replies":[{"embeddable":true,"href":"https:\/\/interamerica.org\/fr\/wp-json\/wp\/v2\/comments?post=12324"}],"version-history":[{"count":0,"href":"https:\/\/interamerica.org\/fr\/wp-json\/wp\/v2\/posts\/12324\/revisions"}],"wp:attachment":[{"href":"https:\/\/interamerica.org\/fr\/wp-json\/wp\/v2\/media?parent=12324"}],"wp:term":[{"taxonomy":"category","embeddable":true,"href":"https:\/\/interamerica.org\/fr\/wp-json\/wp\/v2\/categories?post=12324"},{"taxonomy":"post_tag","embeddable":true,"href":"https:\/\/interamerica.org\/fr\/wp-json\/wp\/v2\/tags?post=12324"}],"curies":[{"name":"wp","href":"https:\/\/api.w.org\/{rel}","templated":true}]}}