{"id":12325,"date":"2005-04-05T00:00:00","date_gmt":"2005-04-05T04:00:00","guid":{"rendered":"http:\/\/192.81.217.108\/interamerica\/2005\/04\/soudan-les-employes-dadra-qui-avaient-ete-sequestres-ont-ete-liberes\/"},"modified":"2017-06-02T13:20:24","modified_gmt":"2017-06-02T17:20:24","slug":"soudan-les-employes-dadra-qui-avaient-ete-sequestres-ont-ete-liberes","status":"publish","type":"post","link":"https:\/\/interamerica.org\/fr\/2005\/04\/soudan-les-employes-dadra-qui-avaient-ete-sequestres-ont-ete-liberes\/","title":{"rendered":"Soudan : Les Employ\u00e9s d&rsquo;ADRA Qui Avaient \u00e9t\u00e9 S\u00e9questr\u00e9s Ont \u00e9t\u00e9 Lib\u00e9r\u00e9s"},"content":{"rendered":"<p>Silver Spring, Maryland, Etats-Unis<\/p>\n<p>Trois employ\u00e9s d&rsquo;ADRA qui avaient \u00e9t\u00e9 enlev\u00e9s le 16 d\u00e9cembre 2004, alors qu&rsquo;ils faisaient route pour le Darfour Occidental, au Soudan, ont \u00e9t\u00e9 lib\u00e9r\u00e9s et sont sains et saufs, chez eux, dans leurs familles.<\/p>\n<p>Les trois hommes, tous citoyens soudanais, ont \u00e9t\u00e9 enlev\u00e9s \u00e0 Labado, alors qu&rsquo;ils \u00e9taient partis de Khartoum, la capitale soudanaise. Ils ont \u00e9t\u00e9 d\u00e9tenus dans la r\u00e9gion du Darfour ainsi que l&rsquo;\u00e9quipement et les fournitures qu&rsquo;ils emportaient avec eux au Darfour Occidental pour construire des puits d&rsquo;eau au profit de 80,000 personnes int\u00e9rieurement d\u00e9plac\u00e9es (IDPs) ainsi que les membres des communaut\u00e9s d&rsquo;accueil. La majeure partie de l&rsquo;\u00e9quipement destin\u00e9 au projet a aussi \u00e9t\u00e9 rendue au bureau d&rsquo;ADRA au Soudan.<\/p>\n<p>\u00ab\u00a0La longue d\u00e9tention de nos ouvriers comp\u00e9tents et d\u00e9vou\u00e9s a port\u00e9 pr\u00e9judice aux programmes d&rsquo;aide d&rsquo;ADRA dans cette r\u00e9gion touch\u00e9e par des troubles civils et source d&rsquo;inqui\u00e9tude pour toute la communaut\u00e9 internationale,\u00a0\u00bb dit Byron Scheuneman, vice-pr\u00e9sident d&rsquo;ADRA et directeur financier, qui avait ant\u00e9rieurement lanc\u00e9 un appel public pour la lib\u00e9ration de ces ouvriers. \u00ab\u00a0Nous sommes heureux qu&rsquo;ils nous aient \u00e9t\u00e9 rendus sains et saufs, mais cette \u00e9preuve a vraiment \u00e9t\u00e9 tr\u00e8s dure.\u00a0\u00bb<\/p>\n<p>ADRA est particuli\u00e8rement reconnaissante pour l&rsquo;aide de la Repr\u00e9sentante Sp\u00e9ciale Italienne, Barbara Contini, qui a men\u00e9 les n\u00e9gociations qui ont abouti \u00e0 la lib\u00e9ration couronn\u00e9e de succ\u00e8s des trois ouvriers. <\/p>\n<p>\u00ab\u00a0Nous sommes tr\u00e8s heureux d&rsquo;\u00eatre de retour dans nos familles et nous voulons seulement passer quelque temps avec eux,\u00a0\u00bb dit A dit Saad Mohmed, un des ouvriers enlev\u00e9s, exprimant les pens\u00e9es et les sentiments de tous trois.<\/p>\n<p>Mohmed travaille avec ADRA Soudan depuis 16 ans ; il est un membre pr\u00e9cieux de l&rsquo;\u00e9quipe de forage de puits.<\/p>\n<p>En d\u00e9pit des difficult\u00e9s de fonctionnement dans un environnement \u00e0 haut risque, ADRA projette de continuer ses 25 ans de travail humanitaire au Soudan. <\/p>\n<p>Pr\u00e9sente dans plus de 120 pays dans le monde entier, ADRA apporte du secours aux communaut\u00e9s et du soutien aux sinistr\u00e9s sans prendre en compte de l&rsquo;association politique ou religieuse, l&rsquo;\u00e2ge, le sexe ou l&rsquo;appartenance ethnique. <\/p>\n<p>Des informations compl\u00e9mentaires sur ADRA sont donn\u00e9es sur le site <a  href=\"http:\/\/www.adra.org\">www.adra.org<\/a>.<\/p>\n","protected":false},"excerpt":{"rendered":"<p>Trois employ\u00e9s d&rsquo;ADRA qui avaient \u00e9t\u00e9 enlev\u00e9s le 16 d\u00e9cembre 2004<\/p>\n","protected":false},"author":1,"featured_media":0,"comment_status":"closed","ping_status":"closed","sticky":false,"template":"","format":"standard","meta":{"_acf_changed":false,"footnotes":""},"categories":[9],"tags":[],"class_list":["post-12325","post","type-post","status-publish","format-standard","hentry","category-archive-fr"],"acf":[],"yoast_head":"<!-- This site is optimized with the Yoast SEO plugin v27.3 - https:\/\/yoast.com\/product\/yoast-seo-wordpress\/ -->\n<title>Soudan : Les Employ\u00e9s d&#039;ADRA Qui Avaient \u00e9t\u00e9 S\u00e9questr\u00e9s Ont \u00e9t\u00e9 Lib\u00e9r\u00e9s - \u00c9glise Adventiste Du Septieme Jour - Inter Am\u00e9rique Division<\/title>\n<meta name=\"robots\" content=\"index, follow, max-snippet:-1, max-image-preview:large, max-video-preview:-1\" \/>\n<link rel=\"canonical\" href=\"https:\/\/interamerica.org\/fr\/2005\/04\/soudan-les-employes-dadra-qui-avaient-ete-sequestres-ont-ete-liberes\/\" \/>\n<meta property=\"og:locale\" content=\"fr_FR\" \/>\n<meta property=\"og:type\" content=\"article\" \/>\n<meta property=\"og:title\" content=\"Soudan : Les Employ\u00e9s d&#039;ADRA Qui Avaient \u00e9t\u00e9 S\u00e9questr\u00e9s Ont \u00e9t\u00e9 Lib\u00e9r\u00e9s - \u00c9glise Adventiste Du Septieme Jour - Inter Am\u00e9rique Division\" \/>\n<meta property=\"og:description\" content=\"Trois employ\u00e9s d&#039;ADRA qui avaient \u00e9t\u00e9 enlev\u00e9s le 16 d\u00e9cembre 2004\" \/>\n<meta property=\"og:url\" content=\"https:\/\/interamerica.org\/fr\/2005\/04\/soudan-les-employes-dadra-qui-avaient-ete-sequestres-ont-ete-liberes\/\" \/>\n<meta property=\"og:site_name\" content=\"\u00c9glise Adventiste Du Septieme Jour - Inter Am\u00e9rique Division\" \/>\n<meta property=\"article:published_time\" content=\"2005-04-05T04:00:00+00:00\" \/>\n<meta property=\"article:modified_time\" content=\"2017-06-02T17:20:24+00:00\" \/>\n<meta name=\"author\" content=\"Lorenzo Verduzco\" \/>\n<meta name=\"twitter:card\" content=\"summary_large_image\" \/>\n<meta name=\"twitter:label1\" content=\"\u00c9crit par\" \/>\n\t<meta name=\"twitter:data1\" content=\"Lorenzo Verduzco\" \/>\n\t<meta name=\"twitter:label2\" content=\"Dur\u00e9e de lecture estim\u00e9e\" \/>\n\t<meta name=\"twitter:data2\" content=\"2 minutes\" \/>\n<script type=\"application\/ld+json\" class=\"yoast-schema-graph\">{\"@context\":\"https:\\\/\\\/schema.org\",\"@graph\":[{\"@type\":\"Article\",\"@id\":\"https:\\\/\\\/interamerica.org\\\/fr\\\/2005\\\/04\\\/soudan-les-employes-dadra-qui-avaient-ete-sequestres-ont-ete-liberes\\\/#article\",\"isPartOf\":{\"@id\":\"https:\\\/\\\/interamerica.org\\\/fr\\\/2005\\\/04\\\/soudan-les-employes-dadra-qui-avaient-ete-sequestres-ont-ete-liberes\\\/\"},\"author\":{\"name\":\"Lorenzo Verduzco\",\"@id\":\"https:\\\/\\\/interamerica.org\\\/fr\\\/#\\\/schema\\\/person\\\/68ede8bdc292885bb76c1e3810e73c39\"},\"headline\":\"Soudan : Les Employ\u00e9s d&rsquo;ADRA Qui Avaient \u00e9t\u00e9 S\u00e9questr\u00e9s Ont \u00e9t\u00e9 Lib\u00e9r\u00e9s\",\"datePublished\":\"2005-04-05T04:00:00+00:00\",\"dateModified\":\"2017-06-02T17:20:24+00:00\",\"mainEntityOfPage\":{\"@id\":\"https:\\\/\\\/interamerica.org\\\/fr\\\/2005\\\/04\\\/soudan-les-employes-dadra-qui-avaient-ete-sequestres-ont-ete-liberes\\\/\"},\"wordCount\":418,\"articleSection\":[\"Archive\"],\"inLanguage\":\"fr-FR\"},{\"@type\":\"WebPage\",\"@id\":\"https:\\\/\\\/interamerica.org\\\/fr\\\/2005\\\/04\\\/soudan-les-employes-dadra-qui-avaient-ete-sequestres-ont-ete-liberes\\\/\",\"url\":\"https:\\\/\\\/interamerica.org\\\/fr\\\/2005\\\/04\\\/soudan-les-employes-dadra-qui-avaient-ete-sequestres-ont-ete-liberes\\\/\",\"name\":\"Soudan : Les Employ\u00e9s d'ADRA Qui Avaient \u00e9t\u00e9 S\u00e9questr\u00e9s Ont \u00e9t\u00e9 Lib\u00e9r\u00e9s - \u00c9glise Adventiste Du Septieme Jour - Inter Am\u00e9rique Division\",\"isPartOf\":{\"@id\":\"https:\\\/\\\/interamerica.org\\\/fr\\\/#website\"},\"datePublished\":\"2005-04-05T04:00:00+00:00\",\"dateModified\":\"2017-06-02T17:20:24+00:00\",\"author\":{\"@id\":\"https:\\\/\\\/interamerica.org\\\/fr\\\/#\\\/schema\\\/person\\\/68ede8bdc292885bb76c1e3810e73c39\"},\"breadcrumb\":{\"@id\":\"https:\\\/\\\/interamerica.org\\\/fr\\\/2005\\\/04\\\/soudan-les-employes-dadra-qui-avaient-ete-sequestres-ont-ete-liberes\\\/#breadcrumb\"},\"inLanguage\":\"fr-FR\",\"potentialAction\":[{\"@type\":\"ReadAction\",\"target\":[\"https:\\\/\\\/interamerica.org\\\/fr\\\/2005\\\/04\\\/soudan-les-employes-dadra-qui-avaient-ete-sequestres-ont-ete-liberes\\\/\"]}]},{\"@type\":\"BreadcrumbList\",\"@id\":\"https:\\\/\\\/interamerica.org\\\/fr\\\/2005\\\/04\\\/soudan-les-employes-dadra-qui-avaient-ete-sequestres-ont-ete-liberes\\\/#breadcrumb\",\"itemListElement\":[{\"@type\":\"ListItem\",\"position\":1,\"name\":\"Home\",\"item\":\"https:\\\/\\\/interamerica.org\\\/fr\\\/\"},{\"@type\":\"ListItem\",\"position\":2,\"name\":\"Soudan : Les Employ\u00e9s d&rsquo;ADRA Qui Avaient \u00e9t\u00e9 S\u00e9questr\u00e9s Ont \u00e9t\u00e9 Lib\u00e9r\u00e9s\"}]},{\"@type\":\"WebSite\",\"@id\":\"https:\\\/\\\/interamerica.org\\\/fr\\\/#website\",\"url\":\"https:\\\/\\\/interamerica.org\\\/fr\\\/\",\"name\":\"\u00c9glise Adventiste Du Septieme Jour - Inter Am\u00e9rique Division\",\"description\":\"\",\"potentialAction\":[{\"@type\":\"SearchAction\",\"target\":{\"@type\":\"EntryPoint\",\"urlTemplate\":\"https:\\\/\\\/interamerica.org\\\/fr\\\/?s={search_term_string}\"},\"query-input\":{\"@type\":\"PropertyValueSpecification\",\"valueRequired\":true,\"valueName\":\"search_term_string\"}}],\"inLanguage\":\"fr-FR\"},{\"@type\":\"Person\",\"@id\":\"https:\\\/\\\/interamerica.org\\\/fr\\\/#\\\/schema\\\/person\\\/68ede8bdc292885bb76c1e3810e73c39\",\"name\":\"Lorenzo Verduzco\",\"image\":{\"@type\":\"ImageObject\",\"inLanguage\":\"fr-FR\",\"@id\":\"https:\\\/\\\/secure.gravatar.com\\\/avatar\\\/fb81a55b6218459490a9c1dc841a34909185b81904c5337b4b27f7a6fd60c49e?s=96&d=mm&r=g\",\"url\":\"https:\\\/\\\/secure.gravatar.com\\\/avatar\\\/fb81a55b6218459490a9c1dc841a34909185b81904c5337b4b27f7a6fd60c49e?s=96&d=mm&r=g\",\"contentUrl\":\"https:\\\/\\\/secure.gravatar.com\\\/avatar\\\/fb81a55b6218459490a9c1dc841a34909185b81904c5337b4b27f7a6fd60c49e?s=96&d=mm&r=g\",\"caption\":\"Lorenzo Verduzco\"}}]}<\/script>\n<!-- \/ Yoast SEO plugin. -->","yoast_head_json":{"title":"Soudan : Les Employ\u00e9s d'ADRA Qui Avaient \u00e9t\u00e9 S\u00e9questr\u00e9s Ont \u00e9t\u00e9 Lib\u00e9r\u00e9s - \u00c9glise Adventiste Du Septieme Jour - Inter Am\u00e9rique Division","robots":{"index":"index","follow":"follow","max-snippet":"max-snippet:-1","max-image-preview":"max-image-preview:large","max-video-preview":"max-video-preview:-1"},"canonical":"https:\/\/interamerica.org\/fr\/2005\/04\/soudan-les-employes-dadra-qui-avaient-ete-sequestres-ont-ete-liberes\/","og_locale":"fr_FR","og_type":"article","og_title":"Soudan : Les Employ\u00e9s d'ADRA Qui Avaient \u00e9t\u00e9 S\u00e9questr\u00e9s Ont \u00e9t\u00e9 Lib\u00e9r\u00e9s - \u00c9glise Adventiste Du Septieme Jour - Inter Am\u00e9rique Division","og_description":"Trois employ\u00e9s d'ADRA qui avaient \u00e9t\u00e9 enlev\u00e9s le 16 d\u00e9cembre 2004","og_url":"https:\/\/interamerica.org\/fr\/2005\/04\/soudan-les-employes-dadra-qui-avaient-ete-sequestres-ont-ete-liberes\/","og_site_name":"\u00c9glise Adventiste Du Septieme Jour - Inter Am\u00e9rique Division","article_published_time":"2005-04-05T04:00:00+00:00","article_modified_time":"2017-06-02T17:20:24+00:00","author":"Lorenzo Verduzco","twitter_card":"summary_large_image","twitter_misc":{"\u00c9crit par":"Lorenzo Verduzco","Dur\u00e9e de lecture estim\u00e9e":"2 minutes"},"schema":{"@context":"https:\/\/schema.org","@graph":[{"@type":"Article","@id":"https:\/\/interamerica.org\/fr\/2005\/04\/soudan-les-employes-dadra-qui-avaient-ete-sequestres-ont-ete-liberes\/#article","isPartOf":{"@id":"https:\/\/interamerica.org\/fr\/2005\/04\/soudan-les-employes-dadra-qui-avaient-ete-sequestres-ont-ete-liberes\/"},"author":{"name":"Lorenzo Verduzco","@id":"https:\/\/interamerica.org\/fr\/#\/schema\/person\/68ede8bdc292885bb76c1e3810e73c39"},"headline":"Soudan : Les Employ\u00e9s d&rsquo;ADRA Qui Avaient \u00e9t\u00e9 S\u00e9questr\u00e9s Ont \u00e9t\u00e9 Lib\u00e9r\u00e9s","datePublished":"2005-04-05T04:00:00+00:00","dateModified":"2017-06-02T17:20:24+00:00","mainEntityOfPage":{"@id":"https:\/\/interamerica.org\/fr\/2005\/04\/soudan-les-employes-dadra-qui-avaient-ete-sequestres-ont-ete-liberes\/"},"wordCount":418,"articleSection":["Archive"],"inLanguage":"fr-FR"},{"@type":"WebPage","@id":"https:\/\/interamerica.org\/fr\/2005\/04\/soudan-les-employes-dadra-qui-avaient-ete-sequestres-ont-ete-liberes\/","url":"https:\/\/interamerica.org\/fr\/2005\/04\/soudan-les-employes-dadra-qui-avaient-ete-sequestres-ont-ete-liberes\/","name":"Soudan : Les Employ\u00e9s d'ADRA Qui Avaient \u00e9t\u00e9 S\u00e9questr\u00e9s Ont \u00e9t\u00e9 Lib\u00e9r\u00e9s - \u00c9glise Adventiste Du Septieme Jour - Inter Am\u00e9rique Division","isPartOf":{"@id":"https:\/\/interamerica.org\/fr\/#website"},"datePublished":"2005-04-05T04:00:00+00:00","dateModified":"2017-06-02T17:20:24+00:00","author":{"@id":"https:\/\/interamerica.org\/fr\/#\/schema\/person\/68ede8bdc292885bb76c1e3810e73c39"},"breadcrumb":{"@id":"https:\/\/interamerica.org\/fr\/2005\/04\/soudan-les-employes-dadra-qui-avaient-ete-sequestres-ont-ete-liberes\/#breadcrumb"},"inLanguage":"fr-FR","potentialAction":[{"@type":"ReadAction","target":["https:\/\/interamerica.org\/fr\/2005\/04\/soudan-les-employes-dadra-qui-avaient-ete-sequestres-ont-ete-liberes\/"]}]},{"@type":"BreadcrumbList","@id":"https:\/\/interamerica.org\/fr\/2005\/04\/soudan-les-employes-dadra-qui-avaient-ete-sequestres-ont-ete-liberes\/#breadcrumb","itemListElement":[{"@type":"ListItem","position":1,"name":"Home","item":"https:\/\/interamerica.org\/fr\/"},{"@type":"ListItem","position":2,"name":"Soudan : Les Employ\u00e9s d&rsquo;ADRA Qui Avaient \u00e9t\u00e9 S\u00e9questr\u00e9s Ont \u00e9t\u00e9 Lib\u00e9r\u00e9s"}]},{"@type":"WebSite","@id":"https:\/\/interamerica.org\/fr\/#website","url":"https:\/\/interamerica.org\/fr\/","name":"\u00c9glise Adventiste Du Septieme Jour - Inter Am\u00e9rique Division","description":"","potentialAction":[{"@type":"SearchAction","target":{"@type":"EntryPoint","urlTemplate":"https:\/\/interamerica.org\/fr\/?s={search_term_string}"},"query-input":{"@type":"PropertyValueSpecification","valueRequired":true,"valueName":"search_term_string"}}],"inLanguage":"fr-FR"},{"@type":"Person","@id":"https:\/\/interamerica.org\/fr\/#\/schema\/person\/68ede8bdc292885bb76c1e3810e73c39","name":"Lorenzo Verduzco","image":{"@type":"ImageObject","inLanguage":"fr-FR","@id":"https:\/\/secure.gravatar.com\/avatar\/fb81a55b6218459490a9c1dc841a34909185b81904c5337b4b27f7a6fd60c49e?s=96&d=mm&r=g","url":"https:\/\/secure.gravatar.com\/avatar\/fb81a55b6218459490a9c1dc841a34909185b81904c5337b4b27f7a6fd60c49e?s=96&d=mm&r=g","contentUrl":"https:\/\/secure.gravatar.com\/avatar\/fb81a55b6218459490a9c1dc841a34909185b81904c5337b4b27f7a6fd60c49e?s=96&d=mm&r=g","caption":"Lorenzo Verduzco"}}]}},"_links":{"self":[{"href":"https:\/\/interamerica.org\/fr\/wp-json\/wp\/v2\/posts\/12325","targetHints":{"allow":["GET"]}}],"collection":[{"href":"https:\/\/interamerica.org\/fr\/wp-json\/wp\/v2\/posts"}],"about":[{"href":"https:\/\/interamerica.org\/fr\/wp-json\/wp\/v2\/types\/post"}],"author":[{"embeddable":true,"href":"https:\/\/interamerica.org\/fr\/wp-json\/wp\/v2\/users\/1"}],"replies":[{"embeddable":true,"href":"https:\/\/interamerica.org\/fr\/wp-json\/wp\/v2\/comments?post=12325"}],"version-history":[{"count":0,"href":"https:\/\/interamerica.org\/fr\/wp-json\/wp\/v2\/posts\/12325\/revisions"}],"wp:attachment":[{"href":"https:\/\/interamerica.org\/fr\/wp-json\/wp\/v2\/media?parent=12325"}],"wp:term":[{"taxonomy":"category","embeddable":true,"href":"https:\/\/interamerica.org\/fr\/wp-json\/wp\/v2\/categories?post=12325"},{"taxonomy":"post_tag","embeddable":true,"href":"https:\/\/interamerica.org\/fr\/wp-json\/wp\/v2\/tags?post=12325"}],"curies":[{"name":"wp","href":"https:\/\/api.w.org\/{rel}","templated":true}]}}