{"id":12326,"date":"2005-04-05T00:00:00","date_gmt":"2005-04-05T04:00:00","guid":{"rendered":"http:\/\/192.81.217.108\/interamerica\/2005\/04\/philippines-un-timbre-poste-commemorant-le-centenaire-de-leglise-adventiste-est-emis\/"},"modified":"2017-06-02T13:20:25","modified_gmt":"2017-06-02T17:20:25","slug":"philippines-un-timbre-poste-commemorant-le-centenaire-de-leglise-adventiste-est-emis","status":"publish","type":"post","link":"https:\/\/interamerica.org\/fr\/2005\/04\/philippines-un-timbre-poste-commemorant-le-centenaire-de-leglise-adventiste-est-emis\/","title":{"rendered":"Philippines :\u00a0Un Timbre Poste Comm\u00e9morant le Centenaire de l&rsquo;Eglise Adventiste Est Emis"},"content":{"rendered":"<p>Manille, Philippines.<\/p>\n<p>De m\u00eame qu&rsquo;environ deux douzaines d&rsquo;organisations, la R\u00e9publique des Philippines a \u00e9mis un timbre poste comm\u00e9moratif pour les 100 ann\u00e9es de pr\u00e9sence de l&rsquo;\u00c9glise Adventiste du Septi\u00e8me Jours dans le pays.<\/p>\n<p>Le timbre poste montre \u00ab\u00a0Dieu Veillant sur Manille,\u00a0\u00bb un tableau peint par O.T. Navarra en 1967 et expos\u00e9 au Centre M\u00e9dical Adventiste de Manille. Il montre aussi le logo de l&rsquo;\u00e9glise Adventiste du Septi\u00e8me Jour refl\u00e8tant la vraie valeur \u00e0 laquelle l&rsquo;\u00e9glise est attach\u00e9e ainsi qu&rsquo;une nouvelle \u00c9glise Adventiste de la R\u00e9gion Nord des Philippines.<\/p>\n<p>Alfonso Divina, un employ\u00e9 des postes depuis de longue date et membre de l&rsquo;\u00e9glise Adventiste, a particip\u00e9 dans la conception et la maquette du timbre. Leomer Batulayan, ancien directeur d&rsquo;ADRA aux Philippines, a coordonn\u00e9 les d\u00e9marches pour obtenir l&rsquo;approbation de ce timbre postal comm\u00e9moratif.<\/p>\n<p>\u00ab\u00a0C&rsquo;est une exp\u00e9rience palpitante mais humble de participer \u00e0 cette f\u00eate en utilisant les talents que Dieu m&rsquo;a donn\u00e9s,\u00a0\u00bb a dit Divina. \u00ab\u00a0Maintenant je suis heureux de me retirer du service du gouvernement au moment o\u00f9 j&rsquo;ai effectu\u00e9 quelque chose de m\u00e9morable pour mon \u00e9glise !\u00a0\u00bb<\/p>\n<p>Le timbre co\u00fbtant 6 pesos (environ 0.11 de $ am\u00e9ricain, .10 \u20ac), \u00e9mis le 16 f\u00e9vrier, est le prix pay\u00e9 pour timbrer une enveloppe normale dans chacune des principales r\u00e9gions du pays. L&rsquo;\u00e9dition de ce timbre tout en couleurs a marqu\u00e9 le centenaire de l&rsquo;\u00e9glise, c\u00e9l\u00e9br\u00e9 du 2 au 5 mars par plus de 1,3 million d&rsquo;Adventistes dans cette R\u00e9publique de 7,100 \u00eeles.<\/p>\n<p>Pendant sa visite r\u00e9cente dans le pays, Pasteur Jan Paulsen, pr\u00e9sident de l&rsquo;\u00e9glise Adventiste mondiale, a re\u00e7u une affiche publicitaire du timbre, selon Jonathan C. Catolico, directeur de communication pour la r\u00e9gion de l&rsquo;Asie Pacifique Sud.<\/p>\n<p>Durant ses 100 ans de pr\u00e9sence dans les Philippines, l&rsquo;\u00c9glise Adventiste du Septi\u00e8me Jour a \u00e9tabli 4,190 \u00e9glises, sept h\u00f4pitaux, des centaines d&rsquo;\u00e9coles, incluant une universit\u00e9, la plus grande du monde \u00e9ducatif Protestant aux Philippines. L&rsquo;un de ses principaux \u00e9tablissements\u00a0 m\u00e9dicaux est l&rsquo;ancien Centre M\u00e9dical Adventiste de Manille \u00e2g\u00e9 aujourd&rsquo;hui de 75 ans, connu, autrefois,sous le nom de H\u00f4pital Sanatorium de Manille (Manila Sanitarium and Hospital), dans la Ville de Pasay, au premier rang de la m\u00e9decine non traditionnelle et pr\u00e9ventive.<\/p>\n<p>Bien que des timbres poste adh\u00e9sifs existent depuis environ 165 ans, c&rsquo;est seulement durant ces 38 derni\u00e8res ann\u00e9es qu&rsquo;ils d\u00e9peignent des th\u00e8mes adventistes. Le premier, \u00e9mis \u00e0 Madagascar en 1967, montrait le quartier g\u00e9n\u00e9ral de la mission et l&rsquo;\u00e9glise de Tamatave, une ville situ\u00e9e sur la c\u00f4te Est.<\/p>\n<p>L&rsquo;Uruguay, le Samoa Occidental, la Russie, les \u00celes de Norfolk et de Tonga ont aussi publi\u00e9 des timbres poste d\u00e9peignant les activit\u00e9s de l&rsquo;\u00e9glise adventiste.<\/p>\n<p>Un \u00e9v\u00e9nement marquant dans la philat\u00e9lie adventiste a eu lieu en l&rsquo;an 2000, quand la Poste canadienne a sorti un timbre de 46 cents pour comm\u00e9morer la convocation mondiale de l&rsquo;\u00e9glise adventiste \u00e0 Toronto cette ann\u00e9e-l\u00e0. Le pr\u00e9sident et g\u00e9rant g\u00e9n\u00e9ral de la Poste du Canada, Andr\u00e9 Ouellette, a pr\u00e9sent\u00e9 le timbre au Pasteur Paulsen lors de cet \u00e9v\u00e9nement.<\/p>\n<p>Le plus grand nombre de timbre \u00e9mis, mentionnant l&rsquo;\u00e9glise adventiste est originaire d&rsquo;une petite \u00eele du Pacifique. L&rsquo;\u00cele Pitcairn, dont la population a r\u00e9pondu au message de la Bible en 1886, lors du passage du missionnaire John L. Tay, a \u00e9mis des timbres comm\u00e9moratifs qui montraient Tay, l&rsquo;\u00e9glise dans l&rsquo;\u00eele, un bapt\u00eame local, le bateau missionnaire \u00ab\u00a0Pitcairn\u00a0\u00bb et l&rsquo;\u00e9cole d&rsquo;\u00e9glise dans l&rsquo;\u00eele.<\/p>\n","protected":false},"excerpt":{"rendered":"<p>De m\u00eame qu&rsquo;environ deux douzaines d&rsquo;organisations, la R\u00e9publique des Philippines a \u00e9mis un timbre poste comm\u00e9moratif pour les 100 ann\u00e9es de pr\u00e9sence de l&rsquo;\u00c9glise Adventiste du Septi\u00e8me Jours dans le pays.<\/p>\n","protected":false},"author":1,"featured_media":0,"comment_status":"closed","ping_status":"closed","sticky":false,"template":"","format":"standard","meta":{"_acf_changed":false,"footnotes":""},"categories":[9],"tags":[],"class_list":["post-12326","post","type-post","status-publish","format-standard","hentry","category-archive-fr"],"acf":[],"yoast_head":"<!-- This site is optimized with the Yoast SEO plugin v27.3 - https:\/\/yoast.com\/product\/yoast-seo-wordpress\/ -->\n<title>Philippines :\u00a0Un Timbre Poste Comm\u00e9morant le Centenaire de l&#039;Eglise Adventiste Est Emis - \u00c9glise Adventiste Du Septieme Jour - Inter Am\u00e9rique Division<\/title>\n<meta name=\"robots\" content=\"index, follow, max-snippet:-1, max-image-preview:large, max-video-preview:-1\" \/>\n<link rel=\"canonical\" href=\"https:\/\/interamerica.org\/fr\/2005\/04\/philippines-un-timbre-poste-commemorant-le-centenaire-de-leglise-adventiste-est-emis\/\" \/>\n<meta property=\"og:locale\" content=\"fr_FR\" \/>\n<meta property=\"og:type\" content=\"article\" \/>\n<meta property=\"og:title\" content=\"Philippines :\u00a0Un Timbre Poste Comm\u00e9morant le Centenaire de l&#039;Eglise Adventiste Est Emis - \u00c9glise Adventiste Du Septieme Jour - Inter Am\u00e9rique Division\" \/>\n<meta property=\"og:description\" content=\"De m\u00eame qu&#039;environ deux douzaines d&#039;organisations, la R\u00e9publique des Philippines a \u00e9mis un timbre poste comm\u00e9moratif pour les 100 ann\u00e9es de pr\u00e9sence de l&#039;\u00c9glise Adventiste du Septi\u00e8me Jours dans le pays.\" \/>\n<meta property=\"og:url\" content=\"https:\/\/interamerica.org\/fr\/2005\/04\/philippines-un-timbre-poste-commemorant-le-centenaire-de-leglise-adventiste-est-emis\/\" \/>\n<meta property=\"og:site_name\" content=\"\u00c9glise Adventiste Du Septieme Jour - Inter Am\u00e9rique Division\" \/>\n<meta property=\"article:published_time\" content=\"2005-04-05T04:00:00+00:00\" \/>\n<meta property=\"article:modified_time\" content=\"2017-06-02T17:20:25+00:00\" \/>\n<meta name=\"author\" content=\"Lorenzo Verduzco\" \/>\n<meta name=\"twitter:card\" content=\"summary_large_image\" \/>\n<meta name=\"twitter:label1\" content=\"\u00c9crit par\" \/>\n\t<meta name=\"twitter:data1\" content=\"Lorenzo Verduzco\" \/>\n\t<meta name=\"twitter:label2\" content=\"Dur\u00e9e de lecture estim\u00e9e\" \/>\n\t<meta name=\"twitter:data2\" content=\"3 minutes\" \/>\n<script type=\"application\/ld+json\" class=\"yoast-schema-graph\">{\"@context\":\"https:\\\/\\\/schema.org\",\"@graph\":[{\"@type\":\"Article\",\"@id\":\"https:\\\/\\\/interamerica.org\\\/fr\\\/2005\\\/04\\\/philippines-un-timbre-poste-commemorant-le-centenaire-de-leglise-adventiste-est-emis\\\/#article\",\"isPartOf\":{\"@id\":\"https:\\\/\\\/interamerica.org\\\/fr\\\/2005\\\/04\\\/philippines-un-timbre-poste-commemorant-le-centenaire-de-leglise-adventiste-est-emis\\\/\"},\"author\":{\"name\":\"Lorenzo Verduzco\",\"@id\":\"https:\\\/\\\/interamerica.org\\\/fr\\\/#\\\/schema\\\/person\\\/68ede8bdc292885bb76c1e3810e73c39\"},\"headline\":\"Philippines :\u00a0Un Timbre Poste Comm\u00e9morant le Centenaire de l&rsquo;Eglise Adventiste Est Emis\",\"datePublished\":\"2005-04-05T04:00:00+00:00\",\"dateModified\":\"2017-06-02T17:20:25+00:00\",\"mainEntityOfPage\":{\"@id\":\"https:\\\/\\\/interamerica.org\\\/fr\\\/2005\\\/04\\\/philippines-un-timbre-poste-commemorant-le-centenaire-de-leglise-adventiste-est-emis\\\/\"},\"wordCount\":639,\"articleSection\":[\"Archive\"],\"inLanguage\":\"fr-FR\"},{\"@type\":\"WebPage\",\"@id\":\"https:\\\/\\\/interamerica.org\\\/fr\\\/2005\\\/04\\\/philippines-un-timbre-poste-commemorant-le-centenaire-de-leglise-adventiste-est-emis\\\/\",\"url\":\"https:\\\/\\\/interamerica.org\\\/fr\\\/2005\\\/04\\\/philippines-un-timbre-poste-commemorant-le-centenaire-de-leglise-adventiste-est-emis\\\/\",\"name\":\"Philippines :\u00a0Un Timbre Poste Comm\u00e9morant le Centenaire de l'Eglise Adventiste Est Emis - \u00c9glise Adventiste Du Septieme Jour - Inter Am\u00e9rique Division\",\"isPartOf\":{\"@id\":\"https:\\\/\\\/interamerica.org\\\/fr\\\/#website\"},\"datePublished\":\"2005-04-05T04:00:00+00:00\",\"dateModified\":\"2017-06-02T17:20:25+00:00\",\"author\":{\"@id\":\"https:\\\/\\\/interamerica.org\\\/fr\\\/#\\\/schema\\\/person\\\/68ede8bdc292885bb76c1e3810e73c39\"},\"breadcrumb\":{\"@id\":\"https:\\\/\\\/interamerica.org\\\/fr\\\/2005\\\/04\\\/philippines-un-timbre-poste-commemorant-le-centenaire-de-leglise-adventiste-est-emis\\\/#breadcrumb\"},\"inLanguage\":\"fr-FR\",\"potentialAction\":[{\"@type\":\"ReadAction\",\"target\":[\"https:\\\/\\\/interamerica.org\\\/fr\\\/2005\\\/04\\\/philippines-un-timbre-poste-commemorant-le-centenaire-de-leglise-adventiste-est-emis\\\/\"]}]},{\"@type\":\"BreadcrumbList\",\"@id\":\"https:\\\/\\\/interamerica.org\\\/fr\\\/2005\\\/04\\\/philippines-un-timbre-poste-commemorant-le-centenaire-de-leglise-adventiste-est-emis\\\/#breadcrumb\",\"itemListElement\":[{\"@type\":\"ListItem\",\"position\":1,\"name\":\"Home\",\"item\":\"https:\\\/\\\/interamerica.org\\\/fr\\\/\"},{\"@type\":\"ListItem\",\"position\":2,\"name\":\"Philippines :\u00a0Un Timbre Poste Comm\u00e9morant le Centenaire de l&rsquo;Eglise Adventiste Est Emis\"}]},{\"@type\":\"WebSite\",\"@id\":\"https:\\\/\\\/interamerica.org\\\/fr\\\/#website\",\"url\":\"https:\\\/\\\/interamerica.org\\\/fr\\\/\",\"name\":\"\u00c9glise Adventiste Du Septieme Jour - Inter Am\u00e9rique Division\",\"description\":\"\",\"potentialAction\":[{\"@type\":\"SearchAction\",\"target\":{\"@type\":\"EntryPoint\",\"urlTemplate\":\"https:\\\/\\\/interamerica.org\\\/fr\\\/?s={search_term_string}\"},\"query-input\":{\"@type\":\"PropertyValueSpecification\",\"valueRequired\":true,\"valueName\":\"search_term_string\"}}],\"inLanguage\":\"fr-FR\"},{\"@type\":\"Person\",\"@id\":\"https:\\\/\\\/interamerica.org\\\/fr\\\/#\\\/schema\\\/person\\\/68ede8bdc292885bb76c1e3810e73c39\",\"name\":\"Lorenzo Verduzco\",\"image\":{\"@type\":\"ImageObject\",\"inLanguage\":\"fr-FR\",\"@id\":\"https:\\\/\\\/secure.gravatar.com\\\/avatar\\\/fb81a55b6218459490a9c1dc841a34909185b81904c5337b4b27f7a6fd60c49e?s=96&d=mm&r=g\",\"url\":\"https:\\\/\\\/secure.gravatar.com\\\/avatar\\\/fb81a55b6218459490a9c1dc841a34909185b81904c5337b4b27f7a6fd60c49e?s=96&d=mm&r=g\",\"contentUrl\":\"https:\\\/\\\/secure.gravatar.com\\\/avatar\\\/fb81a55b6218459490a9c1dc841a34909185b81904c5337b4b27f7a6fd60c49e?s=96&d=mm&r=g\",\"caption\":\"Lorenzo Verduzco\"}}]}<\/script>\n<!-- \/ Yoast SEO plugin. -->","yoast_head_json":{"title":"Philippines :\u00a0Un Timbre Poste Comm\u00e9morant le Centenaire de l'Eglise Adventiste Est Emis - \u00c9glise Adventiste Du Septieme Jour - Inter Am\u00e9rique Division","robots":{"index":"index","follow":"follow","max-snippet":"max-snippet:-1","max-image-preview":"max-image-preview:large","max-video-preview":"max-video-preview:-1"},"canonical":"https:\/\/interamerica.org\/fr\/2005\/04\/philippines-un-timbre-poste-commemorant-le-centenaire-de-leglise-adventiste-est-emis\/","og_locale":"fr_FR","og_type":"article","og_title":"Philippines :\u00a0Un Timbre Poste Comm\u00e9morant le Centenaire de l'Eglise Adventiste Est Emis - \u00c9glise Adventiste Du Septieme Jour - Inter Am\u00e9rique Division","og_description":"De m\u00eame qu'environ deux douzaines d'organisations, la R\u00e9publique des Philippines a \u00e9mis un timbre poste comm\u00e9moratif pour les 100 ann\u00e9es de pr\u00e9sence de l'\u00c9glise Adventiste du Septi\u00e8me Jours dans le pays.","og_url":"https:\/\/interamerica.org\/fr\/2005\/04\/philippines-un-timbre-poste-commemorant-le-centenaire-de-leglise-adventiste-est-emis\/","og_site_name":"\u00c9glise Adventiste Du Septieme Jour - Inter Am\u00e9rique Division","article_published_time":"2005-04-05T04:00:00+00:00","article_modified_time":"2017-06-02T17:20:25+00:00","author":"Lorenzo Verduzco","twitter_card":"summary_large_image","twitter_misc":{"\u00c9crit par":"Lorenzo Verduzco","Dur\u00e9e de lecture estim\u00e9e":"3 minutes"},"schema":{"@context":"https:\/\/schema.org","@graph":[{"@type":"Article","@id":"https:\/\/interamerica.org\/fr\/2005\/04\/philippines-un-timbre-poste-commemorant-le-centenaire-de-leglise-adventiste-est-emis\/#article","isPartOf":{"@id":"https:\/\/interamerica.org\/fr\/2005\/04\/philippines-un-timbre-poste-commemorant-le-centenaire-de-leglise-adventiste-est-emis\/"},"author":{"name":"Lorenzo Verduzco","@id":"https:\/\/interamerica.org\/fr\/#\/schema\/person\/68ede8bdc292885bb76c1e3810e73c39"},"headline":"Philippines :\u00a0Un Timbre Poste Comm\u00e9morant le Centenaire de l&rsquo;Eglise Adventiste Est Emis","datePublished":"2005-04-05T04:00:00+00:00","dateModified":"2017-06-02T17:20:25+00:00","mainEntityOfPage":{"@id":"https:\/\/interamerica.org\/fr\/2005\/04\/philippines-un-timbre-poste-commemorant-le-centenaire-de-leglise-adventiste-est-emis\/"},"wordCount":639,"articleSection":["Archive"],"inLanguage":"fr-FR"},{"@type":"WebPage","@id":"https:\/\/interamerica.org\/fr\/2005\/04\/philippines-un-timbre-poste-commemorant-le-centenaire-de-leglise-adventiste-est-emis\/","url":"https:\/\/interamerica.org\/fr\/2005\/04\/philippines-un-timbre-poste-commemorant-le-centenaire-de-leglise-adventiste-est-emis\/","name":"Philippines :\u00a0Un Timbre Poste Comm\u00e9morant le Centenaire de l'Eglise Adventiste Est Emis - \u00c9glise Adventiste Du Septieme Jour - Inter Am\u00e9rique Division","isPartOf":{"@id":"https:\/\/interamerica.org\/fr\/#website"},"datePublished":"2005-04-05T04:00:00+00:00","dateModified":"2017-06-02T17:20:25+00:00","author":{"@id":"https:\/\/interamerica.org\/fr\/#\/schema\/person\/68ede8bdc292885bb76c1e3810e73c39"},"breadcrumb":{"@id":"https:\/\/interamerica.org\/fr\/2005\/04\/philippines-un-timbre-poste-commemorant-le-centenaire-de-leglise-adventiste-est-emis\/#breadcrumb"},"inLanguage":"fr-FR","potentialAction":[{"@type":"ReadAction","target":["https:\/\/interamerica.org\/fr\/2005\/04\/philippines-un-timbre-poste-commemorant-le-centenaire-de-leglise-adventiste-est-emis\/"]}]},{"@type":"BreadcrumbList","@id":"https:\/\/interamerica.org\/fr\/2005\/04\/philippines-un-timbre-poste-commemorant-le-centenaire-de-leglise-adventiste-est-emis\/#breadcrumb","itemListElement":[{"@type":"ListItem","position":1,"name":"Home","item":"https:\/\/interamerica.org\/fr\/"},{"@type":"ListItem","position":2,"name":"Philippines :\u00a0Un Timbre Poste Comm\u00e9morant le Centenaire de l&rsquo;Eglise Adventiste Est Emis"}]},{"@type":"WebSite","@id":"https:\/\/interamerica.org\/fr\/#website","url":"https:\/\/interamerica.org\/fr\/","name":"\u00c9glise Adventiste Du Septieme Jour - Inter Am\u00e9rique Division","description":"","potentialAction":[{"@type":"SearchAction","target":{"@type":"EntryPoint","urlTemplate":"https:\/\/interamerica.org\/fr\/?s={search_term_string}"},"query-input":{"@type":"PropertyValueSpecification","valueRequired":true,"valueName":"search_term_string"}}],"inLanguage":"fr-FR"},{"@type":"Person","@id":"https:\/\/interamerica.org\/fr\/#\/schema\/person\/68ede8bdc292885bb76c1e3810e73c39","name":"Lorenzo Verduzco","image":{"@type":"ImageObject","inLanguage":"fr-FR","@id":"https:\/\/secure.gravatar.com\/avatar\/fb81a55b6218459490a9c1dc841a34909185b81904c5337b4b27f7a6fd60c49e?s=96&d=mm&r=g","url":"https:\/\/secure.gravatar.com\/avatar\/fb81a55b6218459490a9c1dc841a34909185b81904c5337b4b27f7a6fd60c49e?s=96&d=mm&r=g","contentUrl":"https:\/\/secure.gravatar.com\/avatar\/fb81a55b6218459490a9c1dc841a34909185b81904c5337b4b27f7a6fd60c49e?s=96&d=mm&r=g","caption":"Lorenzo Verduzco"}}]}},"_links":{"self":[{"href":"https:\/\/interamerica.org\/fr\/wp-json\/wp\/v2\/posts\/12326","targetHints":{"allow":["GET"]}}],"collection":[{"href":"https:\/\/interamerica.org\/fr\/wp-json\/wp\/v2\/posts"}],"about":[{"href":"https:\/\/interamerica.org\/fr\/wp-json\/wp\/v2\/types\/post"}],"author":[{"embeddable":true,"href":"https:\/\/interamerica.org\/fr\/wp-json\/wp\/v2\/users\/1"}],"replies":[{"embeddable":true,"href":"https:\/\/interamerica.org\/fr\/wp-json\/wp\/v2\/comments?post=12326"}],"version-history":[{"count":0,"href":"https:\/\/interamerica.org\/fr\/wp-json\/wp\/v2\/posts\/12326\/revisions"}],"wp:attachment":[{"href":"https:\/\/interamerica.org\/fr\/wp-json\/wp\/v2\/media?parent=12326"}],"wp:term":[{"taxonomy":"category","embeddable":true,"href":"https:\/\/interamerica.org\/fr\/wp-json\/wp\/v2\/categories?post=12326"},{"taxonomy":"post_tag","embeddable":true,"href":"https:\/\/interamerica.org\/fr\/wp-json\/wp\/v2\/tags?post=12326"}],"curies":[{"name":"wp","href":"https:\/\/api.w.org\/{rel}","templated":true}]}}