{"id":12327,"date":"2005-03-06T00:00:00","date_gmt":"2005-03-06T04:00:00","guid":{"rendered":"http:\/\/192.81.217.108\/interamerica\/2005\/03\/panama-les-dirigeants-de-leglise-se-sont-rencontres-pour-etudier-et-faire-face-a-la-croissance-rapide-de-leglise\/"},"modified":"2017-06-02T13:20:32","modified_gmt":"2017-06-02T17:20:32","slug":"panama-les-dirigeants-de-leglise-se-sont-rencontres-pour-etudier-et-faire-face-a-la-croissance-rapide-de-leglise","status":"publish","type":"post","link":"https:\/\/interamerica.org\/fr\/2005\/03\/panama-les-dirigeants-de-leglise-se-sont-rencontres-pour-etudier-et-faire-face-a-la-croissance-rapide-de-leglise\/","title":{"rendered":"Panama : Les Dirigeants de l&rsquo;\u00c9glise Se sont Rencontr\u00e9s Pour \u00c9tudier Et Faire Face \u00e0 La Croissance Rapide de l&rsquo;\u00c9glise"},"content":{"rendered":"<p>Panama City, Panama<\/p>\n<p>Plus de 60 dirigeants de premi\u00e8re ligne de l&rsquo;\u00e9glise venant de toutes les parties des 15 r\u00e9gions de la Division Interam\u00e9ricaine se sont rencontr\u00e9s lors d&rsquo;un sommet financier pour passer en revue les pratiques financi\u00e8res dans les organisations et institutions, \u00e0 Panama City, les 22 et 23 f\u00e9vrier.<\/p>\n<p>Filiberto Verduzco, tr\u00e9sorier de l&rsquo;\u00e9glise en Inter-Am\u00e9rique, a dirig\u00e9 les r\u00e9unions et a soulign\u00e9 aux administrateurs pr\u00e9sents l&rsquo;importance de ces r\u00e9unions.<\/p>\n<p>\u00ab\u00a0Nous voulons \u00e9tablir des param\u00e8tres pour renforcer la stabilit\u00e9 financi\u00e8re de l&rsquo;\u00e9glise pour les cinq ann\u00e9es \u00e0 venir,\u00a0\u00bb a dit Verduzco.<\/p>\n<p>\u00ab\u00a0Vu l&rsquo;augmentation du nombre de membres durant les cinq derni\u00e8res ann\u00e9es, depuis l&rsquo;an 2000, avec un enregistrement actuel de 2.5 millions de membres dans les 15 territoires r\u00e9gionaux de la Division, il est n\u00e9cessaire que nous fassions un \u00e9tat des lieux;\u00a0\u00bb<\/p>\n<p>\u00ab\u00a0La croissance en Inter-Am\u00e9rique requiert que l&rsquo;\u00e9glise soit financi\u00e8rement forte pour \u00eatre en mesure de r\u00e9pondre aux demandes d&rsquo;un tel d\u00e9veloppement,\u00a0\u00bb ajoute-t-il.<\/p>\n<p>Ce concile a trait\u00e9 de l&rsquo;\u00e9tablissement de directives financi\u00e8res, fait des recommandations quant au nombre d&#8217;employ\u00e9s par organisation index\u00e9 sur son nombre de membres et propos\u00e9 la mise en place d&rsquo;un programme de gestion chr\u00e9tienne plus pouss\u00e9 et plus entreprenant dans le but de stimuler la fid\u00e9lit\u00e9 et la participation financi\u00e8re des membres. On a aussi \u00e9tudi\u00e9 les diff\u00e9rents r\u00e8glements et pratiques d&rsquo;assurance-maladie, aussi bien que le r\u00f4le de l&rsquo;administration lors des audits pour un meilleur contr\u00f4le financier.<\/p>\n<p>Le maire de la ville, Juan Carlos Navarro a souhait\u00e9 la bienvenue aux administrateurs de l&rsquo;\u00e9glise, pr\u00e9sidents des unions et directeurs des institutions, secr\u00e9taires ex\u00e9cutifs et tr\u00e9soriers ayant voyag\u00e9 pour participer \u00e0 ce Concile.<\/p>\n","protected":false},"excerpt":{"rendered":"<p>Plus de 60 dirigeants de premi\u00e8re ligne de l&rsquo;\u00e9glise venant de toutes les parties des 15 r\u00e9gions de la Division Interam\u00e9ricaine se sont rencontr\u00e9s lors d&rsquo;un sommet financier pour passer en revue les pratiques financi\u00e8res dans les organisati<\/p>\n","protected":false},"author":1,"featured_media":0,"comment_status":"closed","ping_status":"closed","sticky":false,"template":"","format":"standard","meta":{"_acf_changed":false,"footnotes":""},"categories":[9],"tags":[],"class_list":["post-12327","post","type-post","status-publish","format-standard","hentry","category-archive-fr"],"acf":[],"yoast_head":"<!-- This site is optimized with the Yoast SEO plugin v27.3 - https:\/\/yoast.com\/product\/yoast-seo-wordpress\/ -->\n<title>Panama : Les Dirigeants de l&#039;\u00c9glise Se sont Rencontr\u00e9s Pour \u00c9tudier Et Faire Face \u00e0 La Croissance Rapide de l&#039;\u00c9glise - \u00c9glise Adventiste Du Septieme Jour - Inter Am\u00e9rique Division<\/title>\n<meta name=\"robots\" content=\"index, follow, max-snippet:-1, max-image-preview:large, max-video-preview:-1\" \/>\n<link rel=\"canonical\" href=\"https:\/\/interamerica.org\/fr\/2005\/03\/panama-les-dirigeants-de-leglise-se-sont-rencontres-pour-etudier-et-faire-face-a-la-croissance-rapide-de-leglise\/\" \/>\n<meta property=\"og:locale\" content=\"fr_FR\" \/>\n<meta property=\"og:type\" content=\"article\" \/>\n<meta property=\"og:title\" content=\"Panama : Les Dirigeants de l&#039;\u00c9glise Se sont Rencontr\u00e9s Pour \u00c9tudier Et Faire Face \u00e0 La Croissance Rapide de l&#039;\u00c9glise - \u00c9glise Adventiste Du Septieme Jour - Inter Am\u00e9rique Division\" \/>\n<meta property=\"og:description\" content=\"Plus de 60 dirigeants de premi\u00e8re ligne de l&#039;\u00e9glise venant de toutes les parties des 15 r\u00e9gions de la Division Interam\u00e9ricaine se sont rencontr\u00e9s lors d&#039;un sommet financier pour passer en revue les pratiques financi\u00e8res dans les organisati\" \/>\n<meta property=\"og:url\" content=\"https:\/\/interamerica.org\/fr\/2005\/03\/panama-les-dirigeants-de-leglise-se-sont-rencontres-pour-etudier-et-faire-face-a-la-croissance-rapide-de-leglise\/\" \/>\n<meta property=\"og:site_name\" content=\"\u00c9glise Adventiste Du Septieme Jour - Inter Am\u00e9rique Division\" \/>\n<meta property=\"article:published_time\" content=\"2005-03-06T04:00:00+00:00\" \/>\n<meta property=\"article:modified_time\" content=\"2017-06-02T17:20:32+00:00\" \/>\n<meta name=\"author\" content=\"Lorenzo Verduzco\" \/>\n<meta name=\"twitter:card\" content=\"summary_large_image\" \/>\n<meta name=\"twitter:label1\" content=\"\u00c9crit par\" \/>\n\t<meta name=\"twitter:data1\" content=\"Lorenzo Verduzco\" \/>\n\t<meta name=\"twitter:label2\" content=\"Dur\u00e9e de lecture estim\u00e9e\" \/>\n\t<meta name=\"twitter:data2\" content=\"1 minute\" \/>\n<script type=\"application\/ld+json\" class=\"yoast-schema-graph\">{\"@context\":\"https:\\\/\\\/schema.org\",\"@graph\":[{\"@type\":\"Article\",\"@id\":\"https:\\\/\\\/interamerica.org\\\/fr\\\/2005\\\/03\\\/panama-les-dirigeants-de-leglise-se-sont-rencontres-pour-etudier-et-faire-face-a-la-croissance-rapide-de-leglise\\\/#article\",\"isPartOf\":{\"@id\":\"https:\\\/\\\/interamerica.org\\\/fr\\\/2005\\\/03\\\/panama-les-dirigeants-de-leglise-se-sont-rencontres-pour-etudier-et-faire-face-a-la-croissance-rapide-de-leglise\\\/\"},\"author\":{\"name\":\"Lorenzo Verduzco\",\"@id\":\"https:\\\/\\\/interamerica.org\\\/fr\\\/#\\\/schema\\\/person\\\/68ede8bdc292885bb76c1e3810e73c39\"},\"headline\":\"Panama : Les Dirigeants de l&rsquo;\u00c9glise Se sont Rencontr\u00e9s Pour \u00c9tudier Et Faire Face \u00e0 La Croissance Rapide de l&rsquo;\u00c9glise\",\"datePublished\":\"2005-03-06T04:00:00+00:00\",\"dateModified\":\"2017-06-02T17:20:32+00:00\",\"mainEntityOfPage\":{\"@id\":\"https:\\\/\\\/interamerica.org\\\/fr\\\/2005\\\/03\\\/panama-les-dirigeants-de-leglise-se-sont-rencontres-pour-etudier-et-faire-face-a-la-croissance-rapide-de-leglise\\\/\"},\"wordCount\":329,\"articleSection\":[\"Archive\"],\"inLanguage\":\"fr-FR\"},{\"@type\":\"WebPage\",\"@id\":\"https:\\\/\\\/interamerica.org\\\/fr\\\/2005\\\/03\\\/panama-les-dirigeants-de-leglise-se-sont-rencontres-pour-etudier-et-faire-face-a-la-croissance-rapide-de-leglise\\\/\",\"url\":\"https:\\\/\\\/interamerica.org\\\/fr\\\/2005\\\/03\\\/panama-les-dirigeants-de-leglise-se-sont-rencontres-pour-etudier-et-faire-face-a-la-croissance-rapide-de-leglise\\\/\",\"name\":\"Panama : Les Dirigeants de l'\u00c9glise Se sont Rencontr\u00e9s Pour \u00c9tudier Et Faire Face \u00e0 La Croissance Rapide de l'\u00c9glise - \u00c9glise Adventiste Du Septieme Jour - Inter Am\u00e9rique Division\",\"isPartOf\":{\"@id\":\"https:\\\/\\\/interamerica.org\\\/fr\\\/#website\"},\"datePublished\":\"2005-03-06T04:00:00+00:00\",\"dateModified\":\"2017-06-02T17:20:32+00:00\",\"author\":{\"@id\":\"https:\\\/\\\/interamerica.org\\\/fr\\\/#\\\/schema\\\/person\\\/68ede8bdc292885bb76c1e3810e73c39\"},\"breadcrumb\":{\"@id\":\"https:\\\/\\\/interamerica.org\\\/fr\\\/2005\\\/03\\\/panama-les-dirigeants-de-leglise-se-sont-rencontres-pour-etudier-et-faire-face-a-la-croissance-rapide-de-leglise\\\/#breadcrumb\"},\"inLanguage\":\"fr-FR\",\"potentialAction\":[{\"@type\":\"ReadAction\",\"target\":[\"https:\\\/\\\/interamerica.org\\\/fr\\\/2005\\\/03\\\/panama-les-dirigeants-de-leglise-se-sont-rencontres-pour-etudier-et-faire-face-a-la-croissance-rapide-de-leglise\\\/\"]}]},{\"@type\":\"BreadcrumbList\",\"@id\":\"https:\\\/\\\/interamerica.org\\\/fr\\\/2005\\\/03\\\/panama-les-dirigeants-de-leglise-se-sont-rencontres-pour-etudier-et-faire-face-a-la-croissance-rapide-de-leglise\\\/#breadcrumb\",\"itemListElement\":[{\"@type\":\"ListItem\",\"position\":1,\"name\":\"Home\",\"item\":\"https:\\\/\\\/interamerica.org\\\/fr\\\/\"},{\"@type\":\"ListItem\",\"position\":2,\"name\":\"Panama : Les Dirigeants de l&rsquo;\u00c9glise Se sont Rencontr\u00e9s Pour \u00c9tudier Et Faire Face \u00e0 La Croissance Rapide de l&rsquo;\u00c9glise\"}]},{\"@type\":\"WebSite\",\"@id\":\"https:\\\/\\\/interamerica.org\\\/fr\\\/#website\",\"url\":\"https:\\\/\\\/interamerica.org\\\/fr\\\/\",\"name\":\"\u00c9glise Adventiste Du Septieme Jour - Inter Am\u00e9rique Division\",\"description\":\"\",\"potentialAction\":[{\"@type\":\"SearchAction\",\"target\":{\"@type\":\"EntryPoint\",\"urlTemplate\":\"https:\\\/\\\/interamerica.org\\\/fr\\\/?s={search_term_string}\"},\"query-input\":{\"@type\":\"PropertyValueSpecification\",\"valueRequired\":true,\"valueName\":\"search_term_string\"}}],\"inLanguage\":\"fr-FR\"},{\"@type\":\"Person\",\"@id\":\"https:\\\/\\\/interamerica.org\\\/fr\\\/#\\\/schema\\\/person\\\/68ede8bdc292885bb76c1e3810e73c39\",\"name\":\"Lorenzo Verduzco\",\"image\":{\"@type\":\"ImageObject\",\"inLanguage\":\"fr-FR\",\"@id\":\"https:\\\/\\\/secure.gravatar.com\\\/avatar\\\/fb81a55b6218459490a9c1dc841a34909185b81904c5337b4b27f7a6fd60c49e?s=96&d=mm&r=g\",\"url\":\"https:\\\/\\\/secure.gravatar.com\\\/avatar\\\/fb81a55b6218459490a9c1dc841a34909185b81904c5337b4b27f7a6fd60c49e?s=96&d=mm&r=g\",\"contentUrl\":\"https:\\\/\\\/secure.gravatar.com\\\/avatar\\\/fb81a55b6218459490a9c1dc841a34909185b81904c5337b4b27f7a6fd60c49e?s=96&d=mm&r=g\",\"caption\":\"Lorenzo Verduzco\"}}]}<\/script>\n<!-- \/ Yoast SEO plugin. -->","yoast_head_json":{"title":"Panama : Les Dirigeants de l'\u00c9glise Se sont Rencontr\u00e9s Pour \u00c9tudier Et Faire Face \u00e0 La Croissance Rapide de l'\u00c9glise - \u00c9glise Adventiste Du Septieme Jour - Inter Am\u00e9rique Division","robots":{"index":"index","follow":"follow","max-snippet":"max-snippet:-1","max-image-preview":"max-image-preview:large","max-video-preview":"max-video-preview:-1"},"canonical":"https:\/\/interamerica.org\/fr\/2005\/03\/panama-les-dirigeants-de-leglise-se-sont-rencontres-pour-etudier-et-faire-face-a-la-croissance-rapide-de-leglise\/","og_locale":"fr_FR","og_type":"article","og_title":"Panama : Les Dirigeants de l'\u00c9glise Se sont Rencontr\u00e9s Pour \u00c9tudier Et Faire Face \u00e0 La Croissance Rapide de l'\u00c9glise - \u00c9glise Adventiste Du Septieme Jour - Inter Am\u00e9rique Division","og_description":"Plus de 60 dirigeants de premi\u00e8re ligne de l'\u00e9glise venant de toutes les parties des 15 r\u00e9gions de la Division Interam\u00e9ricaine se sont rencontr\u00e9s lors d'un sommet financier pour passer en revue les pratiques financi\u00e8res dans les organisati","og_url":"https:\/\/interamerica.org\/fr\/2005\/03\/panama-les-dirigeants-de-leglise-se-sont-rencontres-pour-etudier-et-faire-face-a-la-croissance-rapide-de-leglise\/","og_site_name":"\u00c9glise Adventiste Du Septieme Jour - Inter Am\u00e9rique Division","article_published_time":"2005-03-06T04:00:00+00:00","article_modified_time":"2017-06-02T17:20:32+00:00","author":"Lorenzo Verduzco","twitter_card":"summary_large_image","twitter_misc":{"\u00c9crit par":"Lorenzo Verduzco","Dur\u00e9e de lecture estim\u00e9e":"1 minute"},"schema":{"@context":"https:\/\/schema.org","@graph":[{"@type":"Article","@id":"https:\/\/interamerica.org\/fr\/2005\/03\/panama-les-dirigeants-de-leglise-se-sont-rencontres-pour-etudier-et-faire-face-a-la-croissance-rapide-de-leglise\/#article","isPartOf":{"@id":"https:\/\/interamerica.org\/fr\/2005\/03\/panama-les-dirigeants-de-leglise-se-sont-rencontres-pour-etudier-et-faire-face-a-la-croissance-rapide-de-leglise\/"},"author":{"name":"Lorenzo Verduzco","@id":"https:\/\/interamerica.org\/fr\/#\/schema\/person\/68ede8bdc292885bb76c1e3810e73c39"},"headline":"Panama : Les Dirigeants de l&rsquo;\u00c9glise Se sont Rencontr\u00e9s Pour \u00c9tudier Et Faire Face \u00e0 La Croissance Rapide de l&rsquo;\u00c9glise","datePublished":"2005-03-06T04:00:00+00:00","dateModified":"2017-06-02T17:20:32+00:00","mainEntityOfPage":{"@id":"https:\/\/interamerica.org\/fr\/2005\/03\/panama-les-dirigeants-de-leglise-se-sont-rencontres-pour-etudier-et-faire-face-a-la-croissance-rapide-de-leglise\/"},"wordCount":329,"articleSection":["Archive"],"inLanguage":"fr-FR"},{"@type":"WebPage","@id":"https:\/\/interamerica.org\/fr\/2005\/03\/panama-les-dirigeants-de-leglise-se-sont-rencontres-pour-etudier-et-faire-face-a-la-croissance-rapide-de-leglise\/","url":"https:\/\/interamerica.org\/fr\/2005\/03\/panama-les-dirigeants-de-leglise-se-sont-rencontres-pour-etudier-et-faire-face-a-la-croissance-rapide-de-leglise\/","name":"Panama : Les Dirigeants de l'\u00c9glise Se sont Rencontr\u00e9s Pour \u00c9tudier Et Faire Face \u00e0 La Croissance Rapide de l'\u00c9glise - \u00c9glise Adventiste Du Septieme Jour - Inter Am\u00e9rique Division","isPartOf":{"@id":"https:\/\/interamerica.org\/fr\/#website"},"datePublished":"2005-03-06T04:00:00+00:00","dateModified":"2017-06-02T17:20:32+00:00","author":{"@id":"https:\/\/interamerica.org\/fr\/#\/schema\/person\/68ede8bdc292885bb76c1e3810e73c39"},"breadcrumb":{"@id":"https:\/\/interamerica.org\/fr\/2005\/03\/panama-les-dirigeants-de-leglise-se-sont-rencontres-pour-etudier-et-faire-face-a-la-croissance-rapide-de-leglise\/#breadcrumb"},"inLanguage":"fr-FR","potentialAction":[{"@type":"ReadAction","target":["https:\/\/interamerica.org\/fr\/2005\/03\/panama-les-dirigeants-de-leglise-se-sont-rencontres-pour-etudier-et-faire-face-a-la-croissance-rapide-de-leglise\/"]}]},{"@type":"BreadcrumbList","@id":"https:\/\/interamerica.org\/fr\/2005\/03\/panama-les-dirigeants-de-leglise-se-sont-rencontres-pour-etudier-et-faire-face-a-la-croissance-rapide-de-leglise\/#breadcrumb","itemListElement":[{"@type":"ListItem","position":1,"name":"Home","item":"https:\/\/interamerica.org\/fr\/"},{"@type":"ListItem","position":2,"name":"Panama : Les Dirigeants de l&rsquo;\u00c9glise Se sont Rencontr\u00e9s Pour \u00c9tudier Et Faire Face \u00e0 La Croissance Rapide de l&rsquo;\u00c9glise"}]},{"@type":"WebSite","@id":"https:\/\/interamerica.org\/fr\/#website","url":"https:\/\/interamerica.org\/fr\/","name":"\u00c9glise Adventiste Du Septieme Jour - Inter Am\u00e9rique Division","description":"","potentialAction":[{"@type":"SearchAction","target":{"@type":"EntryPoint","urlTemplate":"https:\/\/interamerica.org\/fr\/?s={search_term_string}"},"query-input":{"@type":"PropertyValueSpecification","valueRequired":true,"valueName":"search_term_string"}}],"inLanguage":"fr-FR"},{"@type":"Person","@id":"https:\/\/interamerica.org\/fr\/#\/schema\/person\/68ede8bdc292885bb76c1e3810e73c39","name":"Lorenzo Verduzco","image":{"@type":"ImageObject","inLanguage":"fr-FR","@id":"https:\/\/secure.gravatar.com\/avatar\/fb81a55b6218459490a9c1dc841a34909185b81904c5337b4b27f7a6fd60c49e?s=96&d=mm&r=g","url":"https:\/\/secure.gravatar.com\/avatar\/fb81a55b6218459490a9c1dc841a34909185b81904c5337b4b27f7a6fd60c49e?s=96&d=mm&r=g","contentUrl":"https:\/\/secure.gravatar.com\/avatar\/fb81a55b6218459490a9c1dc841a34909185b81904c5337b4b27f7a6fd60c49e?s=96&d=mm&r=g","caption":"Lorenzo Verduzco"}}]}},"_links":{"self":[{"href":"https:\/\/interamerica.org\/fr\/wp-json\/wp\/v2\/posts\/12327","targetHints":{"allow":["GET"]}}],"collection":[{"href":"https:\/\/interamerica.org\/fr\/wp-json\/wp\/v2\/posts"}],"about":[{"href":"https:\/\/interamerica.org\/fr\/wp-json\/wp\/v2\/types\/post"}],"author":[{"embeddable":true,"href":"https:\/\/interamerica.org\/fr\/wp-json\/wp\/v2\/users\/1"}],"replies":[{"embeddable":true,"href":"https:\/\/interamerica.org\/fr\/wp-json\/wp\/v2\/comments?post=12327"}],"version-history":[{"count":0,"href":"https:\/\/interamerica.org\/fr\/wp-json\/wp\/v2\/posts\/12327\/revisions"}],"wp:attachment":[{"href":"https:\/\/interamerica.org\/fr\/wp-json\/wp\/v2\/media?parent=12327"}],"wp:term":[{"taxonomy":"category","embeddable":true,"href":"https:\/\/interamerica.org\/fr\/wp-json\/wp\/v2\/categories?post=12327"},{"taxonomy":"post_tag","embeddable":true,"href":"https:\/\/interamerica.org\/fr\/wp-json\/wp\/v2\/tags?post=12327"}],"curies":[{"name":"wp","href":"https:\/\/api.w.org\/{rel}","templated":true}]}}