{"id":12328,"date":"2005-04-06T00:00:00","date_gmt":"2005-04-06T04:00:00","guid":{"rendered":"http:\/\/192.81.217.108\/interamerica\/2005\/04\/jamaique-leglise-organise-une-journee-de-priere-et-de-jeune-contre-la-violence\/"},"modified":"2017-06-02T13:20:23","modified_gmt":"2017-06-02T17:20:23","slug":"jamaique-leglise-organise-une-journee-de-priere-et-de-jeune-contre-la-violence","status":"publish","type":"post","link":"https:\/\/interamerica.org\/fr\/2005\/04\/jamaique-leglise-organise-une-journee-de-priere-et-de-jeune-contre-la-violence\/","title":{"rendered":"Jamaique:\u00a0 L&rsquo;\u00c9glise organise une Journ\u00e9e de Pri\u00e8re et de Jeune Contre la Violence"},"content":{"rendered":"<p>Kingston, Jamaique (Union des Indes Occidentales\/AID<\/p>\n<p>Des Adventistes du septi\u00e8me jour de plus de 600 \u00e9glises \u00e0 travers la Jamaique ont consacr\u00e9 le samedi 5 mars comme une journ\u00e9e de pri\u00e8re et de jeune en vue de chercher l&rsquo;intervention de Dieu pour contrecarrer l&rsquo;escalade <br \/>du crime et le probl\u00e8me de la violence.<\/p>\n<p>Au cours des deux premiers services organis\u00e9s \u00e0 l&rsquo;\u00e9glise des Adventistes du septi\u00e8me jour de Andrews Memorial et celle de Meadowvale, Pasteur Patrick <br \/>Allen, pr\u00e9sident de l&rsquo;Union de Conf\u00e9rence des Adventistes du septi\u00e8me jour des Indes Ocidentales, exhorta la congr\u00e9gation \u00e0 \u00ab\u00a0croire en Dieu et \u00e0 demeurer ferme\u00a0\u00bb. Il ajouta \u00ab\u00a0en tant que congr\u00e9gation religieuse, nous <br \/>participons \u00e0 plusieurs initiatives dans le but d&rsquo;aider notre nation \u00e0 combattre le fl\u00e9au du crime et de la violence, mais nous avons \u00e9galement \u00e0 notre disposition une arme que tr\u00e8s souvent nous n\u00e9gligeons d&rsquo;utiliser publiquement ou collectivement pour affirmer notre participation, -et cette <br \/>arme c&rsquo;est la pri\u00e8re.<\/p>\n<p>Au cours des services de pri\u00e8re et de jeune, qui avaient d\u00e9but\u00e9 au coucher du soleil le vendredi pour s&rsquo;achever au coucher du soleil le samedi, les observateurs du sabbat r\u00e9unis ont r\u00e9pandu leurs \u00e2mes et pr\u00e9sent\u00e9 leur agonie <br \/>et leur d\u00e9tresse \u00e0 Dieu au cours de leur culte en faveur de la nation et de son peuple.<\/p>\n<p>IL souligna qu&rsquo;en tant que chr\u00e9tiens nous ne devons pas afficher une attitude de d\u00e9sespoirt ou un sentiment de d\u00e9faite m\u00eame quand nous marchons dans la vall\u00e9e de l&rsquo;ombre de la mort, parce que nous connaissons celui qui marche \u00e0 nos c\u00f4t\u00e9s, et qui nous tient la main.  <br \/>Nous devons communiquer cette foi \u00e0 notre communaut\u00e9 et \u00e0 notre nation et que finalement Dieu est aux commandes.<\/p>\n<p>Le Pasteur Allen rappela \u00e0 la congr\u00e9gaiton qui comprenait les membres du gouvernement, de l&rsquo;opposition et d&rsquo;autres officiels, certains actes criminels perp\u00e9tr\u00e9s tels les guerres de gangs, les tueries, les tirs de nuit au cours des ces deux derni\u00e8res ann\u00e9es et demie et il souligna plusieurs <br \/>moyens pour combattre le crime et la violence, tels la promotion des valeurs, la consultation et la participation du gouvernement, de l&rsquo;\u00e9glise et des dirigeants de la communaut\u00e9 et de ses membres.<\/p>\n<p>Pour conclure son message, le Pasteur pr\u00e9senta l&rsquo;antitode aux crimes atroces et \u00e0 la violence r\u00e9gnant dans le pays, en recommandant la parole de Dieu, \u00ab\u00a0alors que nous faisons face \u00e0 des moments de troubles au sein de cette nation et ainsi qu&rsquo;\u00e0 nos luttes personnelles, je vous recommande la parole de Dieu comme une lampe \u00e0 vos pieds et une lumi\u00e8re sur votre sentier\u00a0\u00bb.<\/p>\n<p>Au cours du service tenu \u00e0 l&rsquo;\u00e9glise de Andrews Memorial, qui avait commenc\u00e9 \u00e0 8:00 du matin, la premi\u00e8re lecture fut pr\u00e9sent\u00e9e par le S\u00e9nateur Burchel Whiteman, Ministre de l&rsquo;Information et la deuxi\u00e8me lecture par le S\u00e9nateur <br \/>Bruce Golding, dirigeant du Parti du Travail de la Jamaique.  Parmi les autres invit\u00e9s de l&rsquo;assembl\u00e9e on pouvait compter les S\u00e9nateurs Floyd Morris et Dwight Nelson, le Major Richard Reese, Chef du Servise Correctionnel, <br \/>Mme. Yvonne Coke, Fondatrice de \u00ab\u00a0Hands Across Jamaica, M. Winston Rickgard, Responsable en Chef de \u00ab\u00a0LOVE 101, Rev. Courtney Stewart. Pr\u00e9sident de Radio TBC, Rev. Lenworth Anglin, Pr\u00e9sident D\u00e9sign\u00e9 de l&rsquo;\u00c9glise de Dieu de la <br \/>Jamaique, M. Pearnel Charles M.P., et Mme Lorna Golding.<\/p>\n","protected":false},"excerpt":{"rendered":"<p>Les adventistes du Septi\u00e8me jour de plus de 600 \u00e9glises de la Jamaique, ont consacr\u00e9 le 5 mars 2005, comme jour de pri\u00e8re et de jeune en vue de chercher l&rsquo;intervention de Dieu dans la recrudescence du crime et du probl\u00e8me de la violence.\u00a0\u00a0\u00a0<\/p>\n","protected":false},"author":1,"featured_media":0,"comment_status":"closed","ping_status":"closed","sticky":false,"template":"","format":"standard","meta":{"_acf_changed":false,"footnotes":""},"categories":[9],"tags":[],"class_list":["post-12328","post","type-post","status-publish","format-standard","hentry","category-archive-fr"],"acf":[],"yoast_head":"<!-- This site is optimized with the Yoast SEO plugin v27.3 - https:\/\/yoast.com\/product\/yoast-seo-wordpress\/ -->\n<title>Jamaique:\u00a0 L&#039;\u00c9glise organise une Journ\u00e9e de Pri\u00e8re et de Jeune Contre la Violence - \u00c9glise Adventiste Du Septieme Jour - Inter Am\u00e9rique Division<\/title>\n<meta name=\"robots\" content=\"index, follow, max-snippet:-1, max-image-preview:large, max-video-preview:-1\" \/>\n<link rel=\"canonical\" href=\"https:\/\/interamerica.org\/fr\/2005\/04\/jamaique-leglise-organise-une-journee-de-priere-et-de-jeune-contre-la-violence\/\" \/>\n<meta property=\"og:locale\" content=\"fr_FR\" \/>\n<meta property=\"og:type\" content=\"article\" \/>\n<meta property=\"og:title\" content=\"Jamaique:\u00a0 L&#039;\u00c9glise organise une Journ\u00e9e de Pri\u00e8re et de Jeune Contre la Violence - \u00c9glise Adventiste Du Septieme Jour - Inter Am\u00e9rique Division\" \/>\n<meta property=\"og:description\" content=\"Les adventistes du Septi\u00e8me jour de plus de 600 \u00e9glises de la Jamaique, ont consacr\u00e9 le 5 mars 2005, comme jour de pri\u00e8re et de jeune en vue de chercher l&#039;intervention de Dieu dans la recrudescence du crime et du probl\u00e8me de la violence.\u00a0\u00a0\u00a0\" \/>\n<meta property=\"og:url\" content=\"https:\/\/interamerica.org\/fr\/2005\/04\/jamaique-leglise-organise-une-journee-de-priere-et-de-jeune-contre-la-violence\/\" \/>\n<meta property=\"og:site_name\" content=\"\u00c9glise Adventiste Du Septieme Jour - Inter Am\u00e9rique Division\" \/>\n<meta property=\"article:published_time\" content=\"2005-04-06T04:00:00+00:00\" \/>\n<meta property=\"article:modified_time\" content=\"2017-06-02T17:20:23+00:00\" \/>\n<meta name=\"author\" content=\"Lorenzo Verduzco\" \/>\n<meta name=\"twitter:card\" content=\"summary_large_image\" \/>\n<meta name=\"twitter:label1\" content=\"\u00c9crit par\" \/>\n\t<meta name=\"twitter:data1\" content=\"Lorenzo Verduzco\" \/>\n\t<meta name=\"twitter:label2\" content=\"Dur\u00e9e de lecture estim\u00e9e\" \/>\n\t<meta name=\"twitter:data2\" content=\"3 minutes\" \/>\n<script type=\"application\/ld+json\" class=\"yoast-schema-graph\">{\"@context\":\"https:\\\/\\\/schema.org\",\"@graph\":[{\"@type\":\"Article\",\"@id\":\"https:\\\/\\\/interamerica.org\\\/fr\\\/2005\\\/04\\\/jamaique-leglise-organise-une-journee-de-priere-et-de-jeune-contre-la-violence\\\/#article\",\"isPartOf\":{\"@id\":\"https:\\\/\\\/interamerica.org\\\/fr\\\/2005\\\/04\\\/jamaique-leglise-organise-une-journee-de-priere-et-de-jeune-contre-la-violence\\\/\"},\"author\":{\"name\":\"Lorenzo Verduzco\",\"@id\":\"https:\\\/\\\/interamerica.org\\\/fr\\\/#\\\/schema\\\/person\\\/68ede8bdc292885bb76c1e3810e73c39\"},\"headline\":\"Jamaique:\u00a0 L&rsquo;\u00c9glise organise une Journ\u00e9e de Pri\u00e8re et de Jeune Contre la Violence\",\"datePublished\":\"2005-04-06T04:00:00+00:00\",\"dateModified\":\"2017-06-02T17:20:23+00:00\",\"mainEntityOfPage\":{\"@id\":\"https:\\\/\\\/interamerica.org\\\/fr\\\/2005\\\/04\\\/jamaique-leglise-organise-une-journee-de-priere-et-de-jeune-contre-la-violence\\\/\"},\"wordCount\":602,\"articleSection\":[\"Archive\"],\"inLanguage\":\"fr-FR\"},{\"@type\":\"WebPage\",\"@id\":\"https:\\\/\\\/interamerica.org\\\/fr\\\/2005\\\/04\\\/jamaique-leglise-organise-une-journee-de-priere-et-de-jeune-contre-la-violence\\\/\",\"url\":\"https:\\\/\\\/interamerica.org\\\/fr\\\/2005\\\/04\\\/jamaique-leglise-organise-une-journee-de-priere-et-de-jeune-contre-la-violence\\\/\",\"name\":\"Jamaique:\u00a0 L'\u00c9glise organise une Journ\u00e9e de Pri\u00e8re et de Jeune Contre la Violence - \u00c9glise Adventiste Du Septieme Jour - Inter Am\u00e9rique Division\",\"isPartOf\":{\"@id\":\"https:\\\/\\\/interamerica.org\\\/fr\\\/#website\"},\"datePublished\":\"2005-04-06T04:00:00+00:00\",\"dateModified\":\"2017-06-02T17:20:23+00:00\",\"author\":{\"@id\":\"https:\\\/\\\/interamerica.org\\\/fr\\\/#\\\/schema\\\/person\\\/68ede8bdc292885bb76c1e3810e73c39\"},\"breadcrumb\":{\"@id\":\"https:\\\/\\\/interamerica.org\\\/fr\\\/2005\\\/04\\\/jamaique-leglise-organise-une-journee-de-priere-et-de-jeune-contre-la-violence\\\/#breadcrumb\"},\"inLanguage\":\"fr-FR\",\"potentialAction\":[{\"@type\":\"ReadAction\",\"target\":[\"https:\\\/\\\/interamerica.org\\\/fr\\\/2005\\\/04\\\/jamaique-leglise-organise-une-journee-de-priere-et-de-jeune-contre-la-violence\\\/\"]}]},{\"@type\":\"BreadcrumbList\",\"@id\":\"https:\\\/\\\/interamerica.org\\\/fr\\\/2005\\\/04\\\/jamaique-leglise-organise-une-journee-de-priere-et-de-jeune-contre-la-violence\\\/#breadcrumb\",\"itemListElement\":[{\"@type\":\"ListItem\",\"position\":1,\"name\":\"Home\",\"item\":\"https:\\\/\\\/interamerica.org\\\/fr\\\/\"},{\"@type\":\"ListItem\",\"position\":2,\"name\":\"Jamaique:\u00a0 L&rsquo;\u00c9glise organise une Journ\u00e9e de Pri\u00e8re et de Jeune Contre la Violence\"}]},{\"@type\":\"WebSite\",\"@id\":\"https:\\\/\\\/interamerica.org\\\/fr\\\/#website\",\"url\":\"https:\\\/\\\/interamerica.org\\\/fr\\\/\",\"name\":\"\u00c9glise Adventiste Du Septieme Jour - Inter Am\u00e9rique Division\",\"description\":\"\",\"potentialAction\":[{\"@type\":\"SearchAction\",\"target\":{\"@type\":\"EntryPoint\",\"urlTemplate\":\"https:\\\/\\\/interamerica.org\\\/fr\\\/?s={search_term_string}\"},\"query-input\":{\"@type\":\"PropertyValueSpecification\",\"valueRequired\":true,\"valueName\":\"search_term_string\"}}],\"inLanguage\":\"fr-FR\"},{\"@type\":\"Person\",\"@id\":\"https:\\\/\\\/interamerica.org\\\/fr\\\/#\\\/schema\\\/person\\\/68ede8bdc292885bb76c1e3810e73c39\",\"name\":\"Lorenzo Verduzco\",\"image\":{\"@type\":\"ImageObject\",\"inLanguage\":\"fr-FR\",\"@id\":\"https:\\\/\\\/secure.gravatar.com\\\/avatar\\\/fb81a55b6218459490a9c1dc841a34909185b81904c5337b4b27f7a6fd60c49e?s=96&d=mm&r=g\",\"url\":\"https:\\\/\\\/secure.gravatar.com\\\/avatar\\\/fb81a55b6218459490a9c1dc841a34909185b81904c5337b4b27f7a6fd60c49e?s=96&d=mm&r=g\",\"contentUrl\":\"https:\\\/\\\/secure.gravatar.com\\\/avatar\\\/fb81a55b6218459490a9c1dc841a34909185b81904c5337b4b27f7a6fd60c49e?s=96&d=mm&r=g\",\"caption\":\"Lorenzo Verduzco\"}}]}<\/script>\n<!-- \/ Yoast SEO plugin. -->","yoast_head_json":{"title":"Jamaique:\u00a0 L'\u00c9glise organise une Journ\u00e9e de Pri\u00e8re et de Jeune Contre la Violence - \u00c9glise Adventiste Du Septieme Jour - Inter Am\u00e9rique Division","robots":{"index":"index","follow":"follow","max-snippet":"max-snippet:-1","max-image-preview":"max-image-preview:large","max-video-preview":"max-video-preview:-1"},"canonical":"https:\/\/interamerica.org\/fr\/2005\/04\/jamaique-leglise-organise-une-journee-de-priere-et-de-jeune-contre-la-violence\/","og_locale":"fr_FR","og_type":"article","og_title":"Jamaique:\u00a0 L'\u00c9glise organise une Journ\u00e9e de Pri\u00e8re et de Jeune Contre la Violence - \u00c9glise Adventiste Du Septieme Jour - Inter Am\u00e9rique Division","og_description":"Les adventistes du Septi\u00e8me jour de plus de 600 \u00e9glises de la Jamaique, ont consacr\u00e9 le 5 mars 2005, comme jour de pri\u00e8re et de jeune en vue de chercher l'intervention de Dieu dans la recrudescence du crime et du probl\u00e8me de la violence.\u00a0\u00a0\u00a0","og_url":"https:\/\/interamerica.org\/fr\/2005\/04\/jamaique-leglise-organise-une-journee-de-priere-et-de-jeune-contre-la-violence\/","og_site_name":"\u00c9glise Adventiste Du Septieme Jour - Inter Am\u00e9rique Division","article_published_time":"2005-04-06T04:00:00+00:00","article_modified_time":"2017-06-02T17:20:23+00:00","author":"Lorenzo Verduzco","twitter_card":"summary_large_image","twitter_misc":{"\u00c9crit par":"Lorenzo Verduzco","Dur\u00e9e de lecture estim\u00e9e":"3 minutes"},"schema":{"@context":"https:\/\/schema.org","@graph":[{"@type":"Article","@id":"https:\/\/interamerica.org\/fr\/2005\/04\/jamaique-leglise-organise-une-journee-de-priere-et-de-jeune-contre-la-violence\/#article","isPartOf":{"@id":"https:\/\/interamerica.org\/fr\/2005\/04\/jamaique-leglise-organise-une-journee-de-priere-et-de-jeune-contre-la-violence\/"},"author":{"name":"Lorenzo Verduzco","@id":"https:\/\/interamerica.org\/fr\/#\/schema\/person\/68ede8bdc292885bb76c1e3810e73c39"},"headline":"Jamaique:\u00a0 L&rsquo;\u00c9glise organise une Journ\u00e9e de Pri\u00e8re et de Jeune Contre la Violence","datePublished":"2005-04-06T04:00:00+00:00","dateModified":"2017-06-02T17:20:23+00:00","mainEntityOfPage":{"@id":"https:\/\/interamerica.org\/fr\/2005\/04\/jamaique-leglise-organise-une-journee-de-priere-et-de-jeune-contre-la-violence\/"},"wordCount":602,"articleSection":["Archive"],"inLanguage":"fr-FR"},{"@type":"WebPage","@id":"https:\/\/interamerica.org\/fr\/2005\/04\/jamaique-leglise-organise-une-journee-de-priere-et-de-jeune-contre-la-violence\/","url":"https:\/\/interamerica.org\/fr\/2005\/04\/jamaique-leglise-organise-une-journee-de-priere-et-de-jeune-contre-la-violence\/","name":"Jamaique:\u00a0 L'\u00c9glise organise une Journ\u00e9e de Pri\u00e8re et de Jeune Contre la Violence - \u00c9glise Adventiste Du Septieme Jour - Inter Am\u00e9rique Division","isPartOf":{"@id":"https:\/\/interamerica.org\/fr\/#website"},"datePublished":"2005-04-06T04:00:00+00:00","dateModified":"2017-06-02T17:20:23+00:00","author":{"@id":"https:\/\/interamerica.org\/fr\/#\/schema\/person\/68ede8bdc292885bb76c1e3810e73c39"},"breadcrumb":{"@id":"https:\/\/interamerica.org\/fr\/2005\/04\/jamaique-leglise-organise-une-journee-de-priere-et-de-jeune-contre-la-violence\/#breadcrumb"},"inLanguage":"fr-FR","potentialAction":[{"@type":"ReadAction","target":["https:\/\/interamerica.org\/fr\/2005\/04\/jamaique-leglise-organise-une-journee-de-priere-et-de-jeune-contre-la-violence\/"]}]},{"@type":"BreadcrumbList","@id":"https:\/\/interamerica.org\/fr\/2005\/04\/jamaique-leglise-organise-une-journee-de-priere-et-de-jeune-contre-la-violence\/#breadcrumb","itemListElement":[{"@type":"ListItem","position":1,"name":"Home","item":"https:\/\/interamerica.org\/fr\/"},{"@type":"ListItem","position":2,"name":"Jamaique:\u00a0 L&rsquo;\u00c9glise organise une Journ\u00e9e de Pri\u00e8re et de Jeune Contre la Violence"}]},{"@type":"WebSite","@id":"https:\/\/interamerica.org\/fr\/#website","url":"https:\/\/interamerica.org\/fr\/","name":"\u00c9glise Adventiste Du Septieme Jour - Inter Am\u00e9rique Division","description":"","potentialAction":[{"@type":"SearchAction","target":{"@type":"EntryPoint","urlTemplate":"https:\/\/interamerica.org\/fr\/?s={search_term_string}"},"query-input":{"@type":"PropertyValueSpecification","valueRequired":true,"valueName":"search_term_string"}}],"inLanguage":"fr-FR"},{"@type":"Person","@id":"https:\/\/interamerica.org\/fr\/#\/schema\/person\/68ede8bdc292885bb76c1e3810e73c39","name":"Lorenzo Verduzco","image":{"@type":"ImageObject","inLanguage":"fr-FR","@id":"https:\/\/secure.gravatar.com\/avatar\/fb81a55b6218459490a9c1dc841a34909185b81904c5337b4b27f7a6fd60c49e?s=96&d=mm&r=g","url":"https:\/\/secure.gravatar.com\/avatar\/fb81a55b6218459490a9c1dc841a34909185b81904c5337b4b27f7a6fd60c49e?s=96&d=mm&r=g","contentUrl":"https:\/\/secure.gravatar.com\/avatar\/fb81a55b6218459490a9c1dc841a34909185b81904c5337b4b27f7a6fd60c49e?s=96&d=mm&r=g","caption":"Lorenzo Verduzco"}}]}},"_links":{"self":[{"href":"https:\/\/interamerica.org\/fr\/wp-json\/wp\/v2\/posts\/12328","targetHints":{"allow":["GET"]}}],"collection":[{"href":"https:\/\/interamerica.org\/fr\/wp-json\/wp\/v2\/posts"}],"about":[{"href":"https:\/\/interamerica.org\/fr\/wp-json\/wp\/v2\/types\/post"}],"author":[{"embeddable":true,"href":"https:\/\/interamerica.org\/fr\/wp-json\/wp\/v2\/users\/1"}],"replies":[{"embeddable":true,"href":"https:\/\/interamerica.org\/fr\/wp-json\/wp\/v2\/comments?post=12328"}],"version-history":[{"count":0,"href":"https:\/\/interamerica.org\/fr\/wp-json\/wp\/v2\/posts\/12328\/revisions"}],"wp:attachment":[{"href":"https:\/\/interamerica.org\/fr\/wp-json\/wp\/v2\/media?parent=12328"}],"wp:term":[{"taxonomy":"category","embeddable":true,"href":"https:\/\/interamerica.org\/fr\/wp-json\/wp\/v2\/categories?post=12328"},{"taxonomy":"post_tag","embeddable":true,"href":"https:\/\/interamerica.org\/fr\/wp-json\/wp\/v2\/tags?post=12328"}],"curies":[{"name":"wp","href":"https:\/\/api.w.org\/{rel}","templated":true}]}}