{"id":12329,"date":"2005-04-05T00:00:00","date_gmt":"2005-04-05T04:00:00","guid":{"rendered":"http:\/\/192.81.217.108\/interamerica\/2005\/04\/trinidad-des-milliers-de-personnes-participent-a-un-festival-de-laic-sur-une-periode-de-cinq-jours\/"},"modified":"2017-06-02T13:20:26","modified_gmt":"2017-06-02T17:20:26","slug":"trinidad-des-milliers-de-personnes-participent-a-un-festival-de-laic-sur-une-periode-de-cinq-jours","status":"publish","type":"post","link":"https:\/\/interamerica.org\/fr\/2005\/04\/trinidad-des-milliers-de-personnes-participent-a-un-festival-de-laic-sur-une-periode-de-cinq-jours\/","title":{"rendered":"Trinidad : Des Milliers de Personnes Participent \u00e0 un Festival de La\u00efc Sur une P\u00e9riode de Cinq jours\u00a0\u00a0"},"content":{"rendered":"<p>Macoya, Trinidad.<\/p>\n<p>Des milliers de personnes se sont r\u00e9unis lors d&rsquo;un Festival de La\u00efcs de cinq jours, pour honorer et renforcer le travail effectu\u00e9 par les pr\u00e9dicateurs adventistes dans l&rsquo;Union de la Cara\u00efbe. Ce Festival s&rsquo;est tenu en pr\u00e9sence de milliers de d\u00e9l\u00e9gu\u00e9s, de dirigeants et de membres d&rsquo;\u00e9glise venus de tout le territoire, qui ont enti\u00e8rement occup\u00e9 les 5,000 places du \u00ab\u00a0Center of Excellence\u00a0\u00bb in Macoya, Trinidad, du 22 au 26 mars.<\/p>\n<p>Sous le th\u00e8me \u00ab\u00a0Main dans la main, Coeur \u00e0 Coeur, Annon\u00e7ons le Retour du Seigneur,\u00a0\u00bb les administrateurs de l&rsquo;\u00c9glise Adventiste du Septi\u00e8me Jour de l&rsquo;Inter-Am\u00e9rique, ainsi que les dirigeants des \u00e9glises locales ont accueilli les centaines de pr\u00e9dicateurs la\u00efcs, les instructeurs bibliques et les t\u00e9moins, tous les la\u00efcs repr\u00e9sentant les huit r\u00e9gions de ce territoire de la Cara\u00efbe. L&rsquo;\u00e9v\u00e9nement a commenc\u00e9 le soir du mardi 22 mars. Le Premier ministre de Trinidad, Patrick Manning, a assist\u00e9 \u00e0 la c\u00e9r\u00e9monie d&rsquo;ouverture.<\/p>\n<p>Le pasteur Isra\u00ebl Le\u00efto, pr\u00e9sident de l&rsquo;\u00e9glise adventiste en Inter-Am\u00e9rique, s&rsquo;est adress\u00e9 \u00e0 la d\u00e9l\u00e9gation et l&rsquo;a encourag\u00e9e \u00e0 continuer l&rsquo;\u0153uvre de l&rsquo;\u00c9vang\u00e9lisation dans l&rsquo;unit\u00e9 et sous la direction de l&rsquo;Esprit Saint, tandis qu&rsquo;ils partagent le message.<\/p>\n<p>\u00ab\u00a0C&rsquo;est une affaire spirituelle et vous devez sortir dipl\u00f4m\u00e9s de l&rsquo;\u00e9cole de la spiritualit\u00e9,\u00a0\u00bb a lanc\u00e9 le Pasteur Le\u00efto \u00e0 l&rsquo;assembl\u00e9e. \u00ab\u00a0Il n&rsquo;est pas possible de servir le Seigneur comme il faut, si nous n&rsquo;avons pas compris les principes de Son Royaume. Il n&rsquo;est possible d&rsquo;obtenir les r\u00e9sultats escompt\u00e9s que si nous permettons au Seigneur de cr\u00e9er l&rsquo;environnement appropri\u00e9 pour Sa direction.\u00a0\u00bb<\/p>\n<p>\u00ab\u00a0L&rsquo;environnement spirituel est primordial dans le travail du salut des \u00e2mes,\u00a0\u00bb a continu\u00e9 le Pasteur Le\u00efto. \u00ab\u00a0Le gain des \u00e2mes n&rsquo;est pas un tournoi de \u00ab\u00a0cricket\u00a0\u00bb, ce n&rsquo;est pas non plus une \u00e9quation math\u00e9matique, ni une exp\u00e9rience scientifique, ni un passe-temps. C&rsquo;est un effort hautement spirituel o\u00f9 la pr\u00e9sence de l&rsquo;Esprit Saint est primordiale. Vous devez relever le d\u00e9fi de recevoir l&rsquo;Esprit d&rsquo;unit\u00e9, \u00eatre convaincu de la t\u00e2che \u00e0 accomplir et ne pas vous s\u00e9parer du Ma\u00eetre&#8230; \u00ab\u00a0Main dans la main, Coeur \u00e0 Coeur, Parlons de notre Foi.\u00a0\u00bb<\/p>\n<p>Selon le Pasteur Carlyle Bayne, directeur des Minist\u00e8res Personnels et de l&rsquo;\u00c9cole du Sabbat pour l&rsquo;\u00e9glise en Inter-Am\u00e9rique, ce festival a eu un succ\u00e8s remarquable, avec des gens enthousiastes et consacr\u00e9s<\/p>\n<p>C&rsquo;\u00e9tait le premier Festival des La\u00efcs tenus dans cette Union de la Cara\u00efbe. Le pasteur Bayne dit que cet \u00e9v\u00e9nement a apport\u00e9 beaucoup d&rsquo;\u00e9motion aux 800 d\u00e9l\u00e9gu\u00e9s la\u00efcs repr\u00e9sentant des milliers de membres la\u00efcs volontaires.<\/p>\n<p>\u00ab\u00a0Le festival a donn\u00e9 l&rsquo;occasion aux la\u00efcs de pr\u00e9senter un rapport des \u00e2mes gagn\u00e9es pendant les quatre derni\u00e8res ann\u00e9es dans leur territoire, par l&#8217;emploi de toute une gamme d&rsquo;activit\u00e9s missionnaires au sein de leurs communaut\u00e9s, d&rsquo;exprimer de la reconnaissance \u00e0 l&rsquo;endroit des pr\u00e9dicateurs la\u00efcs qui se sont surpass\u00e9s et de programmer de la formation en technique de pr\u00e9dication et de t\u00e9moignage,\u00a0\u00bb ajoute-t-il.<\/p>\n<p>Les d\u00e9l\u00e9gu\u00e9s la\u00efcs eurent l&rsquo;opportunit\u00e9 de donner des informations sur l&rsquo;avanc\u00e9e de l&rsquo;\u00e9glise dans leurs communaut\u00e9s. Ils ont aussi suivi des s\u00e9minaires sur la pr\u00e9dication la\u00efque plus d\u00e9velopp\u00e9e, sur la mani\u00e8re d&rsquo;am\u00e9liorer leur exp\u00e9rience, de faire des milliers de personnes se d\u00e9cider pour le bapt\u00eame, de mieux pr\u00eacher, d&rsquo;am\u00e9liorer ses finances personnelles, etc.<\/p>\n<p>Pasteur Le\u00efto dit que les la\u00efcs et les pasteurs dans cette partie de la Cara\u00efbe ont accept\u00e9 le d\u00e9fi de faire que cette union dynamique ait plus de 200,000 membres avant la fin de 2006. Avec l&rsquo;augmentation rapide du nombre de membres dans les \u00eeles de la Cara\u00efbe, il dit que \u00ab\u00a0l&rsquo;union explore la possibilit\u00e9 future, en vue de faciliter le minist\u00e8re de l&rsquo;\u00e9glise, de cr\u00e9er un nouveau champ, en plus des huit bureaux existant d\u00e9j\u00e0 dans la r\u00e9gion.\u00a0\u00bb<\/p>\n<p>\u00ab\u00a0Ceci est un besoin urgent pour donner une meilleure attention \u00e0 la croissance de l&rsquo;\u00e9glise si complexe dans la r\u00e9gion,\u00a0\u00bb ajoute-t-il.<\/p>\n<p>L&rsquo;un des moments solennels de l&rsquo;\u00e9v\u00e9nement a \u00e9t\u00e9 la c\u00e9r\u00e9monie de r\u00e9compense sp\u00e9ciale en l&rsquo;honneur de pasteur Sergio Moctezuma, qui pendant plus de 26 ans, a form\u00e9 et raffermi les la\u00efcs de l&rsquo;Inter-Am\u00e9rique pour arriver \u00e0 cette croissance remarquable.<\/p>\n<p>Bien que l&rsquo;Inter-Am\u00e9rique ait plus de 2,5 millions de membres d&rsquo;\u00e9glise, comme fruit du travail des pr\u00e9dicateurs la\u00efcs et des instructeurs bibliques, en partie, le Pasteur Bayne dit que ce n&rsquo;est pas une affaire de nombres ou de chiffres.<\/p>\n<p>\u00ab\u00a0Bien que nous aimions les objectifs ; et les objectifs sont bons pour la critique constructive, il ne s&rsquo;agit pas d&rsquo;une affaire de nombres, mais l&rsquo;obligation d&rsquo;atteindre tout le monde,\u00a0\u00bb dit Pasteur Bayne. \u00ab\u00a0L&rsquo;esprit de Dieu se manifeste dans tout le territoire de la Division. Il y a tant \u00e0 dire sur l&rsquo;\u0153uvre \u00e0 accomplir&#8230; Notre travail consiste \u00e0 avoir des gens qui entendent la v\u00e9rit\u00e9 et les choses sont en train de changer&#8230; \u00e0 un autre niveau et c&rsquo;\u00e9tait la raison primordiale du Festival des La\u00efcs.\u00a0\u00bb<\/p>\n<p>Pendant des ann\u00e9es la Division Interam\u00e9ricaine a tenu ces festivals en r\u00e9unissant plusieurs territoires d&rsquo;union en une seule p\u00e9riode. Mais les leaders de l&rsquo;\u00e9glise ont abandonn\u00e9 cette m\u00e9thode de regroupement pour donner aux unions locales l&rsquo;occasion de se r\u00e9unir et de mener \u00e0 bien leur propre programme, ce qui engendre plus de participation de la part des la\u00efcs au niveau local, explique le Pasteur Bayne.<\/p>\n<p>Il y a plus de 12,000 pr\u00e9dicateurs et instructeurs bibliques adventistes du septi\u00e8me jour la\u00efcs dans le territoire de l&rsquo;Union de la Cara\u00efbe et 188,000 membres qui adorent dans 541 \u00e9glises et groupes.<\/p>\n","protected":false},"excerpt":{"rendered":"<p>Des milliers de personnes se sont r\u00e9unis lors d&rsquo;un Festival de La\u00efcs de cinq jours, pour honorer et renforcer le travail effectu\u00e9 par les pr\u00e9dicateurs adventistes dans l&rsquo;Union de la Cara\u00efbe.<\/p>\n","protected":false},"author":1,"featured_media":0,"comment_status":"closed","ping_status":"closed","sticky":false,"template":"","format":"standard","meta":{"_acf_changed":false,"footnotes":""},"categories":[9],"tags":[],"class_list":["post-12329","post","type-post","status-publish","format-standard","hentry","category-archive-fr"],"acf":[],"yoast_head":"<!-- This site is optimized with the Yoast SEO plugin v27.3 - https:\/\/yoast.com\/product\/yoast-seo-wordpress\/ -->\n<title>Trinidad : Des Milliers de Personnes Participent \u00e0 un Festival de La\u00efc Sur une P\u00e9riode de Cinq jours\u00a0\u00a0 - \u00c9glise Adventiste Du Septieme Jour - Inter Am\u00e9rique Division<\/title>\n<meta name=\"robots\" content=\"index, follow, max-snippet:-1, max-image-preview:large, max-video-preview:-1\" \/>\n<link rel=\"canonical\" href=\"https:\/\/interamerica.org\/fr\/2005\/04\/trinidad-des-milliers-de-personnes-participent-a-un-festival-de-laic-sur-une-periode-de-cinq-jours\/\" \/>\n<meta property=\"og:locale\" content=\"fr_FR\" \/>\n<meta property=\"og:type\" content=\"article\" \/>\n<meta property=\"og:title\" content=\"Trinidad : Des Milliers de Personnes Participent \u00e0 un Festival de La\u00efc Sur une P\u00e9riode de Cinq jours\u00a0\u00a0 - \u00c9glise Adventiste Du Septieme Jour - Inter Am\u00e9rique Division\" \/>\n<meta property=\"og:description\" content=\"Des milliers de personnes se sont r\u00e9unis lors d&#039;un Festival de La\u00efcs de cinq jours, pour honorer et renforcer le travail effectu\u00e9 par les pr\u00e9dicateurs adventistes dans l&#039;Union de la Cara\u00efbe.\" \/>\n<meta property=\"og:url\" content=\"https:\/\/interamerica.org\/fr\/2005\/04\/trinidad-des-milliers-de-personnes-participent-a-un-festival-de-laic-sur-une-periode-de-cinq-jours\/\" \/>\n<meta property=\"og:site_name\" content=\"\u00c9glise Adventiste Du Septieme Jour - Inter Am\u00e9rique Division\" \/>\n<meta property=\"article:published_time\" content=\"2005-04-05T04:00:00+00:00\" \/>\n<meta property=\"article:modified_time\" content=\"2017-06-02T17:20:26+00:00\" \/>\n<meta name=\"author\" content=\"Lorenzo Verduzco\" \/>\n<meta name=\"twitter:card\" content=\"summary_large_image\" \/>\n<meta name=\"twitter:label1\" content=\"\u00c9crit par\" \/>\n\t<meta name=\"twitter:data1\" content=\"Lorenzo Verduzco\" \/>\n\t<meta name=\"twitter:label2\" content=\"Dur\u00e9e de lecture estim\u00e9e\" \/>\n\t<meta name=\"twitter:data2\" content=\"5 minutes\" \/>\n<script type=\"application\/ld+json\" class=\"yoast-schema-graph\">{\"@context\":\"https:\\\/\\\/schema.org\",\"@graph\":[{\"@type\":\"Article\",\"@id\":\"https:\\\/\\\/interamerica.org\\\/fr\\\/2005\\\/04\\\/trinidad-des-milliers-de-personnes-participent-a-un-festival-de-laic-sur-une-periode-de-cinq-jours\\\/#article\",\"isPartOf\":{\"@id\":\"https:\\\/\\\/interamerica.org\\\/fr\\\/2005\\\/04\\\/trinidad-des-milliers-de-personnes-participent-a-un-festival-de-laic-sur-une-periode-de-cinq-jours\\\/\"},\"author\":{\"name\":\"Lorenzo Verduzco\",\"@id\":\"https:\\\/\\\/interamerica.org\\\/fr\\\/#\\\/schema\\\/person\\\/68ede8bdc292885bb76c1e3810e73c39\"},\"headline\":\"Trinidad : Des Milliers de Personnes Participent \u00e0 un Festival de La\u00efc Sur une P\u00e9riode de Cinq jours\u00a0\u00a0\",\"datePublished\":\"2005-04-05T04:00:00+00:00\",\"dateModified\":\"2017-06-02T17:20:26+00:00\",\"mainEntityOfPage\":{\"@id\":\"https:\\\/\\\/interamerica.org\\\/fr\\\/2005\\\/04\\\/trinidad-des-milliers-de-personnes-participent-a-un-festival-de-laic-sur-une-periode-de-cinq-jours\\\/\"},\"wordCount\":1063,\"articleSection\":[\"Archive\"],\"inLanguage\":\"fr-FR\"},{\"@type\":\"WebPage\",\"@id\":\"https:\\\/\\\/interamerica.org\\\/fr\\\/2005\\\/04\\\/trinidad-des-milliers-de-personnes-participent-a-un-festival-de-laic-sur-une-periode-de-cinq-jours\\\/\",\"url\":\"https:\\\/\\\/interamerica.org\\\/fr\\\/2005\\\/04\\\/trinidad-des-milliers-de-personnes-participent-a-un-festival-de-laic-sur-une-periode-de-cinq-jours\\\/\",\"name\":\"Trinidad : Des Milliers de Personnes Participent \u00e0 un Festival de La\u00efc Sur une P\u00e9riode de Cinq jours\u00a0\u00a0 - \u00c9glise Adventiste Du Septieme Jour - Inter Am\u00e9rique Division\",\"isPartOf\":{\"@id\":\"https:\\\/\\\/interamerica.org\\\/fr\\\/#website\"},\"datePublished\":\"2005-04-05T04:00:00+00:00\",\"dateModified\":\"2017-06-02T17:20:26+00:00\",\"author\":{\"@id\":\"https:\\\/\\\/interamerica.org\\\/fr\\\/#\\\/schema\\\/person\\\/68ede8bdc292885bb76c1e3810e73c39\"},\"breadcrumb\":{\"@id\":\"https:\\\/\\\/interamerica.org\\\/fr\\\/2005\\\/04\\\/trinidad-des-milliers-de-personnes-participent-a-un-festival-de-laic-sur-une-periode-de-cinq-jours\\\/#breadcrumb\"},\"inLanguage\":\"fr-FR\",\"potentialAction\":[{\"@type\":\"ReadAction\",\"target\":[\"https:\\\/\\\/interamerica.org\\\/fr\\\/2005\\\/04\\\/trinidad-des-milliers-de-personnes-participent-a-un-festival-de-laic-sur-une-periode-de-cinq-jours\\\/\"]}]},{\"@type\":\"BreadcrumbList\",\"@id\":\"https:\\\/\\\/interamerica.org\\\/fr\\\/2005\\\/04\\\/trinidad-des-milliers-de-personnes-participent-a-un-festival-de-laic-sur-une-periode-de-cinq-jours\\\/#breadcrumb\",\"itemListElement\":[{\"@type\":\"ListItem\",\"position\":1,\"name\":\"Home\",\"item\":\"https:\\\/\\\/interamerica.org\\\/fr\\\/\"},{\"@type\":\"ListItem\",\"position\":2,\"name\":\"Trinidad : Des Milliers de Personnes Participent \u00e0 un Festival de La\u00efc Sur une P\u00e9riode de Cinq jours\u00a0\u00a0\"}]},{\"@type\":\"WebSite\",\"@id\":\"https:\\\/\\\/interamerica.org\\\/fr\\\/#website\",\"url\":\"https:\\\/\\\/interamerica.org\\\/fr\\\/\",\"name\":\"\u00c9glise Adventiste Du Septieme Jour - Inter Am\u00e9rique Division\",\"description\":\"\",\"potentialAction\":[{\"@type\":\"SearchAction\",\"target\":{\"@type\":\"EntryPoint\",\"urlTemplate\":\"https:\\\/\\\/interamerica.org\\\/fr\\\/?s={search_term_string}\"},\"query-input\":{\"@type\":\"PropertyValueSpecification\",\"valueRequired\":true,\"valueName\":\"search_term_string\"}}],\"inLanguage\":\"fr-FR\"},{\"@type\":\"Person\",\"@id\":\"https:\\\/\\\/interamerica.org\\\/fr\\\/#\\\/schema\\\/person\\\/68ede8bdc292885bb76c1e3810e73c39\",\"name\":\"Lorenzo Verduzco\",\"image\":{\"@type\":\"ImageObject\",\"inLanguage\":\"fr-FR\",\"@id\":\"https:\\\/\\\/secure.gravatar.com\\\/avatar\\\/fb81a55b6218459490a9c1dc841a34909185b81904c5337b4b27f7a6fd60c49e?s=96&d=mm&r=g\",\"url\":\"https:\\\/\\\/secure.gravatar.com\\\/avatar\\\/fb81a55b6218459490a9c1dc841a34909185b81904c5337b4b27f7a6fd60c49e?s=96&d=mm&r=g\",\"contentUrl\":\"https:\\\/\\\/secure.gravatar.com\\\/avatar\\\/fb81a55b6218459490a9c1dc841a34909185b81904c5337b4b27f7a6fd60c49e?s=96&d=mm&r=g\",\"caption\":\"Lorenzo Verduzco\"}}]}<\/script>\n<!-- \/ Yoast SEO plugin. -->","yoast_head_json":{"title":"Trinidad : Des Milliers de Personnes Participent \u00e0 un Festival de La\u00efc Sur une P\u00e9riode de Cinq jours\u00a0\u00a0 - \u00c9glise Adventiste Du Septieme Jour - Inter Am\u00e9rique Division","robots":{"index":"index","follow":"follow","max-snippet":"max-snippet:-1","max-image-preview":"max-image-preview:large","max-video-preview":"max-video-preview:-1"},"canonical":"https:\/\/interamerica.org\/fr\/2005\/04\/trinidad-des-milliers-de-personnes-participent-a-un-festival-de-laic-sur-une-periode-de-cinq-jours\/","og_locale":"fr_FR","og_type":"article","og_title":"Trinidad : Des Milliers de Personnes Participent \u00e0 un Festival de La\u00efc Sur une P\u00e9riode de Cinq jours\u00a0\u00a0 - \u00c9glise Adventiste Du Septieme Jour - Inter Am\u00e9rique Division","og_description":"Des milliers de personnes se sont r\u00e9unis lors d'un Festival de La\u00efcs de cinq jours, pour honorer et renforcer le travail effectu\u00e9 par les pr\u00e9dicateurs adventistes dans l'Union de la Cara\u00efbe.","og_url":"https:\/\/interamerica.org\/fr\/2005\/04\/trinidad-des-milliers-de-personnes-participent-a-un-festival-de-laic-sur-une-periode-de-cinq-jours\/","og_site_name":"\u00c9glise Adventiste Du Septieme Jour - Inter Am\u00e9rique Division","article_published_time":"2005-04-05T04:00:00+00:00","article_modified_time":"2017-06-02T17:20:26+00:00","author":"Lorenzo Verduzco","twitter_card":"summary_large_image","twitter_misc":{"\u00c9crit par":"Lorenzo Verduzco","Dur\u00e9e de lecture estim\u00e9e":"5 minutes"},"schema":{"@context":"https:\/\/schema.org","@graph":[{"@type":"Article","@id":"https:\/\/interamerica.org\/fr\/2005\/04\/trinidad-des-milliers-de-personnes-participent-a-un-festival-de-laic-sur-une-periode-de-cinq-jours\/#article","isPartOf":{"@id":"https:\/\/interamerica.org\/fr\/2005\/04\/trinidad-des-milliers-de-personnes-participent-a-un-festival-de-laic-sur-une-periode-de-cinq-jours\/"},"author":{"name":"Lorenzo Verduzco","@id":"https:\/\/interamerica.org\/fr\/#\/schema\/person\/68ede8bdc292885bb76c1e3810e73c39"},"headline":"Trinidad : Des Milliers de Personnes Participent \u00e0 un Festival de La\u00efc Sur une P\u00e9riode de Cinq jours\u00a0\u00a0","datePublished":"2005-04-05T04:00:00+00:00","dateModified":"2017-06-02T17:20:26+00:00","mainEntityOfPage":{"@id":"https:\/\/interamerica.org\/fr\/2005\/04\/trinidad-des-milliers-de-personnes-participent-a-un-festival-de-laic-sur-une-periode-de-cinq-jours\/"},"wordCount":1063,"articleSection":["Archive"],"inLanguage":"fr-FR"},{"@type":"WebPage","@id":"https:\/\/interamerica.org\/fr\/2005\/04\/trinidad-des-milliers-de-personnes-participent-a-un-festival-de-laic-sur-une-periode-de-cinq-jours\/","url":"https:\/\/interamerica.org\/fr\/2005\/04\/trinidad-des-milliers-de-personnes-participent-a-un-festival-de-laic-sur-une-periode-de-cinq-jours\/","name":"Trinidad : Des Milliers de Personnes Participent \u00e0 un Festival de La\u00efc Sur une P\u00e9riode de Cinq jours\u00a0\u00a0 - \u00c9glise Adventiste Du Septieme Jour - Inter Am\u00e9rique Division","isPartOf":{"@id":"https:\/\/interamerica.org\/fr\/#website"},"datePublished":"2005-04-05T04:00:00+00:00","dateModified":"2017-06-02T17:20:26+00:00","author":{"@id":"https:\/\/interamerica.org\/fr\/#\/schema\/person\/68ede8bdc292885bb76c1e3810e73c39"},"breadcrumb":{"@id":"https:\/\/interamerica.org\/fr\/2005\/04\/trinidad-des-milliers-de-personnes-participent-a-un-festival-de-laic-sur-une-periode-de-cinq-jours\/#breadcrumb"},"inLanguage":"fr-FR","potentialAction":[{"@type":"ReadAction","target":["https:\/\/interamerica.org\/fr\/2005\/04\/trinidad-des-milliers-de-personnes-participent-a-un-festival-de-laic-sur-une-periode-de-cinq-jours\/"]}]},{"@type":"BreadcrumbList","@id":"https:\/\/interamerica.org\/fr\/2005\/04\/trinidad-des-milliers-de-personnes-participent-a-un-festival-de-laic-sur-une-periode-de-cinq-jours\/#breadcrumb","itemListElement":[{"@type":"ListItem","position":1,"name":"Home","item":"https:\/\/interamerica.org\/fr\/"},{"@type":"ListItem","position":2,"name":"Trinidad : Des Milliers de Personnes Participent \u00e0 un Festival de La\u00efc Sur une P\u00e9riode de Cinq jours\u00a0\u00a0"}]},{"@type":"WebSite","@id":"https:\/\/interamerica.org\/fr\/#website","url":"https:\/\/interamerica.org\/fr\/","name":"\u00c9glise Adventiste Du Septieme Jour - Inter Am\u00e9rique Division","description":"","potentialAction":[{"@type":"SearchAction","target":{"@type":"EntryPoint","urlTemplate":"https:\/\/interamerica.org\/fr\/?s={search_term_string}"},"query-input":{"@type":"PropertyValueSpecification","valueRequired":true,"valueName":"search_term_string"}}],"inLanguage":"fr-FR"},{"@type":"Person","@id":"https:\/\/interamerica.org\/fr\/#\/schema\/person\/68ede8bdc292885bb76c1e3810e73c39","name":"Lorenzo Verduzco","image":{"@type":"ImageObject","inLanguage":"fr-FR","@id":"https:\/\/secure.gravatar.com\/avatar\/fb81a55b6218459490a9c1dc841a34909185b81904c5337b4b27f7a6fd60c49e?s=96&d=mm&r=g","url":"https:\/\/secure.gravatar.com\/avatar\/fb81a55b6218459490a9c1dc841a34909185b81904c5337b4b27f7a6fd60c49e?s=96&d=mm&r=g","contentUrl":"https:\/\/secure.gravatar.com\/avatar\/fb81a55b6218459490a9c1dc841a34909185b81904c5337b4b27f7a6fd60c49e?s=96&d=mm&r=g","caption":"Lorenzo Verduzco"}}]}},"_links":{"self":[{"href":"https:\/\/interamerica.org\/fr\/wp-json\/wp\/v2\/posts\/12329","targetHints":{"allow":["GET"]}}],"collection":[{"href":"https:\/\/interamerica.org\/fr\/wp-json\/wp\/v2\/posts"}],"about":[{"href":"https:\/\/interamerica.org\/fr\/wp-json\/wp\/v2\/types\/post"}],"author":[{"embeddable":true,"href":"https:\/\/interamerica.org\/fr\/wp-json\/wp\/v2\/users\/1"}],"replies":[{"embeddable":true,"href":"https:\/\/interamerica.org\/fr\/wp-json\/wp\/v2\/comments?post=12329"}],"version-history":[{"count":0,"href":"https:\/\/interamerica.org\/fr\/wp-json\/wp\/v2\/posts\/12329\/revisions"}],"wp:attachment":[{"href":"https:\/\/interamerica.org\/fr\/wp-json\/wp\/v2\/media?parent=12329"}],"wp:term":[{"taxonomy":"category","embeddable":true,"href":"https:\/\/interamerica.org\/fr\/wp-json\/wp\/v2\/categories?post=12329"},{"taxonomy":"post_tag","embeddable":true,"href":"https:\/\/interamerica.org\/fr\/wp-json\/wp\/v2\/tags?post=12329"}],"curies":[{"name":"wp","href":"https:\/\/api.w.org\/{rel}","templated":true}]}}