{"id":12330,"date":"2005-04-08T00:00:00","date_gmt":"2005-04-08T04:00:00","guid":{"rendered":"http:\/\/192.81.217.108\/interamerica\/2005\/04\/kofi-annan-des-nations-unies-appelle-a-une-meilleure-gestion-des-droits-de-lhomme\/"},"modified":"2017-06-02T13:20:22","modified_gmt":"2017-06-02T17:20:22","slug":"kofi-annan-des-nations-unies-appelle-a-une-meilleure-gestion-des-droits-de-lhomme","status":"publish","type":"post","link":"https:\/\/interamerica.org\/fr\/2005\/04\/kofi-annan-des-nations-unies-appelle-a-une-meilleure-gestion-des-droits-de-lhomme\/","title":{"rendered":"Kofi Annan des Nations Unies Appelle a Une Meilleure Gestion des Droits de l&rsquo;Homme\u00a0"},"content":{"rendered":"<p>Gen\u00e8ve, Suisse&#8230;(PARL\/ANN)<\/p>\n<p>Le Secr\u00e9taire G\u00e9n\u00e9ral des Nations Unies, Kofi Annan a appel\u00e9\u00a0\u00e0 de grandes r\u00e9formes dans la fa\u00e7on d&rsquo;investiguer et d&rsquo;appliquer les droits de l&rsquo;homme, en d\u00e9clarant que la pr\u00e9sente Commission des Droits de L&rsquo;Homme des Nations Unies (UN) a \u00e9t\u00e9 \u00ab\u00a0pi\u00e9g\u00e9e par la politisation de ses sessions,\u00a0\u00bb et sa cr\u00e9dibilit\u00e9 d\u00e9clinante a projet\u00e9 une ombre sur la r\u00e9putation de toute l&rsquo;entit\u00e9 des Nations Unies.<\/p>\n<p>En s&rsquo;adressant \u00e0 la pr\u00e9sente session des Droits de l&rsquo;homme le 7 avril, Annan a propos\u00e9 de nouvelle m\u00e9thodes pour une meilleure impl\u00e9mentation des lois existant, pour s&rsquo;assurer que ces \u00e9tats ont vraiment respect\u00e9 les droits de l&rsquo;homme.\u00a0 Pour pouvoir y arriver Annan a recommand\u00e9 un nouveau Conseil\u00a0des Droits Humains au plus haut niveau\u00a0des Nations Unies, \u00ab\u00a0qui doit \u00eatre une soci\u00e9t\u00e9 de personnes engag\u00e9es.\u00a0 Il doit \u00eatre plus responsable et plus repr\u00e9sentatif.\u00a0\u00bb\u00a0 Ses membres\u00a0 qui sont \u00e9lus \u00ab\u00a0devraient avoir un dossier solide d&rsquo;engagement au plus haut niveau pour les droits humains, pr\u00e9cise-t-il.<\/p>\n<p>L&rsquo;alternative serait de continuer avec un syst\u00e8me bien reconnu pour son grand \u00ab\u00a0manque de cr\u00e9dibilit\u00e9,\u00a0\u00bb\u00a0 ayant parmi les membres de la Commission des nations bien connues pour leurs violations\u00a0des droits de l&rsquo;homme comme\u00a0juges des autres.<\/p>\n<p>\u00ab\u00a0Le foss\u00e9 entre ce que nous pr\u00e9tendons promettre, et celui que nous d\u00e9livrons, a grandi,\u00a0\u00bb a conclu Annan.\u00a0 La r\u00e9ponse ne consiste\u00a0pas \u00e0 reculer devant un agenda si prometteur des droits humains, mais d&rsquo;apporter les corrections qui s&rsquo;imposent pour permettre \u00e0 notre\u00a0machine\u00a0de r\u00e9pondre aux attententes mondiales.\u00a0 Nos \u00e9lecteurs ne comprendront\u00a0ou n&rsquo;accepteront aucune excuse si nous n\u00e9gligeons d&rsquo;agir.\u00a0\u00bb<\/p>\n<p>\u00ab\u00a0De toute \u00e9vidence quelque chose doit \u00eatre faiter pour donner \u00e0 la Commission plus de force et de cr\u00e9dibilit\u00e9,\u00a0\u00bb a avanc\u00e9 Jonathan Gallagher, repr\u00e9sentant de l&rsquo;\u00e9glise des Adventiste du Septi\u00e8me jour pr\u00e8s des Nations Unies.\u00a0 Il a assist\u00e9 aux r\u00e9unions de la Commission.<\/p>\n<p>\u00ab\u00a0C&rsquo;est ridicule de constater que quelques \u00e9tats qui jouissent d&rsquo;une mauvaise r\u00e9putation concernant les droits humains participent \u00e0 une Commission si importante.\u00a0 Nous sommes vraiment engag\u00e9s aux principes fondamentaux de\u00a0 droits humains, sp\u00e9cialement la libert\u00e9 de conscience et de religion, et de plus\u00a0nous supportons les efforts pour obliger les nations\u00a0qui\u00a0violent ces libert\u00e9es vitales \u00e0\u00a0en\u00a0rendre compte.\u00a0\u00bb<\/p>\n<p>L&rsquo;Eglise des\u00a0Adventistes du Septi\u00e8me jour a un statut de consultant pr\u00e8s des Nations Unies, qui\u00a0permet \u00e0 l&rsquo;\u00e9glise de pr\u00e9senter ses d\u00e9positions \u00e0 la Commission, assister aux conf\u00e9rences et r\u00e9unions, et prendre la parole sur les questions d&rsquo;importance telles\u00a0la libert\u00e9 religieuse, les principes de sant\u00e9 et les droits de la famille.<\/p>\n<p>\u00a0\u00a0\u00a0\u00a0\u00a0 <\/p>\n<p>..<\/p>\n","protected":false},"excerpt":{"rendered":"<p>Le Secr\u00e9taire G\u00e9n\u00e9ral des Nations Unies,\u00a0 Kofi Annan a appel\u00e9\u00a0\u00e0 de grandes r\u00e9formes dans la fa\u00e7on d&rsquo;investiguer et d&rsquo;appliquer les droits de l&rsquo;homme, en d\u00e9clarant que la pr\u00e9sente Commission des Droits de L&rsquo;Homme des Nations Unies (UN) a \u00e9t\u00e9 \u00ab\u00a0pi\u00e9g\u00e9e<\/p>\n","protected":false},"author":1,"featured_media":0,"comment_status":"closed","ping_status":"closed","sticky":false,"template":"","format":"standard","meta":{"_acf_changed":false,"footnotes":""},"categories":[9],"tags":[],"class_list":["post-12330","post","type-post","status-publish","format-standard","hentry","category-archive-fr"],"acf":[],"yoast_head":"<!-- This site is optimized with the Yoast SEO plugin v27.3 - https:\/\/yoast.com\/product\/yoast-seo-wordpress\/ -->\n<title>Kofi Annan des Nations Unies Appelle a Une Meilleure Gestion des Droits de l&#039;Homme\u00a0 - \u00c9glise Adventiste Du Septieme Jour - Inter Am\u00e9rique Division<\/title>\n<meta name=\"robots\" content=\"index, follow, max-snippet:-1, max-image-preview:large, max-video-preview:-1\" \/>\n<link rel=\"canonical\" href=\"https:\/\/interamerica.org\/fr\/2005\/04\/kofi-annan-des-nations-unies-appelle-a-une-meilleure-gestion-des-droits-de-lhomme\/\" \/>\n<meta property=\"og:locale\" content=\"fr_FR\" \/>\n<meta property=\"og:type\" content=\"article\" \/>\n<meta property=\"og:title\" content=\"Kofi Annan des Nations Unies Appelle a Une Meilleure Gestion des Droits de l&#039;Homme\u00a0 - \u00c9glise Adventiste Du Septieme Jour - Inter Am\u00e9rique Division\" \/>\n<meta property=\"og:description\" content=\"Le Secr\u00e9taire G\u00e9n\u00e9ral des Nations Unies,\u00a0 Kofi Annan a appel\u00e9\u00a0\u00e0 de grandes r\u00e9formes dans la fa\u00e7on d&#039;investiguer et d&#039;appliquer les droits de l&#039;homme, en d\u00e9clarant que la pr\u00e9sente Commission des Droits de L&#039;Homme des Nations Unies (UN) a \u00e9t\u00e9 &quot;pi\u00e9g\u00e9e\" \/>\n<meta property=\"og:url\" content=\"https:\/\/interamerica.org\/fr\/2005\/04\/kofi-annan-des-nations-unies-appelle-a-une-meilleure-gestion-des-droits-de-lhomme\/\" \/>\n<meta property=\"og:site_name\" content=\"\u00c9glise Adventiste Du Septieme Jour - Inter Am\u00e9rique Division\" \/>\n<meta property=\"article:published_time\" content=\"2005-04-08T04:00:00+00:00\" \/>\n<meta property=\"article:modified_time\" content=\"2017-06-02T17:20:22+00:00\" \/>\n<meta name=\"author\" content=\"Lorenzo Verduzco\" \/>\n<meta name=\"twitter:card\" content=\"summary_large_image\" \/>\n<meta name=\"twitter:label1\" content=\"\u00c9crit par\" \/>\n\t<meta name=\"twitter:data1\" content=\"Lorenzo Verduzco\" \/>\n\t<meta name=\"twitter:label2\" content=\"Dur\u00e9e de lecture estim\u00e9e\" \/>\n\t<meta name=\"twitter:data2\" content=\"2 minutes\" \/>\n<script type=\"application\/ld+json\" class=\"yoast-schema-graph\">{\"@context\":\"https:\\\/\\\/schema.org\",\"@graph\":[{\"@type\":\"Article\",\"@id\":\"https:\\\/\\\/interamerica.org\\\/fr\\\/2005\\\/04\\\/kofi-annan-des-nations-unies-appelle-a-une-meilleure-gestion-des-droits-de-lhomme\\\/#article\",\"isPartOf\":{\"@id\":\"https:\\\/\\\/interamerica.org\\\/fr\\\/2005\\\/04\\\/kofi-annan-des-nations-unies-appelle-a-une-meilleure-gestion-des-droits-de-lhomme\\\/\"},\"author\":{\"name\":\"Lorenzo Verduzco\",\"@id\":\"https:\\\/\\\/interamerica.org\\\/fr\\\/#\\\/schema\\\/person\\\/68ede8bdc292885bb76c1e3810e73c39\"},\"headline\":\"Kofi Annan des Nations Unies Appelle a Une Meilleure Gestion des Droits de l&rsquo;Homme\u00a0\",\"datePublished\":\"2005-04-08T04:00:00+00:00\",\"dateModified\":\"2017-06-02T17:20:22+00:00\",\"mainEntityOfPage\":{\"@id\":\"https:\\\/\\\/interamerica.org\\\/fr\\\/2005\\\/04\\\/kofi-annan-des-nations-unies-appelle-a-une-meilleure-gestion-des-droits-de-lhomme\\\/\"},\"wordCount\":485,\"articleSection\":[\"Archive\"],\"inLanguage\":\"fr-FR\"},{\"@type\":\"WebPage\",\"@id\":\"https:\\\/\\\/interamerica.org\\\/fr\\\/2005\\\/04\\\/kofi-annan-des-nations-unies-appelle-a-une-meilleure-gestion-des-droits-de-lhomme\\\/\",\"url\":\"https:\\\/\\\/interamerica.org\\\/fr\\\/2005\\\/04\\\/kofi-annan-des-nations-unies-appelle-a-une-meilleure-gestion-des-droits-de-lhomme\\\/\",\"name\":\"Kofi Annan des Nations Unies Appelle a Une Meilleure Gestion des Droits de l'Homme\u00a0 - \u00c9glise Adventiste Du Septieme Jour - Inter Am\u00e9rique Division\",\"isPartOf\":{\"@id\":\"https:\\\/\\\/interamerica.org\\\/fr\\\/#website\"},\"datePublished\":\"2005-04-08T04:00:00+00:00\",\"dateModified\":\"2017-06-02T17:20:22+00:00\",\"author\":{\"@id\":\"https:\\\/\\\/interamerica.org\\\/fr\\\/#\\\/schema\\\/person\\\/68ede8bdc292885bb76c1e3810e73c39\"},\"breadcrumb\":{\"@id\":\"https:\\\/\\\/interamerica.org\\\/fr\\\/2005\\\/04\\\/kofi-annan-des-nations-unies-appelle-a-une-meilleure-gestion-des-droits-de-lhomme\\\/#breadcrumb\"},\"inLanguage\":\"fr-FR\",\"potentialAction\":[{\"@type\":\"ReadAction\",\"target\":[\"https:\\\/\\\/interamerica.org\\\/fr\\\/2005\\\/04\\\/kofi-annan-des-nations-unies-appelle-a-une-meilleure-gestion-des-droits-de-lhomme\\\/\"]}]},{\"@type\":\"BreadcrumbList\",\"@id\":\"https:\\\/\\\/interamerica.org\\\/fr\\\/2005\\\/04\\\/kofi-annan-des-nations-unies-appelle-a-une-meilleure-gestion-des-droits-de-lhomme\\\/#breadcrumb\",\"itemListElement\":[{\"@type\":\"ListItem\",\"position\":1,\"name\":\"Home\",\"item\":\"https:\\\/\\\/interamerica.org\\\/fr\\\/\"},{\"@type\":\"ListItem\",\"position\":2,\"name\":\"Kofi Annan des Nations Unies Appelle a Une Meilleure Gestion des Droits de l&rsquo;Homme\u00a0\"}]},{\"@type\":\"WebSite\",\"@id\":\"https:\\\/\\\/interamerica.org\\\/fr\\\/#website\",\"url\":\"https:\\\/\\\/interamerica.org\\\/fr\\\/\",\"name\":\"\u00c9glise Adventiste Du Septieme Jour - Inter Am\u00e9rique Division\",\"description\":\"\",\"potentialAction\":[{\"@type\":\"SearchAction\",\"target\":{\"@type\":\"EntryPoint\",\"urlTemplate\":\"https:\\\/\\\/interamerica.org\\\/fr\\\/?s={search_term_string}\"},\"query-input\":{\"@type\":\"PropertyValueSpecification\",\"valueRequired\":true,\"valueName\":\"search_term_string\"}}],\"inLanguage\":\"fr-FR\"},{\"@type\":\"Person\",\"@id\":\"https:\\\/\\\/interamerica.org\\\/fr\\\/#\\\/schema\\\/person\\\/68ede8bdc292885bb76c1e3810e73c39\",\"name\":\"Lorenzo Verduzco\",\"image\":{\"@type\":\"ImageObject\",\"inLanguage\":\"fr-FR\",\"@id\":\"https:\\\/\\\/secure.gravatar.com\\\/avatar\\\/fb81a55b6218459490a9c1dc841a34909185b81904c5337b4b27f7a6fd60c49e?s=96&d=mm&r=g\",\"url\":\"https:\\\/\\\/secure.gravatar.com\\\/avatar\\\/fb81a55b6218459490a9c1dc841a34909185b81904c5337b4b27f7a6fd60c49e?s=96&d=mm&r=g\",\"contentUrl\":\"https:\\\/\\\/secure.gravatar.com\\\/avatar\\\/fb81a55b6218459490a9c1dc841a34909185b81904c5337b4b27f7a6fd60c49e?s=96&d=mm&r=g\",\"caption\":\"Lorenzo Verduzco\"}}]}<\/script>\n<!-- \/ Yoast SEO plugin. -->","yoast_head_json":{"title":"Kofi Annan des Nations Unies Appelle a Une Meilleure Gestion des Droits de l'Homme\u00a0 - \u00c9glise Adventiste Du Septieme Jour - Inter Am\u00e9rique Division","robots":{"index":"index","follow":"follow","max-snippet":"max-snippet:-1","max-image-preview":"max-image-preview:large","max-video-preview":"max-video-preview:-1"},"canonical":"https:\/\/interamerica.org\/fr\/2005\/04\/kofi-annan-des-nations-unies-appelle-a-une-meilleure-gestion-des-droits-de-lhomme\/","og_locale":"fr_FR","og_type":"article","og_title":"Kofi Annan des Nations Unies Appelle a Une Meilleure Gestion des Droits de l'Homme\u00a0 - \u00c9glise Adventiste Du Septieme Jour - Inter Am\u00e9rique Division","og_description":"Le Secr\u00e9taire G\u00e9n\u00e9ral des Nations Unies,\u00a0 Kofi Annan a appel\u00e9\u00a0\u00e0 de grandes r\u00e9formes dans la fa\u00e7on d'investiguer et d'appliquer les droits de l'homme, en d\u00e9clarant que la pr\u00e9sente Commission des Droits de L'Homme des Nations Unies (UN) a \u00e9t\u00e9 \"pi\u00e9g\u00e9e","og_url":"https:\/\/interamerica.org\/fr\/2005\/04\/kofi-annan-des-nations-unies-appelle-a-une-meilleure-gestion-des-droits-de-lhomme\/","og_site_name":"\u00c9glise Adventiste Du Septieme Jour - Inter Am\u00e9rique Division","article_published_time":"2005-04-08T04:00:00+00:00","article_modified_time":"2017-06-02T17:20:22+00:00","author":"Lorenzo Verduzco","twitter_card":"summary_large_image","twitter_misc":{"\u00c9crit par":"Lorenzo Verduzco","Dur\u00e9e de lecture estim\u00e9e":"2 minutes"},"schema":{"@context":"https:\/\/schema.org","@graph":[{"@type":"Article","@id":"https:\/\/interamerica.org\/fr\/2005\/04\/kofi-annan-des-nations-unies-appelle-a-une-meilleure-gestion-des-droits-de-lhomme\/#article","isPartOf":{"@id":"https:\/\/interamerica.org\/fr\/2005\/04\/kofi-annan-des-nations-unies-appelle-a-une-meilleure-gestion-des-droits-de-lhomme\/"},"author":{"name":"Lorenzo Verduzco","@id":"https:\/\/interamerica.org\/fr\/#\/schema\/person\/68ede8bdc292885bb76c1e3810e73c39"},"headline":"Kofi Annan des Nations Unies Appelle a Une Meilleure Gestion des Droits de l&rsquo;Homme\u00a0","datePublished":"2005-04-08T04:00:00+00:00","dateModified":"2017-06-02T17:20:22+00:00","mainEntityOfPage":{"@id":"https:\/\/interamerica.org\/fr\/2005\/04\/kofi-annan-des-nations-unies-appelle-a-une-meilleure-gestion-des-droits-de-lhomme\/"},"wordCount":485,"articleSection":["Archive"],"inLanguage":"fr-FR"},{"@type":"WebPage","@id":"https:\/\/interamerica.org\/fr\/2005\/04\/kofi-annan-des-nations-unies-appelle-a-une-meilleure-gestion-des-droits-de-lhomme\/","url":"https:\/\/interamerica.org\/fr\/2005\/04\/kofi-annan-des-nations-unies-appelle-a-une-meilleure-gestion-des-droits-de-lhomme\/","name":"Kofi Annan des Nations Unies Appelle a Une Meilleure Gestion des Droits de l'Homme\u00a0 - \u00c9glise Adventiste Du Septieme Jour - Inter Am\u00e9rique Division","isPartOf":{"@id":"https:\/\/interamerica.org\/fr\/#website"},"datePublished":"2005-04-08T04:00:00+00:00","dateModified":"2017-06-02T17:20:22+00:00","author":{"@id":"https:\/\/interamerica.org\/fr\/#\/schema\/person\/68ede8bdc292885bb76c1e3810e73c39"},"breadcrumb":{"@id":"https:\/\/interamerica.org\/fr\/2005\/04\/kofi-annan-des-nations-unies-appelle-a-une-meilleure-gestion-des-droits-de-lhomme\/#breadcrumb"},"inLanguage":"fr-FR","potentialAction":[{"@type":"ReadAction","target":["https:\/\/interamerica.org\/fr\/2005\/04\/kofi-annan-des-nations-unies-appelle-a-une-meilleure-gestion-des-droits-de-lhomme\/"]}]},{"@type":"BreadcrumbList","@id":"https:\/\/interamerica.org\/fr\/2005\/04\/kofi-annan-des-nations-unies-appelle-a-une-meilleure-gestion-des-droits-de-lhomme\/#breadcrumb","itemListElement":[{"@type":"ListItem","position":1,"name":"Home","item":"https:\/\/interamerica.org\/fr\/"},{"@type":"ListItem","position":2,"name":"Kofi Annan des Nations Unies Appelle a Une Meilleure Gestion des Droits de l&rsquo;Homme\u00a0"}]},{"@type":"WebSite","@id":"https:\/\/interamerica.org\/fr\/#website","url":"https:\/\/interamerica.org\/fr\/","name":"\u00c9glise Adventiste Du Septieme Jour - Inter Am\u00e9rique Division","description":"","potentialAction":[{"@type":"SearchAction","target":{"@type":"EntryPoint","urlTemplate":"https:\/\/interamerica.org\/fr\/?s={search_term_string}"},"query-input":{"@type":"PropertyValueSpecification","valueRequired":true,"valueName":"search_term_string"}}],"inLanguage":"fr-FR"},{"@type":"Person","@id":"https:\/\/interamerica.org\/fr\/#\/schema\/person\/68ede8bdc292885bb76c1e3810e73c39","name":"Lorenzo Verduzco","image":{"@type":"ImageObject","inLanguage":"fr-FR","@id":"https:\/\/secure.gravatar.com\/avatar\/fb81a55b6218459490a9c1dc841a34909185b81904c5337b4b27f7a6fd60c49e?s=96&d=mm&r=g","url":"https:\/\/secure.gravatar.com\/avatar\/fb81a55b6218459490a9c1dc841a34909185b81904c5337b4b27f7a6fd60c49e?s=96&d=mm&r=g","contentUrl":"https:\/\/secure.gravatar.com\/avatar\/fb81a55b6218459490a9c1dc841a34909185b81904c5337b4b27f7a6fd60c49e?s=96&d=mm&r=g","caption":"Lorenzo Verduzco"}}]}},"_links":{"self":[{"href":"https:\/\/interamerica.org\/fr\/wp-json\/wp\/v2\/posts\/12330","targetHints":{"allow":["GET"]}}],"collection":[{"href":"https:\/\/interamerica.org\/fr\/wp-json\/wp\/v2\/posts"}],"about":[{"href":"https:\/\/interamerica.org\/fr\/wp-json\/wp\/v2\/types\/post"}],"author":[{"embeddable":true,"href":"https:\/\/interamerica.org\/fr\/wp-json\/wp\/v2\/users\/1"}],"replies":[{"embeddable":true,"href":"https:\/\/interamerica.org\/fr\/wp-json\/wp\/v2\/comments?post=12330"}],"version-history":[{"count":0,"href":"https:\/\/interamerica.org\/fr\/wp-json\/wp\/v2\/posts\/12330\/revisions"}],"wp:attachment":[{"href":"https:\/\/interamerica.org\/fr\/wp-json\/wp\/v2\/media?parent=12330"}],"wp:term":[{"taxonomy":"category","embeddable":true,"href":"https:\/\/interamerica.org\/fr\/wp-json\/wp\/v2\/categories?post=12330"},{"taxonomy":"post_tag","embeddable":true,"href":"https:\/\/interamerica.org\/fr\/wp-json\/wp\/v2\/tags?post=12330"}],"curies":[{"name":"wp","href":"https:\/\/api.w.org\/{rel}","templated":true}]}}