{"id":12331,"date":"2005-04-08T00:00:00","date_gmt":"2005-04-08T04:00:00","guid":{"rendered":"http:\/\/192.81.217.108\/interamerica\/2005\/04\/etats-unis-damerique-le-senateur-clinton-felicite-les-adventistes-pour-leur-support-a-la-liberte-religieuse\/"},"modified":"2017-06-02T13:20:22","modified_gmt":"2017-06-02T17:20:22","slug":"etats-unis-damerique-le-senateur-clinton-felicite-les-adventistes-pour-leur-support-a-la-liberte-religieuse","status":"publish","type":"post","link":"https:\/\/interamerica.org\/fr\/2005\/04\/etats-unis-damerique-le-senateur-clinton-felicite-les-adventistes-pour-leur-support-a-la-liberte-religieuse\/","title":{"rendered":"Etats-Unis d&rsquo;Am\u00e9rique:\u00a0 Le S\u00e9nateur Clinton F\u00e9licite Les Adventistes Pour Leur Support A La Libert\u00e9 Religieuse\u00a0\u00a0"},"content":{"rendered":"<p>Washington, District of Columbia, Etats-Unis d&rsquo;Am\u00e9rique&#8230; (Mark A. Kellner\/Ann<\/p>\n<p>\u00ab\u00a0La Libert\u00e9 Religieuse est aujourd&rsquo;hui l&rsquo;un des plus importants probl\u00e8mes\u00a0de l&rsquo;agenda mondial,\u00a0\u00bb pr\u00e9cise le S\u00e9nateur de New York\u00a0Hilary Rodham Clinton, qui a pr\u00e9sent\u00e9 le dossier du droit de choisir une religion et celui\u00a0de ne pas en choisir une, au cours d&rsquo;un diner organis\u00e9 le 7 avril 2005 par l&rsquo;Association Internationale de la Libert\u00e9 Religieuse et la revue \u00ab\u00a0Liberty\u00a0\u00bb tous deux organes patronn\u00e9s par l&rsquo;Eglises des Adventistes du Septi\u00e8me jour.\u00a0<\/p>\n<p>\u00ab\u00a0Les\u00a0croyants\u00a0parmi nous sont\u00a0tellement\u00a0conscients de la valeur de\u00a0 la foi que parfois nous comprenons qu&rsquo;il y a\u00a0 un d\u00e9fi \u00e0 relever pour\u00a0accorder un espace\u00a0 aux non-croyants,\u00a0\u00bb\u00a0d&rsquo;apr\u00e8s le S\u00e9nateur Clinton, qui a \u00e9t\u00e9 \u00e9lu pour un mandat de six ans au S\u00e9nat en 2000, alors qu&rsquo;elle s&rsquo;adressait \u00e0 une audience de\u00a0plus de 200 personnes.\u00a0 C&rsquo;est le troisi\u00e8me diner\u00a0annuel de c\u00e9l\u00e9bration de\u00a0la libert\u00e9 religieuse organis\u00e9 par le \u00ab\u00a0IRLA et la revue \u00ab\u00a0Liberty; tous les trois ont eu lieu \u00e0 l&rsquo;historique Chambre de l&rsquo;Etat-Major du S\u00e9nat (Senate Caucus) au Capitol Hill.<\/p>\n<p>En pr\u00e9sentant\u00a0l&rsquo;Eglise des Aventistes du Septi\u00e8me jour\u00a0comme une \u00ab\u00a0force vitale\u00a0\u00bb pour la libert\u00e9 religieuse tant ici qu&rsquo;ailleurs, le S\u00e9nateur Clinton a f\u00e9licit\u00e9 l&rsquo;implication de l&rsquo;\u00e9glise, sa revue \u00ab\u00a0Liberty\u00a0\u00bb existant depuis 100 ans, et son Association Internationale de Libert\u00e9 Religieuse, organis\u00e9e par l&rsquo;\u00e9glise en 1893.\u00a0 IRLA est devenue une organisation non-sectaire\u00a0en 1946 et compte parmi les membres de son comit\u00e9 directeur plusieurs repr\u00e9sentants de confessions diff\u00e9rentes.<\/p>\n<p>C&rsquo;\u00e9tait pour la premi\u00e8re fois que le S\u00e9nateur Clinton assistait au diner.\u00a0 L&rsquo;ann\u00e9e derni\u00e8re elle avait offert un message enregistr\u00e9 au groupe; message qui a \u00e9t\u00e9 distribu\u00e9 \u00e0 toutes les congr\u00e9gations Adventistes de l&rsquo;Am\u00e9rique du Nord.\u00a0 Parmi les\u00a0orateurs\u00a0qui ont pr\u00e9c\u00e9demment pris\u00a0 la parole au cours de cette c\u00e9r\u00e9monie, on peut citer le S\u00e9nateur Sam Brownback du Kansas et le Repr\u00e9sentant Chris Smith du New Jersey.\u00a0 Le Pr\u00e9sident George W. Bush a aussi adress\u00e9 ses voeux \u00e0 l&rsquo;Eglise Adventiste par le biais d&rsquo;une vid\u00e9ocassette.<\/p>\n<p>\u00ab\u00a0Avec un effectif de 14 millions de membres d&rsquo;\u00e9glise \u00e0\u00a0 travers le monde et 1 million ici aux Etats-Unis, vous comprenez tr\u00e8s bien l&rsquo;importance de la libert\u00e9 religieuse et de la libert\u00e9 de conscience,\u00a0\u00bb pr\u00e9cisa Sen. Clinton.\u00a0 \u00ab\u00a0C&rsquo;est\u00a0votre oeuvre,\u00a0qui souvent,\u00a0avec pour priorit\u00e9\u00a0la libert\u00e9\u00a0religieuse, a\u00a0permis de proclamer au reste du monde l&rsquo;histoire des opprim\u00e9s (qui sont) de plusieurs mani\u00e8res priv\u00e9s de leurs droits de vivre et de croire comme ils l&rsquo;ont choisi.\u00a0\u00bb<\/p>\n<p>Elle ajouta, \u00ab\u00a0Je veux aussi remercier l&rsquo;\u00e9glise pour le travail accompli en faveur des n\u00e9cessiteux dans notre pays et aussi \u00e0\u00a0 travers le monde.\u00a0 Votre programme de soins de sant\u00e9 &#8211; ce que j&rsquo;appr\u00e9cie beaucoup &#8211; est une grande preuve de votre foi vivante.\u00a0\u00bb<\/p>\n<p>Sen. Clinton mentiona aussi la congr\u00e9gation Adventiste de Pearl River \u00e0 New York, qui \u00e0 travers \u00ab\u00a0les\u00a0soupes populaires et les d\u00e9p\u00f4ts de nourriture ont aid\u00e9 plus de 1,800 enfants et plus de 2,100 adultes, et j&rsquo;ai pens\u00e9 qu&rsquo;il serait appropri\u00e9 qu&rsquo;ils viennent vous remercier pour la possibilit\u00e9 d&rsquo;offrir ce service aux autres.\u00a0\u00bb\u00a0<\/p>\n<p>James Standish,\u00a0directeur ex\u00e9cutif de l&rsquo;Association Religieuse de l&rsquo;Am\u00e9rique du Nord, f\u00e9licita le Sen. Clinton, \u00ab\u00a0une vraie amie\u00a0\u00bb de ceux qui souffrent de la discrimination religieuse.\u00a0 Standish souligna que, chaque jour, aux Etats-Unis, en moyenne, trois adventistes perdent leur emploi \u00e0 cause des probl\u00e8mes occasionn\u00e9s par leur observation du sabbat.\u00a0\u00a0\u00a0\u00a0\u00a0\u00a0\u00a0\u00a0\u00a0\u00a0\u00a0\u00a0\u00a0 <\/p>\n<p>Standish f\u00e9licita\u00a0aussi le Sen. Clinton pour la promotion de la libert\u00e9 religieuse tant \u00e0 l&rsquo;ext\u00e9rieur\u00a0qu&rsquo;\u00e0 l&rsquo;int\u00e9rieur, r\u00e9cemment en supportant le vote de la loi sur la\u00a0 libert\u00e9 religieuse dans les lieux de travail \u00ab\u00a0Workplace Religious Freedom Act, (WRFA), qui a \u00e9t\u00e9 \u00e0 nouveau pr\u00e9sent\u00e9 le mois dernier par le Sen. John Kerry du Massachusetts, un candidat \u00e0 la pr\u00e9sidence aux E.U.A. en 2004, et le S\u00e9nateur Rick Santorum de\u00a0Pennsylvania.\u00a0\u00a0\u00a0<\/p>\n<p>\u00ab\u00a0J&rsquo;esp\u00e8re que&#8230;cette loi aura la chance d&rsquo;\u00eatre approuv\u00e9e au cours de cette ann\u00e9e,\u00a0\u00bb\u00a0 ajouta le Sen. Clinton en s&rsquo;adressant \u00e0 l&rsquo;audience, qui comprenait les employ\u00e9s de l&rsquo;association de la libert\u00e9 religieuse, et plusieurs pr\u00e9sidents des diff\u00e9rentes r\u00e9gions du monde\u00a0de l&rsquo;Eglise Adventiste, ainsi, que des repr\u00e9sentants d&rsquo;autres confessions religieuses, y compris des Islamiques, des Juifs, des Catholiques et des groupements Protestants.\u00a0<\/p>\n<p>Sen. Clinton a aussi fait allusion au Pape\u00a0Jean Paul ll, r\u00e9cemment d\u00e9c\u00e9d\u00e9, lequel dit-elle avait reconnu l&rsquo;importance de la libert\u00e9 religieuse pour le monde entier.<\/p>\n<p>Elle loua \u00e9galement les efforts pour promouvoir la d\u00e9mocratie en Iraq et en Afghanistan et ajouta que la libert\u00e9 religieuse doit r\u00e9gner au sein du nouvel Iraq:\u00a0 \u00ab\u00a0Nous devons supporter les efforts pour promouvoir un gouvernement d\u00e9mocratique\u00a0qui assure la libert\u00e9 religieuse pendant qu&rsquo;il travaille \u00e0 l&rsquo;\u00e9laboration d&rsquo;une constitution et d&rsquo;un syst\u00e8me de gouvernement qui soutient ses croyances et ses principes de foi, mais qui le fait dans le contexte\u00a0du respect des autres,\u00a0\u00bb pr\u00e9cisa le Sen. Clinton.<\/p>\n<p>Dans bien de cas, ceci est contraire \u00e0 leurs traditions, et ils devront se comporter en vrais hommes d&rsquo;\u00e9tat pour cr\u00e9er un espace pour la diversit\u00e9, le pluralisme, la tol\u00e9rance.\u00a0\u00a0Et nous devons les aider \u00e0 accomplir ceci,\u00a0\u00bb ajouta-t-elle.<\/p>\n<p>Au cours du diner des\u00a0prix furent d\u00e9cern\u00e9s \u00e0 ceux qui ont oeuvr\u00e9 dans la lutte pour la libert\u00e9 religieuse:\u00a0\u00a0Bert B. Beach, ancien Porte Parole et directeur de la Libert\u00e9 Religieuse pour l&rsquo;\u00e9glise mondiale; Roland Hegsted, qui a \u00e9t\u00e9 pendant longtemps un \u00e9diteur de \u00ab\u00a0Liberty\u00a0\u00bb; R.L. Fenn, un directeur retrait\u00e9 de la libert\u00e9 religieuse pour l&rsquo;\u00e9glise adventiste; et Amb. Robert Seiple, ancien dirigeant du \u00ab\u00a0World Vision\u00a0\u00bb et\u00a0premier Ambassadeur\u00a0 des Etats-Unis pour la Libert\u00e9 Religieuse.\u00a0<\/p>\n<p>\u00a0\u00a0\u00a0<\/p>\n<p>\u00a0\u00a0\u00a0<\/p>\n<p>\u00a0\u00a0<\/p>\n","protected":false},"excerpt":{"rendered":"<p>La Libert\u00e9 religieuse est l&rsquo;un des plus importants probl\u00e8mes de l&rsquo;agenda mondial d&rsquo;aujourd&rsquo;hui,\u00a0\u00bb pr\u00e9cise le S\u00e9nateur de New York qui a adress\u00e9 le dossier\u00a0du droit de choisir une religion\u00a0et de celui de ne pas en choisir une le 7 avril 2005&#8230;<\/p>\n","protected":false},"author":1,"featured_media":0,"comment_status":"closed","ping_status":"closed","sticky":false,"template":"","format":"standard","meta":{"_acf_changed":false,"footnotes":""},"categories":[9],"tags":[],"class_list":["post-12331","post","type-post","status-publish","format-standard","hentry","category-archive-fr"],"acf":[],"yoast_head":"<!-- This site is optimized with the Yoast SEO plugin v27.3 - https:\/\/yoast.com\/product\/yoast-seo-wordpress\/ -->\n<title>Etats-Unis d&#039;Am\u00e9rique:\u00a0 Le S\u00e9nateur Clinton F\u00e9licite Les Adventistes Pour Leur Support A La Libert\u00e9 Religieuse\u00a0\u00a0 - \u00c9glise Adventiste Du Septieme Jour - Inter Am\u00e9rique Division<\/title>\n<meta name=\"robots\" content=\"index, follow, max-snippet:-1, max-image-preview:large, max-video-preview:-1\" \/>\n<link rel=\"canonical\" href=\"https:\/\/interamerica.org\/fr\/2005\/04\/etats-unis-damerique-le-senateur-clinton-felicite-les-adventistes-pour-leur-support-a-la-liberte-religieuse\/\" \/>\n<meta property=\"og:locale\" content=\"fr_FR\" \/>\n<meta property=\"og:type\" content=\"article\" \/>\n<meta property=\"og:title\" content=\"Etats-Unis d&#039;Am\u00e9rique:\u00a0 Le S\u00e9nateur Clinton F\u00e9licite Les Adventistes Pour Leur Support A La Libert\u00e9 Religieuse\u00a0\u00a0 - \u00c9glise Adventiste Du Septieme Jour - Inter Am\u00e9rique Division\" \/>\n<meta property=\"og:description\" content=\"La Libert\u00e9 religieuse est l&#039;un des plus importants probl\u00e8mes de l&#039;agenda mondial d&#039;aujourd&#039;hui,&quot; pr\u00e9cise le S\u00e9nateur de New York qui a adress\u00e9 le dossier\u00a0du droit de choisir une religion\u00a0et de celui de ne pas en choisir une le 7 avril 2005...\" \/>\n<meta property=\"og:url\" content=\"https:\/\/interamerica.org\/fr\/2005\/04\/etats-unis-damerique-le-senateur-clinton-felicite-les-adventistes-pour-leur-support-a-la-liberte-religieuse\/\" \/>\n<meta property=\"og:site_name\" content=\"\u00c9glise Adventiste Du Septieme Jour - Inter Am\u00e9rique Division\" \/>\n<meta property=\"article:published_time\" content=\"2005-04-08T04:00:00+00:00\" \/>\n<meta property=\"article:modified_time\" content=\"2017-06-02T17:20:22+00:00\" \/>\n<meta name=\"author\" content=\"Lorenzo Verduzco\" \/>\n<meta name=\"twitter:card\" content=\"summary_large_image\" \/>\n<meta name=\"twitter:label1\" content=\"\u00c9crit par\" \/>\n\t<meta name=\"twitter:data1\" content=\"Lorenzo Verduzco\" \/>\n\t<meta name=\"twitter:label2\" content=\"Dur\u00e9e de lecture estim\u00e9e\" \/>\n\t<meta name=\"twitter:data2\" content=\"5 minutes\" \/>\n<script type=\"application\/ld+json\" class=\"yoast-schema-graph\">{\"@context\":\"https:\\\/\\\/schema.org\",\"@graph\":[{\"@type\":\"Article\",\"@id\":\"https:\\\/\\\/interamerica.org\\\/fr\\\/2005\\\/04\\\/etats-unis-damerique-le-senateur-clinton-felicite-les-adventistes-pour-leur-support-a-la-liberte-religieuse\\\/#article\",\"isPartOf\":{\"@id\":\"https:\\\/\\\/interamerica.org\\\/fr\\\/2005\\\/04\\\/etats-unis-damerique-le-senateur-clinton-felicite-les-adventistes-pour-leur-support-a-la-liberte-religieuse\\\/\"},\"author\":{\"name\":\"Lorenzo Verduzco\",\"@id\":\"https:\\\/\\\/interamerica.org\\\/fr\\\/#\\\/schema\\\/person\\\/68ede8bdc292885bb76c1e3810e73c39\"},\"headline\":\"Etats-Unis d&rsquo;Am\u00e9rique:\u00a0 Le S\u00e9nateur Clinton F\u00e9licite Les Adventistes Pour Leur Support A La Libert\u00e9 Religieuse\u00a0\u00a0\",\"datePublished\":\"2005-04-08T04:00:00+00:00\",\"dateModified\":\"2017-06-02T17:20:22+00:00\",\"mainEntityOfPage\":{\"@id\":\"https:\\\/\\\/interamerica.org\\\/fr\\\/2005\\\/04\\\/etats-unis-damerique-le-senateur-clinton-felicite-les-adventistes-pour-leur-support-a-la-liberte-religieuse\\\/\"},\"wordCount\":1032,\"articleSection\":[\"Archive\"],\"inLanguage\":\"fr-FR\"},{\"@type\":\"WebPage\",\"@id\":\"https:\\\/\\\/interamerica.org\\\/fr\\\/2005\\\/04\\\/etats-unis-damerique-le-senateur-clinton-felicite-les-adventistes-pour-leur-support-a-la-liberte-religieuse\\\/\",\"url\":\"https:\\\/\\\/interamerica.org\\\/fr\\\/2005\\\/04\\\/etats-unis-damerique-le-senateur-clinton-felicite-les-adventistes-pour-leur-support-a-la-liberte-religieuse\\\/\",\"name\":\"Etats-Unis d'Am\u00e9rique:\u00a0 Le S\u00e9nateur Clinton F\u00e9licite Les Adventistes Pour Leur Support A La Libert\u00e9 Religieuse\u00a0\u00a0 - \u00c9glise Adventiste Du Septieme Jour - Inter Am\u00e9rique Division\",\"isPartOf\":{\"@id\":\"https:\\\/\\\/interamerica.org\\\/fr\\\/#website\"},\"datePublished\":\"2005-04-08T04:00:00+00:00\",\"dateModified\":\"2017-06-02T17:20:22+00:00\",\"author\":{\"@id\":\"https:\\\/\\\/interamerica.org\\\/fr\\\/#\\\/schema\\\/person\\\/68ede8bdc292885bb76c1e3810e73c39\"},\"breadcrumb\":{\"@id\":\"https:\\\/\\\/interamerica.org\\\/fr\\\/2005\\\/04\\\/etats-unis-damerique-le-senateur-clinton-felicite-les-adventistes-pour-leur-support-a-la-liberte-religieuse\\\/#breadcrumb\"},\"inLanguage\":\"fr-FR\",\"potentialAction\":[{\"@type\":\"ReadAction\",\"target\":[\"https:\\\/\\\/interamerica.org\\\/fr\\\/2005\\\/04\\\/etats-unis-damerique-le-senateur-clinton-felicite-les-adventistes-pour-leur-support-a-la-liberte-religieuse\\\/\"]}]},{\"@type\":\"BreadcrumbList\",\"@id\":\"https:\\\/\\\/interamerica.org\\\/fr\\\/2005\\\/04\\\/etats-unis-damerique-le-senateur-clinton-felicite-les-adventistes-pour-leur-support-a-la-liberte-religieuse\\\/#breadcrumb\",\"itemListElement\":[{\"@type\":\"ListItem\",\"position\":1,\"name\":\"Home\",\"item\":\"https:\\\/\\\/interamerica.org\\\/fr\\\/\"},{\"@type\":\"ListItem\",\"position\":2,\"name\":\"Etats-Unis d&rsquo;Am\u00e9rique:\u00a0 Le S\u00e9nateur Clinton F\u00e9licite Les Adventistes Pour Leur Support A La Libert\u00e9 Religieuse\u00a0\u00a0\"}]},{\"@type\":\"WebSite\",\"@id\":\"https:\\\/\\\/interamerica.org\\\/fr\\\/#website\",\"url\":\"https:\\\/\\\/interamerica.org\\\/fr\\\/\",\"name\":\"\u00c9glise Adventiste Du Septieme Jour - Inter Am\u00e9rique Division\",\"description\":\"\",\"potentialAction\":[{\"@type\":\"SearchAction\",\"target\":{\"@type\":\"EntryPoint\",\"urlTemplate\":\"https:\\\/\\\/interamerica.org\\\/fr\\\/?s={search_term_string}\"},\"query-input\":{\"@type\":\"PropertyValueSpecification\",\"valueRequired\":true,\"valueName\":\"search_term_string\"}}],\"inLanguage\":\"fr-FR\"},{\"@type\":\"Person\",\"@id\":\"https:\\\/\\\/interamerica.org\\\/fr\\\/#\\\/schema\\\/person\\\/68ede8bdc292885bb76c1e3810e73c39\",\"name\":\"Lorenzo Verduzco\",\"image\":{\"@type\":\"ImageObject\",\"inLanguage\":\"fr-FR\",\"@id\":\"https:\\\/\\\/secure.gravatar.com\\\/avatar\\\/fb81a55b6218459490a9c1dc841a34909185b81904c5337b4b27f7a6fd60c49e?s=96&d=mm&r=g\",\"url\":\"https:\\\/\\\/secure.gravatar.com\\\/avatar\\\/fb81a55b6218459490a9c1dc841a34909185b81904c5337b4b27f7a6fd60c49e?s=96&d=mm&r=g\",\"contentUrl\":\"https:\\\/\\\/secure.gravatar.com\\\/avatar\\\/fb81a55b6218459490a9c1dc841a34909185b81904c5337b4b27f7a6fd60c49e?s=96&d=mm&r=g\",\"caption\":\"Lorenzo Verduzco\"}}]}<\/script>\n<!-- \/ Yoast SEO plugin. -->","yoast_head_json":{"title":"Etats-Unis d'Am\u00e9rique:\u00a0 Le S\u00e9nateur Clinton F\u00e9licite Les Adventistes Pour Leur Support A La Libert\u00e9 Religieuse\u00a0\u00a0 - \u00c9glise Adventiste Du Septieme Jour - Inter Am\u00e9rique Division","robots":{"index":"index","follow":"follow","max-snippet":"max-snippet:-1","max-image-preview":"max-image-preview:large","max-video-preview":"max-video-preview:-1"},"canonical":"https:\/\/interamerica.org\/fr\/2005\/04\/etats-unis-damerique-le-senateur-clinton-felicite-les-adventistes-pour-leur-support-a-la-liberte-religieuse\/","og_locale":"fr_FR","og_type":"article","og_title":"Etats-Unis d'Am\u00e9rique:\u00a0 Le S\u00e9nateur Clinton F\u00e9licite Les Adventistes Pour Leur Support A La Libert\u00e9 Religieuse\u00a0\u00a0 - \u00c9glise Adventiste Du Septieme Jour - Inter Am\u00e9rique Division","og_description":"La Libert\u00e9 religieuse est l'un des plus importants probl\u00e8mes de l'agenda mondial d'aujourd'hui,\" pr\u00e9cise le S\u00e9nateur de New York qui a adress\u00e9 le dossier\u00a0du droit de choisir une religion\u00a0et de celui de ne pas en choisir une le 7 avril 2005...","og_url":"https:\/\/interamerica.org\/fr\/2005\/04\/etats-unis-damerique-le-senateur-clinton-felicite-les-adventistes-pour-leur-support-a-la-liberte-religieuse\/","og_site_name":"\u00c9glise Adventiste Du Septieme Jour - Inter Am\u00e9rique Division","article_published_time":"2005-04-08T04:00:00+00:00","article_modified_time":"2017-06-02T17:20:22+00:00","author":"Lorenzo Verduzco","twitter_card":"summary_large_image","twitter_misc":{"\u00c9crit par":"Lorenzo Verduzco","Dur\u00e9e de lecture estim\u00e9e":"5 minutes"},"schema":{"@context":"https:\/\/schema.org","@graph":[{"@type":"Article","@id":"https:\/\/interamerica.org\/fr\/2005\/04\/etats-unis-damerique-le-senateur-clinton-felicite-les-adventistes-pour-leur-support-a-la-liberte-religieuse\/#article","isPartOf":{"@id":"https:\/\/interamerica.org\/fr\/2005\/04\/etats-unis-damerique-le-senateur-clinton-felicite-les-adventistes-pour-leur-support-a-la-liberte-religieuse\/"},"author":{"name":"Lorenzo Verduzco","@id":"https:\/\/interamerica.org\/fr\/#\/schema\/person\/68ede8bdc292885bb76c1e3810e73c39"},"headline":"Etats-Unis d&rsquo;Am\u00e9rique:\u00a0 Le S\u00e9nateur Clinton F\u00e9licite Les Adventistes Pour Leur Support A La Libert\u00e9 Religieuse\u00a0\u00a0","datePublished":"2005-04-08T04:00:00+00:00","dateModified":"2017-06-02T17:20:22+00:00","mainEntityOfPage":{"@id":"https:\/\/interamerica.org\/fr\/2005\/04\/etats-unis-damerique-le-senateur-clinton-felicite-les-adventistes-pour-leur-support-a-la-liberte-religieuse\/"},"wordCount":1032,"articleSection":["Archive"],"inLanguage":"fr-FR"},{"@type":"WebPage","@id":"https:\/\/interamerica.org\/fr\/2005\/04\/etats-unis-damerique-le-senateur-clinton-felicite-les-adventistes-pour-leur-support-a-la-liberte-religieuse\/","url":"https:\/\/interamerica.org\/fr\/2005\/04\/etats-unis-damerique-le-senateur-clinton-felicite-les-adventistes-pour-leur-support-a-la-liberte-religieuse\/","name":"Etats-Unis d'Am\u00e9rique:\u00a0 Le S\u00e9nateur Clinton F\u00e9licite Les Adventistes Pour Leur Support A La Libert\u00e9 Religieuse\u00a0\u00a0 - \u00c9glise Adventiste Du Septieme Jour - Inter Am\u00e9rique Division","isPartOf":{"@id":"https:\/\/interamerica.org\/fr\/#website"},"datePublished":"2005-04-08T04:00:00+00:00","dateModified":"2017-06-02T17:20:22+00:00","author":{"@id":"https:\/\/interamerica.org\/fr\/#\/schema\/person\/68ede8bdc292885bb76c1e3810e73c39"},"breadcrumb":{"@id":"https:\/\/interamerica.org\/fr\/2005\/04\/etats-unis-damerique-le-senateur-clinton-felicite-les-adventistes-pour-leur-support-a-la-liberte-religieuse\/#breadcrumb"},"inLanguage":"fr-FR","potentialAction":[{"@type":"ReadAction","target":["https:\/\/interamerica.org\/fr\/2005\/04\/etats-unis-damerique-le-senateur-clinton-felicite-les-adventistes-pour-leur-support-a-la-liberte-religieuse\/"]}]},{"@type":"BreadcrumbList","@id":"https:\/\/interamerica.org\/fr\/2005\/04\/etats-unis-damerique-le-senateur-clinton-felicite-les-adventistes-pour-leur-support-a-la-liberte-religieuse\/#breadcrumb","itemListElement":[{"@type":"ListItem","position":1,"name":"Home","item":"https:\/\/interamerica.org\/fr\/"},{"@type":"ListItem","position":2,"name":"Etats-Unis d&rsquo;Am\u00e9rique:\u00a0 Le S\u00e9nateur Clinton F\u00e9licite Les Adventistes Pour Leur Support A La Libert\u00e9 Religieuse\u00a0\u00a0"}]},{"@type":"WebSite","@id":"https:\/\/interamerica.org\/fr\/#website","url":"https:\/\/interamerica.org\/fr\/","name":"\u00c9glise Adventiste Du Septieme Jour - Inter Am\u00e9rique Division","description":"","potentialAction":[{"@type":"SearchAction","target":{"@type":"EntryPoint","urlTemplate":"https:\/\/interamerica.org\/fr\/?s={search_term_string}"},"query-input":{"@type":"PropertyValueSpecification","valueRequired":true,"valueName":"search_term_string"}}],"inLanguage":"fr-FR"},{"@type":"Person","@id":"https:\/\/interamerica.org\/fr\/#\/schema\/person\/68ede8bdc292885bb76c1e3810e73c39","name":"Lorenzo Verduzco","image":{"@type":"ImageObject","inLanguage":"fr-FR","@id":"https:\/\/secure.gravatar.com\/avatar\/fb81a55b6218459490a9c1dc841a34909185b81904c5337b4b27f7a6fd60c49e?s=96&d=mm&r=g","url":"https:\/\/secure.gravatar.com\/avatar\/fb81a55b6218459490a9c1dc841a34909185b81904c5337b4b27f7a6fd60c49e?s=96&d=mm&r=g","contentUrl":"https:\/\/secure.gravatar.com\/avatar\/fb81a55b6218459490a9c1dc841a34909185b81904c5337b4b27f7a6fd60c49e?s=96&d=mm&r=g","caption":"Lorenzo Verduzco"}}]}},"_links":{"self":[{"href":"https:\/\/interamerica.org\/fr\/wp-json\/wp\/v2\/posts\/12331","targetHints":{"allow":["GET"]}}],"collection":[{"href":"https:\/\/interamerica.org\/fr\/wp-json\/wp\/v2\/posts"}],"about":[{"href":"https:\/\/interamerica.org\/fr\/wp-json\/wp\/v2\/types\/post"}],"author":[{"embeddable":true,"href":"https:\/\/interamerica.org\/fr\/wp-json\/wp\/v2\/users\/1"}],"replies":[{"embeddable":true,"href":"https:\/\/interamerica.org\/fr\/wp-json\/wp\/v2\/comments?post=12331"}],"version-history":[{"count":0,"href":"https:\/\/interamerica.org\/fr\/wp-json\/wp\/v2\/posts\/12331\/revisions"}],"wp:attachment":[{"href":"https:\/\/interamerica.org\/fr\/wp-json\/wp\/v2\/media?parent=12331"}],"wp:term":[{"taxonomy":"category","embeddable":true,"href":"https:\/\/interamerica.org\/fr\/wp-json\/wp\/v2\/categories?post=12331"},{"taxonomy":"post_tag","embeddable":true,"href":"https:\/\/interamerica.org\/fr\/wp-json\/wp\/v2\/tags?post=12331"}],"curies":[{"name":"wp","href":"https:\/\/api.w.org\/{rel}","templated":true}]}}